{"id":14820,"date":"2018-03-13T18:44:59","date_gmt":"2018-03-13T17:44:59","guid":{"rendered":"http:\/\/www.robertosedda.it\/?p=14820"},"modified":"2018-03-17T10:45:47","modified_gmt":"2018-03-17T09:45:47","slug":"dura-la-vita-in-egitto-per-le-cantanti-pop","status":"publish","type":"post","link":"http:\/\/www.robertosedda.it\/?p=14820","title":{"rendered":"Dura la vita in Egitto per le cantanti pop"},"content":{"rendered":"<p>Credo che molti abbiano visto passare in giro, magari sui <em>social<\/em> o come messaggio da amici su <em>Whatsapp<\/em>, un video nel quale un tizio che si dichiara ateo viene scacciato da un dibattito televisivo su un canale egiziano.<\/p>\n<div class=\"jetpack-video-wrapper\"><span class=\"embed-youtube\" style=\"text-align:center; display: block;\"><iframe loading=\"lazy\" class=\"youtube-player\" width=\"800\" height=\"450\" src=\"https:\/\/www.youtube.com\/embed\/t6nxYT6REr0?version=3&#038;rel=1&#038;showsearch=0&#038;showinfo=1&#038;iv_load_policy=1&#038;fs=1&#038;hl=it-IT&#038;autohide=2&#038;wmode=transparent\" allowfullscreen=\"true\" style=\"border:0;\" sandbox=\"allow-scripts allow-same-origin allow-popups allow-presentation\"><\/iframe><\/span><\/div>\n<p>In realt\u00e0 non voglio parlare del video in s\u00e9, prima di tutto perch\u00e9 \u00e8 evidente che ci sono parecchie avvertenze da dare: per esempio, per lo spettatore occidentale \u00e8 necessario affidarsi a una traduzione fatta da terzi &#8211; per quel che ne sa, magari i tre stanno litigando sulla formazione dell&#8217;<em>Al-Zamalek<\/em> in vista del <em>derby<\/em> con l&#8217;<em>Al-Ahly<\/em> (\u00abvuoi far giocare\u00a0Marwan Mohsen terzino?! Esci di qui e vai a farti ricoverare subito!!\u00bb), oppure la controversia \u00e8 sulla corretta ricetta degli spiedini di manzo, perch\u00e9 l&#8217;eretico ci mette l&#8217;origano invece del tradizionale dragoncello.<\/p>\n<p>Per la verit\u00e0 la traduzione \u00e8 (grosso modo) corretta, ma la seconda avvertenza \u00e8 che la fonte del video \u00e8 comunque sospetta: il sito di informazione\u00a0<em><a href=\"https:\/\/www.memri.org\/\">M.E.M.R.I.<\/a>\u00a0<\/em>\u00e8 ritenuto essere sostanzialmente una <a href=\"https:\/\/www.theguardian.com\/world\/2002\/aug\/12\/worlddispatch.brianwhitaker\">operazione di propaganda dei servizi israeliani<\/a>, volta a dare una lettura tendenziosa del mondo arabo enfatizzandone gli aspetti meno palatabili al mondo occidentale &#8211; come in questo caso &#8211; e facendo credere che in quei paesi siano <em>tutti<\/em> cos\u00ec (c&#8217;\u00e8 sul\u00a0<em>Guardian<\/em> <a href=\"https:\/\/www.theguardian.com\/world\/2003\/jan\/28\/israel2\">un lungo scambio di\u00a0<em>e-mail<\/em><\/a> fra il giornalista che inizialmente ha sollevato il problema e l&#8217;ex colonnello del\u00a0<em>Mossad<\/em> che dirige il centro e mi pare che le posizioni siano abbastanza chiare; del resto basta dare un&#8217;occhiata al sito per rendersi conto che le notizie riportate vanno di solito in un&#8217;unica direzione). Magari quelli che l&#8217;hanno riportato per amore dell&#8217;ateismo e dei diritti umani e per mostrare quanto oppressive siano le religioni dovrebbero anche ragionare sul fatto che stanno di fatto alimentando razzismo, sciovinismo, conflitti e campagne d&#8217;odio.<\/p>\n<p>Magari.<\/p>\n<p>E poi naturalmente il dibattito fra scienza e religione \u00e8 piuttosto stucchevole, e la trasmissione alla quale assistiamo \u00e8 gi\u00e0 in s\u00e9 un&#8217;operazione di propaganda volta a rafforzare la polarizzazione del conflitto: a seconda dell&#8217;inclinazione dello spettatore questi tender\u00e0 a concordare con l&#8217;una o l&#8217;altra delle due posizioni, trascurando la possibile esistenza delle posizioni intermedie, esponenti dell&#8217;<em>islam<\/em> moderato o scienziati mediorientali religiosi; ce ne sono degli uni e degli altri, sicuramente.<\/p>\n<p>Quindi, diciamo, se l&#8217;avete condivisa non ci fate una gran figura.<\/p>\n<p>Ma quello che mi ha colpito \u00e8 il fatto che ripetutamente il conduttore senta il bisogno di scusarsi col pubblico. Perch\u00e9 la cosa un po&#8217; \u00e8 strana, no? Cosa potranno mai fargli gli spettatori? O i direttori della testata, potranno prendersela con lui?<\/p>\n<p>E mi sono ricordato di <a href=\"http:\/\/www.bbc.com\/news\/world-middle-east-43217483\">un articolo della\u00a0<em>BBC <\/em><\/a>transitato sul <a href=\"http:\/\/www.robertosedda.it\/?page_id=10420\">mio\u00a0<em>Feedly<\/em><\/a> che riporta, sempre a proposito dell&#8217;Egitto, le sgradevoli traversie incontrate da una serie di cantanti &#8211; donne &#8211; anche piuttosto note. Ne riporto un paio di estratti (i grassetti sono miei).<\/p>\n<blockquote><p>La cantante egiziana Sherine Abdel Wahab \u00e8 stata condannata a sei mesi di prigione per avere fatto una battuta sulla purezza [dell&#8217;acqua] del fiume Nilo.<\/p>\n<p>Sherine, una delle cantanti pi\u00f9 famose del paese &#8211; e una dei giudici della versione araba dello show televisivo The Voice &#8211; ha detto a un fan che bere l&#8217;acqua del famoso fiume potrebbe causare una parassitosi.<\/p>\n<p>\u00abBevi Evian, invece\u00bb, ha scherzato.<\/p>\n<p>[&#8230;]<\/p>\n<p>Sherine, nel frattempo, \u00e8 stata condannata da un tribunale del Cairo con l&#8217;accusa di spargere false notizie. L&#8217;agenzia di stampa Ahram riporta che ha dovuto pagare 5 000 sterline egiziane come cauzione, pi\u00f9 un&#8217;ammenda di 10 000 sterline, per rimanere in libert\u00e0 fino alla conclusione del caso.<\/p>\n<p>[&#8230;]<\/p>\n<p>Oltre alle accuse subite in sede giudiziaria, il sindacato egiziano dei musicisti ha annunciato che le \u00e8 stato vietato di esibirsi a causa della sua <strong>\u00abingiustificata denigrazione del nostro caro Egitto\u00bb<\/strong>.<\/p>\n<p><strong>Abdel Wahab si \u00e8 pi\u00f9 tardi scusata<\/strong> del suo \u00abstupido scherzo\u00bb [&#8230;] <strong>\u00abEgitto, mio amato paese, io mi scuso con te con tutto il mio cuore per il dolore che ti ho causato\u00bb<\/strong>.<\/p><\/blockquote>\n<div class=\"jetpack-video-wrapper\"><span class=\"embed-youtube\" style=\"text-align:center; display: block;\"><iframe loading=\"lazy\" class=\"youtube-player\" width=\"800\" height=\"450\" src=\"https:\/\/www.youtube.com\/embed\/6bxHZ22RKMo?version=3&#038;rel=1&#038;showsearch=0&#038;showinfo=1&#038;iv_load_policy=1&#038;fs=1&#038;hl=it-IT&#038;autohide=2&#038;wmode=transparent\" allowfullscreen=\"true\" style=\"border:0;\" sandbox=\"allow-scripts allow-same-origin allow-popups allow-presentation\"><\/iframe><\/span><\/div>\n<blockquote><p>Alla controversia conseguente al caso di Sherine \u00e8 seguito in gennaio l&#8217;arresto di Laila Amer, a causa di un video per la sua canzone Bos Omak (&#8220;Guarda tua madre&#8221;).<\/p>\n<p>Il nome \u00e8 apparentemente un gioco di parole su una parolaccia in arabo.<\/p>\n<p>Il video mostrava Amer che ballava e faceva gesti provocanti &#8211; qualcosa che l&#8217;avvocato che ha presentato l&#8217;esposto ha definito un \u00abgrave rischio\u00bb per l&#8217;Egitto e <strong>\u00abun attacco alla societ\u00e0\u00bb<\/strong>.<\/p>\n<p>L&#8217;agenzia di stampa EFE ha riportato che la difesa di Amer davanti alla corte \u00e8 stata che aveva semplicemente seguito le istruzioni del direttore e del produttore.<\/p>\n<p>Il regista \u00e8 stato condannato a sei mesi di prigione, mentre un altro uomo che compariva nel video insieme ad Amer ha ricevuto una condanna a tre mesi.<\/p>\n<p>[&#8230;]<\/p>\n<p>La sentenza odierna porta a tre il numero di artiste condannate a pene detentive negli ultimi mesi.<\/p>\n<p>In dicembre, Shaimaa Ahmed &#8211; conosciuta semplicemente come Shyma &#8211; \u00e8 stata incarcerata per due anni dopo essere apparsa in un video in biancheria intima e intenta a mangiare in maniera provocante una banana.<\/p>\n<p>\u00c8 stata ritenuta colpevole di invitare alla <strong>dissolutezza<\/strong> e di avere pubblicato un film indecente, ed \u00e8 stata condannata insieme col regista.<\/p>\n<p>Prima di essere incarcerata si \u00e8 <strong>scusata<\/strong> con chiunque potesse avere preso il video della canzone, I have Issues (&#8220;Ho questioni&#8221;) \u00abin maniera non appropriata\u00bb.<\/p><\/blockquote>\n<p>Non ho proprio tantissimo tempo per approfondire; vedo comunque che periodicamente queste notizie emergono dall&#8217;Egitto: un altro <a href=\"http:\/\/www.bbc.com\/news\/world-middle-east-34140406\">articolo della <em>BBC<\/em>\u00a0del settembre 2015<\/a> riferisce che diverse artiste di danza del ventre erano state condannate per video considerati inappropriati; una di queste, fra l&#8217;altro, per <strong><em>attacco alla bandiera nazionale <\/em><\/strong>per essere comparsa vestita nei colori nazionali; le altre erano semplicemente poco vestite: anche in questi casi i tribunali hanno agito, apparentemente, su querele di parte, presentate da ben intenzionati avvocati della morale pubblica &#8211; vale la pena di notare: laici, non su azione diretta delle autorit\u00e0 religiose.<\/p>\n<p>Ripensandoci, il\u00a0<em>mix<\/em> di moralismo e nazionalismo che queste vicende rivelano, la presenza di occhiute organizzazioni private pronte a agire le vie legali per tutelare i costumi o a sanzionare privatamente le ree, la prontezza con la quali i tribunali acquiescono alle richieste, la pressione sociale e dei <em>media<\/em> che spinge le donne condannate a vere e proprie abiure non \u00e8 un buon indizio sullo stato delle libert\u00e0 in Egitto &#8211; naturalmente, noi italiani non abbiamo bisogno di scoprirlo: il cadavere martoriato di Giulio Regeni dovrebbe ricordarcelo ogni giorno &#8211; e certamente spiega la cautela del conduttore: hai visto mai che lo accusino di avere promosso l&#8217;empiet\u00e0 e mettano in gattabuia pure lui!<\/p>\n","protected":false},"excerpt":{"rendered":"<p>Credo che molti abbiano visto passare in giro, magari sui social o come messaggio da amici su Whatsapp, un video<\/p>\n","protected":false},"author":1,"featured_media":14834,"comment_status":"open","ping_status":"open","sticky":false,"template":"","format":"video","meta":{"_mi_skip_tracking":false,"_monsterinsights_sitenote_active":false,"_monsterinsights_sitenote_note":"","_monsterinsights_sitenote_category":0,"jetpack_post_was_ever_published":false,"_jetpack_newsletter_access":"","jetpack_publicize_message":"","jetpack_is_tweetstorm":false,"jetpack_publicize_feature_enabled":true,"jetpack_social_post_already_shared":true,"jetpack_social_options":{"image_generator_settings":{"template":"highway","enabled":false}}},"categories":[52,57,17,59,16],"tags":[],"jetpack_publicize_connections":[],"jetpack_featured_media_url":"https:\/\/i0.wp.com\/www.robertosedda.it\/wp-content\/uploads\/2018\/03\/Sherine.jpg?fit=710%2C434","jetpack_sharing_enabled":true,"jetpack_shortlink":"https:\/\/wp.me\/p4jV2T-3R2","jetpack_likes_enabled":true,"jetpack-related-posts":[{"id":6332,"url":"http:\/\/www.robertosedda.it\/?p=6332","url_meta":{"origin":14820,"position":0},"title":"Una buona campagna sociale","author":"Rufus","date":"10\/02\/2014","format":"video","excerpt":"Mentre mi documentavo per un prossimo articolo sulle ONG internazionali e il rapporto talvolta conflittuale coi loro testimonial ho visto un video di Greenpeace che non avevo mai visto (si riferisce a una campagna attiva dal 2012) e che propongo perch\u00e9 lo trovo efficace e anche perch\u00e9 ha a che\u2026","rel":"","context":"In &quot;Coordinate&quot;","block_context":{"text":"Coordinate","link":"http:\/\/www.robertosedda.it\/?cat=52"},"img":{"alt_text":"","src":"https:\/\/i0.wp.com\/img.youtube.com\/vi\/XxFWo4sCzCs\/0.jpg?resize=350%2C200","width":350,"height":200},"classes":[]},{"id":10196,"url":"http:\/\/www.robertosedda.it\/?p=10196","url_meta":{"origin":14820,"position":1},"title":"Ho girato un video (cio\u00e8, insomma&#8230;)","author":"Rufus","date":"07\/05\/2015","format":"video","excerpt":"I Fabbricastorie\u00a0stanno collaborando a un progetto del\u00a0CNOS-FAP, l'ente di formazione dei Salesiani. La nostra collaborazione \u00e8 concentrata principalmente sulla progettazione di un gioco, il cui nome di lavoro \u00e8 per il momento\u00a0Simulandia. Uh. Quando tutto il progetto era ormai chiuso abbiamo scoperto che Simulandia \u00e8 anche il nome di un\u2026","rel":"","context":"In &quot;Coordinate&quot;","block_context":{"text":"Coordinate","link":"http:\/\/www.robertosedda.it\/?cat=52"},"img":{"alt_text":"","src":"https:\/\/i0.wp.com\/img.youtube.com\/vi\/E9K8FHgAT30\/0.jpg?resize=350%2C200","width":350,"height":200},"classes":[]},{"id":5078,"url":"http:\/\/www.robertosedda.it\/?p=5078","url_meta":{"origin":14820,"position":2},"title":"C&#8217;\u00e8 flashmob e flashmob","author":"Rufus","date":"22\/11\/2013","format":"video","excerpt":"Da un po' di tempo gir\u00e0 su Facebook un filmato che \u00e8 introdotto pi\u00f9 o meno da frasi come queste: \u00abGuardate cosa fa questa bambina e che sorpresa riceve in cambio di una monetina a\u00a0un musicista di strada. La moneta meglio spesa della storia\u00bb. Ora, a me c'era qualcosa che\u2026","rel":"","context":"In &quot;Coordinate&quot;","block_context":{"text":"Coordinate","link":"http:\/\/www.robertosedda.it\/?cat=52"},"img":{"alt_text":"","src":"https:\/\/i0.wp.com\/img.youtube.com\/vi\/GBaHPND2QJg\/0.jpg?resize=350%2C200","width":350,"height":200},"classes":[]},{"id":17061,"url":"http:\/\/www.robertosedda.it\/?p=17061","url_meta":{"origin":14820,"position":3},"title":"Un giorno a Cagliari","author":"Rufus","date":"24\/08\/2019","format":false,"excerpt":"Vedo che Cagliari ha un nuovo video istituzionale di presentazione per i turisti. https:\/\/www.youtube.com\/watch?v=V0zYpeuUA2E&fbclid=IwAR1ywZfCwsJVj1PeijRzLzjE6_x6cmtZUfmKRGOS_yDmNxZDOhPCuxbMjKI Resto un pochino perplesso per un paio di insistenze su certi esercizi commerciali rispetto ad altri, per alcune clamorose omissioni (niente Museo Archeologico, niente lungomare Poetto con quelli che fanno sport o si godono la vita,\u2026","rel":"","context":"In &quot;Coordinate&quot;","block_context":{"text":"Coordinate","link":"http:\/\/www.robertosedda.it\/?cat=52"},"img":{"alt_text":"","src":"https:\/\/i0.wp.com\/www.robertosedda.it\/wp-content\/uploads\/2019\/08\/Logo-Cagliari.jpg?fit=1200%2C758&resize=350%2C200","width":350,"height":200,"srcset":"https:\/\/i0.wp.com\/www.robertosedda.it\/wp-content\/uploads\/2019\/08\/Logo-Cagliari.jpg?fit=1200%2C758&resize=350%2C200 1x, https:\/\/i0.wp.com\/www.robertosedda.it\/wp-content\/uploads\/2019\/08\/Logo-Cagliari.jpg?fit=1200%2C758&resize=700%2C400 2x, https:\/\/i0.wp.com\/www.robertosedda.it\/wp-content\/uploads\/2019\/08\/Logo-Cagliari.jpg?fit=1200%2C758&resize=1050%2C600 3x"},"classes":[]},{"id":605,"url":"http:\/\/www.robertosedda.it\/?p=605","url_meta":{"origin":14820,"position":4},"title":"Uso personale di ultimotriennio","author":"Rufus","date":"22\/08\/2012","format":"video","excerpt":"Oggi chiedo ospitalit\u00e0 al blog per una mia esigenza personale. Mi \u00e8 capitato ieri di sentirmi chiedere a bruciapelo cosa \u00e8 l'Azione Cattolica. Devo dire che non me l'aspettavo e in qualche modo non sono abituato: fra le persone che frequento, la maggior parte mi conosce da tempo e sa\u2026","rel":"","context":"In &quot;Azione Cattolica&quot;","block_context":{"text":"Azione Cattolica","link":"http:\/\/www.robertosedda.it\/?cat=76"},"img":{"alt_text":"","src":"https:\/\/i0.wp.com\/img.youtube.com\/vi\/JS_t6CJK7bI\/0.jpg?resize=350%2C200","width":350,"height":200},"classes":[]},{"id":9808,"url":"http:\/\/www.robertosedda.it\/?p=9808","url_meta":{"origin":14820,"position":5},"title":"Playlist da ascoltare mentre si leggono libri","author":"Rufus","date":"19\/03\/2015","format":"video","excerpt":"Ho lavorato oggi un pochetto sul mio canale\u00a0Youtube\u00a0(cosa che faccio pi\u00f9 o meno ogni tre anni) e ho preparato delle\u00a0playlist che raccolgono la musica utilizzata nelle varie stagioni di\u00a0Oggi parliamo di libri. Le metto anche qui sul\u00a0blog, perch\u00e9 magari per qualcuno possono essere divertenti.\u00a0Potete anche chiedervi quale possa\u00a0mai essere il\u2026","rel":"","context":"In &quot;Coordinate&quot;","block_context":{"text":"Coordinate","link":"http:\/\/www.robertosedda.it\/?cat=52"},"img":{"alt_text":"","src":"https:\/\/i0.wp.com\/img.youtube.com\/vi\/PL_THzLxZBsppKtvbNprReZW9KSsstQxgT\/0.jpg?resize=350%2C200","width":350,"height":200},"classes":[]}],"_links":{"self":[{"href":"http:\/\/www.robertosedda.it\/index.php?rest_route=\/wp\/v2\/posts\/14820"}],"collection":[{"href":"http:\/\/www.robertosedda.it\/index.php?rest_route=\/wp\/v2\/posts"}],"about":[{"href":"http:\/\/www.robertosedda.it\/index.php?rest_route=\/wp\/v2\/types\/post"}],"author":[{"embeddable":true,"href":"http:\/\/www.robertosedda.it\/index.php?rest_route=\/wp\/v2\/users\/1"}],"replies":[{"embeddable":true,"href":"http:\/\/www.robertosedda.it\/index.php?rest_route=%2Fwp%2Fv2%2Fcomments&post=14820"}],"version-history":[{"count":9,"href":"http:\/\/www.robertosedda.it\/index.php?rest_route=\/wp\/v2\/posts\/14820\/revisions"}],"predecessor-version":[{"id":14872,"href":"http:\/\/www.robertosedda.it\/index.php?rest_route=\/wp\/v2\/posts\/14820\/revisions\/14872"}],"wp:featuredmedia":[{"embeddable":true,"href":"http:\/\/www.robertosedda.it\/index.php?rest_route=\/wp\/v2\/media\/14834"}],"wp:attachment":[{"href":"http:\/\/www.robertosedda.it\/index.php?rest_route=%2Fwp%2Fv2%2Fmedia&parent=14820"}],"wp:term":[{"taxonomy":"category","embeddable":true,"href":"http:\/\/www.robertosedda.it\/index.php?rest_route=%2Fwp%2Fv2%2Fcategories&post=14820"},{"taxonomy":"post_tag","embeddable":true,"href":"http:\/\/www.robertosedda.it\/index.php?rest_route=%2Fwp%2Fv2%2Ftags&post=14820"}],"curies":[{"name":"wp","href":"https:\/\/api.w.org\/{rel}","templated":true}]}}