{"id":14814,"date":"2018-03-09T13:24:56","date_gmt":"2018-03-09T12:24:56","guid":{"rendered":"http:\/\/www.robertosedda.it\/?p=14814"},"modified":"2018-03-19T08:32:46","modified_gmt":"2018-03-19T07:32:46","slug":"il-futuro-della-rendita-e-interessante-anche-se-non-ci-credereste","status":"publish","type":"post","link":"http:\/\/www.robertosedda.it\/?p=14814","title":{"rendered":"Il futuro della rendita \u00e8 interessante, anche se non ci credereste"},"content":{"rendered":"<p><a href=\"https:\/\/i0.wp.com\/www.robertosedda.it\/wp-content\/uploads\/2018\/03\/Rendita.jpg\"><img data-attachment-id=\"14815\" data-permalink=\"http:\/\/www.robertosedda.it\/?attachment_id=14815\" data-orig-file=\"https:\/\/i0.wp.com\/www.robertosedda.it\/wp-content\/uploads\/2018\/03\/Rendita.jpg?fit=1024%2C478\" data-orig-size=\"1024,478\" data-comments-opened=\"1\" data-image-meta=\"{&quot;aperture&quot;:&quot;0&quot;,&quot;credit&quot;:&quot;&quot;,&quot;camera&quot;:&quot;&quot;,&quot;caption&quot;:&quot;&quot;,&quot;created_timestamp&quot;:&quot;0&quot;,&quot;copyright&quot;:&quot;&quot;,&quot;focal_length&quot;:&quot;0&quot;,&quot;iso&quot;:&quot;0&quot;,&quot;shutter_speed&quot;:&quot;0&quot;,&quot;title&quot;:&quot;&quot;,&quot;orientation&quot;:&quot;0&quot;}\" data-image-title=\"Rendita\" data-image-description=\"\" data-image-caption=\"\" data-medium-file=\"https:\/\/i0.wp.com\/www.robertosedda.it\/wp-content\/uploads\/2018\/03\/Rendita.jpg?fit=300%2C140\" data-large-file=\"https:\/\/i0.wp.com\/www.robertosedda.it\/wp-content\/uploads\/2018\/03\/Rendita.jpg?fit=510%2C238\" decoding=\"async\" loading=\"lazy\" class=\"aligncenter size-full wp-image-14815\" src=\"https:\/\/i0.wp.com\/www.robertosedda.it\/wp-content\/uploads\/2018\/03\/Rendita.jpg?resize=800%2C373\" alt=\"\" width=\"800\" height=\"373\" srcset=\"https:\/\/i0.wp.com\/www.robertosedda.it\/wp-content\/uploads\/2018\/03\/Rendita.jpg?w=1024 1024w, https:\/\/i0.wp.com\/www.robertosedda.it\/wp-content\/uploads\/2018\/03\/Rendita.jpg?resize=150%2C70 150w, https:\/\/i0.wp.com\/www.robertosedda.it\/wp-content\/uploads\/2018\/03\/Rendita.jpg?resize=300%2C140 300w, https:\/\/i0.wp.com\/www.robertosedda.it\/wp-content\/uploads\/2018\/03\/Rendita.jpg?resize=510%2C238 510w, https:\/\/i0.wp.com\/www.robertosedda.it\/wp-content\/uploads\/2018\/03\/Rendita.jpg?resize=700%2C327 700w\" sizes=\"(max-width: 800px) 100vw, 800px\" data-recalc-dims=\"1\" \/><\/a>Mi sembra molto utile segnalare il convegno\u00a0<a href=\"https:\/\/sites.google.com\/view\/ilfuturodellarendita\"><em>Il futuro della rendita<\/em><\/a> (se cliccate sul link trovate il programma completo) organizzato dalla\u00a0<em>Societ\u00e0 Italiana di Estimo e Valutazione<\/em> (SIEV) assieme al <em>Dipartimento di Ingegneria Civile, Ambientale e Architettura<\/em> (DICAAR), e con il patrocinio dell&#8217;Istituto Nazionale di Urbanistica (INU) e che si terr\u00e0 a Cagliari i prossimi 22 e 23 marzo 2018.<\/p>\n<p>Ora, io lo so che voi secondo voi\u00a0<em>estimo<\/em> e <em>non mancher\u00f2 certamente di partecipare!<\/em> sono espressioni che non possono stare nella stessa frase, ma vi sbagliate. Prima di tutto occorre avere il massimo rispetto di organizzatori che sono in grado di associare i titoli di opere scespiriane a ciascuna sessione del convegno (rispettivamente <em>Misura per misura, Pene d&#8217;amor perdute<\/em>, <em>Molto rumore per nulla<\/em>, <em>La bisbetica domata<\/em> e <em>Come vi piace<\/em>), perch\u00e9 non si pu\u00f2 sapere cosa diamine altro vi abbiano preparato.<\/p>\n<p>E poi perch\u00e9, in due parole, mi pare che il convegno sia una buona porta introduttiva a chi vuole capire un po&#8217; di pi\u00f9 di urbanistica e urbanistica cagliaritana, in particolare, e una occasione irrinunciabile per chi invece di problemi cagliaritani e urbanistica gi\u00e0 ne mastica a sufficienza: su Cagliari in particolare ci sono diverse comunicazioni che trattano direttamente problemi della nostra citt\u00e0. E poi c&#8217;\u00e8 una intera seduta dedicata a Fiorentino Sullo e alla sua riforma mai attuata, uno degli eventi centrali e decisivi, anche se poco noti, della storia italiana del secondo Novecento.<\/p>\n<p>Se posso azzardare una critica dal punto di vista della finanza etica, l&#8217;unica cosa che mi pare manchi \u00e8 una apertura a parlare di rendita in senso lievemente pi\u00f9 ampio: perch\u00e9 i temi della rendita immobiliare si riflettono in quelli che si trattano quando si parla di rendite finanziarie, e del resto, partire dai mutui <em>subprime<\/em>, il nesso fra i due tipi di rendita c&#8217;\u00e8, eccome; ma \u00e8 una critica minore, e il convegno mi sembra notevole anche cos\u00ec.<\/p>\n<p>Detto in due parole<\/p>\n","protected":false},"excerpt":{"rendered":"<p>Mi sembra molto utile segnalare il convegno\u00a0Il futuro della rendita (se cliccate sul link trovate il programma completo) organizzato dalla\u00a0Societ\u00e0<\/p>\n","protected":false},"author":1,"featured_media":14815,"comment_status":"open","ping_status":"open","sticky":false,"template":"","format":"standard","meta":{"_mi_skip_tracking":false,"_monsterinsights_sitenote_active":false,"_monsterinsights_sitenote_note":"","_monsterinsights_sitenote_category":0,"jetpack_post_was_ever_published":false,"_jetpack_newsletter_access":"","jetpack_publicize_message":"","jetpack_is_tweetstorm":false,"jetpack_publicize_feature_enabled":true,"jetpack_social_post_already_shared":true,"jetpack_social_options":{"image_generator_settings":{"template":"highway","enabled":false}}},"categories":[52,55,77,95,16],"tags":[],"jetpack_publicize_connections":[],"jetpack_featured_media_url":"https:\/\/i0.wp.com\/www.robertosedda.it\/wp-content\/uploads\/2018\/03\/Rendita.jpg?fit=1024%2C478","jetpack_sharing_enabled":true,"jetpack_shortlink":"https:\/\/wp.me\/p4jV2T-3QW","jetpack_likes_enabled":true,"jetpack-related-posts":[{"id":7627,"url":"http:\/\/www.robertosedda.it\/?p=7627","url_meta":{"origin":14814,"position":0},"title":"Non per soldi ma per lettura","author":"Rufus","date":"06\/06\/2014","format":false,"excerpt":"Il mio amico Antonio Messina, coordinatore del gruppo dei soci di Banca Etica delle Marche settentrionali, cela fra le tante sue multiformi capacit\u00e0 e interessi anche la voglia di costruire una bibliografia di narrativa in cui si affronti in\u00a0qualche modo il tema del denaro. Antonio ha\u00a0chiesto qualche suggerimento a me\u2026","rel":"","context":"In &quot;Coordinate&quot;","block_context":{"text":"Coordinate","link":"http:\/\/www.robertosedda.it\/?cat=52"},"img":{"alt_text":"","src":"https:\/\/i0.wp.com\/www.robertosedda.it\/wp-content\/uploads\/2014\/02\/Banca-Etica-15-anni.jpg?fit=510%2C250&resize=350%2C200","width":350,"height":200},"classes":[]},{"id":8456,"url":"http:\/\/www.robertosedda.it\/?p=8456","url_meta":{"origin":14814,"position":1},"title":"Un pensiero volante sul Convegno pastorale della diocesi di Cagliari","author":"Rufus","date":"18\/09\/2014","format":false,"excerpt":"Sono andato ieri alla prima sessione di lavori del Convegno pastorale annuale della diocesi di Cagliari. Impegnato in altre cose ho fatto in tempo solo a sentire un bell'intervento di una coppia di trentini che sono venuti in Sardegna a gestire una cooperativa sociale che fa biologico, il dibattito e\u2026","rel":"","context":"In &quot;Coordinate&quot;","block_context":{"text":"Coordinate","link":"http:\/\/www.robertosedda.it\/?cat=52"},"img":{"alt_text":"","src":"https:\/\/i0.wp.com\/www.robertosedda.it\/wp-content\/uploads\/2014\/09\/Convegno-pastorale-diocesano.jpg?fit=907%2C680&resize=350%2C200","width":350,"height":200,"srcset":"https:\/\/i0.wp.com\/www.robertosedda.it\/wp-content\/uploads\/2014\/09\/Convegno-pastorale-diocesano.jpg?fit=907%2C680&resize=350%2C200 1x, https:\/\/i0.wp.com\/www.robertosedda.it\/wp-content\/uploads\/2014\/09\/Convegno-pastorale-diocesano.jpg?fit=907%2C680&resize=700%2C400 2x"},"classes":[]},{"id":14459,"url":"http:\/\/www.robertosedda.it\/?p=14459","url_meta":{"origin":14814,"position":2},"title":"Per qualcuno il 2017 \u00e8 andato benissimo","author":"Rufus","date":"03\/01\/2018","format":false,"excerpt":"Vedo su Bloomberg un interessante articolo che analizza l'andamento dei redditi nel 2017, dal quale si evince che le persone pi\u00f9 ricche del pianeta hanno aumentato la loro ricchezza di mille miliardi di dollari, un incremento del 23% rispetto alla loro ricchezza calcolata da Bloomberg nel 2016 (stiamo parlando della\u2026","rel":"","context":"In &quot;Coordinate&quot;","block_context":{"text":"Coordinate","link":"http:\/\/www.robertosedda.it\/?cat=52"},"img":{"alt_text":"","src":"https:\/\/i0.wp.com\/www.robertosedda.it\/wp-content\/uploads\/2018\/01\/Asia-billionaries.png?fit=761%2C405&resize=350%2C200","width":350,"height":200,"srcset":"https:\/\/i0.wp.com\/www.robertosedda.it\/wp-content\/uploads\/2018\/01\/Asia-billionaries.png?fit=761%2C405&resize=350%2C200 1x, https:\/\/i0.wp.com\/www.robertosedda.it\/wp-content\/uploads\/2018\/01\/Asia-billionaries.png?fit=761%2C405&resize=700%2C400 2x"},"classes":[]},{"id":6460,"url":"http:\/\/www.robertosedda.it\/?p=6460","url_meta":{"origin":14814,"position":3},"title":"Il destino di Icaro","author":"Rufus","date":"15\/02\/2014","format":false,"excerpt":"Sono tre citazioni sparse, che mi ripeto mentre penso cosa far\u00f2 al seggio ma soprattutto descrivono ci\u00f2 che penso di questa campagna elettorale. Ognuno pu\u00f2 trovarci il senso che crede. La prima \u00e8 la poesia di Brecht che anche altrove ho gi\u00e0 citato: Questo voglio dir loro Mi chiedevo: perch\u00e9\u2026","rel":"","context":"In &quot;Opinioni&quot;","block_context":{"text":"Opinioni","link":"http:\/\/www.robertosedda.it\/?cat=17"},"img":{"alt_text":"","src":"https:\/\/i0.wp.com\/www.robertosedda.it\/wp-content\/uploads\/2014\/02\/malcolm-x.jpg?fit=774%2C900&resize=350%2C200","width":350,"height":200,"srcset":"https:\/\/i0.wp.com\/www.robertosedda.it\/wp-content\/uploads\/2014\/02\/malcolm-x.jpg?fit=774%2C900&resize=350%2C200 1x, https:\/\/i0.wp.com\/www.robertosedda.it\/wp-content\/uploads\/2014\/02\/malcolm-x.jpg?fit=774%2C900&resize=700%2C400 2x"},"classes":[]},{"id":16594,"url":"http:\/\/www.robertosedda.it\/?p=16594","url_meta":{"origin":14814,"position":4},"title":"Matrimoni infelici","author":"Rufus","date":"16\/04\/2019","format":false,"excerpt":"Sto ancora leggendo la Divina Commedia, ma mi \u00e8 venuta voglia di un romanzo, di una storia, quindi dopo il capitolo che rappresenta la mia preghiera laica mattutina (e talvolta in questa Quaresima, devo dire, dopo le Lodi) mi sono messo a leggere Madame Bovary, in francese. Di solito in\u2026","rel":"","context":"In &quot;Coordinate&quot;","block_context":{"text":"Coordinate","link":"http:\/\/www.robertosedda.it\/?cat=52"},"img":{"alt_text":"","src":"https:\/\/i0.wp.com\/www.robertosedda.it\/wp-content\/uploads\/2019\/04\/Madame-Bovary.jpg?fit=757%2C1200&resize=350%2C200","width":350,"height":200,"srcset":"https:\/\/i0.wp.com\/www.robertosedda.it\/wp-content\/uploads\/2019\/04\/Madame-Bovary.jpg?fit=757%2C1200&resize=350%2C200 1x, https:\/\/i0.wp.com\/www.robertosedda.it\/wp-content\/uploads\/2019\/04\/Madame-Bovary.jpg?fit=757%2C1200&resize=700%2C400 2x"},"classes":[]},{"id":4480,"url":"http:\/\/www.robertosedda.it\/?p=4480","url_meta":{"origin":14814,"position":5},"title":"A prova di George Clooney","author":"Rufus","date":"19\/09\/2013","format":false,"excerpt":"La mia famiglia e quella di mia sorella, sebbene vivano fianco a fianco sullo stesso pianerottolo, sono separate radicalmente su una questione di fondamentale importanza: come si debba fare il caff\u00e8. Io e Maria Bonaria, tradizionalisti di sinistra, usiamo la macchinetta espresso (ovviamente col caff\u00e8 del commercio equo), con le\u2026","rel":"","context":"Con 2 commenti","block_context":{"text":"Con 2 commenti","link":"http:\/\/www.robertosedda.it\/?p=4480#comments"},"img":{"alt_text":"","src":"https:\/\/i0.wp.com\/www.robertosedda.it\/wp-content\/uploads\/2013\/03\/ALIM2711.jpg?fit=1200%2C900&resize=350%2C200","width":350,"height":200,"srcset":"https:\/\/i0.wp.com\/www.robertosedda.it\/wp-content\/uploads\/2013\/03\/ALIM2711.jpg?fit=1200%2C900&resize=350%2C200 1x, https:\/\/i0.wp.com\/www.robertosedda.it\/wp-content\/uploads\/2013\/03\/ALIM2711.jpg?fit=1200%2C900&resize=700%2C400 2x, https:\/\/i0.wp.com\/www.robertosedda.it\/wp-content\/uploads\/2013\/03\/ALIM2711.jpg?fit=1200%2C900&resize=1050%2C600 3x"},"classes":[]}],"_links":{"self":[{"href":"http:\/\/www.robertosedda.it\/index.php?rest_route=\/wp\/v2\/posts\/14814"}],"collection":[{"href":"http:\/\/www.robertosedda.it\/index.php?rest_route=\/wp\/v2\/posts"}],"about":[{"href":"http:\/\/www.robertosedda.it\/index.php?rest_route=\/wp\/v2\/types\/post"}],"author":[{"embeddable":true,"href":"http:\/\/www.robertosedda.it\/index.php?rest_route=\/wp\/v2\/users\/1"}],"replies":[{"embeddable":true,"href":"http:\/\/www.robertosedda.it\/index.php?rest_route=%2Fwp%2Fv2%2Fcomments&post=14814"}],"version-history":[{"count":2,"href":"http:\/\/www.robertosedda.it\/index.php?rest_route=\/wp\/v2\/posts\/14814\/revisions"}],"predecessor-version":[{"id":14817,"href":"http:\/\/www.robertosedda.it\/index.php?rest_route=\/wp\/v2\/posts\/14814\/revisions\/14817"}],"wp:featuredmedia":[{"embeddable":true,"href":"http:\/\/www.robertosedda.it\/index.php?rest_route=\/wp\/v2\/media\/14815"}],"wp:attachment":[{"href":"http:\/\/www.robertosedda.it\/index.php?rest_route=%2Fwp%2Fv2%2Fmedia&parent=14814"}],"wp:term":[{"taxonomy":"category","embeddable":true,"href":"http:\/\/www.robertosedda.it\/index.php?rest_route=%2Fwp%2Fv2%2Fcategories&post=14814"},{"taxonomy":"post_tag","embeddable":true,"href":"http:\/\/www.robertosedda.it\/index.php?rest_route=%2Fwp%2Fv2%2Ftags&post=14814"}],"curies":[{"name":"wp","href":"https:\/\/api.w.org\/{rel}","templated":true}]}}