{"id":14754,"date":"2018-02-28T10:10:59","date_gmt":"2018-02-28T09:10:59","guid":{"rendered":"http:\/\/www.robertosedda.it\/?p=14754"},"modified":"2018-03-15T17:28:33","modified_gmt":"2018-03-15T16:28:33","slug":"ancora-su-goebbels-e-le-fake-news-e-la-sinistra","status":"publish","type":"post","link":"http:\/\/www.robertosedda.it\/?p=14754","title":{"rendered":"Ancora su Goebbels e le <em>fake news<\/em> (e la sinistra)"},"content":{"rendered":"<p>Manco a farlo apposta, vedo ieri condiviso un <a href=\"https:\/\/left.it\/2018\/02\/27\/a-cosa-assomiglia-la-propaganda-di-goebbels-oggi\/\">articolo su\u00a0<em>Left<\/em><\/a>\u00a0a firma Giulio Cavali con le &#8220;famose&#8221; undici regole di Goebbels (se non sapete di che parlo, <a href=\"http:\/\/www.robertosedda.it\/?p=14713\">leggete qui<\/a>).<\/p>\n<p><a href=\"https:\/\/i0.wp.com\/www.robertosedda.it\/wp-content\/uploads\/2018\/02\/Left-Goebbels-1.jpg\"><img data-attachment-id=\"14755\" data-permalink=\"http:\/\/www.robertosedda.it\/?attachment_id=14755\" data-orig-file=\"https:\/\/i0.wp.com\/www.robertosedda.it\/wp-content\/uploads\/2018\/02\/Left-Goebbels-1.jpg?fit=1274%2C619\" data-orig-size=\"1274,619\" data-comments-opened=\"1\" data-image-meta=\"{&quot;aperture&quot;:&quot;0&quot;,&quot;credit&quot;:&quot;Roberto Sedda&quot;,&quot;camera&quot;:&quot;&quot;,&quot;caption&quot;:&quot;&quot;,&quot;created_timestamp&quot;:&quot;1519811825&quot;,&quot;copyright&quot;:&quot;&quot;,&quot;focal_length&quot;:&quot;0&quot;,&quot;iso&quot;:&quot;0&quot;,&quot;shutter_speed&quot;:&quot;0&quot;,&quot;title&quot;:&quot;&quot;,&quot;orientation&quot;:&quot;0&quot;}\" data-image-title=\"Left Goebbels 1\" data-image-description=\"\" data-image-caption=\"\" data-medium-file=\"https:\/\/i0.wp.com\/www.robertosedda.it\/wp-content\/uploads\/2018\/02\/Left-Goebbels-1.jpg?fit=300%2C146\" data-large-file=\"https:\/\/i0.wp.com\/www.robertosedda.it\/wp-content\/uploads\/2018\/02\/Left-Goebbels-1.jpg?fit=510%2C248\" decoding=\"async\" loading=\"lazy\" class=\"aligncenter size-full wp-image-14755\" src=\"https:\/\/i0.wp.com\/www.robertosedda.it\/wp-content\/uploads\/2018\/02\/Left-Goebbels-1.jpg?resize=800%2C389\" alt=\"\" width=\"800\" height=\"389\" srcset=\"https:\/\/i0.wp.com\/www.robertosedda.it\/wp-content\/uploads\/2018\/02\/Left-Goebbels-1.jpg?w=1274 1274w, https:\/\/i0.wp.com\/www.robertosedda.it\/wp-content\/uploads\/2018\/02\/Left-Goebbels-1.jpg?resize=150%2C73 150w, https:\/\/i0.wp.com\/www.robertosedda.it\/wp-content\/uploads\/2018\/02\/Left-Goebbels-1.jpg?resize=300%2C146 300w, https:\/\/i0.wp.com\/www.robertosedda.it\/wp-content\/uploads\/2018\/02\/Left-Goebbels-1.jpg?resize=510%2C248 510w, https:\/\/i0.wp.com\/www.robertosedda.it\/wp-content\/uploads\/2018\/02\/Left-Goebbels-1.jpg?resize=700%2C340 700w\" sizes=\"(max-width: 800px) 100vw, 800px\" data-recalc-dims=\"1\" \/><\/a>Ora, Giulio Cavalli \u00e8 un giornalista vero, noto per lavori di inchiesta e per la compromissione sociale. E <em>Left\u00a0<\/em>\u00e8 una rivista\u00a0<em>vera<\/em>, con un direttore responsabile vero e un comitato di redazione vero.<\/p>\n<p>E quindi la domanda \u00e8: fare un articolo cos\u00ec, nel quale prendi una roba della rete e la riproponi paro paro, senza un commento, una tua introduzione, un ragionamento&#8230; senza nulla, ecco, fare un articolo cos\u00ec, che giornalismo \u00e8?<\/p>\n<p>E una rivista che da un contributore accetta un articolo cos\u00ec e lo pubblica cos\u00ec, solo mettendoci a cappello una bella immagine, che rivista \u00e8? Che linea editoriale ha? Che qualit\u00e0 dell&#8217;informazione garantisce?<a href=\"https:\/\/i0.wp.com\/www.robertosedda.it\/wp-content\/uploads\/2018\/02\/Left-Goebbels-2.jpg\"><img data-attachment-id=\"14756\" data-permalink=\"http:\/\/www.robertosedda.it\/?attachment_id=14756\" data-orig-file=\"https:\/\/i0.wp.com\/www.robertosedda.it\/wp-content\/uploads\/2018\/02\/Left-Goebbels-2.jpg?fit=1865%2C868\" data-orig-size=\"1865,868\" data-comments-opened=\"1\" data-image-meta=\"{&quot;aperture&quot;:&quot;0&quot;,&quot;credit&quot;:&quot;Roberto Sedda&quot;,&quot;camera&quot;:&quot;&quot;,&quot;caption&quot;:&quot;&quot;,&quot;created_timestamp&quot;:&quot;1519811780&quot;,&quot;copyright&quot;:&quot;&quot;,&quot;focal_length&quot;:&quot;0&quot;,&quot;iso&quot;:&quot;0&quot;,&quot;shutter_speed&quot;:&quot;0&quot;,&quot;title&quot;:&quot;&quot;,&quot;orientation&quot;:&quot;0&quot;}\" data-image-title=\"Left Goebbels 2\" data-image-description=\"\" data-image-caption=\"\" data-medium-file=\"https:\/\/i0.wp.com\/www.robertosedda.it\/wp-content\/uploads\/2018\/02\/Left-Goebbels-2.jpg?fit=300%2C140\" data-large-file=\"https:\/\/i0.wp.com\/www.robertosedda.it\/wp-content\/uploads\/2018\/02\/Left-Goebbels-2.jpg?fit=510%2C237\" decoding=\"async\" loading=\"lazy\" class=\"aligncenter size-full wp-image-14756\" src=\"https:\/\/i0.wp.com\/www.robertosedda.it\/wp-content\/uploads\/2018\/02\/Left-Goebbels-2.jpg?resize=800%2C372\" alt=\"\" width=\"800\" height=\"372\" srcset=\"https:\/\/i0.wp.com\/www.robertosedda.it\/wp-content\/uploads\/2018\/02\/Left-Goebbels-2.jpg?w=1865 1865w, https:\/\/i0.wp.com\/www.robertosedda.it\/wp-content\/uploads\/2018\/02\/Left-Goebbels-2.jpg?resize=150%2C70 150w, https:\/\/i0.wp.com\/www.robertosedda.it\/wp-content\/uploads\/2018\/02\/Left-Goebbels-2.jpg?resize=300%2C140 300w, https:\/\/i0.wp.com\/www.robertosedda.it\/wp-content\/uploads\/2018\/02\/Left-Goebbels-2.jpg?resize=510%2C237 510w, https:\/\/i0.wp.com\/www.robertosedda.it\/wp-content\/uploads\/2018\/02\/Left-Goebbels-2.jpg?resize=700%2C326 700w, https:\/\/i0.wp.com\/www.robertosedda.it\/wp-content\/uploads\/2018\/02\/Left-Goebbels-2.jpg?w=1600 1600w\" sizes=\"(max-width: 800px) 100vw, 800px\" data-recalc-dims=\"1\" \/><\/a>Ed \u00e8 qui, credo, il punto centrale per il quale credo sempre pi\u00f9 che la campagna sulle <em>fake new<\/em> (e sui <em>populismi<\/em>) sia a sua volta una gigantesca operazione di propaganda: perch\u00e9 i <em>media<\/em>\u00a0tradizionali usano esattamente <a href=\"http:\/\/www.robertosedda.it\/?p=6576\">le stesse metodiche<\/a> dei cosiddetti canali alternativi, presentano le stesse notizie e, alla fin fine, si comportano esattamente allo stesso modo.<a href=\"https:\/\/i0.wp.com\/www.robertosedda.it\/wp-content\/uploads\/2018\/02\/Left-Goebbels-3.jpg\"><img data-attachment-id=\"14757\" data-permalink=\"http:\/\/www.robertosedda.it\/?attachment_id=14757\" data-orig-file=\"https:\/\/i0.wp.com\/www.robertosedda.it\/wp-content\/uploads\/2018\/02\/Left-Goebbels-3.jpg?fit=1239%2C647\" data-orig-size=\"1239,647\" data-comments-opened=\"1\" data-image-meta=\"{&quot;aperture&quot;:&quot;0&quot;,&quot;credit&quot;:&quot;Roberto Sedda&quot;,&quot;camera&quot;:&quot;&quot;,&quot;caption&quot;:&quot;&quot;,&quot;created_timestamp&quot;:&quot;1519811654&quot;,&quot;copyright&quot;:&quot;&quot;,&quot;focal_length&quot;:&quot;0&quot;,&quot;iso&quot;:&quot;0&quot;,&quot;shutter_speed&quot;:&quot;0&quot;,&quot;title&quot;:&quot;&quot;,&quot;orientation&quot;:&quot;0&quot;}\" data-image-title=\"Left Goebbels 3\" data-image-description=\"\" data-image-caption=\"\" data-medium-file=\"https:\/\/i0.wp.com\/www.robertosedda.it\/wp-content\/uploads\/2018\/02\/Left-Goebbels-3.jpg?fit=300%2C157\" data-large-file=\"https:\/\/i0.wp.com\/www.robertosedda.it\/wp-content\/uploads\/2018\/02\/Left-Goebbels-3.jpg?fit=510%2C266\" decoding=\"async\" loading=\"lazy\" class=\"aligncenter size-full wp-image-14757\" src=\"https:\/\/i0.wp.com\/www.robertosedda.it\/wp-content\/uploads\/2018\/02\/Left-Goebbels-3.jpg?resize=800%2C418\" alt=\"\" width=\"800\" height=\"418\" srcset=\"https:\/\/i0.wp.com\/www.robertosedda.it\/wp-content\/uploads\/2018\/02\/Left-Goebbels-3.jpg?w=1239 1239w, https:\/\/i0.wp.com\/www.robertosedda.it\/wp-content\/uploads\/2018\/02\/Left-Goebbels-3.jpg?resize=150%2C78 150w, https:\/\/i0.wp.com\/www.robertosedda.it\/wp-content\/uploads\/2018\/02\/Left-Goebbels-3.jpg?resize=300%2C157 300w, https:\/\/i0.wp.com\/www.robertosedda.it\/wp-content\/uploads\/2018\/02\/Left-Goebbels-3.jpg?resize=510%2C266 510w, https:\/\/i0.wp.com\/www.robertosedda.it\/wp-content\/uploads\/2018\/02\/Left-Goebbels-3.jpg?resize=700%2C366 700w\" sizes=\"(max-width: 800px) 100vw, 800px\" data-recalc-dims=\"1\" \/><\/a><\/p>\n","protected":false},"excerpt":{"rendered":"<p>Manco a farlo apposta, vedo ieri condiviso un articolo su\u00a0Left\u00a0a firma Giulio Cavali con le &#8220;famose&#8221; undici regole di Goebbels<\/p>\n","protected":false},"author":1,"featured_media":14756,"comment_status":"open","ping_status":"open","sticky":false,"template":"","format":"standard","meta":{"_mi_skip_tracking":false,"_monsterinsights_sitenote_active":false,"_monsterinsights_sitenote_note":"","_monsterinsights_sitenote_category":0,"jetpack_post_was_ever_published":false,"_jetpack_newsletter_access":"","jetpack_publicize_message":"","jetpack_is_tweetstorm":false,"jetpack_publicize_feature_enabled":true,"jetpack_social_post_already_shared":true,"jetpack_social_options":{"image_generator_settings":{"template":"highway","enabled":false}}},"categories":[52,55,77,17,16],"tags":[],"jetpack_publicize_connections":[],"jetpack_featured_media_url":"https:\/\/i0.wp.com\/www.robertosedda.it\/wp-content\/uploads\/2018\/02\/Left-Goebbels-2.jpg?fit=1865%2C868","jetpack_sharing_enabled":true,"jetpack_shortlink":"https:\/\/wp.me\/p4jV2T-3PY","jetpack_likes_enabled":true,"jetpack-related-posts":[{"id":14818,"url":"http:\/\/www.robertosedda.it\/?p=14818","url_meta":{"origin":14754,"position":0},"title":"REBLOG: Del perch\u00e9 Giulio Cavalli \u00e8 un gran signore","author":"Rufus","date":"12\/03\/2018","format":false,"excerpt":"Segnalo l'articolo di smentita, ricco anche di\u00a0link a interessanti articoli storici sulla\u00a0vera propaganda nazista, a proposito delle famose 11 regole di Goebbels delle quali si \u00e8 parlato qui sul\u00a0blog nei giorni scorsi. Non \u00e8 comunque facile intitolare un articolo\u00a0Ho scritto una bufala. Scusatemi, e quindi\u00a0chapeau!","rel":"","context":"In &quot;Segnalazioni&quot;","block_context":{"text":"Segnalazioni","link":"http:\/\/www.robertosedda.it\/?cat=95"},"img":{"alt_text":"","src":"","width":0,"height":0},"classes":[]},{"id":14713,"url":"http:\/\/www.robertosedda.it\/?p=14713","url_meta":{"origin":14754,"position":1},"title":"Diceva Goebbels&#8230; gi\u00e0, cosa diceva Goebbels, esattamente?","author":"Rufus","date":"22\/02\/2018","format":false,"excerpt":"Ieri a un certo punto della serata ho visto passare nel mio\u00a0Facebook un testo attribuito a Goebbels che cita \u00abundici principi della propaganda nazista\u00bb. L'amica carissima che l'ha condiviso - dal\u00a0post di un personaggio rispettabile che condivideva a sua volta un altro personaggio rispettabilissimo - esprimeva gi\u00e0 lei un dubbio:\u2026","rel":"","context":"In &quot;Antropologia&quot;","block_context":{"text":"Antropologia","link":"http:\/\/www.robertosedda.it\/?cat=97"},"img":{"alt_text":"","src":"https:\/\/i0.wp.com\/www.robertosedda.it\/wp-content\/uploads\/2018\/02\/Lincoln.jpg?fit=768%2C480&resize=350%2C200","width":350,"height":200,"srcset":"https:\/\/i0.wp.com\/www.robertosedda.it\/wp-content\/uploads\/2018\/02\/Lincoln.jpg?fit=768%2C480&resize=350%2C200 1x, https:\/\/i0.wp.com\/www.robertosedda.it\/wp-content\/uploads\/2018\/02\/Lincoln.jpg?fit=768%2C480&resize=700%2C400 2x"},"classes":[]},{"id":15553,"url":"http:\/\/www.robertosedda.it\/?p=15553","url_meta":{"origin":14754,"position":2},"title":"Grazie a voi","author":"Rufus","date":"02\/08\/2018","format":false,"excerpt":"Con il 31 luglio si \u00e8 chiuso il sesto anno di vita del blog, ed \u00e8 nuovamente tempo di ringraziamenti! A me sembra tutto straordinario: cio\u00e8,\u00a0La casa di Roberto \u00e8 minuscola rispetto al vasto mondo del\u00a0web, per\u00f2 comunque 34 000 utenti mi sembrano moltissimi, e anche escludendo quelli che sono\u2026","rel":"","context":"In &quot;Coordinate&quot;","block_context":{"text":"Coordinate","link":"http:\/\/www.robertosedda.it\/?cat=52"},"img":{"alt_text":"","src":"https:\/\/i0.wp.com\/www.robertosedda.it\/wp-content\/uploads\/2018\/08\/Statistiche-totali.jpg?fit=1200%2C494&resize=350%2C200","width":350,"height":200,"srcset":"https:\/\/i0.wp.com\/www.robertosedda.it\/wp-content\/uploads\/2018\/08\/Statistiche-totali.jpg?fit=1200%2C494&resize=350%2C200 1x, https:\/\/i0.wp.com\/www.robertosedda.it\/wp-content\/uploads\/2018\/08\/Statistiche-totali.jpg?fit=1200%2C494&resize=700%2C400 2x, https:\/\/i0.wp.com\/www.robertosedda.it\/wp-content\/uploads\/2018\/08\/Statistiche-totali.jpg?fit=1200%2C494&resize=1050%2C600 3x"},"classes":[]},{"id":19171,"url":"http:\/\/www.robertosedda.it\/?p=19171","url_meta":{"origin":14754,"position":3},"title":"Fuori dalle tisanerie","author":"Rufus","date":"15\/02\/2022","format":false,"excerpt":"Grazie alla segnalazione di Lorenzo Trenti ho letto oggi un articolo di Sergio Garufi sul Post che riflette sulla curiosa sorte di Borges, non solo travisato e citato a sproposito ma diventato l'appendiabiti su cui stendere - cio\u00e8 attribuire - le poesie pi\u00f9 strampalate di altri autori, in un gioco\u2026","rel":"","context":"In &quot;Coordinate&quot;","block_context":{"text":"Coordinate","link":"http:\/\/www.robertosedda.it\/?cat=52"},"img":{"alt_text":"","src":"https:\/\/i0.wp.com\/www.robertosedda.it\/wp-content\/uploads\/2022\/02\/Borges-Post.jpg?fit=737%2C329&resize=350%2C200","width":350,"height":200,"srcset":"https:\/\/i0.wp.com\/www.robertosedda.it\/wp-content\/uploads\/2022\/02\/Borges-Post.jpg?fit=737%2C329&resize=350%2C200 1x, https:\/\/i0.wp.com\/www.robertosedda.it\/wp-content\/uploads\/2022\/02\/Borges-Post.jpg?fit=737%2C329&resize=700%2C400 2x"},"classes":[]},{"id":15409,"url":"http:\/\/www.robertosedda.it\/?p=15409","url_meta":{"origin":14754,"position":4},"title":"Parlare di videogame","author":"Rufus","date":"27\/06\/2018","format":false,"excerpt":"Mi sono sempre dimenticato di raccontare che uscir\u00e0 credo a settembre un\u00a0dossier che ho curato assieme ai\u00a0Fabbricastorie sui videogame, per Mosaico di pace. Naturalmente quando uscir\u00e0 il\u00a0dossier vi avviser\u00f2 (cos\u00ec magari vi abbonate alla rivista o la comprate) ma visto che oggi mi sono ricordato volevo condividere con voi alcune\u2026","rel":"","context":"In &quot;Coordinate&quot;","block_context":{"text":"Coordinate","link":"http:\/\/www.robertosedda.it\/?cat=52"},"img":{"alt_text":"","src":"https:\/\/i0.wp.com\/www.robertosedda.it\/wp-content\/uploads\/2016\/07\/This-war-of-mine.jpg?fit=617%2C347&resize=350%2C200","width":350,"height":200},"classes":[]},{"id":11154,"url":"http:\/\/www.robertosedda.it\/?p=11154","url_meta":{"origin":14754,"position":5},"title":"Le mutande della monaca","author":"Rufus","date":"10\/11\/2015","format":false,"excerpt":"http:\/\/www.radiokalaritana.it\/audio\/LIB-S04E06-Rosvita%20Dgandersheim-20151022.mp3 Il teatro medievale: 1 -\u00a0Rosvita di Gandersheim http:\/\/www.radiokalaritana.it\/audio\/LIB-S04E07-Il_teatro_nella_vita_della_Chiesa-20151029.mp3 Il teatro medievale: 2\u00a0- Le sacre rappresentazioni Riascoltando le due puntate di\u00a0Oggi parliamo di libri dedicate al teatro medievale ho una certa esitazione, che del resto mi ha accompagnato anche quando le ho preparate: il dubbio di essere stato, come dire?\u2026","rel":"","context":"In &quot;Coordinate&quot;","block_context":{"text":"Coordinate","link":"http:\/\/www.robertosedda.it\/?cat=52"},"img":{"alt_text":"","src":"https:\/\/i0.wp.com\/www.robertosedda.it\/wp-content\/uploads\/2015\/11\/Rosvita.jpg?fit=327%2C363&resize=350%2C200","width":350,"height":200},"classes":[]}],"_links":{"self":[{"href":"http:\/\/www.robertosedda.it\/index.php?rest_route=\/wp\/v2\/posts\/14754"}],"collection":[{"href":"http:\/\/www.robertosedda.it\/index.php?rest_route=\/wp\/v2\/posts"}],"about":[{"href":"http:\/\/www.robertosedda.it\/index.php?rest_route=\/wp\/v2\/types\/post"}],"author":[{"embeddable":true,"href":"http:\/\/www.robertosedda.it\/index.php?rest_route=\/wp\/v2\/users\/1"}],"replies":[{"embeddable":true,"href":"http:\/\/www.robertosedda.it\/index.php?rest_route=%2Fwp%2Fv2%2Fcomments&post=14754"}],"version-history":[{"count":2,"href":"http:\/\/www.robertosedda.it\/index.php?rest_route=\/wp\/v2\/posts\/14754\/revisions"}],"predecessor-version":[{"id":14759,"href":"http:\/\/www.robertosedda.it\/index.php?rest_route=\/wp\/v2\/posts\/14754\/revisions\/14759"}],"wp:featuredmedia":[{"embeddable":true,"href":"http:\/\/www.robertosedda.it\/index.php?rest_route=\/wp\/v2\/media\/14756"}],"wp:attachment":[{"href":"http:\/\/www.robertosedda.it\/index.php?rest_route=%2Fwp%2Fv2%2Fmedia&parent=14754"}],"wp:term":[{"taxonomy":"category","embeddable":true,"href":"http:\/\/www.robertosedda.it\/index.php?rest_route=%2Fwp%2Fv2%2Fcategories&post=14754"},{"taxonomy":"post_tag","embeddable":true,"href":"http:\/\/www.robertosedda.it\/index.php?rest_route=%2Fwp%2Fv2%2Ftags&post=14754"}],"curies":[{"name":"wp","href":"https:\/\/api.w.org\/{rel}","templated":true}]}}