{"id":14613,"date":"2018-02-01T15:40:20","date_gmt":"2018-02-01T14:40:20","guid":{"rendered":"http:\/\/www.robertosedda.it\/?p=14613"},"modified":"2026-02-05T09:45:38","modified_gmt":"2026-02-05T08:45:38","slug":"sotto-locchio-della-stampa","status":"publish","type":"post","link":"http:\/\/www.robertosedda.it\/?p=14613","title":{"rendered":"Sotto l&#8217;occhio dei media!"},"content":{"rendered":"<p><a href=\"https:\/\/i0.wp.com\/www.robertosedda.it\/wp-content\/uploads\/2018\/02\/logo-radiox-black.png\"><img data-attachment-id=\"14614\" data-permalink=\"http:\/\/www.robertosedda.it\/?attachment_id=14614\" data-orig-file=\"https:\/\/i0.wp.com\/www.robertosedda.it\/wp-content\/uploads\/2018\/02\/logo-radiox-black.png?fit=330%2C168\" data-orig-size=\"330,168\" data-comments-opened=\"1\" data-image-meta=\"{&quot;aperture&quot;:&quot;0&quot;,&quot;credit&quot;:&quot;&quot;,&quot;camera&quot;:&quot;&quot;,&quot;caption&quot;:&quot;&quot;,&quot;created_timestamp&quot;:&quot;0&quot;,&quot;copyright&quot;:&quot;&quot;,&quot;focal_length&quot;:&quot;0&quot;,&quot;iso&quot;:&quot;0&quot;,&quot;shutter_speed&quot;:&quot;0&quot;,&quot;title&quot;:&quot;&quot;,&quot;orientation&quot;:&quot;0&quot;}\" data-image-title=\"logo-radiox-black\" data-image-description=\"\" data-image-caption=\"\" data-medium-file=\"https:\/\/i0.wp.com\/www.robertosedda.it\/wp-content\/uploads\/2018\/02\/logo-radiox-black.png?fit=300%2C153\" data-large-file=\"https:\/\/i0.wp.com\/www.robertosedda.it\/wp-content\/uploads\/2018\/02\/logo-radiox-black.png?fit=330%2C168\" decoding=\"async\" loading=\"lazy\" class=\"alignright size-medium wp-image-14614\" src=\"https:\/\/i0.wp.com\/www.robertosedda.it\/wp-content\/uploads\/2018\/02\/logo-radiox-black.png?resize=300%2C153\" alt=\"\" width=\"300\" height=\"153\" srcset=\"https:\/\/i0.wp.com\/www.robertosedda.it\/wp-content\/uploads\/2018\/02\/logo-radiox-black.png?resize=300%2C153 300w, https:\/\/i0.wp.com\/www.robertosedda.it\/wp-content\/uploads\/2018\/02\/logo-radiox-black.png?resize=150%2C76 150w, https:\/\/i0.wp.com\/www.robertosedda.it\/wp-content\/uploads\/2018\/02\/logo-radiox-black.png?w=330 330w\" sizes=\"(max-width: 300px) 100vw, 300px\" data-recalc-dims=\"1\" \/><\/a>Stasera, gioved\u00ec 1 febbraio, si parla di\u00a0<em>Jam<\/em> e <em>videogamei a\u00a0<\/em><em>Extralive!<\/em>, la striscia quotidiana serale di\u00a0<em>RadioX<\/em>, sui 96,8 di modulazione di frequenza. Ci saranno i compagni\u00a0<em>Fabbricastorie<\/em> e alcuni partecipanti alla\u00a0<em>Jam<\/em>.<\/p>\n<p>E domani venerd\u00ec 2 febbraio si replica in TV a\u00a0<em>Buongiorno Regione<\/em>, la rubrica mattutina di\u00a0<em>RAI3<\/em>; questa volta fra i\u00a0<em>Fabbricastorie<\/em> ci sar\u00f2 anch&#8217;io.<\/p>\n<p><a href=\"https:\/\/i0.wp.com\/www.robertosedda.it\/wp-content\/uploads\/2018\/02\/Bungiorno-Regione.jpg\"><img data-attachment-id=\"14615\" data-permalink=\"http:\/\/www.robertosedda.it\/?attachment_id=14615\" data-orig-file=\"https:\/\/i0.wp.com\/www.robertosedda.it\/wp-content\/uploads\/2018\/02\/Bungiorno-Regione.jpg?fit=637%2C340\" data-orig-size=\"637,340\" data-comments-opened=\"1\" data-image-meta=\"{&quot;aperture&quot;:&quot;0&quot;,&quot;credit&quot;:&quot;Roberto Sedda&quot;,&quot;camera&quot;:&quot;&quot;,&quot;caption&quot;:&quot;&quot;,&quot;created_timestamp&quot;:&quot;1517499022&quot;,&quot;copyright&quot;:&quot;&quot;,&quot;focal_length&quot;:&quot;0&quot;,&quot;iso&quot;:&quot;0&quot;,&quot;shutter_speed&quot;:&quot;0&quot;,&quot;title&quot;:&quot;&quot;,&quot;orientation&quot;:&quot;0&quot;}\" data-image-title=\"Bungiorno Regione\" data-image-description=\"\" data-image-caption=\"\" data-medium-file=\"https:\/\/i0.wp.com\/www.robertosedda.it\/wp-content\/uploads\/2018\/02\/Bungiorno-Regione.jpg?fit=300%2C160\" data-large-file=\"https:\/\/i0.wp.com\/www.robertosedda.it\/wp-content\/uploads\/2018\/02\/Bungiorno-Regione.jpg?fit=510%2C272\" decoding=\"async\" loading=\"lazy\" class=\"alignleft size-medium wp-image-14615\" src=\"https:\/\/i0.wp.com\/www.robertosedda.it\/wp-content\/uploads\/2018\/02\/Bungiorno-Regione.jpg?resize=300%2C160\" alt=\"\" width=\"300\" height=\"160\" srcset=\"https:\/\/i0.wp.com\/www.robertosedda.it\/wp-content\/uploads\/2018\/02\/Bungiorno-Regione.jpg?resize=300%2C160 300w, https:\/\/i0.wp.com\/www.robertosedda.it\/wp-content\/uploads\/2018\/02\/Bungiorno-Regione.jpg?resize=150%2C80 150w, https:\/\/i0.wp.com\/www.robertosedda.it\/wp-content\/uploads\/2018\/02\/Bungiorno-Regione.jpg?resize=510%2C272 510w, https:\/\/i0.wp.com\/www.robertosedda.it\/wp-content\/uploads\/2018\/02\/Bungiorno-Regione.jpg?w=637 637w\" sizes=\"(max-width: 300px) 100vw, 300px\" data-recalc-dims=\"1\" \/><\/a>In entrambe le occasioni cercheremo di stilare un bilancio dell&#8217;attivit\u00e0, fa conoscere alcuni dei protagonisti, raccontare quel che si muove nell&#8217;ambiente e, cosa pi\u00f9 difficile di tutte, dare un&#8217;impressione dell&#8217;esperienza, dell&#8217;energia e dello spirito di collaborazione che si vive e far nascere un po&#8217; di invidia in chi non ha partecipato, in modo che l&#8217;anno prossimo si senta spinto a vivere la <em>Jam<\/em> anche lui.<\/p>\n<p>Sintonizzatevi, registrate (solo se siete l&#8217;Inossidabile), seguiteci e fate il tifo per noi. Dopo oggi radio e TV non saranno pi\u00f9 le stesse.<\/p>\n","protected":false},"excerpt":{"rendered":"<p>Stasera, gioved\u00ec 1 febbraio, si parla di\u00a0Jam e videogamei a\u00a0Extralive!, la striscia quotidiana serale di\u00a0RadioX, sui 96,8 di modulazione di<\/p>\n","protected":false},"author":1,"featured_media":14615,"comment_status":"open","ping_status":"open","sticky":false,"template":"","format":"standard","meta":{"_mi_skip_tracking":false,"_monsterinsights_sitenote_active":false,"_monsterinsights_sitenote_note":"","_monsterinsights_sitenote_category":0,"jetpack_post_was_ever_published":false,"_jetpack_newsletter_access":"","jetpack_publicize_message":"","jetpack_is_tweetstorm":false,"jetpack_publicize_feature_enabled":true,"jetpack_social_post_already_shared":true,"jetpack_social_options":{"image_generator_settings":{"template":"highway","enabled":false}}},"categories":[52,53,95,16],"tags":[],"jetpack_publicize_connections":[],"jetpack_featured_media_url":"https:\/\/i0.wp.com\/www.robertosedda.it\/wp-content\/uploads\/2018\/02\/Bungiorno-Regione.jpg?fit=637%2C340","jetpack_sharing_enabled":true,"jetpack_shortlink":"https:\/\/wp.me\/p4jV2T-3NH","jetpack_likes_enabled":true,"jetpack-related-posts":[{"id":14399,"url":"http:\/\/www.robertosedda.it\/?p=14399","url_meta":{"origin":14613,"position":0},"title":"L&#8217;economia della Jam","author":"Rufus","date":"07\/12\/2017","format":false,"excerpt":"Quello che segue l'ho scritto per il sito dei\u00a0Fabbricastorie, in preparazione (come altre cose) alla Cagliari Global Game Jam 2018. Diari dei Fabbricastorie - 1 Il modo con il quale abbiamo fatto la\u00a0Global Gam Jam\u00a0l\u2019anno scorso \u00e8 irripetibile. \u00c8 stato un\u2019avventura, \u00e8 stato una scommessa, \u00e8 stato molto emozionante: mentre\u2026","rel":"","context":"In &quot;Coordinate&quot;","block_context":{"text":"Coordinate","link":"http:\/\/www.robertosedda.it\/?cat=52"},"img":{"alt_text":"","src":"https:\/\/i0.wp.com\/www.robertosedda.it\/wp-content\/uploads\/2017\/12\/C_Jam-logo.jpg?fit=889%2C436&resize=350%2C200","width":350,"height":200,"srcset":"https:\/\/i0.wp.com\/www.robertosedda.it\/wp-content\/uploads\/2017\/12\/C_Jam-logo.jpg?fit=889%2C436&resize=350%2C200 1x, https:\/\/i0.wp.com\/www.robertosedda.it\/wp-content\/uploads\/2017\/12\/C_Jam-logo.jpg?fit=889%2C436&resize=700%2C400 2x"},"classes":[]},{"id":12743,"url":"http:\/\/www.robertosedda.it\/?p=12743","url_meta":{"origin":14613,"position":1},"title":"Certe notti ci prende cos\u00ec (e fine settimana incasinati)","author":"Rufus","date":"10\/11\/2016","format":false,"excerpt":"I pi\u00f9 attenti fra voi avranno notato che da qualche giorno vado riproponendo su\u00a0Facebook\u00a0 alcuni\u00a0link a prossime iniziative dei\u00a0Fabbricastorie. Accade infatti che nel prossimo fine settimana, ad Alig'Art, presenteremo un nostro laboratorio sul\u00a0game design\u00a0(sabato 12 novembre, ore 10,30 al Lazzaretto di Cagliari). E la notte facciamo - in collaborazione con\u2026","rel":"","context":"In &quot;Coordinate&quot;","block_context":{"text":"Coordinate","link":"http:\/\/www.robertosedda.it\/?cat=52"},"img":{"alt_text":"","src":"","width":0,"height":0},"classes":[]},{"id":14587,"url":"http:\/\/www.robertosedda.it\/?p=14587","url_meta":{"origin":14613,"position":2},"title":"Cose importanti che faccio&#8230;","author":"Rufus","date":"23\/01\/2018","format":false,"excerpt":"... anche se magari pensate che i videogame\u00a0possano non esserlo. Per\u00f2 la\u00a0Jam e a fianco a questa il convegno di cui vedete la testata della locandina,\u00a0Get ready, secondo me \u00e8 importante. Sono due anni che i\u00a0Fabbricastorie\u00a0lavorano per aiutare a innescare un movimento di sviluppatori di\u00a0videogame, e ora lo vedo crescere\u2026","rel":"","context":"In &quot;Coordinate&quot;","block_context":{"text":"Coordinate","link":"http:\/\/www.robertosedda.it\/?cat=52"},"img":{"alt_text":"","src":"https:\/\/i0.wp.com\/www.robertosedda.it\/wp-content\/uploads\/2018\/01\/Get-Ready.jpg?fit=1162%2C685&resize=350%2C200","width":350,"height":200,"srcset":"https:\/\/i0.wp.com\/www.robertosedda.it\/wp-content\/uploads\/2018\/01\/Get-Ready.jpg?fit=1162%2C685&resize=350%2C200 1x, https:\/\/i0.wp.com\/www.robertosedda.it\/wp-content\/uploads\/2018\/01\/Get-Ready.jpg?fit=1162%2C685&resize=700%2C400 2x, https:\/\/i0.wp.com\/www.robertosedda.it\/wp-content\/uploads\/2018\/01\/Get-Ready.jpg?fit=1162%2C685&resize=1050%2C600 3x"},"classes":[]},{"id":20926,"url":"http:\/\/www.robertosedda.it\/?p=20926","url_meta":{"origin":14613,"position":3},"title":"Agenzie mascherate","author":"Rufus","date":"02\/02\/2026","format":false,"excerpt":"Si \u00e8 chiusa ieri la Global Game Jam, la mia decima e anche la decima organizzata dai Fabbricastorie. Quest'anno il tema - molto bello, fra l'altro - era Mask: potete vedere qui sotto il video con cui \u00e8 stato annunciato: https:\/\/www.youtube.com\/watch?v=ERV-CM6OnRQ \u00c8 stata una jam all'altezza del tema, cio\u00e8 molto\u2026","rel":"","context":"In &quot;Coordinate&quot;","block_context":{"text":"Coordinate","link":"http:\/\/www.robertosedda.it\/?cat=52"},"img":{"alt_text":"","src":"https:\/\/i0.wp.com\/www.robertosedda.it\/wp-content\/uploads\/2026\/02\/copertina.png?fit=1200%2C800&resize=350%2C200","width":350,"height":200,"srcset":"https:\/\/i0.wp.com\/www.robertosedda.it\/wp-content\/uploads\/2026\/02\/copertina.png?fit=1200%2C800&resize=350%2C200 1x, https:\/\/i0.wp.com\/www.robertosedda.it\/wp-content\/uploads\/2026\/02\/copertina.png?fit=1200%2C800&resize=700%2C400 2x, https:\/\/i0.wp.com\/www.robertosedda.it\/wp-content\/uploads\/2026\/02\/copertina.png?fit=1200%2C800&resize=1050%2C600 3x"},"classes":[]},{"id":12968,"url":"http:\/\/www.robertosedda.it\/?p=12968","url_meta":{"origin":14613,"position":4},"title":"Please, insert Rufus","author":"Rufus","date":"20\/12\/2016","format":false,"excerpt":"Sabato i\u00a0Fabbricastorie hanno passato uno scoglio non da poco nel percorso verso la\u00a0Global Game Jam, organizzando e gestendo senza troppe pecche il seminario\u00a0Please, insert story, una delle tappe intermedie principali verso la\u00a0Jam. Una delle cose belle era che nel pubblico c'\u00e8 stato esattamente quel\u00a0mix\u00a0di personalit\u00e0 e figure che ci auguravamo:\u2026","rel":"","context":"In &quot;Coordinate&quot;","block_context":{"text":"Coordinate","link":"http:\/\/www.robertosedda.it\/?cat=52"},"img":{"alt_text":"","src":"https:\/\/i0.wp.com\/www.robertosedda.it\/wp-content\/uploads\/2016\/12\/Saluti.jpg?fit=469%2C473&resize=350%2C200","width":350,"height":200},"classes":[]},{"id":14591,"url":"http:\/\/www.robertosedda.it\/?p=14591","url_meta":{"origin":14613,"position":5},"title":"Un gioco non villano","author":"Rufus","date":"29\/01\/2018","format":false,"excerpt":"Nell'ultimo fine settimana ho partecipato alla Cagliari Global Game Jam, come credo che chi passa per questo blog pi\u00f9 o meno gi\u00e0 sappia. \u00c8 stata una bellissima esperienza, come l'anno scorso, il che \u00e8 gi\u00e0 notevole considerato che l'edizione precedente aveva dalla sua la magia delle prime volte: invece i\u2026","rel":"","context":"In &quot;Coordinate&quot;","block_context":{"text":"Coordinate","link":"http:\/\/www.robertosedda.it\/?cat=52"},"img":{"alt_text":"","src":"https:\/\/i0.wp.com\/www.robertosedda.it\/wp-content\/uploads\/2018\/01\/Screenshot.png?fit=1200%2C577&resize=350%2C200","width":350,"height":200,"srcset":"https:\/\/i0.wp.com\/www.robertosedda.it\/wp-content\/uploads\/2018\/01\/Screenshot.png?fit=1200%2C577&resize=350%2C200 1x, https:\/\/i0.wp.com\/www.robertosedda.it\/wp-content\/uploads\/2018\/01\/Screenshot.png?fit=1200%2C577&resize=700%2C400 2x, https:\/\/i0.wp.com\/www.robertosedda.it\/wp-content\/uploads\/2018\/01\/Screenshot.png?fit=1200%2C577&resize=1050%2C600 3x"},"classes":[]}],"_links":{"self":[{"href":"http:\/\/www.robertosedda.it\/index.php?rest_route=\/wp\/v2\/posts\/14613"}],"collection":[{"href":"http:\/\/www.robertosedda.it\/index.php?rest_route=\/wp\/v2\/posts"}],"about":[{"href":"http:\/\/www.robertosedda.it\/index.php?rest_route=\/wp\/v2\/types\/post"}],"author":[{"embeddable":true,"href":"http:\/\/www.robertosedda.it\/index.php?rest_route=\/wp\/v2\/users\/1"}],"replies":[{"embeddable":true,"href":"http:\/\/www.robertosedda.it\/index.php?rest_route=%2Fwp%2Fv2%2Fcomments&post=14613"}],"version-history":[{"count":2,"href":"http:\/\/www.robertosedda.it\/index.php?rest_route=\/wp\/v2\/posts\/14613\/revisions"}],"predecessor-version":[{"id":14617,"href":"http:\/\/www.robertosedda.it\/index.php?rest_route=\/wp\/v2\/posts\/14613\/revisions\/14617"}],"wp:featuredmedia":[{"embeddable":true,"href":"http:\/\/www.robertosedda.it\/index.php?rest_route=\/wp\/v2\/media\/14615"}],"wp:attachment":[{"href":"http:\/\/www.robertosedda.it\/index.php?rest_route=%2Fwp%2Fv2%2Fmedia&parent=14613"}],"wp:term":[{"taxonomy":"category","embeddable":true,"href":"http:\/\/www.robertosedda.it\/index.php?rest_route=%2Fwp%2Fv2%2Fcategories&post=14613"},{"taxonomy":"post_tag","embeddable":true,"href":"http:\/\/www.robertosedda.it\/index.php?rest_route=%2Fwp%2Fv2%2Ftags&post=14613"}],"curies":[{"name":"wp","href":"https:\/\/api.w.org\/{rel}","templated":true}]}}