{"id":14607,"date":"2018-01-30T16:15:54","date_gmt":"2018-01-30T15:15:54","guid":{"rendered":"http:\/\/www.robertosedda.it\/?p=14607"},"modified":"2018-01-30T18:23:49","modified_gmt":"2018-01-30T17:23:49","slug":"reblog-opportunita-per-startupper","status":"publish","type":"post","link":"http:\/\/www.robertosedda.it\/?p=14607","title":{"rendered":"REBLOG: Opportunit\u00e0 per startupper"},"content":{"rendered":"<p>Vedo sulla posta interna dell&#8217;Universit\u00e0 questo bando e lo riporto per segnalarlo a chi ha fatto la\u00a0<em>Jam<\/em> e magari ha una idea nel cassetto.<\/p>\n<h2>Online il bando della seconda edizione del progetto EOS<\/h2>\n<p>Sono\u00a0<strong>aperte le candidature<\/strong>\u00a0per la seconda edizione del\u00a0progetto EOS \u2013\u00a0<strong><a href=\"http:\/\/www.crea.unica.it\/eos-emerging-organization-ship\/\">Emerging Organizationship<\/a>,<\/strong>\u00a0promosso dal\u00a0<strong><a href=\"http:\/\/www.crea.unica.it\/\">CREA UniCa<\/a>\u00a0<\/strong>dell\u2019<strong>Universit\u00e0 degli Studi di Cagliari\u00a0<\/strong>nell\u2019ambito dell\u2019Avviso \u201cAttivit\u00e0 integrate per l\u2019empowerment, la formazione professionale, la certificazione delle competenze, l\u2019accompagnamento al lavoro, la promozione di nuova imprenditorialit\u00e0, la mobilit\u00e0 transnazionale negli ambiti della &#8220;Green &amp; Blue Economy\u2019 \u2013 linea C \u2013 POR Sardegna FSE 2014-2020&#8221;.<\/p>\n<h3>EOS \u00e8\u00a0totalmente gratuito<\/h3>\n<p>EOS \u00e8 un\u00a0<strong>percorso gratuito di formazione, consulenza e assistenza tecnica<\/strong>\u00a0per\u00a0l\u2019avvio di nuove attivit\u00e0 economiche nel\u00a0<strong>settore dell\u2019ICT<\/strong>, rivolto a\u00a0<strong>disoccupati, inoccupati e inattivi residenti in Sardegna<\/strong>\u00a0e in possesso del\u00a0<strong>diploma di scuola superiore<\/strong>. I partecipanti svilupperanno una propria<strong>\u00a0idea d\u2019impresa<\/strong>\u00a0o\u00a0<strong>lavoro autonomo<\/strong>\u00a0usufruendo delle<strong>\u00a0competenze<\/strong>\u00a0e delle\u00a0<strong>metodologie<\/strong>\u00a0messe a disposizione dal\u00a0<strong>team di esperti del CREA<\/strong>, gi\u00e0\u00a0consolidate nell\u2019ambito del Contamination Lab\u00a0UniCa, capofila nazionale dell\u2019<a href=\"http:\/\/clabunica.it\/clab-unica-capofila-del-clab-network-italia\/\">Italian CLab Network<\/a>.<\/p>\n<h3>25 posti disponibili per creare la tua impresa<\/h3>\n<p>Il percorso \u00e8 articolato in\u00a0<strong>120 ore complessive<\/strong>\u00a0di attivit\u00e0 che si svolgeranno presso la\u00a0<strong>sede del CREA UniCa<\/strong>\u00a0\u2013 Centro servizi d\u2019Ateneo per l\u2019Innovazione e l\u2019Imprenditorialit\u00e0, in via Ospedale 121, Cagliari.<\/p>\n<p>\u00c8 possibile\u00a0inviare la propria candidatura<strong>\u00a0entro le ore 12:00 del 16 Febbraio 2018<\/strong>.<\/p>\n<p>Per maggiori informazioni sul percorso EOS e sulle\u00a0<strong>modalit\u00e0 di\u00a0partecipazione<\/strong>\u00a0vi invitiamo a consultare\u00a0la\u00a0<a href=\"http:\/\/clabunica.it\/wp-content\/uploads\/2018\/01\/EOS_SecondaEdizione_Web.pdf\">locandina in allegato<\/a>\u00a0e il\u00a0<a href=\"http:\/\/www.crea.unica.it\/eos-emerging-organization-ship\/\">bando della seconda edizione<\/a>.<\/p>\n","protected":false},"excerpt":{"rendered":"<p>Vedo sulla posta interna dell&#8217;Universit\u00e0 questo bando e lo riporto per segnalarlo a chi ha fatto la\u00a0Jam e magari ha<\/p>\n","protected":false},"author":1,"featured_media":0,"comment_status":"open","ping_status":"open","sticky":false,"template":"","format":"standard","meta":{"_mi_skip_tracking":false,"_monsterinsights_sitenote_active":false,"_monsterinsights_sitenote_note":"","_monsterinsights_sitenote_category":0,"jetpack_post_was_ever_published":false,"_jetpack_newsletter_access":"","jetpack_publicize_message":"","jetpack_is_tweetstorm":false,"jetpack_publicize_feature_enabled":true,"jetpack_social_post_already_shared":true,"jetpack_social_options":{"image_generator_settings":{"template":"highway","enabled":false}}},"categories":[95,16],"tags":[],"jetpack_publicize_connections":[],"jetpack_featured_media_url":"","jetpack_sharing_enabled":true,"jetpack_shortlink":"https:\/\/wp.me\/p4jV2T-3NB","jetpack_likes_enabled":true,"jetpack-related-posts":[{"id":9524,"url":"http:\/\/www.robertosedda.it\/?p=9524","url_meta":{"origin":14607,"position":0},"title":"Universidade de Sardigna Universit\u00e0 della Sardegna University of Sardinia (un intervento di Franco Meloni)","author":"Rufus","date":"03\/02\/2015","format":false,"excerpt":"Ci sono stati un po' di rallentamenti nell'attivit\u00e0 dei\u00a0blogger del luned\u00ec, ma questo articolo dovrebbe essere pubblicato anche dai siti\u00a0di\u00a0Fondazione Sardinia,\u00a0Tramasdeamistade,\u00a0SardegnaSoprattutto,\u00a0Sportello Formaparis,\u00a0Tottusinpari e sui blog di\u00a0Enrico Lobina,\u00a0Vito Biolchini\u00a0e\u00a0Francesca Madrigali. Sull'articolo, che segnala un tema molto attuale del quale si parla molto poco, solo due precisazioni: io non sono mica convinto\u2026","rel":"","context":"In &quot;Coordinate&quot;","block_context":{"text":"Coordinate","link":"http:\/\/www.robertosedda.it\/?cat=52"},"img":{"alt_text":"","src":"https:\/\/i0.wp.com\/www.robertosedda.it\/wp-content\/uploads\/2015\/02\/Sardegna-universitaria_2.jpg?fit=1200%2C781&resize=350%2C200","width":350,"height":200,"srcset":"https:\/\/i0.wp.com\/www.robertosedda.it\/wp-content\/uploads\/2015\/02\/Sardegna-universitaria_2.jpg?fit=1200%2C781&resize=350%2C200 1x, https:\/\/i0.wp.com\/www.robertosedda.it\/wp-content\/uploads\/2015\/02\/Sardegna-universitaria_2.jpg?fit=1200%2C781&resize=700%2C400 2x, https:\/\/i0.wp.com\/www.robertosedda.it\/wp-content\/uploads\/2015\/02\/Sardegna-universitaria_2.jpg?fit=1200%2C781&resize=1050%2C600 3x"},"classes":[]},{"id":19273,"url":"http:\/\/www.robertosedda.it\/?p=19273","url_meta":{"origin":14607,"position":1},"title":"Capirci qualcosa","author":"Rufus","date":"14\/03\/2022","format":false,"excerpt":"Segnalo due attivit\u00e0 di formazione organizzate da due Facolt\u00e0 diverse dell'Universit\u00e0 di Cagliari e aperte al pubblico. EDIT: nel frattempo le iniziative sono diventate tre e quindi ho aggiunto l'ultima in fondo alla pagina. La prima si svolger\u00e0 domani 15 marzo, alle ore 12, come vedete dalla locandina qui sotto,\u2026","rel":"","context":"In &quot;Coordinate&quot;","block_context":{"text":"Coordinate","link":"http:\/\/www.robertosedda.it\/?cat=52"},"img":{"alt_text":"","src":"https:\/\/i0.wp.com\/www.robertosedda.it\/wp-content\/uploads\/2022\/03\/Ucraina-2.jpg?fit=1200%2C687&resize=350%2C200","width":350,"height":200,"srcset":"https:\/\/i0.wp.com\/www.robertosedda.it\/wp-content\/uploads\/2022\/03\/Ucraina-2.jpg?fit=1200%2C687&resize=350%2C200 1x, https:\/\/i0.wp.com\/www.robertosedda.it\/wp-content\/uploads\/2022\/03\/Ucraina-2.jpg?fit=1200%2C687&resize=700%2C400 2x, https:\/\/i0.wp.com\/www.robertosedda.it\/wp-content\/uploads\/2022\/03\/Ucraina-2.jpg?fit=1200%2C687&resize=1050%2C600 3x"},"classes":[]},{"id":11091,"url":"http:\/\/www.robertosedda.it\/?p=11091","url_meta":{"origin":14607,"position":2},"title":"Lo zio Rufus si \u00e8 fatto mettere sotto","author":"Rufus","date":"29\/10\/2015","format":false,"excerpt":"La settimana scorsa il mio socio, compare e compagno Andrea Assorgia mi ha detto che si era iscritto a una specializzazione\u00a0su\u00a0Coursera: cinque corsi collegati fra loro su come progettare e costruire un\u00a0videogame\u00a0usando un programma specifico che si chiama\u00a0Unity3D. Almeno uno dei corsi era interessante anche per chi non \u00e8 un\u2026","rel":"","context":"In &quot;Coordinate&quot;","block_context":{"text":"Coordinate","link":"http:\/\/www.robertosedda.it\/?cat=52"},"img":{"alt_text":"","src":"https:\/\/i0.wp.com\/www.robertosedda.it\/wp-content\/uploads\/2015\/10\/Casey-O_Donnell.jpg?fit=965%2C514&resize=350%2C200","width":350,"height":200,"srcset":"https:\/\/i0.wp.com\/www.robertosedda.it\/wp-content\/uploads\/2015\/10\/Casey-O_Donnell.jpg?fit=965%2C514&resize=350%2C200 1x, https:\/\/i0.wp.com\/www.robertosedda.it\/wp-content\/uploads\/2015\/10\/Casey-O_Donnell.jpg?fit=965%2C514&resize=700%2C400 2x"},"classes":[]},{"id":5836,"url":"http:\/\/www.robertosedda.it\/?p=5836","url_meta":{"origin":14607,"position":3},"title":"I corsi di formazione di Poliste per il 2014","author":"Rufus","date":"12\/01\/2014","format":false,"excerpt":"La mia amica e vicina di casa Rossana Moro mi ha mandato per mail la segnalazione dei corsi di formazione di\u00a0Poliste\u00a0 per il 2014 chiedendomi di passare parola, cosa che faccio volentieri qui sul blog. A parte Rossana fra i docenti e i soci di Poliste c'\u00e8 Serenella Paci, dalla\u2026","rel":"","context":"In &quot;Coordinate&quot;","block_context":{"text":"Coordinate","link":"http:\/\/www.robertosedda.it\/?cat=52"},"img":{"alt_text":"","src":"https:\/\/i0.wp.com\/www.robertosedda.it\/wp-content\/uploads\/2014\/01\/poliste-conflitto.jpg?resize=350%2C200","width":350,"height":200},"classes":[]},{"id":9698,"url":"http:\/\/www.robertosedda.it\/?p=9698","url_meta":{"origin":14607,"position":4},"title":"Mondi che funzionano. Le slide!","author":"Rufus","date":"02\/03\/2015","format":false,"excerpt":"I Fabbricastorie hanno aperto ieri la nuova sezione del loro sito dedicata alle varie attivit\u00e0 formative e, in generale, pi\u00f9 volte all'insegnare a giocare che non a giocare e basta. Ne fanno parte anche tutte quelle attivit\u00e0 in cui ci occupiamo di gioco a fini educativi o di formazione. \u00c8\u2026","rel":"","context":"In &quot;Coordinate&quot;","block_context":{"text":"Coordinate","link":"http:\/\/www.robertosedda.it\/?cat=52"},"img":{"alt_text":"","src":"https:\/\/i0.wp.com\/www.robertosedda.it\/wp-content\/uploads\/2015\/03\/Mondi-che-funzionano.jpg?fit=960%2C720&resize=350%2C200","width":350,"height":200,"srcset":"https:\/\/i0.wp.com\/www.robertosedda.it\/wp-content\/uploads\/2015\/03\/Mondi-che-funzionano.jpg?fit=960%2C720&resize=350%2C200 1x, https:\/\/i0.wp.com\/www.robertosedda.it\/wp-content\/uploads\/2015\/03\/Mondi-che-funzionano.jpg?fit=960%2C720&resize=700%2C400 2x"},"classes":[]},{"id":14195,"url":"http:\/\/www.robertosedda.it\/?p=14195","url_meta":{"origin":14607,"position":5},"title":"La dubbia sussidiariet\u00e0","author":"Rufus","date":"26\/10\/2017","format":false,"excerpt":"Il mese scorso ero all'Universit\u00e0 di Deusto, in Spagna, per un breve periodo di visita nell'ambito del programma Erasmus for staff. Si tratta di una universit\u00e0 - privata - fondata dai Gesuiti e perci\u00f2 con una forte impronta religiosa. Per di pi\u00f9\u00a0\u00e8 un ateneo relativamente piccolo, circa diecimila studenti, e\u2026","rel":"","context":"In &quot;Coordinate&quot;","block_context":{"text":"Coordinate","link":"http:\/\/www.robertosedda.it\/?cat=52"},"img":{"alt_text":"","src":"https:\/\/i0.wp.com\/www.robertosedda.it\/wp-content\/uploads\/2017\/10\/Deusto-2.jpg?fit=1200%2C720&resize=350%2C200","width":350,"height":200,"srcset":"https:\/\/i0.wp.com\/www.robertosedda.it\/wp-content\/uploads\/2017\/10\/Deusto-2.jpg?fit=1200%2C720&resize=350%2C200 1x, https:\/\/i0.wp.com\/www.robertosedda.it\/wp-content\/uploads\/2017\/10\/Deusto-2.jpg?fit=1200%2C720&resize=700%2C400 2x, https:\/\/i0.wp.com\/www.robertosedda.it\/wp-content\/uploads\/2017\/10\/Deusto-2.jpg?fit=1200%2C720&resize=1050%2C600 3x"},"classes":[]}],"_links":{"self":[{"href":"http:\/\/www.robertosedda.it\/index.php?rest_route=\/wp\/v2\/posts\/14607"}],"collection":[{"href":"http:\/\/www.robertosedda.it\/index.php?rest_route=\/wp\/v2\/posts"}],"about":[{"href":"http:\/\/www.robertosedda.it\/index.php?rest_route=\/wp\/v2\/types\/post"}],"author":[{"embeddable":true,"href":"http:\/\/www.robertosedda.it\/index.php?rest_route=\/wp\/v2\/users\/1"}],"replies":[{"embeddable":true,"href":"http:\/\/www.robertosedda.it\/index.php?rest_route=%2Fwp%2Fv2%2Fcomments&post=14607"}],"version-history":[{"count":3,"href":"http:\/\/www.robertosedda.it\/index.php?rest_route=\/wp\/v2\/posts\/14607\/revisions"}],"predecessor-version":[{"id":14611,"href":"http:\/\/www.robertosedda.it\/index.php?rest_route=\/wp\/v2\/posts\/14607\/revisions\/14611"}],"wp:attachment":[{"href":"http:\/\/www.robertosedda.it\/index.php?rest_route=%2Fwp%2Fv2%2Fmedia&parent=14607"}],"wp:term":[{"taxonomy":"category","embeddable":true,"href":"http:\/\/www.robertosedda.it\/index.php?rest_route=%2Fwp%2Fv2%2Fcategories&post=14607"},{"taxonomy":"post_tag","embeddable":true,"href":"http:\/\/www.robertosedda.it\/index.php?rest_route=%2Fwp%2Fv2%2Ftags&post=14607"}],"curies":[{"name":"wp","href":"https:\/\/api.w.org\/{rel}","templated":true}]}}