{"id":14547,"date":"2018-01-12T12:51:26","date_gmt":"2018-01-12T11:51:26","guid":{"rendered":"http:\/\/www.robertosedda.it\/?p=14547"},"modified":"2018-01-12T13:20:18","modified_gmt":"2018-01-12T12:20:18","slug":"cose-messe-su-facebook-che-se-no-poi-non-le-ritrovo-piu-1","status":"publish","type":"post","link":"http:\/\/www.robertosedda.it\/?p=14547","title":{"rendered":"Cose messe su <em>Facebook<\/em>, che se no poi non le ritrovo pi\u00f9 &#8211; 1"},"content":{"rendered":"<p><a href=\"https:\/\/i0.wp.com\/www.robertosedda.it\/wp-content\/uploads\/2018\/01\/Contessa2.jpg\"><img data-attachment-id=\"14551\" data-permalink=\"http:\/\/www.robertosedda.it\/?attachment_id=14551\" data-orig-file=\"https:\/\/i0.wp.com\/www.robertosedda.it\/wp-content\/uploads\/2018\/01\/Contessa2.jpg?fit=505%2C173\" data-orig-size=\"505,173\" data-comments-opened=\"1\" data-image-meta=\"{&quot;aperture&quot;:&quot;0&quot;,&quot;credit&quot;:&quot;Roberto Sedda&quot;,&quot;camera&quot;:&quot;&quot;,&quot;caption&quot;:&quot;&quot;,&quot;created_timestamp&quot;:&quot;1515763193&quot;,&quot;copyright&quot;:&quot;&quot;,&quot;focal_length&quot;:&quot;0&quot;,&quot;iso&quot;:&quot;0&quot;,&quot;shutter_speed&quot;:&quot;0&quot;,&quot;title&quot;:&quot;&quot;,&quot;orientation&quot;:&quot;0&quot;}\" data-image-title=\"Contessa2\" data-image-description=\"\" data-image-caption=\"\" data-medium-file=\"https:\/\/i0.wp.com\/www.robertosedda.it\/wp-content\/uploads\/2018\/01\/Contessa2.jpg?fit=300%2C103\" data-large-file=\"https:\/\/i0.wp.com\/www.robertosedda.it\/wp-content\/uploads\/2018\/01\/Contessa2.jpg?fit=505%2C173\" decoding=\"async\" loading=\"lazy\" src=\"https:\/\/i0.wp.com\/www.robertosedda.it\/wp-content\/uploads\/2018\/01\/Contessa2.jpg?resize=505%2C173\" alt=\"\" width=\"505\" height=\"173\" class=\"aligncenter size-full wp-image-14551\" srcset=\"https:\/\/i0.wp.com\/www.robertosedda.it\/wp-content\/uploads\/2018\/01\/Contessa2.jpg?w=505 505w, https:\/\/i0.wp.com\/www.robertosedda.it\/wp-content\/uploads\/2018\/01\/Contessa2.jpg?resize=150%2C51 150w, https:\/\/i0.wp.com\/www.robertosedda.it\/wp-content\/uploads\/2018\/01\/Contessa2.jpg?resize=300%2C103 300w\" sizes=\"(max-width: 505px) 100vw, 505px\" data-recalc-dims=\"1\" \/><\/a><\/p>\n","protected":false},"excerpt":{"rendered":"","protected":false},"author":1,"featured_media":0,"comment_status":"open","ping_status":"open","sticky":false,"template":"","format":"image","meta":{"_mi_skip_tracking":false,"_monsterinsights_sitenote_active":false,"_monsterinsights_sitenote_note":"","_monsterinsights_sitenote_category":0,"jetpack_post_was_ever_published":false,"_jetpack_newsletter_access":"","jetpack_publicize_message":"","jetpack_is_tweetstorm":false,"jetpack_publicize_feature_enabled":true,"jetpack_social_post_already_shared":true,"jetpack_social_options":{"image_generator_settings":{"template":"highway","enabled":false}}},"categories":[1],"tags":[],"jetpack_publicize_connections":[],"jetpack_featured_media_url":"","jetpack_sharing_enabled":true,"jetpack_shortlink":"https:\/\/wp.me\/p4jV2T-3MD","jetpack_likes_enabled":true,"jetpack-related-posts":[{"id":10004,"url":"http:\/\/www.robertosedda.it\/?p=10004","url_meta":{"origin":14547,"position":0},"title":"Sopravvivere su Facebook","author":"Rufus","date":"21\/04\/2015","format":false,"excerpt":"Complice il raduno dei Delitala (a breve le foto) mia sorella Iole si \u00e8 finalmente iscritta su\u00a0Facebook. Zuckerberg, \u00e8 l'inizio della fine. Comunque quando l'ho scoperto il fratello maggiore che \u00e8 in me ha pensato: \u00abBisogna che le spieghi come funziona\u00a0Facebook\u00bb. E intendevo: chi seguire e chi no, come non\u2026","rel":"","context":"In &quot;Coordinate&quot;","block_context":{"text":"Coordinate","link":"http:\/\/www.robertosedda.it\/?cat=52"},"img":{"alt_text":"","src":"https:\/\/i0.wp.com\/www.robertosedda.it\/wp-content\/uploads\/2015\/04\/11150191_1386297198363344_2526490747846397730_n.jpg?fit=924%2C925&resize=350%2C200","width":350,"height":200,"srcset":"https:\/\/i0.wp.com\/www.robertosedda.it\/wp-content\/uploads\/2015\/04\/11150191_1386297198363344_2526490747846397730_n.jpg?fit=924%2C925&resize=350%2C200 1x, https:\/\/i0.wp.com\/www.robertosedda.it\/wp-content\/uploads\/2015\/04\/11150191_1386297198363344_2526490747846397730_n.jpg?fit=924%2C925&resize=700%2C400 2x"},"classes":[]},{"id":12944,"url":"http:\/\/www.robertosedda.it\/?p=12944","url_meta":{"origin":14547,"position":1},"title":"L&#8217;analfabetismo \u00e8 politico, non costituzionale","author":"Rufus","date":"13\/12\/2016","format":false,"excerpt":"Ieri, esasperato da decine di contatti\u00a0Facebook che, tutti nello stesso modo, credendosi tutti\u00a0uniformemente pi\u00f9 furbi e spiritosi del resto del mondo, postavano commenti tutti esattamente\u00a0uguali, probabilmente concepiti nell'unica stanza di un\u00a0social media manager particolarmente abile, irridendo, con questo loro\u00a0sarcasmo in\u00a0fotocopia, gli avversari di parte politica (nel caso specifico quelli che,\u2026","rel":"","context":"In &quot;Coordinate&quot;","block_context":{"text":"Coordinate","link":"http:\/\/www.robertosedda.it\/?cat=52"},"img":{"alt_text":"","src":"https:\/\/i0.wp.com\/www.robertosedda.it\/wp-content\/uploads\/2016\/12\/Rufus-Facebook.jpg?fit=856%2C357&resize=350%2C200","width":350,"height":200,"srcset":"https:\/\/i0.wp.com\/www.robertosedda.it\/wp-content\/uploads\/2016\/12\/Rufus-Facebook.jpg?fit=856%2C357&resize=350%2C200 1x, https:\/\/i0.wp.com\/www.robertosedda.it\/wp-content\/uploads\/2016\/12\/Rufus-Facebook.jpg?fit=856%2C357&resize=700%2C400 2x"},"classes":[]},{"id":14448,"url":"http:\/\/www.robertosedda.it\/?p=14448","url_meta":{"origin":14547,"position":2},"title":"Malattie che non si confessa volentieri di avere","author":"Rufus","date":"28\/12\/2017","format":false,"excerpt":"\u00c8 cominciato con un vago senso di disagio, poi con l'irritazione. Diversi anni fa non ce l'ho fatta pi\u00f9, e a un certo punto ho smesso di leggere o guardare le cose che percepivo come\u00a0propaganda, tutta la comunicazione strumentale, volta solo a generare seguaci o ottenere vantaggi: mi dava un\u2026","rel":"","context":"In &quot;Coordinate&quot;","block_context":{"text":"Coordinate","link":"http:\/\/www.robertosedda.it\/?cat=52"},"img":{"alt_text":"","src":"https:\/\/i0.wp.com\/www.robertosedda.it\/wp-content\/uploads\/2014\/08\/Roberto-con-lUnit\u00e0.jpg?fit=562%2C378&resize=350%2C200","width":350,"height":200},"classes":[]},{"id":15513,"url":"http:\/\/www.robertosedda.it\/?p=15513","url_meta":{"origin":14547,"position":3},"title":"E tante grazie","author":"Rufus","date":"23\/07\/2018","format":false,"excerpt":"La prima volta che l'ho notato \u00e8 stato quando ho chiesto consigli per i brani\u00a0jazz\u00a0 da ascoltare. Come ricorderete, avevo chiesto suggerimenti di brani jazz importanti, imprescindibili, da ascoltare e sperimentare e portarmi in giro. Fra i tanti consigli ricevuti c'era anche una risposta che diceva, pi\u00f9 o meno: Non\u2026","rel":"","context":"In &quot;Coordinate&quot;","block_context":{"text":"Coordinate","link":"http:\/\/www.robertosedda.it\/?cat=52"},"img":{"alt_text":"","src":"https:\/\/i0.wp.com\/www.robertosedda.it\/wp-content\/uploads\/2018\/07\/Thumbs-up.png?fit=1200%2C1062&resize=350%2C200","width":350,"height":200,"srcset":"https:\/\/i0.wp.com\/www.robertosedda.it\/wp-content\/uploads\/2018\/07\/Thumbs-up.png?fit=1200%2C1062&resize=350%2C200 1x, https:\/\/i0.wp.com\/www.robertosedda.it\/wp-content\/uploads\/2018\/07\/Thumbs-up.png?fit=1200%2C1062&resize=700%2C400 2x, https:\/\/i0.wp.com\/www.robertosedda.it\/wp-content\/uploads\/2018\/07\/Thumbs-up.png?fit=1200%2C1062&resize=1050%2C600 3x"},"classes":[]},{"id":5078,"url":"http:\/\/www.robertosedda.it\/?p=5078","url_meta":{"origin":14547,"position":4},"title":"C&#8217;\u00e8 flashmob e flashmob","author":"Rufus","date":"22\/11\/2013","format":"video","excerpt":"Da un po' di tempo gir\u00e0 su Facebook un filmato che \u00e8 introdotto pi\u00f9 o meno da frasi come queste: \u00abGuardate cosa fa questa bambina e che sorpresa riceve in cambio di una monetina a\u00a0un musicista di strada. La moneta meglio spesa della storia\u00bb. Ora, a me c'era qualcosa che\u2026","rel":"","context":"In &quot;Coordinate&quot;","block_context":{"text":"Coordinate","link":"http:\/\/www.robertosedda.it\/?cat=52"},"img":{"alt_text":"","src":"https:\/\/i0.wp.com\/img.youtube.com\/vi\/GBaHPND2QJg\/0.jpg?resize=350%2C200","width":350,"height":200},"classes":[]},{"id":12092,"url":"http:\/\/www.robertosedda.it\/?p=12092","url_meta":{"origin":14547,"position":5},"title":"Avercelo, il tempo","author":"Rufus","date":"09\/06\/2016","format":false,"excerpt":"Seguendo una segnalazione del mio amico Vincenzo Palla ho letto oggi un commento su\u00a0Facebook senz'altro notevole (il discorso riguardava un'omelia di don Massimiliano Pusceddu che sta facendo il giro dell'internet\u00a0e a cui mi sembra inutile procurare\u00a0accessi): \u00ab\u00c8 un\u00a0fake\u00bb,\u00a0\u00e8 stato il mio primo pensiero. \u00abBei tempi quando c'era l'Inquisizione\u00bb, \u00e8 stato,\u2026","rel":"","context":"In &quot;Coordinate&quot;","block_context":{"text":"Coordinate","link":"http:\/\/www.robertosedda.it\/?cat=52"},"img":{"alt_text":"","src":"https:\/\/i0.wp.com\/www.robertosedda.it\/wp-content\/uploads\/2016\/06\/zara.jpg?fit=495%2C496&resize=350%2C200","width":350,"height":200},"classes":[]}],"_links":{"self":[{"href":"http:\/\/www.robertosedda.it\/index.php?rest_route=\/wp\/v2\/posts\/14547"}],"collection":[{"href":"http:\/\/www.robertosedda.it\/index.php?rest_route=\/wp\/v2\/posts"}],"about":[{"href":"http:\/\/www.robertosedda.it\/index.php?rest_route=\/wp\/v2\/types\/post"}],"author":[{"embeddable":true,"href":"http:\/\/www.robertosedda.it\/index.php?rest_route=\/wp\/v2\/users\/1"}],"replies":[{"embeddable":true,"href":"http:\/\/www.robertosedda.it\/index.php?rest_route=%2Fwp%2Fv2%2Fcomments&post=14547"}],"version-history":[{"count":3,"href":"http:\/\/www.robertosedda.it\/index.php?rest_route=\/wp\/v2\/posts\/14547\/revisions"}],"predecessor-version":[{"id":14552,"href":"http:\/\/www.robertosedda.it\/index.php?rest_route=\/wp\/v2\/posts\/14547\/revisions\/14552"}],"wp:attachment":[{"href":"http:\/\/www.robertosedda.it\/index.php?rest_route=%2Fwp%2Fv2%2Fmedia&parent=14547"}],"wp:term":[{"taxonomy":"category","embeddable":true,"href":"http:\/\/www.robertosedda.it\/index.php?rest_route=%2Fwp%2Fv2%2Fcategories&post=14547"},{"taxonomy":"post_tag","embeddable":true,"href":"http:\/\/www.robertosedda.it\/index.php?rest_route=%2Fwp%2Fv2%2Ftags&post=14547"}],"curies":[{"name":"wp","href":"https:\/\/api.w.org\/{rel}","templated":true}]}}