{"id":14518,"date":"2018-01-11T11:58:44","date_gmt":"2018-01-11T10:58:44","guid":{"rendered":"http:\/\/www.robertosedda.it\/?p=14518"},"modified":"2018-02-06T09:42:46","modified_gmt":"2018-02-06T08:42:46","slug":"lo-stato-del-mondo-2018-e-in-corso","status":"publish","type":"post","link":"http:\/\/www.robertosedda.it\/?p=14518","title":{"rendered":"Lo stato del mondo 2018 \u00e8 in corso!"},"content":{"rendered":"<p style=\"text-align: left;\">C<a href=\"https:\/\/i0.wp.com\/www.robertosedda.it\/wp-content\/uploads\/2017\/01\/The-well.jpeg\"><img data-attachment-id=\"13063\" data-permalink=\"http:\/\/www.robertosedda.it\/?attachment_id=13063\" data-orig-file=\"https:\/\/i0.wp.com\/www.robertosedda.it\/wp-content\/uploads\/2017\/01\/The-well.jpeg?fit=225%2C225\" data-orig-size=\"225,225\" data-comments-opened=\"1\" data-image-meta=\"{&quot;aperture&quot;:&quot;0&quot;,&quot;credit&quot;:&quot;&quot;,&quot;camera&quot;:&quot;&quot;,&quot;caption&quot;:&quot;&quot;,&quot;created_timestamp&quot;:&quot;0&quot;,&quot;copyright&quot;:&quot;&quot;,&quot;focal_length&quot;:&quot;0&quot;,&quot;iso&quot;:&quot;0&quot;,&quot;shutter_speed&quot;:&quot;0&quot;,&quot;title&quot;:&quot;&quot;,&quot;orientation&quot;:&quot;0&quot;}\" data-image-title=\"The well\" data-image-description=\"\" data-image-caption=\"\" data-medium-file=\"https:\/\/i0.wp.com\/www.robertosedda.it\/wp-content\/uploads\/2017\/01\/The-well.jpeg?fit=225%2C225\" data-large-file=\"https:\/\/i0.wp.com\/www.robertosedda.it\/wp-content\/uploads\/2017\/01\/The-well.jpeg?fit=225%2C225\" decoding=\"async\" loading=\"lazy\" class=\"size-full wp-image-13063 alignright\" src=\"https:\/\/i0.wp.com\/www.robertosedda.it\/wp-content\/uploads\/2017\/01\/The-well.jpeg?resize=225%2C225\" alt=\"\" width=\"225\" height=\"225\" srcset=\"https:\/\/i0.wp.com\/www.robertosedda.it\/wp-content\/uploads\/2017\/01\/The-well.jpeg?w=225 225w, https:\/\/i0.wp.com\/www.robertosedda.it\/wp-content\/uploads\/2017\/01\/The-well.jpeg?resize=150%2C150 150w, https:\/\/i0.wp.com\/www.robertosedda.it\/wp-content\/uploads\/2017\/01\/The-well.jpeg?resize=100%2C100 100w\" sizes=\"(max-width: 225px) 100vw, 225px\" data-recalc-dims=\"1\" \/><\/a>ome tutti gli anni segnalo la discussione aperta su\u00a0<em>The Well\u00a0<\/em>fra Bruce Sterling e Jon Lebkowski (<em>aperta<\/em> sta a significare che tutti gli utenti possono partecipare, non solo i due principali interlocutori). L&#8217;argomento \u00e8 <em>lo stato del mondo 2018\u00a0<\/em>ed \u00e8 una conversazione piuttosto rutilante che si snoda da un argomento all&#8217;altro: come sempre ci sono cose molto interessanti e quindi la lettura \u00e8 consigliata.<\/p>\n<p>Devo dire che, contrariamente all&#8217;anno scorso, trovo pi\u00f9 interessante Sterling di Lebkowski, il quale come punto di partenza ha proposto dieci <em>fenomeni<\/em> molto, troppo, dipendenti dal dibattito interno agli Stati Uniti: \u00e8 interessante, dall&#8217;esterno, vedere come Trump cannibalizzi direttamente o indirettamente l&#8217;attenzione e porti a pensare che tutto giri intorno a lui; io tenderei piuttosto a pensare che sia un\u00a0<em>sintomo<\/em>, invece che una causa, ma il punto \u00e8 che se riesce a imporsi in maniera cos\u00ec centrale nella discussione collettiva di fatto ha gi\u00e0 vinto.<\/p>\n<p>Sterling, al contrario, sar\u00e0 perch\u00e9 si \u00e8 rintanato a Ibiza d&#8217;inverno per scrivere \u00e8 partito dai due posti pi\u00f9 interessanti al mondo in vista del futuro, che sarebbero, udite! udite!, Dubai e l&#8217;Estonia; almeno \u00e8 un punto di vista innovativo in maniera rinfrescante.<\/p>\n<p>L&#8217;intera discussione \u00e8 al momento lunga sei pagine, compreso una sorta di saggio di un tale John Papola dal punto di vista libertario\/liberale radicale che, beh, \u00e8 molto interessante e anche questo disperatamente occidentale. Ah, e si menziona la Sardegna e le diverse reazioni agli incendi boschivi fra noi e Torino, che in una discussione sullo stato del mondo \u00e8 abbastanza straniante.<\/p>\n","protected":false},"excerpt":{"rendered":"<p>Come tutti gli anni segnalo la discussione aperta su\u00a0The Well\u00a0fra Bruce Sterling e Jon Lebkowski (aperta sta a significare che<\/p>\n","protected":false},"author":1,"featured_media":13063,"comment_status":"open","ping_status":"open","sticky":false,"template":"","format":"standard","meta":{"_mi_skip_tracking":false,"_monsterinsights_sitenote_active":false,"_monsterinsights_sitenote_note":"","_monsterinsights_sitenote_category":0,"jetpack_post_was_ever_published":false,"_jetpack_newsletter_access":"","jetpack_publicize_message":"","jetpack_is_tweetstorm":false,"jetpack_publicize_feature_enabled":true,"jetpack_social_post_already_shared":true,"jetpack_social_options":{"image_generator_settings":{"template":"highway","enabled":false}}},"categories":[97,52,57,95,16],"tags":[],"jetpack_publicize_connections":[],"jetpack_featured_media_url":"https:\/\/i0.wp.com\/www.robertosedda.it\/wp-content\/uploads\/2017\/01\/The-well.jpeg?fit=225%2C225","jetpack_sharing_enabled":true,"jetpack_shortlink":"https:\/\/wp.me\/p4jV2T-3Ma","jetpack_likes_enabled":true,"jetpack-related-posts":[{"id":3519,"url":"http:\/\/www.robertosedda.it\/?p=3519","url_meta":{"origin":14518,"position":0},"title":"L&#8217;astronauta e lo scrittore (di festival &#8211; 1)","author":"Rufus","date":"17\/06\/2013","format":false,"excerpt":"Venerd\u00ec sera della settimana scorsa (il 7 giugno)\u00a0ho convinto Maria Bonaria ad andare a sentire Bruce Sterling al Bastione, all'interno di Leggendo metropolitano. Non sono un grandissimo amante di Sterling come scrittore cyberpunk, ma ho formato molte mie\u00a0idee su Giro di vite contro gli hacker, apprezzo il lavoro che Sterling\u2026","rel":"","context":"In &quot;Coordinate&quot;","block_context":{"text":"Coordinate","link":"http:\/\/www.robertosedda.it\/?cat=52"},"img":{"alt_text":"","src":"https:\/\/i0.wp.com\/www.robertosedda.it\/wp-content\/uploads\/2013\/06\/Bruce-Sterling-Possenti-Nespoli-5.jpg?fit=1200%2C900&resize=350%2C200","width":350,"height":200,"srcset":"https:\/\/i0.wp.com\/www.robertosedda.it\/wp-content\/uploads\/2013\/06\/Bruce-Sterling-Possenti-Nespoli-5.jpg?fit=1200%2C900&resize=350%2C200 1x, https:\/\/i0.wp.com\/www.robertosedda.it\/wp-content\/uploads\/2013\/06\/Bruce-Sterling-Possenti-Nespoli-5.jpg?fit=1200%2C900&resize=700%2C400 2x, https:\/\/i0.wp.com\/www.robertosedda.it\/wp-content\/uploads\/2013\/06\/Bruce-Sterling-Possenti-Nespoli-5.jpg?fit=1200%2C900&resize=1050%2C600 3x"},"classes":[]},{"id":13059,"url":"http:\/\/www.robertosedda.it\/?p=13059","url_meta":{"origin":14518,"position":1},"title":"L&#8217;ottimista e il pessimista","author":"Rufus","date":"09\/01\/2017","format":false,"excerpt":"Una delle letture pi\u00f9 stimolanti che potete fare in questo momento \u00e8 l'annuale dibattito fra Bruce Sterling e Jon Lebkowsky sullo \"stato del mondo\" 2017, ospitato da The Well. Lo so che lo consiglio ogni anno, ma quest'anno lo trovo particolarmente interessante e ho deciso di mettermi di buzzo buono\u2026","rel":"","context":"In &quot;Coordinate&quot;","block_context":{"text":"Coordinate","link":"http:\/\/www.robertosedda.it\/?cat=52"},"img":{"alt_text":"","src":"https:\/\/i0.wp.com\/www.robertosedda.it\/wp-content\/uploads\/2017\/01\/Bruce-Sterling.jpg?fit=1000%2C667&resize=350%2C200","width":350,"height":200,"srcset":"https:\/\/i0.wp.com\/www.robertosedda.it\/wp-content\/uploads\/2017\/01\/Bruce-Sterling.jpg?fit=1000%2C667&resize=350%2C200 1x, https:\/\/i0.wp.com\/www.robertosedda.it\/wp-content\/uploads\/2017\/01\/Bruce-Sterling.jpg?fit=1000%2C667&resize=700%2C400 2x"},"classes":[]},{"id":16130,"url":"http:\/\/www.robertosedda.it\/?p=16130","url_meta":{"origin":14518,"position":2},"title":"Finestre sporche","author":"Rufus","date":"10\/01\/2019","format":false,"excerpt":"\u00c8 in corso, come sempre nelle prime settimane dell'anno, la discussione sullo stato del mondo 2019 fra Bruce Sterling e Jon Lebkowsky, come sempre la lettura pi\u00f9 stimolante dell'inizio dell'anno, come sempre molto ammerrigana e del tutto fuori bersaglio (come sempre non ci azzeccano mai) e, come ho\u00a0fatto\u00a0gli\u00a0altri\u00a0anni, come sempre\u2026","rel":"","context":"In &quot;Antropologia&quot;","block_context":{"text":"Antropologia","link":"http:\/\/www.robertosedda.it\/?cat=97"},"img":{"alt_text":"","src":"https:\/\/i0.wp.com\/www.robertosedda.it\/wp-content\/uploads\/2017\/01\/The-well.jpeg?fit=225%2C225&resize=350%2C200","width":350,"height":200},"classes":[]},{"id":18604,"url":"http:\/\/www.robertosedda.it\/?p=18604","url_meta":{"origin":14518,"position":3},"title":"Lo scrittore di realt\u00e0-che-potrebbe-essere (o che magari \u00e8 gi\u00e0)","author":"Rufus","date":"06\/05\/2021","format":false,"excerpt":"Quando ho deciso di seguire un po' di pi\u00f9 Twitter, che languiva in un angolo oscuro del mio telefono, la prima sensazione che ho avuto \u00e8 stata che fosse pieno di spazzatura livorosa. Per ovviare al problema ho deciso di scegliere con estrema cura chi seguire, non solo dal punto\u2026","rel":"","context":"In &quot;Coordinate&quot;","block_context":{"text":"Coordinate","link":"http:\/\/www.robertosedda.it\/?cat=52"},"img":{"alt_text":"","src":"https:\/\/i0.wp.com\/www.robertosedda.it\/wp-content\/uploads\/2021\/05\/Doctorow1.png?fit=793%2C677&resize=350%2C200","width":350,"height":200,"srcset":"https:\/\/i0.wp.com\/www.robertosedda.it\/wp-content\/uploads\/2021\/05\/Doctorow1.png?fit=793%2C677&resize=350%2C200 1x, https:\/\/i0.wp.com\/www.robertosedda.it\/wp-content\/uploads\/2021\/05\/Doctorow1.png?fit=793%2C677&resize=700%2C400 2x"},"classes":[]},{"id":19043,"url":"http:\/\/www.robertosedda.it\/?p=19043","url_meta":{"origin":14518,"position":4},"title":"Insopportabilmente americano, ma&#8230;","author":"Rufus","date":"18\/01\/2022","format":false,"excerpt":"Quando sei malato e non riesci a guarire, allora entri in un'altra dimensione: sei un invalido.","rel":"","context":"In &quot;Coordinate&quot;","block_context":{"text":"Coordinate","link":"http:\/\/www.robertosedda.it\/?cat=52"},"img":{"alt_text":"","src":"https:\/\/i0.wp.com\/www.robertosedda.it\/wp-content\/uploads\/2017\/01\/The-well.jpeg?fit=225%2C225&resize=350%2C200","width":350,"height":200},"classes":[]},{"id":11386,"url":"http:\/\/www.robertosedda.it\/?p=11386","url_meta":{"origin":14518,"position":5},"title":"REBLOG: Lo stato del mondo secondo Bruce Sterling","author":"Rufus","date":"08\/01\/2016","format":false,"excerpt":"Ogni anno sul sito\u00a0The Well Bruce Sterling e Jon\u00a0Lebkowsky dibattono lo \"stato del mondo\". \u00c8 una conversazione stranamente dissonante, in cui ciascuno di loro sembra occupato non a dialogare con l'altro ma a monologare, salvo che poi stranamente i fili si incrociano, si intrecciano e si dipanano di nuovo arricchendosi\u2026","rel":"","context":"In &quot;Segnalazioni&quot;","block_context":{"text":"Segnalazioni","link":"http:\/\/www.robertosedda.it\/?cat=95"},"img":{"alt_text":"","src":"","width":0,"height":0},"classes":[]}],"_links":{"self":[{"href":"http:\/\/www.robertosedda.it\/index.php?rest_route=\/wp\/v2\/posts\/14518"}],"collection":[{"href":"http:\/\/www.robertosedda.it\/index.php?rest_route=\/wp\/v2\/posts"}],"about":[{"href":"http:\/\/www.robertosedda.it\/index.php?rest_route=\/wp\/v2\/types\/post"}],"author":[{"embeddable":true,"href":"http:\/\/www.robertosedda.it\/index.php?rest_route=\/wp\/v2\/users\/1"}],"replies":[{"embeddable":true,"href":"http:\/\/www.robertosedda.it\/index.php?rest_route=%2Fwp%2Fv2%2Fcomments&post=14518"}],"version-history":[{"count":1,"href":"http:\/\/www.robertosedda.it\/index.php?rest_route=\/wp\/v2\/posts\/14518\/revisions"}],"predecessor-version":[{"id":14519,"href":"http:\/\/www.robertosedda.it\/index.php?rest_route=\/wp\/v2\/posts\/14518\/revisions\/14519"}],"wp:featuredmedia":[{"embeddable":true,"href":"http:\/\/www.robertosedda.it\/index.php?rest_route=\/wp\/v2\/media\/13063"}],"wp:attachment":[{"href":"http:\/\/www.robertosedda.it\/index.php?rest_route=%2Fwp%2Fv2%2Fmedia&parent=14518"}],"wp:term":[{"taxonomy":"category","embeddable":true,"href":"http:\/\/www.robertosedda.it\/index.php?rest_route=%2Fwp%2Fv2%2Fcategories&post=14518"},{"taxonomy":"post_tag","embeddable":true,"href":"http:\/\/www.robertosedda.it\/index.php?rest_route=%2Fwp%2Fv2%2Ftags&post=14518"}],"curies":[{"name":"wp","href":"https:\/\/api.w.org\/{rel}","templated":true}]}}