{"id":14459,"date":"2018-01-03T19:04:54","date_gmt":"2018-01-03T18:04:54","guid":{"rendered":"http:\/\/www.robertosedda.it\/?p=14459"},"modified":"2018-01-08T19:16:03","modified_gmt":"2018-01-08T18:16:03","slug":"per-qualcuno-il-2017-e-andato-benissimo","status":"publish","type":"post","link":"http:\/\/www.robertosedda.it\/?p=14459","title":{"rendered":"Per qualcuno il 2017 \u00e8 andato benissimo"},"content":{"rendered":"<p>Vedo su <em>Bloomberg<\/em> un interessante <a href=\"https:\/\/www.bloomberg.com\/news\/articles\/2017-12-27\/world-s-wealthiest-gain-1-trillion-in-17-on-market-exuberance\">articolo<\/a> che analizza l&#8217;andamento dei redditi nel 2017, dal quale si evince che le persone pi\u00f9 ricche del pianeta hanno aumentato la loro ricchezza di mille miliardi di dollari, un incremento del 23% rispetto alla loro ricchezza calcolata da <em>Bloomberg<\/em> nel 2016 (stiamo parlando della <a href=\"https:\/\/www.bloomberg.com\/billionaires\/\">classifica di <em>Bloomberg<\/em><\/a> che cataloga i 500 miliardari pi\u00f9 ricchi al mondo).<\/p>\n<p>L&#8217;articolo, che purtroppo non ho tempo di tradurre, merita di essere letto anche perch\u00e9 entra in alcuni dettagli: per esempio il farsi largo prepotentemente dei miliardari cinesi, o il fatto che fra i maggiori guadagni siano stati ottenuti dai grandi magnati delle societ\u00e0 tecnologiche (l&#8217;uomo pi\u00f9 ricco al mondo \u00e8 ora Jeff Bezos di <em>Amazon<\/em>).<\/p>\n<figure id=\"attachment_14460\" aria-describedby=\"caption-attachment-14460\" style=\"width: 761px\" class=\"wp-caption aligncenter\"><a href=\"https:\/\/i0.wp.com\/www.robertosedda.it\/wp-content\/uploads\/2018\/01\/Asia-billionaries.png\"><img data-attachment-id=\"14460\" data-permalink=\"http:\/\/www.robertosedda.it\/?attachment_id=14460\" data-orig-file=\"https:\/\/i0.wp.com\/www.robertosedda.it\/wp-content\/uploads\/2018\/01\/Asia-billionaries.png?fit=761%2C405\" data-orig-size=\"761,405\" data-comments-opened=\"1\" data-image-meta=\"{&quot;aperture&quot;:&quot;0&quot;,&quot;credit&quot;:&quot;&quot;,&quot;camera&quot;:&quot;&quot;,&quot;caption&quot;:&quot;&quot;,&quot;created_timestamp&quot;:&quot;0&quot;,&quot;copyright&quot;:&quot;&quot;,&quot;focal_length&quot;:&quot;0&quot;,&quot;iso&quot;:&quot;0&quot;,&quot;shutter_speed&quot;:&quot;0&quot;,&quot;title&quot;:&quot;&quot;,&quot;orientation&quot;:&quot;0&quot;}\" data-image-title=\"Asia billionaries\" data-image-description=\"\" data-image-caption=\"\" data-medium-file=\"https:\/\/i0.wp.com\/www.robertosedda.it\/wp-content\/uploads\/2018\/01\/Asia-billionaries.png?fit=300%2C160\" data-large-file=\"https:\/\/i0.wp.com\/www.robertosedda.it\/wp-content\/uploads\/2018\/01\/Asia-billionaries.png?fit=510%2C271\" decoding=\"async\" loading=\"lazy\" class=\"wp-image-14460 size-full\" src=\"https:\/\/i0.wp.com\/www.robertosedda.it\/wp-content\/uploads\/2018\/01\/Asia-billionaries.png?resize=761%2C405\" alt=\"\" width=\"761\" height=\"405\" srcset=\"https:\/\/i0.wp.com\/www.robertosedda.it\/wp-content\/uploads\/2018\/01\/Asia-billionaries.png?w=761 761w, https:\/\/i0.wp.com\/www.robertosedda.it\/wp-content\/uploads\/2018\/01\/Asia-billionaries.png?resize=150%2C80 150w, https:\/\/i0.wp.com\/www.robertosedda.it\/wp-content\/uploads\/2018\/01\/Asia-billionaries.png?resize=300%2C160 300w, https:\/\/i0.wp.com\/www.robertosedda.it\/wp-content\/uploads\/2018\/01\/Asia-billionaries.png?resize=510%2C271 510w, https:\/\/i0.wp.com\/www.robertosedda.it\/wp-content\/uploads\/2018\/01\/Asia-billionaries.png?resize=700%2C373 700w\" sizes=\"(max-width: 761px) 100vw, 761px\" data-recalc-dims=\"1\" \/><\/a><figcaption id=\"caption-attachment-14460\" class=\"wp-caption-text\">Ciascuna colonna rappresenta l&#8217;aumento di ricchezza dei miliardari di una determinata area geografica: China, India, Europa e USA.<\/figcaption><\/figure>\n<p>Il dato pi\u00f9 significativo, per\u00f2, \u00e8 che gli analisti di <em>Bloomberg <\/em>ritengono che l&#8217;aumento della ricchezza dipenda dal fatto che complessivamente nel 2017 le Borse sono cresciute molto: siccome i capitali azionari sono detenuti principalmente dalle persone pi\u00f9 ricche, questo si \u00e8 tradotto direttamente in un ulteriore aumento del valore dei loro patrimoni. Si pu\u00f2 ragionare, naturalmente, sul fatto che il valore delle azioni \u00e8 per sua natura volatile e che un nuovo scoppio della bolla finanziaria potrebbe compromettere questi presunti guadagni, tuttavia va anche considerato che ricchezze simili si traducono in potere e che l&#8217;esperienza della crisi finanziaria del 2008 dimostra che a pagare non sono stati certo i pi\u00f9 ricchi, casomai il contrario.<\/p>\n<p>Proprio questo \u00e8 in realt\u00e0 il punto centrale: l&#8217;analisi di <em>Bloomberg<\/em> \u00e8 centrata sul proprio elenco dei 500 miliardari pi\u00f9 ricchi e non sui redditi globali, quindi non ci dice niente, o quasi, sul livello della ricchezza (e delle diseguaglianze economiche) per il restante 99,99% della popolazione mondiale. La sensazione, per\u00f2, \u00e8 che questa diseguaglianza aumenti e addirittura acceleri: non solo lo studio di <em>Bloomberg<\/em> osserva che il 23% di incremento \u00e8 quattro volte di pi\u00f9 della crescita rilevata fra il 2015 e il 2016, ma varie <a href=\"https:\/\/www.credit-suisse.com\/corporate\/en\/research\/research-institute\/news-and-videos\/articles\/news-and-expertise\/2016\/11\/en\/the-global-wealth-report-2016.html\">rilevazioni<\/a> confermano l&#8217;aumento della diseguaglianza economica. Da lungo tempo si nota che mentre i livelli di reddito tendono a convergere globalmente (riducendo la diseguaglianza globale, perch\u00e9 nel Sud del mondo si guadagna di pi\u00f9), i livelli di diseguaglianza economica complessiva tendono a <em>aumentare<\/em>: la ragione viene data dall&#8217;ineguale distribuzione di rendite finanziarie.<\/p>\n","protected":false},"excerpt":{"rendered":"<p>Vedo su Bloomberg un interessante articolo che analizza l&#8217;andamento dei redditi nel 2017, dal quale si evince che le persone<\/p>\n","protected":false},"author":1,"featured_media":14460,"comment_status":"open","ping_status":"open","sticky":false,"template":"","format":"standard","meta":{"_mi_skip_tracking":false,"_monsterinsights_sitenote_active":false,"_monsterinsights_sitenote_note":"","_monsterinsights_sitenote_category":0,"jetpack_post_was_ever_published":false,"_jetpack_newsletter_access":"","jetpack_publicize_message":"","jetpack_is_tweetstorm":false,"jetpack_publicize_feature_enabled":true,"jetpack_social_post_already_shared":true,"jetpack_social_options":{"image_generator_settings":{"template":"highway","enabled":false}}},"categories":[52,55,77,95,16],"tags":[],"jetpack_publicize_connections":[],"jetpack_featured_media_url":"https:\/\/i0.wp.com\/www.robertosedda.it\/wp-content\/uploads\/2018\/01\/Asia-billionaries.png?fit=761%2C405","jetpack_sharing_enabled":true,"jetpack_shortlink":"https:\/\/wp.me\/p4jV2T-3Ld","jetpack_likes_enabled":true,"jetpack-related-posts":[{"id":17001,"url":"http:\/\/www.robertosedda.it\/?p=17001","url_meta":{"origin":14459,"position":0},"title":"Furti d&#8217;identit\u00e0&#8230; gravi","author":"Rufus","date":"14\/08\/2019","format":false,"excerpt":"Su Bloomberg il giornalista Drew Armstrong racconta cosa \u00e8 successo quando un piccolo truffatore della Florida ha cominciato a commettere reati fingendo di essere lui... con conseguenze durate sei anni. Il mitico doppelganger, il ladro d'identit\u00e0 delle fiabe Vi avviso: fa abbastanza paura (abbastanza perch\u00e9 tutto sommato mi sia sentito\u2026","rel":"","context":"In &quot;Coordinate&quot;","block_context":{"text":"Coordinate","link":"http:\/\/www.robertosedda.it\/?cat=52"},"img":{"alt_text":"","src":"https:\/\/i0.wp.com\/www.robertosedda.it\/wp-content\/uploads\/2019\/08\/CreatureSpotlight-Doppelganger.jpg?fit=220%2C250&resize=350%2C200","width":350,"height":200},"classes":[]},{"id":3334,"url":"http:\/\/www.robertosedda.it\/?p=3334","url_meta":{"origin":14459,"position":1},"title":"Elon Musk, Mark Zuckerberg e la politica di Washington","author":"Rufus","date":"30\/05\/2013","format":false,"excerpt":"Ho l'impressione che non molti in Italia abbiano mai sentito parlare di Elon Musk, eppure \u00e8 una figura interessante: co-fondatore di PayPal, poi presidente e amministratore delegato di aziende che producono cose che\u00a0(forse) cambieranno la nostra vita, ha messo il suo nome sul primo successore commerciale dello Space Shuttle, sulla\u2026","rel":"","context":"In &quot;Coordinate&quot;","block_context":{"text":"Coordinate","link":"http:\/\/www.robertosedda.it\/?cat=52"},"img":{"alt_text":"","src":"https:\/\/i0.wp.com\/www.robertosedda.it\/wp-content\/uploads\/2013\/05\/Elon-Musk.jpg?fit=575%2C270&resize=350%2C200","width":350,"height":200},"classes":[]},{"id":13376,"url":"http:\/\/www.robertosedda.it\/?p=13376","url_meta":{"origin":14459,"position":2},"title":"Sempre meno libert\u00e0 nel mondo","author":"Rufus","date":"09\/03\/2017","format":false,"excerpt":"Traduco da\u00a0Visual Capitalist\u00a0un pezzo che accompagna alcune rappresentazioni grafiche dello stato della libert\u00e0 del mondo. Un riassunto del pezzo potrebbe essere: \u00abNon c'\u00e8 molto da stare allegri\u00bb, ma l'elemento interessante non \u00e8 tanto quello quanto il fatto che la cosa, a quanto pare, peggiora anno dopo anno da parecchio tempo.\u2026","rel":"","context":"In &quot;Coordinate&quot;","block_context":{"text":"Coordinate","link":"http:\/\/www.robertosedda.it\/?cat=52"},"img":{"alt_text":"","src":"https:\/\/i0.wp.com\/www.robertosedda.it\/wp-content\/uploads\/2017\/03\/Libert\u00e0-globale-4.jpg?fit=796%2C429&resize=350%2C200","width":350,"height":200,"srcset":"https:\/\/i0.wp.com\/www.robertosedda.it\/wp-content\/uploads\/2017\/03\/Libert\u00e0-globale-4.jpg?fit=796%2C429&resize=350%2C200 1x, https:\/\/i0.wp.com\/www.robertosedda.it\/wp-content\/uploads\/2017\/03\/Libert\u00e0-globale-4.jpg?fit=796%2C429&resize=700%2C400 2x"},"classes":[]},{"id":19447,"url":"http:\/\/www.robertosedda.it\/?p=19447","url_meta":{"origin":14459,"position":3},"title":"Politica di rappresentanza e politica emancipativa","author":"Rufus","date":"05\/04\/2023","format":false,"excerpt":"Controllando gli articoli scritti in questo stesso giorno nel passato, trovo una bozza dell'anno scorso, mai pubblicata, nella quale segnalavo un feroce editoriale del Guardian , a firma di Emma Dabiri, che critica Jay-Z e Beyonc\u00e9, due celebrit\u00e0 caratterizzate anche da un certo attivismo sociale, che per partecipare a una\u2026","rel":"","context":"In &quot;Coordinate&quot;","block_context":{"text":"Coordinate","link":"http:\/\/www.robertosedda.it\/?cat=52"},"img":{"alt_text":"","src":"https:\/\/i0.wp.com\/www.robertosedda.it\/wp-content\/uploads\/2023\/04\/Picket.jpg?fit=630%2C357&resize=350%2C200","width":350,"height":200},"classes":[]},{"id":8997,"url":"http:\/\/www.robertosedda.it\/?p=8997","url_meta":{"origin":14459,"position":4},"title":"Verso una societ\u00e0 neo-oligarchica? Un intervento di Nicol\u00f2 Migheli","author":"Rufus","date":"04\/12\/2014","format":false,"excerpt":"Oltre che su questo\u00a0blog questo articolo viene pubblicato anche sui siti di\u00a0Fondazione Sardinia,\u00a0Aladinpensiero,\u00a0Tramas de amistade,\u00a0Sardegna Soprattutto,\u00a0Sportello Formaparis,\u00a0Tottusinpari e sui blog di\u00a0Enrico Lobina,\u00a0Vito Biolchini\u00a0e\u00a0Francesca Madrigali. Verso una societ\u00e0 neo-oligarchica? di Nicol\u00f2 Migheli Le primarie del PD per la candidatura alla presidenza della Regione Veneto confermano la tendenza all'allontanamento dall'esercizio del voto\u2026","rel":"","context":"In &quot;Coordinate&quot;","block_context":{"text":"Coordinate","link":"http:\/\/www.robertosedda.it\/?cat=52"},"img":{"alt_text":"","src":"https:\/\/i0.wp.com\/www.robertosedda.it\/wp-content\/uploads\/2014\/12\/diseguaglianza1.jpg?fit=800%2C518&resize=350%2C200","width":350,"height":200,"srcset":"https:\/\/i0.wp.com\/www.robertosedda.it\/wp-content\/uploads\/2014\/12\/diseguaglianza1.jpg?fit=800%2C518&resize=350%2C200 1x, https:\/\/i0.wp.com\/www.robertosedda.it\/wp-content\/uploads\/2014\/12\/diseguaglianza1.jpg?fit=800%2C518&resize=700%2C400 2x"},"classes":[]},{"id":16172,"url":"http:\/\/www.robertosedda.it\/?p=16172","url_meta":{"origin":14459,"position":5},"title":"Quasi del tutto","author":"Rufus","date":"18\/01\/2019","format":false,"excerpt":"Mi sembra opportuno segnalare l'intervento di Baricco pubblicato sul suo blog su Medium, The catcher, come un contributo sulla situazione politica e sociale da parte di un intellettuale certamente non sospettabile di populismo che per\u00f2 scrive cose piuttosto indigeste all'establishment culturale e politico. Ci sono molti difetti - anche pregi,\u2026","rel":"","context":"In &quot;Coordinate&quot;","block_context":{"text":"Coordinate","link":"http:\/\/www.robertosedda.it\/?cat=52"},"img":{"alt_text":"","src":"https:\/\/i0.wp.com\/www.robertosedda.it\/wp-content\/uploads\/2019\/01\/Baricco.png?fit=1200%2C720&resize=350%2C200","width":350,"height":200,"srcset":"https:\/\/i0.wp.com\/www.robertosedda.it\/wp-content\/uploads\/2019\/01\/Baricco.png?fit=1200%2C720&resize=350%2C200 1x, https:\/\/i0.wp.com\/www.robertosedda.it\/wp-content\/uploads\/2019\/01\/Baricco.png?fit=1200%2C720&resize=700%2C400 2x, https:\/\/i0.wp.com\/www.robertosedda.it\/wp-content\/uploads\/2019\/01\/Baricco.png?fit=1200%2C720&resize=1050%2C600 3x"},"classes":[]}],"_links":{"self":[{"href":"http:\/\/www.robertosedda.it\/index.php?rest_route=\/wp\/v2\/posts\/14459"}],"collection":[{"href":"http:\/\/www.robertosedda.it\/index.php?rest_route=\/wp\/v2\/posts"}],"about":[{"href":"http:\/\/www.robertosedda.it\/index.php?rest_route=\/wp\/v2\/types\/post"}],"author":[{"embeddable":true,"href":"http:\/\/www.robertosedda.it\/index.php?rest_route=\/wp\/v2\/users\/1"}],"replies":[{"embeddable":true,"href":"http:\/\/www.robertosedda.it\/index.php?rest_route=%2Fwp%2Fv2%2Fcomments&post=14459"}],"version-history":[{"count":1,"href":"http:\/\/www.robertosedda.it\/index.php?rest_route=\/wp\/v2\/posts\/14459\/revisions"}],"predecessor-version":[{"id":14461,"href":"http:\/\/www.robertosedda.it\/index.php?rest_route=\/wp\/v2\/posts\/14459\/revisions\/14461"}],"wp:featuredmedia":[{"embeddable":true,"href":"http:\/\/www.robertosedda.it\/index.php?rest_route=\/wp\/v2\/media\/14460"}],"wp:attachment":[{"href":"http:\/\/www.robertosedda.it\/index.php?rest_route=%2Fwp%2Fv2%2Fmedia&parent=14459"}],"wp:term":[{"taxonomy":"category","embeddable":true,"href":"http:\/\/www.robertosedda.it\/index.php?rest_route=%2Fwp%2Fv2%2Fcategories&post=14459"},{"taxonomy":"post_tag","embeddable":true,"href":"http:\/\/www.robertosedda.it\/index.php?rest_route=%2Fwp%2Fv2%2Ftags&post=14459"}],"curies":[{"name":"wp","href":"https:\/\/api.w.org\/{rel}","templated":true}]}}