{"id":14448,"date":"2017-12-28T18:44:23","date_gmt":"2017-12-28T17:44:23","guid":{"rendered":"http:\/\/www.robertosedda.it\/?p=14448"},"modified":"2018-02-15T17:29:25","modified_gmt":"2018-02-15T16:29:25","slug":"malattie-che-non-si-confessa-volentieri-di-avere","status":"publish","type":"post","link":"http:\/\/www.robertosedda.it\/?p=14448","title":{"rendered":"Malattie che non si confessa volentieri di avere"},"content":{"rendered":"<p>\u00c8 cominciato con un vago senso di disagio, poi con l&#8217;irritazione.<\/p>\n<p>Diversi anni fa non ce l&#8217;ho fatta pi\u00f9, e a un certo punto ho smesso di leggere o guardare le cose che percepivo come\u00a0<em>propaganda<\/em>, tutta la comunicazione strumentale, volta solo a generare seguaci o ottenere vantaggi: mi dava un fastidio insopportabile.<\/p>\n<p>In buona parte quella propaganda proveniva da parti politiche che non mi interessavano, quindi non \u00e8 stato, all&#8217;inizio, un grande problema.<\/p>\n<p>Poi ho smesso con i\u00a0<em>talk show<\/em>, con i dibattiti pilotati, con le discussioni costruite a tavolino come se fossimo a\u00a0<em>L&#8217;isola dei famosi<\/em>. Anche questo non \u00e8 stato un grande problema, non da ultimo perch\u00e9 da quando ci siamo sposati non abbiamo pi\u00f9 la TV a casa, quindi buona parte di questa roba non l&#8217;avrei vista comunque.<\/p>\n<p>Di seguito ho smesso di leggere <em>Repubblica<\/em>. E l\u00ec ho avuto un primo sintomo di vertigine, perch\u00e9 ho pensato: \u00ab\u00e8 tutto sempre e solo sul teatrino della politica\u00bb e subito dopo mi sono reso conto che era una frase da Berlusconi. Mi sono rassicurato pensando che lo stesso concetto si poteva esprimere ricorrendo all&#8217;espressione\u00a0<em>politique politicienne<\/em>, e che Berlusconi una cosa cos\u00ec ricercata non l&#8217;avrebbe mai saputa dire. E ho fatto finta di niente.<\/p>\n<p>E per\u00f2 l&#8217;irritazione saliva, saliva, fino ad arrivare alla gola, c&#8217;era sempre qualcosa che mi dava fastidio, e la cosa mi preoccupava un po&#8217;. \u00c8 come quando hai un dolorino che non ti piace e tu ti convinci che non \u00e8 niente, salvo poi tastarti dappertutto quando nessuno ti vede.<\/p>\n<p>Quando anche a sinistra hanno cominciato a parlare per <em>slogan<\/em> e a misurare le prospettive politiche su quel che \u00e8 e non su quel che dovrebbe essere e io mi sono sentito circondato, ho capito che avevo un problema.<\/p>\n<p>Per\u00f2 non importava: fuori della\u00a0<em>politique politicienne\u00a0<\/em> c&#8217;\u00e8 tutto un altro mondo, pensavo.<\/p>\n<p>Per esempio il giornalismo d&#8217;inchiesta.<\/p>\n<p>Sar\u00e0, ma ho smesso ben presto di guardare\u00a0<em>Report<\/em>. Che dico: di dargli\u00a0<em>credito<\/em>.<\/p>\n<p>E poi \u00e8 andata sempre peggio. Ormai non credo pi\u00f9 alle <em>good news<\/em>, alle\u00a0<em>best practice<\/em>, alla realt\u00e0 cambiata dall&#8217;interno, a tanti boicottaggi dimostrativi, alla maggior parte delle manifestazioni pubbliche e dei cortei. Ai testimoni. Agli esponenti della societ\u00e0 civile.\u00a0Ai premi Nobel. Alle\u00a0<em>leadership<\/em>. Agli autori di libri che ispirano e aprono prospettive. Vado a riunioni politiche e sociali e penso che, con il lavoro che facciamo, come lo facciamo, quelli dell&#8217;altra parte possono dormire sonni tranquilli per mille anni. Ci sono compagni che mi dicono: \u00abBeh, \u00e8 andata bene, dai\u00bb, e io faccio un ghigno doloroso che loro prendono per assenso. Trovo che tanta cooperazione sociale abbia esaurito la sua spinta propulsiva. E cos\u00ec il biologico, come tante altre cose. Le ONG. E quando vedo promuovere tutta questa gente come se fossero i santini che distribuivano le vecchie zie mi assale l&#8217;angoscia, o il desiderio di prendere quelli che sbandierano questa roba riducendola a ciarpame dimostrativo e dargli due schiaffi, come Moretti a quelli che non sanno parlare l&#8217;italiano.<\/p>\n<p>Ci sono gente che mi parlano di ideali. Li ascolto e dentro di me scuoto la testa. Bambinate. Fuffa. Sento parlare entusiasticamente di realizzazioni e risultati e mi cadono le braccia: davvero ci\u00a0<em>credete<\/em>?<\/p>\n<p>Come ho sentito dire una volta dal mio amico Alessandro Bordigoni, da una parte ci sono i mostri, dall&#8217;altra i puffi. Solo che Alessando non considerava che i puffi sono mostri anche loro.<\/p>\n<p>Non vado quasi pi\u00f9 a vedere film di impegno sociale. Ho orrore di tutte quelle narrazioni programmaticamente costruite per favorire i buoni sentimenti, la solidariet\u00e0 sociale, i diritti civili, la fratellanza fra i popoli. I film palestinesi sottotitolati in armeno. Le delicate commedie francesi. I film che dimostrano che le donne, come i sardi, facevano le cose per prime quando ancora nessun uomo ci aveva pensato. Le storie di professori geniali che tirano fuori il meglio dai ragazzi loro affidati, finch\u00e9 questi si alzano dalla sedia a rotelle e vanno a trovare la nonna che ha l&#8217;Alzheimer per allontanarsi insieme verso il tramonto.<\/p>\n<p>E il problema \u00e8 che ho\u00a0<em>ragione<\/em>. Non sono depresso e so ancora distinguere lo specifico delle posizioni in campo (come dimostra la mia agenda e le cose per le quali continuo a sbattermi). \u00c8 proprio che le cose sono <em>davvero<\/em> cos\u00ec: da una parte i mostri, e va bene (cio\u00e8: male), ma dall&#8217;altra cortine di fumo, elaborate bugie sociali, egoismi mascherati da bont\u00e0, tradimenti ideali, fuffa a mazzi, benpensanti, illusi, ignoranti e un buon numero di pirla.<\/p>\n<p>Una\u00a0<em>fatica<\/em>.<\/p>\n<p>Come direbbe Brecht:<\/p>\n<blockquote><p>Il\u00a0<em>cieco<\/em>\u00a0parla di una via di uscita.\u00a0<em>Io ci vedo<\/em>.<\/p><\/blockquote>\n<p>Io ci vedo.<\/p>\n<p>Il che porta a posizioni non particolarmente popolari. Temo di avere gi\u00e0 deluso abbastanza i miei lettori abituali, cos\u00ec facciamo un esempio per deluderli ancora. Un po&#8217; di tempo fa al baretto dove prendo il caff\u00e8 uno che conosco mi ha fermato e mi ha fatto tutto un pippone sullo\u00a0<em>ius soli<\/em>. Cos\u00ec: <em>ciao, buongiorno, come va, senti volevo dirti che sono indignato che non venga concesso lo <\/em>ius soli.<\/p>\n<p>Ora. Sgombriamo il campo:\u00a0lo\u00a0<em>ius soli<\/em> \u00e8 una misura sacrosanta. Ma davvero alle otto del mattino al chioschetto del caff\u00e8 non hai altro a cui pensare? E se ti dico che la mia impressione \u00e8 che oggi i governi nazionali non contino una cippa perch\u00e9 tutte le leve del potere, economico, militare, sociale, stanno altrove, e quel che gli rimane \u00e8 giusto buttarsi su questioni singole di diritti civili &#8211; ripeto: sacrosante, ma non \u00e8 questo il punto &#8211; per le quali, data la situazione, non riesco ad appassionarmi, ci rimani <em>davvero<\/em> male? E se ti avessi detto, povero amico mio, che siamo nel campo delle tecniche di distrazione di massa, come ci saresti rimasto?<\/p>\n<p>Ogni tanto qualcuno che conosco, di quelli che appunto leggono\u00a0<em>Repubblica<\/em>, mi chiede cosa penso della tale questione importantissima e molto dibattuta. Che \u00e8 <em>rumore<\/em>, penso.<\/p>\n<p>Io ci vedo.<\/p>\n<p>Ed \u00e8 questa, ovviamente, la malattia.<\/p>\n<p>Non tanto il fatto di avere altre idee. E neppure il fatto di essere in minoranza o non particolarmente politicamente corretti.<\/p>\n<p>No: piuttosto il disincanto. Il rischio dell&#8217;inaridirsi della volont\u00e0 di lotta dietro la scusa dei difetti altrui. Il cinismo che si traveste seducentemente da lucidit\u00e0. E in fondo alla strada, se non si sta attenti, una qualche forma di apostasia. E a me hanno insegnato che non c&#8217;\u00e8 niente di peggio dell&#8217;apostasia.<\/p>\n<p><a href=\"https:\/\/i0.wp.com\/www.robertosedda.it\/wp-content\/uploads\/2014\/08\/Roberto-con-lUnit\u00e0.jpg\"><img data-attachment-id=\"8155\" data-permalink=\"http:\/\/www.robertosedda.it\/?attachment_id=8155\" data-orig-file=\"https:\/\/i0.wp.com\/www.robertosedda.it\/wp-content\/uploads\/2014\/08\/Roberto-con-lUnit\u00e0.jpg?fit=562%2C378\" data-orig-size=\"562,378\" data-comments-opened=\"1\" data-image-meta=\"{&quot;aperture&quot;:&quot;0&quot;,&quot;credit&quot;:&quot;&quot;,&quot;camera&quot;:&quot;&quot;,&quot;caption&quot;:&quot;&quot;,&quot;created_timestamp&quot;:&quot;0&quot;,&quot;copyright&quot;:&quot;&quot;,&quot;focal_length&quot;:&quot;0&quot;,&quot;iso&quot;:&quot;0&quot;,&quot;shutter_speed&quot;:&quot;0&quot;,&quot;title&quot;:&quot;&quot;}\" data-image-title=\"Roberto con l&#8217;Unit\u00e0\" data-image-description=\"\" data-image-caption=\"\" data-medium-file=\"https:\/\/i0.wp.com\/www.robertosedda.it\/wp-content\/uploads\/2014\/08\/Roberto-con-lUnit\u00e0.jpg?fit=300%2C201\" data-large-file=\"https:\/\/i0.wp.com\/www.robertosedda.it\/wp-content\/uploads\/2014\/08\/Roberto-con-lUnit\u00e0.jpg?fit=510%2C343\" decoding=\"async\" loading=\"lazy\" class=\"aligncenter wp-image-8155 size-full\" src=\"https:\/\/i0.wp.com\/www.robertosedda.it\/wp-content\/uploads\/2014\/08\/Roberto-con-lUnit\u00e0.jpg?resize=562%2C378\" alt=\"\" width=\"562\" height=\"378\" srcset=\"https:\/\/i0.wp.com\/www.robertosedda.it\/wp-content\/uploads\/2014\/08\/Roberto-con-lUnit\u00e0.jpg?w=562 562w, https:\/\/i0.wp.com\/www.robertosedda.it\/wp-content\/uploads\/2014\/08\/Roberto-con-lUnit\u00e0.jpg?resize=150%2C100 150w, https:\/\/i0.wp.com\/www.robertosedda.it\/wp-content\/uploads\/2014\/08\/Roberto-con-lUnit\u00e0.jpg?resize=300%2C201 300w, https:\/\/i0.wp.com\/www.robertosedda.it\/wp-content\/uploads\/2014\/08\/Roberto-con-lUnit\u00e0.jpg?resize=510%2C343 510w\" sizes=\"(max-width: 562px) 100vw, 562px\" data-recalc-dims=\"1\" \/><\/a>\u00c8 successo a gente che conosciamo tutti: uno parte da sinistra, si stufa dell&#8217;inconsistenza di certe posizioni, vuol essere concreto, vuol essere diretto, vuol svecchiare l&#8217;Italia e si mette con Craxi, il che sarebbe gi\u00e0 abbastanza grave, poi addirittura arriva un miliardario milanese che dice pane al pane e vino al vino e racconta barzellette e\u00a0<em>zac!<\/em>, prima che te ne sei accorto sei direttore del\u00a0<em>Foglio<\/em>, e poi \u00e8 troppo tardi per rimediare. Certe notti a giurare: \u00abbasta, basta, smetto, questa \u00e8 l&#8217;ultima\u00bb, e la mattina dopo l\u00ec, a scrivere un altro editoriale.<\/p>\n<p>Oppure ti pu\u00f2 dar fastidio la vacuit\u00e0 di tante celebrazioni della Resistenza, dell&#8217;antifascismo, della Costituzione, e in un attimo ti ritrovi a pensare che in fondo c&#8217;erano torti e ragioni da tutte e due le parti, che non \u00e8 proprio vero, eh.<\/p>\n<p>Oppure scuoti la testa inebetito di fronte alle cretinate che sono in grado di scrivere certe esponenti del femminismo militante, e a forza di scuotere la testa diventi strabico e non sei pi\u00f9 in grado di vedere con chiarezza l&#8217;oppressione tutto attorno a te.<\/p>\n<p>Brrrrr. Il cinismo travestito da lucidit\u00e0.\u00a0Meglio niente, signora mia, meglio niente.\u00a0<em>Il Foglio<\/em>, brrrrr. Il necessario distacco da pagine dolorose di storia, brrrr. Sono il primo a credere nel genio femminile, brrrr. Molti dei miei migliori amici sono omosessuali. Brrrr. Dopotutto quello ha fatto anche cose buone. Brrrrrr.<\/p>\n<p>Comincia tutto col pensare di vederci pi\u00f9 chiaro degli altri. Oppure va cos\u00ec: sei l\u00ec, irritato da quello che mischia caff\u00e8 e\u00a0<em>ius<\/em> soli, fai di tutta l&#8217;erba un fascio (anche in senso letterale, Fascio)<em>\u00a0<\/em>e in un lampo decidi che siccome questo e siccome quello tu rispetto allo\u00a0<em>ius soli<\/em> sei\u00a0<em>contro<\/em>, il che non va bene perch\u00e9, come abbiamo detto, \u00e8 una cosa sacrosanta. E gli immigrati dopotutto non li possiamo certo accogliere tutti, quindi che vogliono?<\/p>\n<p>Brrrrr.<\/p>\n<p>Da quando mi sono accorto di essere malato, ragiono spesso sugli anticorpi: sono disposto a correre molti rischi, ma l&#8217;apostasia no.<\/p>\n<p>Mi sono riguardato nei giorni scorsi<em>\u00a0<a href=\"http:\/\/www.robertosedda.it\/?p=13901\">Fare il morto<\/a><\/em> di Enrico Euli, un libro che nasce, fatte le debite proporzioni, da riflessioni piuttosto simili. Enrico propone l&#8217;idea della\u00a0<em>renitenza<\/em>, non\u00a0<em>resistenza <\/em>e soprattutto non\u00a0<em>resilienza<\/em>. Ricorda il personaggio di Bartleby di Melville, che comincia a dire in ogni occasione, mitemente ma fermamente: \u00abPreferirei di no\u00bb.<\/p>\n<p>Un discreto recupero dello scetticismo classico, al fondo, e una posizione molto rispettabile. C&#8217;\u00e8 molto da dire a favore della renitenza come la presenta Enrico (e <em>Fare il morto<\/em> \u00e8 un\u00a0<em>pamphlet<\/em>\u00a0la cui lettura si consiglia vivamente), ma a me non aiuta moltissimo: mi viene di pi\u00f9 da dire: \u00abScrivere <em>buongiorno a tutt*<\/em>? Preferirei di no\u00bb; \u00abFirmiamo una petizione su\u00a0<em>Change.org<\/em>? Preferirei di no\u00bb; \u00abFai girare!1!!1! Preferirei di no\u00bb; \u00abMobilitiamoci contro il populismo! Preferirei di no\u00bb, e cose cos\u00ec. Tutte cose indispensabili per la salute mentale e il rispetto di se stessi; solo che io vorrei qualcosina di pi\u00f9 <em>costruens<\/em>, ecco, che ravvivi la fiamma della fede nell&#8217;umanit\u00e0, la solidariet\u00e0 e tutto quanto, perch\u00e9 il timore che ho \u00e8 quello che a furia di dire\u00a0<em>preferirei di no<\/em> uno passa direttamente dal filosofo scettico Pirrone al pallone (gonfiato), e questo, converrete, non \u00e8 bello.<\/p>\n<p>Sono seriamente preoccupato: se mai doveste sorprendermi a dire: \u00abEh, ai miei tempi anche io credevo a queste cose, poi certo, si cresce, si assume una visione pi\u00f9 realistica della realt\u00e0&#8230;\u00bb, abbattetemi.<\/p>\n","protected":false},"excerpt":{"rendered":"<p>\u00c8 cominciato con un vago senso di disagio, poi con l&#8217;irritazione. Diversi anni fa non ce l&#8217;ho fatta pi\u00f9, e<\/p>\n","protected":false},"author":1,"featured_media":8155,"comment_status":"open","ping_status":"open","sticky":false,"template":"","format":"standard","meta":{"_mi_skip_tracking":false,"_monsterinsights_sitenote_active":false,"_monsterinsights_sitenote_note":"","_monsterinsights_sitenote_category":0,"jetpack_post_was_ever_published":false,"_jetpack_newsletter_access":"","jetpack_publicize_message":"","jetpack_is_tweetstorm":false,"jetpack_publicize_feature_enabled":true,"jetpack_social_post_already_shared":true,"jetpack_social_options":{"image_generator_settings":{"template":"highway","enabled":false}}},"categories":[52,53,17,16],"tags":[],"jetpack_publicize_connections":[],"jetpack_featured_media_url":"https:\/\/i0.wp.com\/www.robertosedda.it\/wp-content\/uploads\/2014\/08\/Roberto-con-lUnit\u00e0.jpg?fit=562%2C378","jetpack_sharing_enabled":true,"jetpack_shortlink":"https:\/\/wp.me\/p4jV2T-3L2","jetpack_likes_enabled":true,"jetpack-related-posts":[{"id":14713,"url":"http:\/\/www.robertosedda.it\/?p=14713","url_meta":{"origin":14448,"position":0},"title":"Diceva Goebbels&#8230; gi\u00e0, cosa diceva Goebbels, esattamente?","author":"Rufus","date":"22\/02\/2018","format":false,"excerpt":"Ieri a un certo punto della serata ho visto passare nel mio\u00a0Facebook un testo attribuito a Goebbels che cita \u00abundici principi della propaganda nazista\u00bb. L'amica carissima che l'ha condiviso - dal\u00a0post di un personaggio rispettabile che condivideva a sua volta un altro personaggio rispettabilissimo - esprimeva gi\u00e0 lei un dubbio:\u2026","rel":"","context":"In &quot;Antropologia&quot;","block_context":{"text":"Antropologia","link":"http:\/\/www.robertosedda.it\/?cat=97"},"img":{"alt_text":"","src":"https:\/\/i0.wp.com\/www.robertosedda.it\/wp-content\/uploads\/2018\/02\/Lincoln.jpg?fit=768%2C480&resize=350%2C200","width":350,"height":200,"srcset":"https:\/\/i0.wp.com\/www.robertosedda.it\/wp-content\/uploads\/2018\/02\/Lincoln.jpg?fit=768%2C480&resize=350%2C200 1x, https:\/\/i0.wp.com\/www.robertosedda.it\/wp-content\/uploads\/2018\/02\/Lincoln.jpg?fit=768%2C480&resize=700%2C400 2x"},"classes":[]},{"id":15560,"url":"http:\/\/www.robertosedda.it\/?p=15560","url_meta":{"origin":14448,"position":1},"title":"Segnalazioni: il blog di Carlo Galli","author":"Rufus","date":"03\/08\/2018","format":false,"excerpt":"Ho scoperto per caso il\u00a0blog di un ex parlamentare del PD (e poi di altre formazioni di sinistra) e, soprattutto, docente universitario e politologo che si chiama Carlo Galli. Il blog \u00e8 interessante, ma soprattutto volevo segnalare una coppia di articoli recenti che si muovono sul crinale difficilissimo di ricerca\u2026","rel":"","context":"In &quot;Coordinate&quot;","block_context":{"text":"Coordinate","link":"http:\/\/www.robertosedda.it\/?cat=52"},"img":{"alt_text":"","src":"https:\/\/i0.wp.com\/www.robertosedda.it\/wp-content\/uploads\/2018\/08\/Carlo-Galli.jpg?fit=980%2C576&resize=350%2C200","width":350,"height":200,"srcset":"https:\/\/i0.wp.com\/www.robertosedda.it\/wp-content\/uploads\/2018\/08\/Carlo-Galli.jpg?fit=980%2C576&resize=350%2C200 1x, https:\/\/i0.wp.com\/www.robertosedda.it\/wp-content\/uploads\/2018\/08\/Carlo-Galli.jpg?fit=980%2C576&resize=700%2C400 2x"},"classes":[]},{"id":19306,"url":"http:\/\/www.robertosedda.it\/?p=19306","url_meta":{"origin":14448,"position":2},"title":"Il problema di non farsi arruolare","author":"Rufus","date":"29\/03\/2022","format":false,"excerpt":"Schismogenesi, chi era costei? Qualche mese fa mi \u00e8 passato sotto gli occhi un articolo di Cory Doctorow intitolato Schizmogenesis. La parola ha la stessa radice di scisma ma devo dire, cialtrone che sono, che io invece credevo che fosse imparentata con schizofrenia. Cio\u00e8, certo che lo \u00e8, ma siccome\u2026","rel":"","context":"In &quot;Coordinate&quot;","block_context":{"text":"Coordinate","link":"http:\/\/www.robertosedda.it\/?cat=52"},"img":{"alt_text":"","src":"https:\/\/i0.wp.com\/www.robertosedda.it\/wp-content\/uploads\/2022\/03\/Lalba-di-tutto.jpg?fit=536%2C850&resize=350%2C200","width":350,"height":200},"classes":[]},{"id":14727,"url":"http:\/\/www.robertosedda.it\/?p=14727","url_meta":{"origin":14448,"position":3},"title":"I piccoli misteri di questa campagna elettorale&#8230;","author":"Rufus","date":"26\/02\/2018","format":false,"excerpt":"... comprendono il perch\u00e9 sia su\u00a0Facebook\u00a0che su Instagram\u00a0mi arrivi periodicamente una pubblicit\u00e0 elettorale del\u00a0Movimento 5 Stelle firmata da\u00a0Avaaz, una organizzazione non governativa dalla quale non ti aspetti che si metta a interferire. Se la pubblicit\u00e0 non vi sembra a favore di Mura ma equidistante leggete di nuovo. Non \u00e8 imparziale,\u2026","rel":"","context":"In &quot;Coordinate&quot;","block_context":{"text":"Coordinate","link":"http:\/\/www.robertosedda.it\/?cat=52"},"img":{"alt_text":"","src":"https:\/\/i0.wp.com\/www.robertosedda.it\/wp-content\/uploads\/2018\/02\/Mura-Cappellacci-Avaaz.png?fit=339%2C461&resize=350%2C200","width":350,"height":200},"classes":[]},{"id":17555,"url":"http:\/\/www.robertosedda.it\/?p=17555","url_meta":{"origin":14448,"position":4},"title":"Cantarsela e suonarsela","author":"Rufus","date":"28\/11\/2019","format":false,"excerpt":"Non so se capita solo a me, ma mi sembra che ci sia in giro una nuova generazione di meme. Ora, per proteggere gli innocenti ed evitare di essere bannato da un buon numero di pagine o gruppi o far indignare i miei amici, mi spiegher\u00f2 senza parlare di politica,\u2026","rel":"","context":"In &quot;Antropologia&quot;","block_context":{"text":"Antropologia","link":"http:\/\/www.robertosedda.it\/?cat=97"},"img":{"alt_text":"","src":"https:\/\/i0.wp.com\/www.robertosedda.it\/wp-content\/uploads\/2019\/11\/Cani-e-gatti.jpg?fit=1200%2C675&resize=350%2C200","width":350,"height":200,"srcset":"https:\/\/i0.wp.com\/www.robertosedda.it\/wp-content\/uploads\/2019\/11\/Cani-e-gatti.jpg?fit=1200%2C675&resize=350%2C200 1x, https:\/\/i0.wp.com\/www.robertosedda.it\/wp-content\/uploads\/2019\/11\/Cani-e-gatti.jpg?fit=1200%2C675&resize=700%2C400 2x, https:\/\/i0.wp.com\/www.robertosedda.it\/wp-content\/uploads\/2019\/11\/Cani-e-gatti.jpg?fit=1200%2C675&resize=1050%2C600 3x"},"classes":[]},{"id":17881,"url":"http:\/\/www.robertosedda.it\/?p=17881","url_meta":{"origin":14448,"position":5},"title":"Per il pensiero critico","author":"Rufus","date":"27\/02\/2020","format":false,"excerpt":"Ho visto l'altro giorno, sulla bacheca di un contatto che non sono pi\u00f9 riuscito a ritrovare un grafico, prodotto dalla organizzazione americana senza fine di lucro Global Digital Citizen Foundation, che riassume in maniera interessante una serie di domande che tutti ci dovremmo porre quando tentiamo di decodificare una informazione\u2026","rel":"","context":"In &quot;Coordinate&quot;","block_context":{"text":"Coordinate","link":"http:\/\/www.robertosedda.it\/?cat=52"},"img":{"alt_text":"","src":"https:\/\/i0.wp.com\/www.robertosedda.it\/wp-content\/uploads\/2020\/02\/Checklist-pensiero-critico.jpg?fit=848%2C1200&resize=350%2C200","width":350,"height":200,"srcset":"https:\/\/i0.wp.com\/www.robertosedda.it\/wp-content\/uploads\/2020\/02\/Checklist-pensiero-critico.jpg?fit=848%2C1200&resize=350%2C200 1x, https:\/\/i0.wp.com\/www.robertosedda.it\/wp-content\/uploads\/2020\/02\/Checklist-pensiero-critico.jpg?fit=848%2C1200&resize=700%2C400 2x"},"classes":[]}],"_links":{"self":[{"href":"http:\/\/www.robertosedda.it\/index.php?rest_route=\/wp\/v2\/posts\/14448"}],"collection":[{"href":"http:\/\/www.robertosedda.it\/index.php?rest_route=\/wp\/v2\/posts"}],"about":[{"href":"http:\/\/www.robertosedda.it\/index.php?rest_route=\/wp\/v2\/types\/post"}],"author":[{"embeddable":true,"href":"http:\/\/www.robertosedda.it\/index.php?rest_route=\/wp\/v2\/users\/1"}],"replies":[{"embeddable":true,"href":"http:\/\/www.robertosedda.it\/index.php?rest_route=%2Fwp%2Fv2%2Fcomments&post=14448"}],"version-history":[{"count":7,"href":"http:\/\/www.robertosedda.it\/index.php?rest_route=\/wp\/v2\/posts\/14448\/revisions"}],"predecessor-version":[{"id":14455,"href":"http:\/\/www.robertosedda.it\/index.php?rest_route=\/wp\/v2\/posts\/14448\/revisions\/14455"}],"wp:featuredmedia":[{"embeddable":true,"href":"http:\/\/www.robertosedda.it\/index.php?rest_route=\/wp\/v2\/media\/8155"}],"wp:attachment":[{"href":"http:\/\/www.robertosedda.it\/index.php?rest_route=%2Fwp%2Fv2%2Fmedia&parent=14448"}],"wp:term":[{"taxonomy":"category","embeddable":true,"href":"http:\/\/www.robertosedda.it\/index.php?rest_route=%2Fwp%2Fv2%2Fcategories&post=14448"},{"taxonomy":"post_tag","embeddable":true,"href":"http:\/\/www.robertosedda.it\/index.php?rest_route=%2Fwp%2Fv2%2Ftags&post=14448"}],"curies":[{"name":"wp","href":"https:\/\/api.w.org\/{rel}","templated":true}]}}