{"id":14405,"date":"2017-12-11T16:06:23","date_gmt":"2017-12-11T15:06:23","guid":{"rendered":"http:\/\/www.robertosedda.it\/?p=14405"},"modified":"2017-12-15T18:02:55","modified_gmt":"2017-12-15T17:02:55","slug":"io-e-leonardo-becchetti","status":"publish","type":"post","link":"http:\/\/www.robertosedda.it\/?p=14405","title":{"rendered":"Io e Leonardo Becchetti"},"content":{"rendered":"<p>Io e <a href=\"https:\/\/it.wikipedia.org\/wiki\/Leonardo_Becchetti\">Leonardo Becchetti<\/a> saremo insieme alle 18 di gioved\u00ec 14 dicembre sul palco dell&#8217;Auditorium Comunale per il festival<a href=\"http:\/\/www.leifestival.com\/\"><em> Lei<\/em><\/a>, che quest&#8217;anno \u00e8 dedicato al tema della felicit\u00e0.<\/p>\n<p><a href=\"https:\/\/i0.wp.com\/www.robertosedda.it\/wp-content\/uploads\/2017\/12\/lei-festival-2017.jpg\"><img data-attachment-id=\"14407\" data-permalink=\"http:\/\/www.robertosedda.it\/?attachment_id=14407\" data-orig-file=\"https:\/\/i0.wp.com\/www.robertosedda.it\/wp-content\/uploads\/2017\/12\/lei-festival-2017.jpg?fit=640%2C241\" data-orig-size=\"640,241\" data-comments-opened=\"1\" data-image-meta=\"{&quot;aperture&quot;:&quot;0&quot;,&quot;credit&quot;:&quot;&quot;,&quot;camera&quot;:&quot;&quot;,&quot;caption&quot;:&quot;&quot;,&quot;created_timestamp&quot;:&quot;0&quot;,&quot;copyright&quot;:&quot;&quot;,&quot;focal_length&quot;:&quot;0&quot;,&quot;iso&quot;:&quot;0&quot;,&quot;shutter_speed&quot;:&quot;0&quot;,&quot;title&quot;:&quot;&quot;,&quot;orientation&quot;:&quot;0&quot;}\" data-image-title=\"lei-festival-2017\" data-image-description=\"\" data-image-caption=\"\" data-medium-file=\"https:\/\/i0.wp.com\/www.robertosedda.it\/wp-content\/uploads\/2017\/12\/lei-festival-2017.jpg?fit=300%2C113\" data-large-file=\"https:\/\/i0.wp.com\/www.robertosedda.it\/wp-content\/uploads\/2017\/12\/lei-festival-2017.jpg?fit=510%2C192\" decoding=\"async\" loading=\"lazy\" class=\"aligncenter size-full wp-image-14407\" src=\"https:\/\/i0.wp.com\/www.robertosedda.it\/wp-content\/uploads\/2017\/12\/lei-festival-2017.jpg?resize=640%2C241\" alt=\"\" width=\"640\" height=\"241\" srcset=\"https:\/\/i0.wp.com\/www.robertosedda.it\/wp-content\/uploads\/2017\/12\/lei-festival-2017.jpg?w=640 640w, https:\/\/i0.wp.com\/www.robertosedda.it\/wp-content\/uploads\/2017\/12\/lei-festival-2017.jpg?resize=150%2C56 150w, https:\/\/i0.wp.com\/www.robertosedda.it\/wp-content\/uploads\/2017\/12\/lei-festival-2017.jpg?resize=300%2C113 300w, https:\/\/i0.wp.com\/www.robertosedda.it\/wp-content\/uploads\/2017\/12\/lei-festival-2017.jpg?resize=510%2C192 510w\" sizes=\"(max-width: 640px) 100vw, 640px\" data-recalc-dims=\"1\" \/><\/a>E sar\u00e0 proprio sulla felicit\u00e0 la prima domanda che rivolger\u00f2 a Leonardo, per introdurre la presentazione del suo libro <em>Capire l&#8217;economia in sette passi<\/em>, che sar\u00e0 al centro della serata.<\/p>\n<p>Una delle cose buone di accettare di fare l&#8217;intervistatore a un festival (una esperienza che non mi era mai capitata), \u00e8 che il libro te lo regalano: l&#8217;ho finito da un paio di settimane ma non ne ho fatto la recensione qui sul <em>blog<\/em>, come usuale, perch\u00e9 non mi sembrava corretto in vista della serata. Per lo stesso motivo non vi anticipo le domande che far\u00f2, posso dire per\u00f2 che secondo me la serata sar\u00e0 interessante e se qualcuno dei lettori del <em>blog<\/em> sar\u00e0 fra il pubblico ne sar\u00f2 felicissimo.<\/p>\n<p><a href=\"https:\/\/i0.wp.com\/www.robertosedda.it\/wp-content\/uploads\/2017\/12\/Becchetti-LEI.jpg\"><img data-attachment-id=\"14408\" data-permalink=\"http:\/\/www.robertosedda.it\/?attachment_id=14408\" data-orig-file=\"https:\/\/i0.wp.com\/www.robertosedda.it\/wp-content\/uploads\/2017\/12\/Becchetti-LEI.jpg?fit=960%2C768\" data-orig-size=\"960,768\" data-comments-opened=\"1\" data-image-meta=\"{&quot;aperture&quot;:&quot;0&quot;,&quot;credit&quot;:&quot;&quot;,&quot;camera&quot;:&quot;&quot;,&quot;caption&quot;:&quot;&quot;,&quot;created_timestamp&quot;:&quot;0&quot;,&quot;copyright&quot;:&quot;&quot;,&quot;focal_length&quot;:&quot;0&quot;,&quot;iso&quot;:&quot;0&quot;,&quot;shutter_speed&quot;:&quot;0&quot;,&quot;title&quot;:&quot;&quot;,&quot;orientation&quot;:&quot;0&quot;}\" data-image-title=\"Becchetti LEI\" data-image-description=\"\" data-image-caption=\"\" data-medium-file=\"https:\/\/i0.wp.com\/www.robertosedda.it\/wp-content\/uploads\/2017\/12\/Becchetti-LEI.jpg?fit=300%2C240\" data-large-file=\"https:\/\/i0.wp.com\/www.robertosedda.it\/wp-content\/uploads\/2017\/12\/Becchetti-LEI.jpg?fit=510%2C408\" decoding=\"async\" loading=\"lazy\" class=\"aligncenter size-full wp-image-14408\" src=\"https:\/\/i0.wp.com\/www.robertosedda.it\/wp-content\/uploads\/2017\/12\/Becchetti-LEI.jpg?resize=800%2C640\" alt=\"\" width=\"800\" height=\"640\" srcset=\"https:\/\/i0.wp.com\/www.robertosedda.it\/wp-content\/uploads\/2017\/12\/Becchetti-LEI.jpg?w=960 960w, https:\/\/i0.wp.com\/www.robertosedda.it\/wp-content\/uploads\/2017\/12\/Becchetti-LEI.jpg?resize=150%2C120 150w, https:\/\/i0.wp.com\/www.robertosedda.it\/wp-content\/uploads\/2017\/12\/Becchetti-LEI.jpg?resize=300%2C240 300w, https:\/\/i0.wp.com\/www.robertosedda.it\/wp-content\/uploads\/2017\/12\/Becchetti-LEI.jpg?resize=510%2C408 510w, https:\/\/i0.wp.com\/www.robertosedda.it\/wp-content\/uploads\/2017\/12\/Becchetti-LEI.jpg?resize=700%2C560 700w\" sizes=\"(max-width: 800px) 100vw, 800px\" data-recalc-dims=\"1\" \/><\/a>Se posso ulteriormente invogliarvi vorrei raccontarvi un piccolo aneddoto familiare.<\/p>\n<p>Ieri accompagnavo la famiglia di Iole e famiglia in macchina e, parlando, li ho invitati alla serata. Marta, la\u00a0 nipote piccola, mi ha detto: \u00abZio, ma perch\u00e9 lo intervisti tu? Voglio dire, tu non sei mica, non so, un giornalista\u00bb, e mia sorella, che quando pu\u00f2 mi tratta malissimo ma poi \u00e8 molto protettiva nei miei confronti, ha detto (Dio la benedica): \u00abBeh, perch\u00e9 zio \u00e8 bravo\u00bb. E io, affettando modestia: \u00abNo, dai non sono bravo, \u00e8 solo che di questo io ne capisco\u00bb. Ed \u00e8 vero: io il libro di Becchetti lo <em>capisco<\/em>.<\/p>\n<p>Spero che gioved\u00ec si veda, nelle domande e nella chiacchierata che faremo.<\/p>\n<p>Vi aspetto.<\/p>\n","protected":false},"excerpt":{"rendered":"<p>Io e Leonardo Becchetti saremo insieme alle 18 di gioved\u00ec 14 dicembre sul palco dell&#8217;Auditorium Comunale per il festival Lei,<\/p>\n","protected":false},"author":1,"featured_media":14408,"comment_status":"open","ping_status":"open","sticky":false,"template":"","format":"standard","meta":{"_mi_skip_tracking":false,"_monsterinsights_sitenote_active":false,"_monsterinsights_sitenote_note":"","_monsterinsights_sitenote_category":0,"jetpack_post_was_ever_published":false,"_jetpack_newsletter_access":"","jetpack_publicize_message":"","jetpack_is_tweetstorm":false,"jetpack_publicize_feature_enabled":true,"jetpack_social_post_already_shared":true,"jetpack_social_options":{"image_generator_settings":{"template":"highway","enabled":false}}},"categories":[52,55,77,95,16],"tags":[],"jetpack_publicize_connections":[],"jetpack_featured_media_url":"https:\/\/i0.wp.com\/www.robertosedda.it\/wp-content\/uploads\/2017\/12\/Becchetti-LEI.jpg?fit=960%2C768","jetpack_sharing_enabled":true,"jetpack_shortlink":"https:\/\/wp.me\/p4jV2T-3Kl","jetpack_likes_enabled":true,"jetpack-related-posts":[{"id":13088,"url":"http:\/\/www.robertosedda.it\/?p=13088","url_meta":{"origin":14405,"position":0},"title":"E nessuno chiudeva la porta","author":"Rufus","date":"16\/01\/2017","format":false,"excerpt":"Questo pomeriggio, come sempre dopo pranzo, a casa era accesa la radio e ascoltavamo Radio3, per la precisione Fahrenheit. Si parlava del rapporto Oxfam diffuso oggi, l'articolo di inquadramento della loro campagna Un'economia umana per il 99%, dove il 99% sarebbero le persone normali e l'1% quella minoranza di super-ricchi\u2026","rel":"","context":"In &quot;Coordinate&quot;","block_context":{"text":"Coordinate","link":"http:\/\/www.robertosedda.it\/?cat=52"},"img":{"alt_text":"","src":"https:\/\/i0.wp.com\/www.robertosedda.it\/wp-content\/uploads\/2017\/01\/Oxfam.jpg?fit=457%2C457&resize=350%2C200","width":350,"height":200},"classes":[]},{"id":5461,"url":"http:\/\/www.robertosedda.it\/?p=5461","url_meta":{"origin":14405,"position":1},"title":"Letture per Natale","author":"Rufus","date":"17\/12\/2013","format":false,"excerpt":"Raccolgo volentieri la segnalazione della mia amica, antica collega universitaria\u00a0e consocia di Banca Etica Marina Boetti, la libraia pi\u00f9 affascinante che conosca (qui a lato in una foto di Dietrich Steinmetz che ho rubato da Facebook). Marina mi ha\u00a0inviato per mail un elenco di titoli che per chi fa politica,\u2026","rel":"","context":"In &quot;Coordinate&quot;","block_context":{"text":"Coordinate","link":"http:\/\/www.robertosedda.it\/?cat=52"},"img":{"alt_text":"","src":"https:\/\/i0.wp.com\/www.robertosedda.it\/wp-content\/uploads\/2013\/12\/economia-con-l-anima.jpg?resize=350%2C200","width":350,"height":200},"classes":[]},{"id":8467,"url":"http:\/\/www.robertosedda.it\/?p=8467","url_meta":{"origin":14405,"position":2},"title":"I consigli del venerd\u00ec: no profit, donne che giocano e discoteche cadenti","author":"Rufus","date":"19\/09\/2014","format":false,"excerpt":"Di varia economia Questa settimana ho consigliato un\u00a0articolo su\u00a0Vita che recensisce\u00a0Wikieconomia. Manifesto dell\u2019economia civile, un libro di Leonardo Becchetti, che \u00e8 stato a lungo anche Presidente del Comitato Etico di Banca Etica. \u00c8 chiaro che si tratta di un libro che non posso non consigliare, ma la recensione mi sembra\u2026","rel":"","context":"In &quot;Coordinate&quot;","block_context":{"text":"Coordinate","link":"http:\/\/www.robertosedda.it\/?cat=52"},"img":{"alt_text":"","src":"https:\/\/i0.wp.com\/www.robertosedda.it\/wp-content\/uploads\/2014\/09\/Discoteca-abbandonata.jpg?fit=1065%2C710&resize=350%2C200","width":350,"height":200,"srcset":"https:\/\/i0.wp.com\/www.robertosedda.it\/wp-content\/uploads\/2014\/09\/Discoteca-abbandonata.jpg?fit=1065%2C710&resize=350%2C200 1x, https:\/\/i0.wp.com\/www.robertosedda.it\/wp-content\/uploads\/2014\/09\/Discoteca-abbandonata.jpg?fit=1065%2C710&resize=700%2C400 2x, https:\/\/i0.wp.com\/www.robertosedda.it\/wp-content\/uploads\/2014\/09\/Discoteca-abbandonata.jpg?fit=1065%2C710&resize=1050%2C600 3x"},"classes":[]},{"id":20425,"url":"http:\/\/www.robertosedda.it\/?p=20425","url_meta":{"origin":14405,"position":3},"title":"Bel clima al LEI festival","author":"Rufus","date":"05\/12\/2023","format":false,"excerpt":"Mi sono molto divertito, nel fine settimana, a partecipare da (semi)protagonista al LEI festival intervistando Ugo Biggeri sul suo libro\u00a0I soldi danno la felicit\u00e0. Il libro \u00e8 piacevolmente scorrevole, con Ugo ci conosciamo da anni e i temi del libro sono temi che navigo con frequenza, quindi non \u00e8 stato\u2026","rel":"","context":"In &quot;Banche e finanza&quot;","block_context":{"text":"Banche e finanza","link":"http:\/\/www.robertosedda.it\/?cat=72"},"img":{"alt_text":"","src":"https:\/\/i0.wp.com\/www.robertosedda.it\/wp-content\/uploads\/2023\/12\/Lei-ricchezza.jpg?fit=1200%2C670&resize=350%2C200","width":350,"height":200,"srcset":"https:\/\/i0.wp.com\/www.robertosedda.it\/wp-content\/uploads\/2023\/12\/Lei-ricchezza.jpg?fit=1200%2C670&resize=350%2C200 1x, https:\/\/i0.wp.com\/www.robertosedda.it\/wp-content\/uploads\/2023\/12\/Lei-ricchezza.jpg?fit=1200%2C670&resize=700%2C400 2x, https:\/\/i0.wp.com\/www.robertosedda.it\/wp-content\/uploads\/2023\/12\/Lei-ricchezza.jpg?fit=1200%2C670&resize=1050%2C600 3x"},"classes":[]},{"id":15908,"url":"http:\/\/www.robertosedda.it\/?p=15908","url_meta":{"origin":14405,"position":4},"title":"Fine settimana all&#8217;insegna delle bilocazioni","author":"Rufus","date":"29\/11\/2018","format":false,"excerpt":"Questo fine settimana sono coinvolto in un po' di impegni pubblici: volevo limitarmi a condividerli sui\u00a0social, poi per\u00f2 mi sono accorto che avrei dovuto fare parecchi\u00a0post e quindi preferisco invitarvi a venirmi a trovare scrivendo qui sul\u00a0blog, che mi sembra pi\u00f9 appropriato. Sabato e un po' domenica a\u00a0Scirarindi Il gruppo\u2026","rel":"","context":"In &quot;Coordinate&quot;","block_context":{"text":"Coordinate","link":"http:\/\/www.robertosedda.it\/?cat=52"},"img":{"alt_text":"","src":"https:\/\/i0.wp.com\/www.robertosedda.it\/wp-content\/uploads\/2018\/11\/Roberto-Scirarindi.jpg?fit=1200%2C800&resize=350%2C200","width":350,"height":200,"srcset":"https:\/\/i0.wp.com\/www.robertosedda.it\/wp-content\/uploads\/2018\/11\/Roberto-Scirarindi.jpg?fit=1200%2C800&resize=350%2C200 1x, https:\/\/i0.wp.com\/www.robertosedda.it\/wp-content\/uploads\/2018\/11\/Roberto-Scirarindi.jpg?fit=1200%2C800&resize=700%2C400 2x, https:\/\/i0.wp.com\/www.robertosedda.it\/wp-content\/uploads\/2018\/11\/Roberto-Scirarindi.jpg?fit=1200%2C800&resize=1050%2C600 3x"},"classes":[]},{"id":14422,"url":"http:\/\/www.robertosedda.it\/?p=14422","url_meta":{"origin":14405,"position":5},"title":"Energia pulita","author":"Rufus","date":"13\/12\/2017","format":false,"excerpt":"Settimana impegnativa, questa. Se domani c'\u00e8 l'incontro con Becchetti, venerd\u00ec introdurr\u00f2 questo incontro sulla democrazia energetica: produrre la propria energia in piccoli impianti sostenibili locali, per esempio, oppure affidarsia fonritori sul mercato libero che garantisocno l'utilizzo di fonti rinnovabili. L'incontro serve anche a presentare due realt\u00e0 socie di Banca Etica\u2026","rel":"","context":"In &quot;Coordinate&quot;","block_context":{"text":"Coordinate","link":"http:\/\/www.robertosedda.it\/?cat=52"},"img":{"alt_text":"","src":"https:\/\/i0.wp.com\/www.robertosedda.it\/wp-content\/uploads\/2017\/12\/24232220_1761698587196586_895917333946927694_n.jpg?fit=810%2C450&resize=350%2C200","width":350,"height":200,"srcset":"https:\/\/i0.wp.com\/www.robertosedda.it\/wp-content\/uploads\/2017\/12\/24232220_1761698587196586_895917333946927694_n.jpg?fit=810%2C450&resize=350%2C200 1x, https:\/\/i0.wp.com\/www.robertosedda.it\/wp-content\/uploads\/2017\/12\/24232220_1761698587196586_895917333946927694_n.jpg?fit=810%2C450&resize=700%2C400 2x"},"classes":[]}],"_links":{"self":[{"href":"http:\/\/www.robertosedda.it\/index.php?rest_route=\/wp\/v2\/posts\/14405"}],"collection":[{"href":"http:\/\/www.robertosedda.it\/index.php?rest_route=\/wp\/v2\/posts"}],"about":[{"href":"http:\/\/www.robertosedda.it\/index.php?rest_route=\/wp\/v2\/types\/post"}],"author":[{"embeddable":true,"href":"http:\/\/www.robertosedda.it\/index.php?rest_route=\/wp\/v2\/users\/1"}],"replies":[{"embeddable":true,"href":"http:\/\/www.robertosedda.it\/index.php?rest_route=%2Fwp%2Fv2%2Fcomments&post=14405"}],"version-history":[{"count":2,"href":"http:\/\/www.robertosedda.it\/index.php?rest_route=\/wp\/v2\/posts\/14405\/revisions"}],"predecessor-version":[{"id":14409,"href":"http:\/\/www.robertosedda.it\/index.php?rest_route=\/wp\/v2\/posts\/14405\/revisions\/14409"}],"wp:featuredmedia":[{"embeddable":true,"href":"http:\/\/www.robertosedda.it\/index.php?rest_route=\/wp\/v2\/media\/14408"}],"wp:attachment":[{"href":"http:\/\/www.robertosedda.it\/index.php?rest_route=%2Fwp%2Fv2%2Fmedia&parent=14405"}],"wp:term":[{"taxonomy":"category","embeddable":true,"href":"http:\/\/www.robertosedda.it\/index.php?rest_route=%2Fwp%2Fv2%2Fcategories&post=14405"},{"taxonomy":"post_tag","embeddable":true,"href":"http:\/\/www.robertosedda.it\/index.php?rest_route=%2Fwp%2Fv2%2Ftags&post=14405"}],"curies":[{"name":"wp","href":"https:\/\/api.w.org\/{rel}","templated":true}]}}