{"id":14374,"date":"2017-11-28T10:54:04","date_gmt":"2017-11-28T09:54:04","guid":{"rendered":"http:\/\/www.robertosedda.it\/?p=14374"},"modified":"2018-04-04T15:35:21","modified_gmt":"2018-04-04T13:35:21","slug":"mendicare-e-la-chiesa","status":"publish","type":"post","link":"http:\/\/www.robertosedda.it\/?p=14374","title":{"rendered":"Mendicare (e la Chiesa)"},"content":{"rendered":"<p>Questa estate in Alto Adige sono andato in chiesa (a Malles) e ho trovato questo:<\/p>\n<p><a href=\"https:\/\/i0.wp.com\/www.robertosedda.it\/wp-content\/uploads\/2017\/11\/Noi-e-i-mendicanti.jpg\"><img data-attachment-id=\"14375\" data-permalink=\"http:\/\/www.robertosedda.it\/?attachment_id=14375\" data-orig-file=\"https:\/\/i0.wp.com\/www.robertosedda.it\/wp-content\/uploads\/2017\/11\/Noi-e-i-mendicanti.jpg?fit=1000%2C565\" data-orig-size=\"1000,565\" data-comments-opened=\"1\" data-image-meta=\"{&quot;aperture&quot;:&quot;0&quot;,&quot;credit&quot;:&quot;&quot;,&quot;camera&quot;:&quot;&quot;,&quot;caption&quot;:&quot;&quot;,&quot;created_timestamp&quot;:&quot;0&quot;,&quot;copyright&quot;:&quot;&quot;,&quot;focal_length&quot;:&quot;0&quot;,&quot;iso&quot;:&quot;0&quot;,&quot;shutter_speed&quot;:&quot;0&quot;,&quot;title&quot;:&quot;&quot;,&quot;orientation&quot;:&quot;1&quot;}\" data-image-title=\"Noi e i mendicanti\" data-image-description=\"\" data-image-caption=\"\" data-medium-file=\"https:\/\/i0.wp.com\/www.robertosedda.it\/wp-content\/uploads\/2017\/11\/Noi-e-i-mendicanti.jpg?fit=300%2C170\" data-large-file=\"https:\/\/i0.wp.com\/www.robertosedda.it\/wp-content\/uploads\/2017\/11\/Noi-e-i-mendicanti.jpg?fit=510%2C288\" decoding=\"async\" loading=\"lazy\" class=\"aligncenter size-full wp-image-14375\" src=\"https:\/\/i0.wp.com\/www.robertosedda.it\/wp-content\/uploads\/2017\/11\/Noi-e-i-mendicanti.jpg?resize=800%2C452\" alt=\"\" width=\"800\" height=\"452\" srcset=\"https:\/\/i0.wp.com\/www.robertosedda.it\/wp-content\/uploads\/2017\/11\/Noi-e-i-mendicanti.jpg?w=1000 1000w, https:\/\/i0.wp.com\/www.robertosedda.it\/wp-content\/uploads\/2017\/11\/Noi-e-i-mendicanti.jpg?resize=150%2C85 150w, https:\/\/i0.wp.com\/www.robertosedda.it\/wp-content\/uploads\/2017\/11\/Noi-e-i-mendicanti.jpg?resize=300%2C170 300w, https:\/\/i0.wp.com\/www.robertosedda.it\/wp-content\/uploads\/2017\/11\/Noi-e-i-mendicanti.jpg?resize=510%2C288 510w, https:\/\/i0.wp.com\/www.robertosedda.it\/wp-content\/uploads\/2017\/11\/Noi-e-i-mendicanti.jpg?resize=700%2C396 700w\" sizes=\"(max-width: 800px) 100vw, 800px\" data-recalc-dims=\"1\" \/><\/a>Era la copertina di <a href=\"https:\/\/www.buongiornosuedtirol.it\/2014\/07\/foglio-informativo-noi-e-i-mendicanti\/\">un volantino stampato dai Gesuiti di Innsbruck<\/a> e poi fatto proprio dalla diocesi: <a href=\"http:\/\/www.robertosedda.it\/wp-content\/uploads\/2017\/11\/Faltblatt.pdf\">una breve lettura molto interessante<\/a> che raccomando (non vi preoccupate per il tedesco: \u00e8 bilingue). Dice cose tipo:<\/p>\n<blockquote><p>Ogni persona pu\u00f2 chiedere l\u2019elemosina. \u00c8 un suo diritto. I mendicanti sono un disturbo perch\u00e9 rendono evidente l\u2019esistenza di quella povert\u00e0, che la societ\u00e0 tende invece a nascondere<\/p><\/blockquote>\n<p>La Caritas di Bolzano-Bressanone ha in realt\u00e0 una posizione pi\u00f9 meditata e articolata, che potete leggere <a href=\"http:\/\/www.caritas.bz.it\/fileadmin\/Caritas\/Bilder\/Themen\/2017_01_18_Bettelverbot_PP_it_web.pdf\">qui<\/a>\u00a0(mentre qui c&#8217;\u00e8 la <a href=\"http:\/\/www.caritas.bz.it\/it\/attualita\/temi\/il-divieto-di-accattonaggio-in-alto-adige.html\">sintesi<\/a>, per chi ha fretta).<\/p>\n<p>Poi naturalmente ci sono altri. Per esempio don Francesco Mariani, di cui trovo stamattina questo splendido pezzo su\u00a0<em>Facebook<\/em>. Di solito non pubblico articolacci, ma qui mi serve per spiegare:<\/p>\n<p><a href=\"https:\/\/i0.wp.com\/www.robertosedda.it\/wp-content\/uploads\/2017\/11\/Don-Francesco-Mariani.jpg\"><img data-attachment-id=\"14377\" data-permalink=\"http:\/\/www.robertosedda.it\/?attachment_id=14377\" data-orig-file=\"https:\/\/i0.wp.com\/www.robertosedda.it\/wp-content\/uploads\/2017\/11\/Don-Francesco-Mariani.jpg?fit=524%2C960\" data-orig-size=\"524,960\" data-comments-opened=\"1\" data-image-meta=\"{&quot;aperture&quot;:&quot;0&quot;,&quot;credit&quot;:&quot;&quot;,&quot;camera&quot;:&quot;&quot;,&quot;caption&quot;:&quot;&quot;,&quot;created_timestamp&quot;:&quot;0&quot;,&quot;copyright&quot;:&quot;&quot;,&quot;focal_length&quot;:&quot;0&quot;,&quot;iso&quot;:&quot;0&quot;,&quot;shutter_speed&quot;:&quot;0&quot;,&quot;title&quot;:&quot;&quot;,&quot;orientation&quot;:&quot;0&quot;}\" data-image-title=\"Don Francesco Mariani\" data-image-description=\"\" data-image-caption=\"\" data-medium-file=\"https:\/\/i0.wp.com\/www.robertosedda.it\/wp-content\/uploads\/2017\/11\/Don-Francesco-Mariani.jpg?fit=164%2C300\" data-large-file=\"https:\/\/i0.wp.com\/www.robertosedda.it\/wp-content\/uploads\/2017\/11\/Don-Francesco-Mariani.jpg?fit=510%2C934\" decoding=\"async\" loading=\"lazy\" class=\"aligncenter size-full wp-image-14377\" src=\"https:\/\/i0.wp.com\/www.robertosedda.it\/wp-content\/uploads\/2017\/11\/Don-Francesco-Mariani.jpg?resize=524%2C960\" alt=\"\" width=\"524\" height=\"960\" srcset=\"https:\/\/i0.wp.com\/www.robertosedda.it\/wp-content\/uploads\/2017\/11\/Don-Francesco-Mariani.jpg?w=524 524w, https:\/\/i0.wp.com\/www.robertosedda.it\/wp-content\/uploads\/2017\/11\/Don-Francesco-Mariani.jpg?resize=82%2C150 82w, https:\/\/i0.wp.com\/www.robertosedda.it\/wp-content\/uploads\/2017\/11\/Don-Francesco-Mariani.jpg?resize=164%2C300 164w, https:\/\/i0.wp.com\/www.robertosedda.it\/wp-content\/uploads\/2017\/11\/Don-Francesco-Mariani.jpg?resize=510%2C934 510w\" sizes=\"(max-width: 524px) 100vw, 524px\" data-recalc-dims=\"1\" \/><\/a>Direi che ci sono due parti distinte, no?<\/p>\n<p>Proprio gente seduta l&#8217;una da una parte e l&#8217;una dall&#8217;altra.<\/p>\n<p>Lo sottolineo perch\u00e9 la distanza non \u00e8 prima di tutto politica, o culturale, ma <em>religiosa<\/em>. E infatti nostro Signore ne aveva parlato, con precisione (in Mt\u00a025,31-46):<\/p>\n<blockquote><p>Quando il Figlio dell&#8217;uomo verr\u00e0 nella sua gloria con tutti i suoi angeli, si sieder\u00e0 sul trono della sua gloria.\u00a0E saranno riunite davanti a lui tutte le genti, ed egli separer\u00e0 gli uni dagli altri, come il pastore separa le pecore dai capri,\u00a0e porr\u00e0 le pecore alla sua destra e i capri alla sinistra.\u00a0Allora il re dir\u00e0 a quelli che stanno alla sua destra: Venite, benedetti del Padre mio, ricevete in eredit\u00e0 il regno preparato per voi fin dalla fondazione del mondo.\u00a0Perch\u00e9 io ho avuto fame e mi avete dato da mangiare, ho avuto sete e mi avete dato da bere; ero forestiero e mi avete ospitato,\u00a0nudo e mi avete vestito, malato e mi avete visitato, carcerato e siete venuti a trovarmi.\u00a0Allora i giusti gli risponderanno: Signore, quando mai ti abbiamo veduto affamato e ti abbiamo dato da mangiare, assetato e ti abbiamo dato da bere?\u00a0Quando ti abbiamo visto forestiero e ti abbiamo ospitato, o nudo e ti abbiamo vestito?\u00a0E quando ti abbiamo visto ammalato o in carcere e siamo venuti a visitarti?\u00a0Rispondendo, il re dir\u00e0 loro: In verit\u00e0 vi dico: ogni volta che avete fatto queste cose a uno solo di questi miei fratelli pi\u00f9 piccoli, l&#8217;avete fatto a me.\u00a0Poi dir\u00e0 a quelli alla sua sinistra: Via, lontano da me, maledetti, nel fuoco eterno, preparato per il diavolo e per i suoi angeli.\u00a0Perch\u00e9 ho avuto fame e non mi avete dato da mangiare; ho avuto sete e non mi avete dato da bere;\u00a0ero forestiero e non mi avete ospitato, nudo e non mi avete vestito, malato e in carcere e non mi avete visitato.\u00a0Anch&#8217;essi allora risponderanno: Signore, quando mai ti abbiamo visto affamato o assetato o forestiero o nudo o malato o in carcere e non ti abbiamo assistito?\u00a0Ma egli risponder\u00e0: In verit\u00e0 vi dico: ogni volta che non avete fatto queste cose a uno di questi miei fratelli pi\u00f9 piccoli, non l&#8217;avete fatto a me. E\u00a0se ne andranno, questi al supplizio eterno, e i giusti alla vita eterna\u00bb.<\/p><\/blockquote>\n<p>Stasera pregher\u00f2 per la salvezza delle anime sviate. <a href=\"http:\/\/www.robertosedda.it\/?p=11134\">Ammesso che ci credano<\/a>.<\/p>\n","protected":false},"excerpt":{"rendered":"<p>Questa estate in Alto Adige sono andato in chiesa (a Malles) e ho trovato questo: Era la copertina di un<\/p>\n","protected":false},"author":1,"featured_media":14375,"comment_status":"open","ping_status":"open","sticky":false,"template":"","format":"standard","meta":{"_mi_skip_tracking":false,"_monsterinsights_sitenote_active":false,"_monsterinsights_sitenote_note":"","_monsterinsights_sitenote_category":0,"jetpack_post_was_ever_published":false,"_jetpack_newsletter_access":"","jetpack_publicize_message":"","jetpack_is_tweetstorm":false,"jetpack_publicize_feature_enabled":true,"jetpack_social_post_already_shared":true,"jetpack_social_options":{"image_generator_settings":{"template":"highway","enabled":false}}},"categories":[52,54,17,62,16],"tags":[],"jetpack_publicize_connections":[],"jetpack_featured_media_url":"https:\/\/i0.wp.com\/www.robertosedda.it\/wp-content\/uploads\/2017\/11\/Noi-e-i-mendicanti.jpg?fit=1000%2C565","jetpack_sharing_enabled":true,"jetpack_shortlink":"https:\/\/wp.me\/p4jV2T-3JQ","jetpack_likes_enabled":true,"jetpack-related-posts":[{"id":17754,"url":"http:\/\/www.robertosedda.it\/?p=17754","url_meta":{"origin":14374,"position":0},"title":"Studiando per preparare la lectio","author":"Rufus","date":"25\/01\/2020","format":false,"excerpt":"Vladimir Sergeevi\u010d Solov\u2019\u00ebv di Ivan Nikolaevi\u010d Kramskoj - Pubblico dominio \u00abColoro che pensano poter ottenere, personalmente o senza intermediari, la piena e definitiva rivelazione di Cristo, non sono maturi per questa rivelazione: prendono per il Cristo i fantasmi della loro immaginazione. Dobbiamo cercare la pienezza di Cristo non nella nostra\u2026","rel":"","context":"In &quot;Coordinate&quot;","block_context":{"text":"Coordinate","link":"http:\/\/www.robertosedda.it\/?cat=52"},"img":{"alt_text":"","src":"https:\/\/i0.wp.com\/www.robertosedda.it\/wp-content\/uploads\/2020\/01\/Vladimir-Solovyov.jpg?fit=1006%2C1200&resize=350%2C200","width":350,"height":200,"srcset":"https:\/\/i0.wp.com\/www.robertosedda.it\/wp-content\/uploads\/2020\/01\/Vladimir-Solovyov.jpg?fit=1006%2C1200&resize=350%2C200 1x, https:\/\/i0.wp.com\/www.robertosedda.it\/wp-content\/uploads\/2020\/01\/Vladimir-Solovyov.jpg?fit=1006%2C1200&resize=700%2C400 2x"},"classes":[]},{"id":15572,"url":"http:\/\/www.robertosedda.it\/?p=15572","url_meta":{"origin":14374,"position":1},"title":"Dio dei nostri padri","author":"Rufus","date":"13\/08\/2018","format":false,"excerpt":"Quando Blaise Pascal mor\u00ec gli fu trovato un foglietto all'interno della fodera della giacca, dove l'aveva accuratamente cucito e scucito ogni volta che si faceva un abito nuovo. Sul foglietto era scritta una confessione di fede che iniziava: \u00abDio di Abramo, Dio di Isacco, Dio di Giacobbe. Non Dio dei\u2026","rel":"","context":"In &quot;Coordinate&quot;","block_context":{"text":"Coordinate","link":"http:\/\/www.robertosedda.it\/?cat=52"},"img":{"alt_text":"","src":"https:\/\/i0.wp.com\/www.robertosedda.it\/wp-content\/uploads\/2018\/08\/San-Benedetto-1.jpeg?fit=578%2C1046&resize=350%2C200","width":350,"height":200},"classes":[]},{"id":673,"url":"http:\/\/www.robertosedda.it\/?p=673","url_meta":{"origin":14374,"position":2},"title":"Da Londra","author":"Rufus","date":"23\/08\/2012","format":false,"excerpt":"Carissimi durante il fine settimana a Londra con Maria Bonaria alcune delle cose che abbiamo fatto o visto mi hanno suggerito dei pensieri \"lapirici\" che finalmente, adesso che ho un po' di tempo, vi rigiro. Non \u00e8 quindi un resoconto di cosa abbiamo mangiato o cosa abbiamo visto, ma due\u2026","rel":"","context":"In &quot;Coordinate&quot;","block_context":{"text":"Coordinate","link":"http:\/\/www.robertosedda.it\/?cat=52"},"img":{"alt_text":"","src":"","width":0,"height":0},"classes":[]},{"id":1310,"url":"http:\/\/www.robertosedda.it\/?p=1310","url_meta":{"origin":14374,"position":3},"title":"Liberarsi dalla memoria","author":"Rufus","date":"10\/11\/2012","format":false,"excerpt":"Ognuno ha i suoi momenti formativi importanti, le parole che ricorda a lungo. Uno dei miei \u00e8 l'espressione purificazione della memoria, introdotta nella vita ecclesiale da Giovanni Paolo II in vista del Giubileo del 2000. ... purificazione della memoria: esso chiede a tutti un atto di coraggio e di umilt\u00e0\u2026","rel":"","context":"In &quot;Coordinate&quot;","block_context":{"text":"Coordinate","link":"http:\/\/www.robertosedda.it\/?cat=52"},"img":{"alt_text":"","src":"https:\/\/i0.wp.com\/www.robertosedda.it\/wp-content\/uploads\/2012\/11\/IMG_3346bis.jpg?fit=800%2C1200&resize=350%2C200","width":350,"height":200,"srcset":"https:\/\/i0.wp.com\/www.robertosedda.it\/wp-content\/uploads\/2012\/11\/IMG_3346bis.jpg?fit=800%2C1200&resize=350%2C200 1x, https:\/\/i0.wp.com\/www.robertosedda.it\/wp-content\/uploads\/2012\/11\/IMG_3346bis.jpg?fit=800%2C1200&resize=700%2C400 2x"},"classes":[]},{"id":5008,"url":"http:\/\/www.robertosedda.it\/?p=5008","url_meta":{"origin":14374,"position":4},"title":"Con la stessa passione dei bambini","author":"Rufus","date":"13\/11\/2013","format":false,"excerpt":"Ieri sono andato alla Messa in occasione del diciannovesimo anniversario dell'ordinazione di don Giulio Madeddu. Al momento della colletta (la preghiera che il sacerdote pronuncia fra i riti di ingresso e la liturgia della Parola, per predisporre l'assemblea ormai costituita all'ascolto), Giulio ha letto ad alta voce il testo, rubricato\u2026","rel":"","context":"In &quot;Coordinate&quot;","block_context":{"text":"Coordinate","link":"http:\/\/www.robertosedda.it\/?cat=52"},"img":{"alt_text":"","src":"","width":0,"height":0},"classes":[]},{"id":11443,"url":"http:\/\/www.robertosedda.it\/?p=11443","url_meta":{"origin":14374,"position":5},"title":"Ma gli ebrei si salvano?","author":"Rufus","date":"25\/01\/2016","format":false,"excerpt":"Nota preliminare: ci sono un po' di divagazioni, ma magari sono interessanti. Molti anni fa, credo fra il 1982 e il 1985, l'Azione Cattolica diocesana fece una serie di incontri e di attivit\u00e0 nelle foranie (cio\u00e8 gruppi di parrocchie non urbane) di Senorb\u00ec e Mandas. La chiamammo, probabilmente impropriamente, scuola\u2026","rel":"","context":"In &quot;Coordinate&quot;","block_context":{"text":"Coordinate","link":"http:\/\/www.robertosedda.it\/?cat=52"},"img":{"alt_text":"","src":"https:\/\/i0.wp.com\/www.robertosedda.it\/wp-content\/uploads\/2016\/01\/Wojtyla-e-Toaff.jpg?fit=600%2C571&resize=350%2C200","width":350,"height":200},"classes":[]}],"_links":{"self":[{"href":"http:\/\/www.robertosedda.it\/index.php?rest_route=\/wp\/v2\/posts\/14374"}],"collection":[{"href":"http:\/\/www.robertosedda.it\/index.php?rest_route=\/wp\/v2\/posts"}],"about":[{"href":"http:\/\/www.robertosedda.it\/index.php?rest_route=\/wp\/v2\/types\/post"}],"author":[{"embeddable":true,"href":"http:\/\/www.robertosedda.it\/index.php?rest_route=\/wp\/v2\/users\/1"}],"replies":[{"embeddable":true,"href":"http:\/\/www.robertosedda.it\/index.php?rest_route=%2Fwp%2Fv2%2Fcomments&post=14374"}],"version-history":[{"count":1,"href":"http:\/\/www.robertosedda.it\/index.php?rest_route=\/wp\/v2\/posts\/14374\/revisions"}],"predecessor-version":[{"id":14378,"href":"http:\/\/www.robertosedda.it\/index.php?rest_route=\/wp\/v2\/posts\/14374\/revisions\/14378"}],"wp:featuredmedia":[{"embeddable":true,"href":"http:\/\/www.robertosedda.it\/index.php?rest_route=\/wp\/v2\/media\/14375"}],"wp:attachment":[{"href":"http:\/\/www.robertosedda.it\/index.php?rest_route=%2Fwp%2Fv2%2Fmedia&parent=14374"}],"wp:term":[{"taxonomy":"category","embeddable":true,"href":"http:\/\/www.robertosedda.it\/index.php?rest_route=%2Fwp%2Fv2%2Fcategories&post=14374"},{"taxonomy":"post_tag","embeddable":true,"href":"http:\/\/www.robertosedda.it\/index.php?rest_route=%2Fwp%2Fv2%2Ftags&post=14374"}],"curies":[{"name":"wp","href":"https:\/\/api.w.org\/{rel}","templated":true}]}}