{"id":14330,"date":"2017-11-23T13:18:34","date_gmt":"2017-11-23T12:18:34","guid":{"rendered":"http:\/\/www.robertosedda.it\/?p=14330"},"modified":"2021-11-24T09:51:07","modified_gmt":"2021-11-24T08:51:07","slug":"i-colori-medievali","status":"publish","type":"post","link":"http:\/\/www.robertosedda.it\/?p=14330","title":{"rendered":"I colori medievali"},"content":{"rendered":"<p>Su questo <em>blog<\/em> abbiamo gi\u00e0 parlato di <a href=\"http:\/\/www.robertosedda.it\/?p=9709\">percezione dei colori differente<\/a> a seconda delle diverse epoche e culture. Ieri ho trovato sul <em>blog<\/em> della studiosa inglese Kate Thomas <a href=\"https:\/\/forthewynnblog.wordpress.com\/\"><em>For the Wynn<\/em><\/a> un articolo che sposta l&#8217;argomento da Omero agli Anglo-Sassoni e l&#8217;ho trovato delizioso, cos\u00ec ho deciso di tradurlo.<\/p>\n<p>L&#8217;<a href=\"https:\/\/forthewynnblog.wordpress.com\/2017\/11\/20\/how-many-colours-were-there-in-a-medieval-rainbow\/\">articolo originale<\/a> \u00e8 del 20 novembre. Immagini e <em>link<\/em> sono quelli originali, tranne il riferimento ai libri consigliati che, quando possibile, ho sostituito con l&#8217;edizione italiana.<\/p>\n<h2>Quanti colori c&#8217;erano in un arcobaleno medievale?<\/h2>\n<h3>di Kate Thomas<\/h3>\n<figure id=\"attachment_14332\" aria-describedby=\"caption-attachment-14332\" style=\"width: 748px\" class=\"wp-caption alignnone\"><a href=\"https:\/\/i0.wp.com\/www.robertosedda.it\/wp-content\/uploads\/2017\/11\/gods-covenant-claudbiv16r.jpg\"><img data-attachment-id=\"14332\" data-permalink=\"http:\/\/www.robertosedda.it\/?attachment_id=14332\" data-orig-file=\"https:\/\/i0.wp.com\/www.robertosedda.it\/wp-content\/uploads\/2017\/11\/gods-covenant-claudbiv16r.jpg?fit=748%2C277\" data-orig-size=\"748,277\" data-comments-opened=\"1\" data-image-meta=\"{&quot;aperture&quot;:&quot;0&quot;,&quot;credit&quot;:&quot;Kate Thomas&quot;,&quot;camera&quot;:&quot;&quot;,&quot;caption&quot;:&quot;&quot;,&quot;created_timestamp&quot;:&quot;1511012937&quot;,&quot;copyright&quot;:&quot;&quot;,&quot;focal_length&quot;:&quot;0&quot;,&quot;iso&quot;:&quot;0&quot;,&quot;shutter_speed&quot;:&quot;0&quot;,&quot;title&quot;:&quot;&quot;,&quot;orientation&quot;:&quot;0&quot;}\" data-image-title=\"gods-covenant-claudbiv16r\" data-image-description=\"\" data-image-caption=\"\" data-medium-file=\"https:\/\/i0.wp.com\/www.robertosedda.it\/wp-content\/uploads\/2017\/11\/gods-covenant-claudbiv16r.jpg?fit=300%2C111\" data-large-file=\"https:\/\/i0.wp.com\/www.robertosedda.it\/wp-content\/uploads\/2017\/11\/gods-covenant-claudbiv16r.jpg?fit=510%2C189\" decoding=\"async\" loading=\"lazy\" class=\"wp-image-14332 size-full\" src=\"https:\/\/i0.wp.com\/www.robertosedda.it\/wp-content\/uploads\/2017\/11\/gods-covenant-claudbiv16r.jpg?resize=748%2C277\" alt=\"\" width=\"748\" height=\"277\" srcset=\"https:\/\/i0.wp.com\/www.robertosedda.it\/wp-content\/uploads\/2017\/11\/gods-covenant-claudbiv16r.jpg?w=748 748w, https:\/\/i0.wp.com\/www.robertosedda.it\/wp-content\/uploads\/2017\/11\/gods-covenant-claudbiv16r.jpg?resize=150%2C56 150w, https:\/\/i0.wp.com\/www.robertosedda.it\/wp-content\/uploads\/2017\/11\/gods-covenant-claudbiv16r.jpg?resize=300%2C111 300w, https:\/\/i0.wp.com\/www.robertosedda.it\/wp-content\/uploads\/2017\/11\/gods-covenant-claudbiv16r.jpg?resize=510%2C189 510w, https:\/\/i0.wp.com\/www.robertosedda.it\/wp-content\/uploads\/2017\/11\/gods-covenant-claudbiv16r.jpg?resize=700%2C259 700w\" sizes=\"(max-width: 748px) 100vw, 748px\" data-recalc-dims=\"1\" \/><\/a><figcaption id=\"caption-attachment-14332\" class=\"wp-caption-text\">Londra, British Library Cotton MS Claudius B. iv, fol. 16r<\/figcaption><\/figure>\n<blockquote><p>Questo \u00e8 il segno del mio patto che io ho fatto tra me e voi e tutte le creature viventi per tutte le generazioni, cio\u00e8 che porr\u00f2 il mio arco nelle nubi e sar\u00e0 un segno del mio patto tra me e la terra: quando coprir\u00f2 i cieli con le nubi, allora il mio arco apparir\u00e0 nelle nubi e io mi ricorder\u00f2 del mio patto con voi che d&#8217;ora in poi non ci sar\u00e0 pi\u00f9 un diluvio che distrugga ogni carne.<\/p><\/blockquote>\n<p>In Genesi 9,8-17, Dio crea l&#8217;arcobaleno come un segno per No\u00e8 che non avrebbe mai pi\u00f9 allagato la terra. Queste sono le parole dell&#8217;<em>Old English Hexateuch<\/em>, una copia illustrata dell&#8217;undicesimo secolo dei primi libri della Bibbia tradotti in prosa in inglese antico. In cima alla pagina l&#8217;artista rappresenta cos\u00ec il primo arcobaleno:<\/p>\n<figure id=\"attachment_14338\" aria-describedby=\"caption-attachment-14338\" style=\"width: 712px\" class=\"wp-caption aligncenter\"><a href=\"https:\/\/i0.wp.com\/www.robertosedda.it\/wp-content\/uploads\/2017\/11\/Arcobaleno-inglese-2.png\"><img data-attachment-id=\"14338\" data-permalink=\"http:\/\/www.robertosedda.it\/?attachment_id=14338\" data-orig-file=\"https:\/\/i0.wp.com\/www.robertosedda.it\/wp-content\/uploads\/2017\/11\/Arcobaleno-inglese-2.png?fit=712%2C471\" data-orig-size=\"712,471\" data-comments-opened=\"1\" data-image-meta=\"{&quot;aperture&quot;:&quot;0&quot;,&quot;credit&quot;:&quot;&quot;,&quot;camera&quot;:&quot;&quot;,&quot;caption&quot;:&quot;&quot;,&quot;created_timestamp&quot;:&quot;0&quot;,&quot;copyright&quot;:&quot;&quot;,&quot;focal_length&quot;:&quot;0&quot;,&quot;iso&quot;:&quot;0&quot;,&quot;shutter_speed&quot;:&quot;0&quot;,&quot;title&quot;:&quot;&quot;,&quot;orientation&quot;:&quot;0&quot;}\" data-image-title=\"Arcobaleno inglese 2\" data-image-description=\"\" data-image-caption=\"\" data-medium-file=\"https:\/\/i0.wp.com\/www.robertosedda.it\/wp-content\/uploads\/2017\/11\/Arcobaleno-inglese-2.png?fit=300%2C198\" data-large-file=\"https:\/\/i0.wp.com\/www.robertosedda.it\/wp-content\/uploads\/2017\/11\/Arcobaleno-inglese-2.png?fit=510%2C337\" decoding=\"async\" loading=\"lazy\" class=\"wp-image-14338 size-full\" src=\"https:\/\/i0.wp.com\/www.robertosedda.it\/wp-content\/uploads\/2017\/11\/Arcobaleno-inglese-2.png?resize=712%2C471\" alt=\"\" width=\"712\" height=\"471\" srcset=\"https:\/\/i0.wp.com\/www.robertosedda.it\/wp-content\/uploads\/2017\/11\/Arcobaleno-inglese-2.png?w=712 712w, https:\/\/i0.wp.com\/www.robertosedda.it\/wp-content\/uploads\/2017\/11\/Arcobaleno-inglese-2.png?resize=150%2C99 150w, https:\/\/i0.wp.com\/www.robertosedda.it\/wp-content\/uploads\/2017\/11\/Arcobaleno-inglese-2.png?resize=300%2C198 300w, https:\/\/i0.wp.com\/www.robertosedda.it\/wp-content\/uploads\/2017\/11\/Arcobaleno-inglese-2.png?resize=510%2C337 510w, https:\/\/i0.wp.com\/www.robertosedda.it\/wp-content\/uploads\/2017\/11\/Arcobaleno-inglese-2.png?resize=700%2C463 700w\" sizes=\"(max-width: 712px) 100vw, 712px\" data-recalc-dims=\"1\" \/><\/a><figcaption id=\"caption-attachment-14338\" class=\"wp-caption-text\">Londra, British Library Cotton MS Claudius B. iv, fol. 16v<\/figcaption><\/figure>\n<p>Qui i molti colori dell&#8217;arcobaleno sono rappresentati da strisce di appena tre colori. Come mai? Il lavoro enciclopedico <em>De Natura Rerum<\/em> di Isidoro afferma che ci sono, infatti, quattro colori nell&#8217;arcobaleno e ne d\u00e0 la motivazione:<\/p>\n<figure id=\"attachment_14339\" aria-describedby=\"caption-attachment-14339\" style=\"width: 748px\" class=\"wp-caption aligncenter\"><a href=\"https:\/\/i0.wp.com\/www.robertosedda.it\/wp-content\/uploads\/2017\/11\/Arcobaleno-inglese-3.jpg\"><img data-attachment-id=\"14339\" data-permalink=\"http:\/\/www.robertosedda.it\/?attachment_id=14339\" data-orig-file=\"https:\/\/i0.wp.com\/www.robertosedda.it\/wp-content\/uploads\/2017\/11\/Arcobaleno-inglese-3.jpg?fit=748%2C408\" data-orig-size=\"748,408\" data-comments-opened=\"1\" data-image-meta=\"{&quot;aperture&quot;:&quot;0&quot;,&quot;credit&quot;:&quot;Kate Thomas&quot;,&quot;camera&quot;:&quot;&quot;,&quot;caption&quot;:&quot;&quot;,&quot;created_timestamp&quot;:&quot;1511119229&quot;,&quot;copyright&quot;:&quot;&quot;,&quot;focal_length&quot;:&quot;0&quot;,&quot;iso&quot;:&quot;0&quot;,&quot;shutter_speed&quot;:&quot;0&quot;,&quot;title&quot;:&quot;&quot;,&quot;orientation&quot;:&quot;0&quot;}\" data-image-title=\"Arcobaleno inglese 3\" data-image-description=\"\" data-image-caption=\"&lt;p&gt;Londra, British Library Cotton MS Domitian A. i, fol. 28v&lt;\/p&gt;\n\" data-medium-file=\"https:\/\/i0.wp.com\/www.robertosedda.it\/wp-content\/uploads\/2017\/11\/Arcobaleno-inglese-3.jpg?fit=300%2C164\" data-large-file=\"https:\/\/i0.wp.com\/www.robertosedda.it\/wp-content\/uploads\/2017\/11\/Arcobaleno-inglese-3.jpg?fit=510%2C278\" decoding=\"async\" loading=\"lazy\" class=\"size-full wp-image-14339\" src=\"https:\/\/i0.wp.com\/www.robertosedda.it\/wp-content\/uploads\/2017\/11\/Arcobaleno-inglese-3.jpg?resize=748%2C408\" alt=\"\" width=\"748\" height=\"408\" srcset=\"https:\/\/i0.wp.com\/www.robertosedda.it\/wp-content\/uploads\/2017\/11\/Arcobaleno-inglese-3.jpg?w=748 748w, https:\/\/i0.wp.com\/www.robertosedda.it\/wp-content\/uploads\/2017\/11\/Arcobaleno-inglese-3.jpg?resize=150%2C82 150w, https:\/\/i0.wp.com\/www.robertosedda.it\/wp-content\/uploads\/2017\/11\/Arcobaleno-inglese-3.jpg?resize=300%2C164 300w, https:\/\/i0.wp.com\/www.robertosedda.it\/wp-content\/uploads\/2017\/11\/Arcobaleno-inglese-3.jpg?resize=510%2C278 510w, https:\/\/i0.wp.com\/www.robertosedda.it\/wp-content\/uploads\/2017\/11\/Arcobaleno-inglese-3.jpg?resize=700%2C382 700w\" sizes=\"(max-width: 748px) 100vw, 748px\" data-recalc-dims=\"1\" \/><\/a><figcaption id=\"caption-attachment-14339\" class=\"wp-caption-text\">Londra, British Library Cotton MS Domitian A. i, fol. 28v<\/figcaption><\/figure>\n<blockquote><p>Quadricolor e<em>nim<\/em>\u00a0e<em>st<\/em>\u00a0. ex omnibus elementis in se rapit species.\u00a0 De celo enim trahit igneu<em>m<\/em>colore<em>m<\/em>\u00a0. de aquis purpureum . de aere albu<em>m<\/em>\u00a0de terris collegit nigru<em>m<\/em>.<\/p>\n<p>Poich\u00e9 \u00e8 di quattro colori e prende in se stesso il suo aspetto da tutti gli elementi. Dal cielo prende il colore fiammeggiante, dalle acque purpureo, dall&#8217;aria bianco e dalla terra raduna il nero.<\/p><\/blockquote>\n<p>In precedenti articoli ho discusso il manoscritto conosciuto come <a href=\"https:\/\/forthewynnblog.wordpress.com\/category\/prayerbooks\/aelfwines-prayerbook\/\"><em>Breviario di \u00c6lfwine<\/em><\/a> (Londra, British Library Cotton Titus D. xxvii+xxvi), un piccolo manuale dell&#8217;undicesimo secolo che appartenne a suo tempo a \u00c6lfwine, il decano della Abbazia Nuova in Winchester. Il decano era evidentemente molto interessato alla conoscenza scientifica e a come predire il futuro, poich\u00e9 una significativa parte del manoscritto \u00e8 composta di piccoli brandelli di conoscenza riguardanti le maree e il cambiamento delle stagioni, e i momenti migliori per le differenti attivit\u00e0 (per esempio i salassi). Sui fogli 5V-6R di Titus D. xxvi compare un piccolo frammento a caso riguardante l&#8217;arcobaleno, pi\u00f9 o meno simile a quello di <em>De Natura Rerum<\/em>:<\/p>\n<figure id=\"attachment_14340\" aria-describedby=\"caption-attachment-14340\" style=\"width: 748px\" class=\"wp-caption aligncenter\"><a href=\"https:\/\/i0.wp.com\/www.robertosedda.it\/wp-content\/uploads\/2017\/11\/Arcobaleno-inglese-4.jpg\"><img data-attachment-id=\"14340\" data-permalink=\"http:\/\/www.robertosedda.it\/?attachment_id=14340\" data-orig-file=\"https:\/\/i0.wp.com\/www.robertosedda.it\/wp-content\/uploads\/2017\/11\/Arcobaleno-inglese-4.jpg?fit=748%2C305\" data-orig-size=\"748,305\" data-comments-opened=\"1\" data-image-meta=\"{&quot;aperture&quot;:&quot;0&quot;,&quot;credit&quot;:&quot;Kate Thomas&quot;,&quot;camera&quot;:&quot;&quot;,&quot;caption&quot;:&quot;&quot;,&quot;created_timestamp&quot;:&quot;1511118327&quot;,&quot;copyright&quot;:&quot;&quot;,&quot;focal_length&quot;:&quot;0&quot;,&quot;iso&quot;:&quot;0&quot;,&quot;shutter_speed&quot;:&quot;0&quot;,&quot;title&quot;:&quot;&quot;,&quot;orientation&quot;:&quot;0&quot;}\" data-image-title=\"Arcobaleno inglese 4\" data-image-description=\"\" data-image-caption=\"&lt;p&gt;Londra, British Library Cotton MS Titus D. xxvi, fol. 5v&lt;\/p&gt;\n\" data-medium-file=\"https:\/\/i0.wp.com\/www.robertosedda.it\/wp-content\/uploads\/2017\/11\/Arcobaleno-inglese-4.jpg?fit=300%2C122\" data-large-file=\"https:\/\/i0.wp.com\/www.robertosedda.it\/wp-content\/uploads\/2017\/11\/Arcobaleno-inglese-4.jpg?fit=510%2C208\" decoding=\"async\" loading=\"lazy\" class=\"size-full wp-image-14340\" src=\"https:\/\/i0.wp.com\/www.robertosedda.it\/wp-content\/uploads\/2017\/11\/Arcobaleno-inglese-4.jpg?resize=748%2C305\" alt=\"\" width=\"748\" height=\"305\" srcset=\"https:\/\/i0.wp.com\/www.robertosedda.it\/wp-content\/uploads\/2017\/11\/Arcobaleno-inglese-4.jpg?w=748 748w, https:\/\/i0.wp.com\/www.robertosedda.it\/wp-content\/uploads\/2017\/11\/Arcobaleno-inglese-4.jpg?resize=150%2C61 150w, https:\/\/i0.wp.com\/www.robertosedda.it\/wp-content\/uploads\/2017\/11\/Arcobaleno-inglese-4.jpg?resize=300%2C122 300w, https:\/\/i0.wp.com\/www.robertosedda.it\/wp-content\/uploads\/2017\/11\/Arcobaleno-inglese-4.jpg?resize=510%2C208 510w, https:\/\/i0.wp.com\/www.robertosedda.it\/wp-content\/uploads\/2017\/11\/Arcobaleno-inglese-4.jpg?resize=700%2C285 700w\" sizes=\"(max-width: 748px) 100vw, 748px\" data-recalc-dims=\"1\" \/><\/a><figcaption id=\"caption-attachment-14340\" class=\"wp-caption-text\">Londra, British Library Cotton MS Titus D. xxvi, fol. 5v<\/figcaption><\/figure>\n<blockquote><p>l&#8217;arcobaleno, che \u00e8 anche chiamato &#8220;iride&#8221;, \u00e8 di quattro colori ed \u00e8 formato dall&#8217;opposizione del sole e delle nuvole, poich\u00e9 prende il suo colore fiammeggiante dal cielo, il porpora dalle acque, il blu dall&#8217;aria, e il verde dalla terra, e non \u00e8 separato, tranne che con la luna piena.<\/p><\/blockquote>\n<p>I due manoscritti sono in disaccordo sui colori presi dall&#8217;aria &#8211; sono bianco e nero o blu e verde? Non oso pensare cosa avrebbero fatto gli scrittori medievali della <a href=\"https:\/\/en.wikipedia.org\/wiki\/The_dress\">Questione dell&#8217;Abito<\/a>. A partire dal diciannovesimo secolo c&#8217;\u00e8 stata una interessante discussione, riassunta dal linguista Guy Deutscher nel suo eccellente libro <a href=\"https:\/\/www.bollatiboringhieri.it\/libri\/la-lingua-colora-il-mondo-9788833926797\/\"><em>La lingua colora il mondo: come le parole deformano la realt\u00e0<\/em><\/a>, riguardante cosa le parole indicanti i colori nei testi antichi ci dicano su come le persone in differenti epoche della storia percepivano i colori: le opere di Omero, per esempio, fanno riferimento a pochi colori, e il modo con il quale gli antichi Greci li categorizzavano sembra essere radicalmente differente dagli schemi di pensiero che ci sono familiari. Un fenomeno simile pu\u00f2 essere osservato nel poema in alto inglese <em>Beowulf<\/em>: come <a href=\"https:\/\/books.google.co.uk\/books?id=ZojyGIfG9m4C&amp;pg=PA145&amp;lpg=PA145&amp;dq=colour+in+beowulf&amp;source=bl&amp;ots=trV5YGGu1a&amp;sig=N3aoA8ODbKqKjmC5xTBUOtqtOnE&amp;hl=en&amp;sa=X&amp;ved=0ahUKEwio1p_DtsvXAhWMIMAKHURjBvIQ6AEINjAG#v=onepage&amp;q=colour%20in%20beowulf&amp;f=false\">fa notare Jennifer Neville<\/a>,<\/p>\n<blockquote><p>le parole indicanti i colori non sono ovvie: mentre l&#8217;inglese moderno si focalizza quasi esclusivamente sulle sfumature altre lingue possono sottolineare invece il tono, la saturazione, o gli effetti sulla superficie&#8230; l&#8217;inglese antico non era allo stesso stadio di sviluppo dell&#8217;inglese moderno nel suo vocabolario per i colori.<\/p>\n<p style=\"text-align: right;\">Neville, Hrothgar&#8217;s horses, pag. 146<\/p>\n<\/blockquote>\n<p>La teoria di Isidoro \u00e8 basata sulla credenza dei quattro elementi di base che costituiscono il mondo, un&#8217;idea che \u00e8 spiegata in <em>De temporibus anni<\/em>, un trattato sulla scienza in inglese antico basato sulle opere latine dell&#8217;ottavo secolo di San Beda, del quale una copia si trova nello stesso <em>Breviario di \u00c6lfwine<\/em>.<\/p>\n<blockquote><p>\u00deeos lyft \u00fee we on lybba\u00f0 is an \u00f0\u00e6ra feower gesceafta \u00b7 \u00fee \u00e6lc licha<i>m<\/i>lic \u00f0ing on wuna\u00f0;<\/p>\n<p>Feower gesceafta sind \u00b7 \u00fee ealle eor\u00f0lice lichaman on wunia\u00f0 \u00b7 \u00fe<i>\u00e6t<\/i>\u00a0sind \u00b7 Aer \u00b7 Ignis \u00b7 Terra \u00b7 Aqua;<\/p>\n<p>Aer \u00b7 is lyft \u00b7 Ignis \u00b7 fyr \u00b7 Terra \u00b7 eor\u00f0e \u00b7 Aqua \u00b7 w\u00e6ter.<\/p>\n<p style=\"text-align: right;\">Henel, a cura di,\u00a0<i>De Temporibus Anni<\/i>, p. 72<\/p>\n<p>L&#8217;aria nella quale quale viviamo \u00e8 una delle quattro cose create nella quale ogni cosa fisica esiste. Le quattro cose create nelle quali tutte le cose della terra esistono sono aer, ignis, terra e aqua. Aer \u00e8 l&#8217;aria, ignis \u00e8 il fuoco, terra \u00e8 la terra e aqua \u00e8 l&#8217;acqua.<\/p><\/blockquote>\n<p>Questi quattro elementi mischiati insieme costituiscono la totalit\u00e0 del mondo fisico: se abbiamo interpretato correttamente, in base al testo del breviario, l&#8217;opposizione del sole e delle nuvole li costringe a separarsi e in qualche modo a divenire visibili per noi. La ragione per la quale l&#8217;autore vide quattro colori nell&#8217;arcobaleno proviene dalla teoria dei quattro elementi, un&#8217;idea che <a href=\"https:\/\/library.si.edu\/exhibition\/color-in-a-new-light\/science\">risale ad Aristotele<\/a>. Ma perch\u00e9 quei particolari colori?<\/p>\n<p>Nel diciassettesimo secolo, Isaac Newton dimostr\u00f2 che la luce bianca \u00e8 composta di tutti i colori dell&#8217;arcobaleno facendola passare attraverso un prisma. Ma anche lui dovette affrontare la domanda di quanti colori esistessero. Per Newton quel numero doveva essere sette, <a href=\"https:\/\/www.the-scientist.com\/?articles.view\/articleNo\/48584\/title\/Newton-s-Color-Theory--ca--1665\/\">gli stessi delle note nella scala musicale<\/a>\u00a0&#8211; cos\u00ec, ancora una volta il numer\u00f2 dei colori venne stabilito sulla base di una teoria sul mondo che non ha niente a che vedere con la luce &#8211; e aggiunse i colori arancione e indaco per arrivare a questo risultato. Anche adesso le persone tendono a pensare all&#8217;arcobaleno in termini di sette colori: rosso, arancione, giallo, verde, blu, indaco e violetto.<\/p>\n<p>E quindi quanti colori ci sono davvero? In <a href=\"http:\/\/scienceblogs.com\/startswithabang\/2012\/08\/14\/how-many-colors-are-really-in-a-rainbow\/\">questo articolo<\/a>, Ethan Siegel spiega che:<\/p>\n<blockquote><p>provenendo da frequenze uniche, ci sono pi\u00f9 colori in un arcobaleno di quante stelle ci siano nell&#8217;Universo o atomi nel vostro corpo, ma questo va molto oltre ci\u00f2 che possiamo percepire. Il vostro occhio imperfetto pu\u00f2 (probabilmente) discernere solo circa un milione di colori distinti quando vedete un arcobaleno, o qualunque altra cosa, in realt\u00e0.<\/p><\/blockquote>\n<p>Molti pi\u00f9 di quanti Aristotele, Isidoro, Beda o Newton si potessero aspettare! Sembra che ci siano tanti colori nell&#8217;arcobaleno quanti noi siamo disposti a vederne.<\/p>\n<h4>Opere consultate<\/h4>\n<p>Heinrich Henel, a cura di,\u00a0<em>Aelfric\u2019s De Temporibus Anni<\/em>, EETS 213 (Londra: OUP, 1942)<\/p>\n<p>Jennifer Neville, <em>Hrothgar\u2019s Horses: Feral or Thoroughbred?<\/em>,\u00a0<em>Anglo-Saxon England<\/em>\u00a035 (2006): 131-57.<\/p>\n","protected":false},"excerpt":{"rendered":"<p>Su questo blog abbiamo gi\u00e0 parlato di percezione dei colori differente a seconda delle diverse epoche e culture. Ieri ho<\/p>\n","protected":false},"author":1,"featured_media":14338,"comment_status":"open","ping_status":"open","sticky":false,"template":"","format":"standard","meta":{"_mi_skip_tracking":false,"_monsterinsights_sitenote_active":false,"_monsterinsights_sitenote_note":"","_monsterinsights_sitenote_category":0,"jetpack_post_was_ever_published":false,"_jetpack_newsletter_access":"","jetpack_publicize_message":"","jetpack_is_tweetstorm":false,"jetpack_publicize_feature_enabled":true,"jetpack_social_post_already_shared":true,"jetpack_social_options":{"image_generator_settings":{"template":"highway","enabled":false}}},"categories":[97,52,57,95,16],"tags":[],"jetpack_publicize_connections":[],"jetpack_featured_media_url":"https:\/\/i0.wp.com\/www.robertosedda.it\/wp-content\/uploads\/2017\/11\/Arcobaleno-inglese-2.png?fit=712%2C471","jetpack_sharing_enabled":true,"jetpack_shortlink":"https:\/\/wp.me\/p4jV2T-3J8","jetpack_likes_enabled":true,"jetpack-related-posts":[{"id":18188,"url":"http:\/\/www.robertosedda.it\/?p=18188","url_meta":{"origin":14330,"position":0},"title":"Il ladro dell&#8217;anello e l&#8217;Anello","author":"Rufus","date":"14\/07\/2020","format":false,"excerpt":"Forse qualcuno ricorder\u00e0 da qualche articolo del blog che ho un certo interesse per gli oggetti che viaggiano e gli strani destini che li accompagnano. L'altro giorno mi \u00e8 passato sotto l'occhio una serie di tweet di qualcuno che non ricordo (credo un contatto di Harry Turtledove, che ritwitta tutte\u2026","rel":"","context":"In &quot;Coordinate&quot;","block_context":{"text":"Coordinate","link":"http:\/\/www.robertosedda.it\/?cat=52"},"img":{"alt_text":"","src":"https:\/\/i0.wp.com\/www.robertosedda.it\/wp-content\/uploads\/2020\/07\/Sevicianus-ring.jpg?fit=950%2C761&resize=350%2C200","width":350,"height":200,"srcset":"https:\/\/i0.wp.com\/www.robertosedda.it\/wp-content\/uploads\/2020\/07\/Sevicianus-ring.jpg?fit=950%2C761&resize=350%2C200 1x, https:\/\/i0.wp.com\/www.robertosedda.it\/wp-content\/uploads\/2020\/07\/Sevicianus-ring.jpg?fit=950%2C761&resize=700%2C400 2x"},"classes":[]},{"id":1865,"url":"http:\/\/www.robertosedda.it\/?p=1865","url_meta":{"origin":14330,"position":1},"title":"Vi manca l&#8217;idea per un gioco di ruolo? Ecco&#8230;","author":"Rufus","date":"18\/01\/2013","format":false,"excerpt":"In questo periodo ho pi\u00f9 cose da scrivere che tempo a disposizione. E mi sono anche accorto che sebbene la scritta Giochi campeggi sul men\u00f9 principale, sebbene mi dichiari orgogliosamente un giocatore, sinora non ho parlato quasi mai di giochi. L'articolo che state per leggere nasce da queste due osservazioni.\u00a0Mi\u2026","rel":"","context":"In &quot;Cappe e spade&quot;","block_context":{"text":"Cappe e spade","link":"http:\/\/www.robertosedda.it\/?cat=70"},"img":{"alt_text":"","src":"https:\/\/i0.wp.com\/www.robertosedda.it\/wp-content\/uploads\/2013\/01\/voynich.jpg?fit=411%2C300&resize=350%2C200","width":350,"height":200},"classes":[]},{"id":1292,"url":"http:\/\/www.robertosedda.it\/?p=1292","url_meta":{"origin":14330,"position":2},"title":"Chi \u00e8 Nate Silver, e perch\u00e9 parla male&#8230; di loro?","author":"Rufus","date":"08\/11\/2012","format":false,"excerpt":"A margine della vittoria di Barack Obama alle elezioni presidenziali americane si \u00e8 sviluppata una polemica che ha coinvolto un buon numero di osservatori e di esperti politici. La controversia si \u00e8 incentrata su Nate Silver, un matematico che ha sostenuto prima delle elezioni, in maniera abbastanza inaspettata, che non\u2026","rel":"","context":"In &quot;Coordinate&quot;","block_context":{"text":"Coordinate","link":"http:\/\/www.robertosedda.it\/?cat=52"},"img":{"alt_text":"","src":"https:\/\/i0.wp.com\/www.robertosedda.it\/wp-content\/uploads\/2012\/11\/a7ery-hcyaaykaw.jpg?fit=600%2C230&resize=350%2C200","width":350,"height":200},"classes":[]},{"id":10103,"url":"http:\/\/www.robertosedda.it\/?p=10103","url_meta":{"origin":14330,"position":3},"title":"Posti dove vado a mangiare e bere","author":"Rufus","date":"24\/04\/2015","format":false,"excerpt":"Dopo la volta della degustazione dei vini mi \u00e8 capitato di tornare da Cucina.eat per una degustazione di birre della Barley. Stasera ci torno per un'altra degustazione. Siccome sono fermamente intenzionato a non permettere che questo blog diventi un ricettacolo di recensioni e ricette e descrizioni di eventi, ma d'altra\u2026","rel":"","context":"In &quot;Cibo e cucine&quot;","block_context":{"text":"Cibo e cucine","link":"http:\/\/www.robertosedda.it\/?cat=71"},"img":{"alt_text":"","src":"https:\/\/i0.wp.com\/www.robertosedda.it\/wp-content\/uploads\/2013\/08\/ALIM3009.jpg?fit=1200%2C900&resize=350%2C200","width":350,"height":200,"srcset":"https:\/\/i0.wp.com\/www.robertosedda.it\/wp-content\/uploads\/2013\/08\/ALIM3009.jpg?fit=1200%2C900&resize=350%2C200 1x, https:\/\/i0.wp.com\/www.robertosedda.it\/wp-content\/uploads\/2013\/08\/ALIM3009.jpg?fit=1200%2C900&resize=700%2C400 2x, https:\/\/i0.wp.com\/www.robertosedda.it\/wp-content\/uploads\/2013\/08\/ALIM3009.jpg?fit=1200%2C900&resize=1050%2C600 3x"},"classes":[]},{"id":1935,"url":"http:\/\/www.robertosedda.it\/?p=1935","url_meta":{"origin":14330,"position":4},"title":"Falsi amici&#8230; social","author":"Rufus","date":"11\/01\/2013","format":false,"excerpt":"Come sapete sto cominciando a farmi un po' di formazione sul lavorare sul web, tramite i social network e non solo. Perci\u00f2 un titolo come Dieci regole per chi lavora con i social network, di un articolo proposto da Internazionale, non poteva che interessarmi. Peccato che nel caso specifico (e\u2026","rel":"","context":"In &quot;Coordinate&quot;","block_context":{"text":"Coordinate","link":"http:\/\/www.robertosedda.it\/?cat=52"},"img":{"alt_text":"","src":"https:\/\/i0.wp.com\/www.robertosedda.it\/wp-content\/uploads\/2013\/01\/Schermata-1.png?fit=979%2C683&resize=350%2C200","width":350,"height":200,"srcset":"https:\/\/i0.wp.com\/www.robertosedda.it\/wp-content\/uploads\/2013\/01\/Schermata-1.png?fit=979%2C683&resize=350%2C200 1x, https:\/\/i0.wp.com\/www.robertosedda.it\/wp-content\/uploads\/2013\/01\/Schermata-1.png?fit=979%2C683&resize=700%2C400 2x"},"classes":[]},{"id":11619,"url":"http:\/\/www.robertosedda.it\/?p=11619","url_meta":{"origin":14330,"position":5},"title":"L&#8217;anguria prima dell&#8217;anguria","author":"Rufus","date":"29\/02\/2016","format":false,"excerpt":"Trovo un interessante articolo su Business Insider\u00a0che fa vedere con molta immediatezza come dovevano essere alcune variet\u00e0 di piante prima che l'uomo le addomesticasse. L'articolo originale\u00a0si basa a sua volta su alcune pubblicazioni molto interessanti, che segnalo perch\u00e9 sebbene in inglese le ho trovate affascinanti. Alcune sono fonti specifiche:\u00a0una \u00e8\u2026","rel":"","context":"In &quot;Coordinate&quot;","block_context":{"text":"Coordinate","link":"http:\/\/www.robertosedda.it\/?cat=52"},"img":{"alt_text":"","src":"https:\/\/i0.wp.com\/www.robertosedda.it\/wp-content\/uploads\/2016\/02\/Piante-prima-e-dopo-la-domesticazione.png?fit=535%2C1200&resize=350%2C200","width":350,"height":200},"classes":[]}],"_links":{"self":[{"href":"http:\/\/www.robertosedda.it\/index.php?rest_route=\/wp\/v2\/posts\/14330"}],"collection":[{"href":"http:\/\/www.robertosedda.it\/index.php?rest_route=\/wp\/v2\/posts"}],"about":[{"href":"http:\/\/www.robertosedda.it\/index.php?rest_route=\/wp\/v2\/types\/post"}],"author":[{"embeddable":true,"href":"http:\/\/www.robertosedda.it\/index.php?rest_route=\/wp\/v2\/users\/1"}],"replies":[{"embeddable":true,"href":"http:\/\/www.robertosedda.it\/index.php?rest_route=%2Fwp%2Fv2%2Fcomments&post=14330"}],"version-history":[{"count":6,"href":"http:\/\/www.robertosedda.it\/index.php?rest_route=\/wp\/v2\/posts\/14330\/revisions"}],"predecessor-version":[{"id":14342,"href":"http:\/\/www.robertosedda.it\/index.php?rest_route=\/wp\/v2\/posts\/14330\/revisions\/14342"}],"wp:featuredmedia":[{"embeddable":true,"href":"http:\/\/www.robertosedda.it\/index.php?rest_route=\/wp\/v2\/media\/14338"}],"wp:attachment":[{"href":"http:\/\/www.robertosedda.it\/index.php?rest_route=%2Fwp%2Fv2%2Fmedia&parent=14330"}],"wp:term":[{"taxonomy":"category","embeddable":true,"href":"http:\/\/www.robertosedda.it\/index.php?rest_route=%2Fwp%2Fv2%2Fcategories&post=14330"},{"taxonomy":"post_tag","embeddable":true,"href":"http:\/\/www.robertosedda.it\/index.php?rest_route=%2Fwp%2Fv2%2Ftags&post=14330"}],"curies":[{"name":"wp","href":"https:\/\/api.w.org\/{rel}","templated":true}]}}