{"id":143,"date":"2012-08-21T12:55:21","date_gmt":"2012-08-21T10:55:21","guid":{"rendered":"http:\/\/www.robertosedda.it\/?p=143"},"modified":"2017-03-08T12:30:41","modified_gmt":"2017-03-08T11:30:41","slug":"fer-de-lance","status":"publish","type":"post","link":"http:\/\/www.robertosedda.it\/?p=143","title":{"rendered":"Fer-de-Lance"},"content":{"rendered":"<h2><a href=\"https:\/\/i0.wp.com\/www.robertosedda.it\/wp-content\/uploads\/2012\/08\/recensione-fer-de-lance-le-inchieste-di-nero-L-k0wMRJ.jpg\"><img data-attachment-id=\"144\" data-permalink=\"http:\/\/www.robertosedda.it\/?attachment_id=144\" data-orig-file=\"https:\/\/i0.wp.com\/www.robertosedda.it\/wp-content\/uploads\/2012\/08\/recensione-fer-de-lance-le-inchieste-di-nero-L-k0wMRJ.jpg?fit=160%2C250\" data-orig-size=\"160,250\" data-comments-opened=\"1\" data-image-meta=\"{&quot;aperture&quot;:&quot;0&quot;,&quot;credit&quot;:&quot;&quot;,&quot;camera&quot;:&quot;&quot;,&quot;caption&quot;:&quot;&quot;,&quot;created_timestamp&quot;:&quot;0&quot;,&quot;copyright&quot;:&quot;&quot;,&quot;focal_length&quot;:&quot;0&quot;,&quot;iso&quot;:&quot;0&quot;,&quot;shutter_speed&quot;:&quot;0&quot;,&quot;title&quot;:&quot;&quot;}\" data-image-title=\"recensione-fer-de-lance-le-inchieste-di-nero&#8211;L-k0wMRJ\" data-image-description=\"\" data-image-caption=\"\" data-medium-file=\"https:\/\/i0.wp.com\/www.robertosedda.it\/wp-content\/uploads\/2012\/08\/recensione-fer-de-lance-le-inchieste-di-nero-L-k0wMRJ.jpg?fit=160%2C250\" data-large-file=\"https:\/\/i0.wp.com\/www.robertosedda.it\/wp-content\/uploads\/2012\/08\/recensione-fer-de-lance-le-inchieste-di-nero-L-k0wMRJ.jpg?fit=160%2C250\" decoding=\"async\" loading=\"lazy\" class=\"alignright size-full wp-image-144\" title=\"recensione-fer-de-lance-le-inchieste-di-nero--L-k0wMRJ\" src=\"https:\/\/i0.wp.com\/www.robertosedda.it\/wp-content\/uploads\/2012\/08\/recensione-fer-de-lance-le-inchieste-di-nero-L-k0wMRJ.jpg?resize=160%2C250\" alt=\"\" width=\"160\" height=\"250\" data-recalc-dims=\"1\" \/><\/a><em>Fer-de-lance<\/em> (Rex Stout,\u00a0<em>BEAT<\/em> 2011)<\/h2>\n<p>Inizio mediocre del ciclo di Nero Wolfe, checch\u00e9 ne dica Goffredo Fofi nell&#8217;altrettanto mediocre introduzione.<\/p>\n<p>I <em>tic<\/em> di Wolfe e Goodwin ci sono gi\u00e0 quasi tutti: manca la misoginia patologica di Wolfe e qualche altra cosa, e Wolfe \u00e8 ancora troppo schiacciato sui detective &#8220;geniali&#8221; da Holmes in poi, ma sostanzialmente il <em>cast<\/em> \u00e8 quello defintivo.<\/p>\n<p>Quello che non va \u00e8 il tono sentenzioso-filosofico, che Stout successivamente imparer\u00e0 a controllare meglio, e soprattutto il meccanismo del giallo funziona cos\u00ec cos\u00ec: la tensione viene sciolta troppo presto (da circa due terzi tutti sanno chi sia l&#8217;assassino) e da l\u00ec in poi il libro oscilla fra giallo e romanzo d&#8217;avventura, mentre anche il finale \u00e8 abbastanza insoddisfacente.<\/p>\n<p>Il romanzo si salva soprattutto perch\u00e9 Goodwin \u00e8 gi\u00e0 un supremo punto di vista narrativo, e perch\u00e9 la storia \u00e8 sufficientemente accattivante e ha almeno un punto di forza rispetto a molti romanzi successivi: le oscillazioni verso l&#8217;<em>hard boiled<\/em> mettono in campo un cast veristico di comprimari e figuranti molto divertente (soprattutto il gruppo delle donne italiane) che successivamente sar\u00e0 sempre un po&#8217; pi\u00f9 stereotipato.<\/p>\n","protected":false},"excerpt":{"rendered":"<p>Fer-de-lance (Rex Stout,\u00a0BEAT 2011) Inizio mediocre del ciclo di Nero Wolfe, checch\u00e9 ne dica Goffredo Fofi nell&#8217;altrettanto mediocre introduzione. I<\/p>\n","protected":false},"author":1,"featured_media":144,"comment_status":"open","ping_status":"open","sticky":false,"template":"","format":"standard","meta":{"_mi_skip_tracking":false,"_monsterinsights_sitenote_active":false,"_monsterinsights_sitenote_note":"","_monsterinsights_sitenote_category":0,"jetpack_post_was_ever_published":false,"_jetpack_newsletter_access":"","jetpack_publicize_message":"","jetpack_is_tweetstorm":false,"jetpack_publicize_feature_enabled":true,"jetpack_social_post_already_shared":false,"jetpack_social_options":{"image_generator_settings":{"template":"highway","enabled":false}}},"categories":[52,56,13,68,12],"tags":[153],"jetpack_publicize_connections":[],"jetpack_featured_media_url":"https:\/\/i0.wp.com\/www.robertosedda.it\/wp-content\/uploads\/2012\/08\/recensione-fer-de-lance-le-inchieste-di-nero-L-k0wMRJ.jpg?fit=160%2C250","jetpack_sharing_enabled":true,"jetpack_shortlink":"https:\/\/wp.me\/p4jV2T-2j","jetpack_likes_enabled":true,"jetpack-related-posts":[{"id":5636,"url":"http:\/\/www.robertosedda.it\/?p=5636","url_meta":{"origin":143,"position":0},"title":"I bisticci di Nero Wolfe e del suo tirapiedi","author":"Rufus","date":"29\/12\/2013","format":"video","excerpt":"Sulla puntata di Oggi parliamo di libri dedicata a Nero Wolfe non ho molto da dire. Le storie di Rex Stout dedicate all'investigatore ciccione e al suo caustico assistente sono state sicuramente fra i gialli preferiti della mia adolescenza; ne ho poi fatto una rilettura estensiva due anni fa, trovandole\u2026","rel":"","context":"In &quot;Coordinate&quot;","block_context":{"text":"Coordinate","link":"http:\/\/www.robertosedda.it\/?cat=52"},"img":{"alt_text":"","src":"https:\/\/i0.wp.com\/img.youtube.com\/vi\/Ab3GfykqhFY\/0.jpg?resize=350%2C200","width":350,"height":200},"classes":[]},{"id":4594,"url":"http:\/\/www.robertosedda.it\/?p=4594","url_meta":{"origin":143,"position":1},"title":"La musica che metter\u00f2, se me la consigliate","author":"Rufus","date":"10\/10\/2013","format":false,"excerpt":"Sono ripartite su Radio Kalaritana le trasmissioni di Oggi parliamo di libri. Ok, breve riassunto pubblicitario: vado in onda il gioved\u00ec alle 19,10 e in replica il venerd\u00ec alle 8,30 del mattino sui 97.5 FM (o in streaming). La trasmissione ha anche una sua pagina Facebook che dopo la pausa\u2026","rel":"","context":"In &quot;Coordinate&quot;","block_context":{"text":"Coordinate","link":"http:\/\/www.robertosedda.it\/?cat=52"},"img":{"alt_text":"","src":"https:\/\/i0.wp.com\/www.robertosedda.it\/wp-content\/uploads\/2013\/03\/535033_144686819023383_216259237_n.jpg?fit=960%2C960&resize=350%2C200","width":350,"height":200,"srcset":"https:\/\/i0.wp.com\/www.robertosedda.it\/wp-content\/uploads\/2013\/03\/535033_144686819023383_216259237_n.jpg?fit=960%2C960&resize=350%2C200 1x, https:\/\/i0.wp.com\/www.robertosedda.it\/wp-content\/uploads\/2013\/03\/535033_144686819023383_216259237_n.jpg?fit=960%2C960&resize=700%2C400 2x"},"classes":[]},{"id":1835,"url":"http:\/\/www.robertosedda.it\/?p=1835","url_meta":{"origin":143,"position":2},"title":"Libri che ho letto nel 2012","author":"Rufus","date":"04\/01\/2013","format":false,"excerpt":"Rigorosamente nell'ordine in cui li ho conclusi. Non metto pareri: se qualcuno \u00e8 curioso, si faccia vivo nei commenti qui sotto! Omelie di Natale, del solito gruppo di autori del Centro Aletti (Rupnik, Spidl\u00eck e altri), Lipa Lyonesse, Jack Vance, ? (e-book) The Green Pearl, Jack Vance, ? (e-book) Madouc,\u2026","rel":"","context":"In &quot;Coordinate&quot;","block_context":{"text":"Coordinate","link":"http:\/\/www.robertosedda.it\/?cat=52"},"img":{"alt_text":"","src":"","width":0,"height":0},"classes":[]},{"id":20704,"url":"http:\/\/www.robertosedda.it\/?p=20704","url_meta":{"origin":143,"position":3},"title":"Letture poliglotte e enciclopediche","author":"Rufus","date":"22\/08\/2025","format":false,"excerpt":"Mi sono accorto da poco che le mie letture hanno preso una china piuttosto particolare. Il poliglotta involontario Quest'anno ho letto in contemporanea cose in lingue diverse, in una maniera che non mi era mai capitata prima: ho finito da poco, finalmente, le avventure complete del Capitano Alatriste di Arturo\u2026","rel":"","context":"In &quot;Coordinate&quot;","block_context":{"text":"Coordinate","link":"http:\/\/www.robertosedda.it\/?cat=52"},"img":{"alt_text":"","src":"https:\/\/i0.wp.com\/www.robertosedda.it\/wp-content\/uploads\/2025\/08\/IMG20240609170850-scaled.jpg?fit=1200%2C900&resize=350%2C200","width":350,"height":200,"srcset":"https:\/\/i0.wp.com\/www.robertosedda.it\/wp-content\/uploads\/2025\/08\/IMG20240609170850-scaled.jpg?fit=1200%2C900&resize=350%2C200 1x, https:\/\/i0.wp.com\/www.robertosedda.it\/wp-content\/uploads\/2025\/08\/IMG20240609170850-scaled.jpg?fit=1200%2C900&resize=700%2C400 2x, https:\/\/i0.wp.com\/www.robertosedda.it\/wp-content\/uploads\/2025\/08\/IMG20240609170850-scaled.jpg?fit=1200%2C900&resize=1050%2C600 3x"},"classes":[]},{"id":5667,"url":"http:\/\/www.robertosedda.it\/?p=5667","url_meta":{"origin":143,"position":4},"title":"Una coppia di detective navajo","author":"Rufus","date":"31\/12\/2013","format":"video","excerpt":"Ho voluto dedicare una puntata di Oggi parliamo di libri ai gialli in cui Tony Hillerman mette in scena le avventure degli agenti della Polizia Tribale Navajo prima di tutto perch\u00e9 mi piacciono molto: se avessi dovuto seguire rigidamente le regole che mi sono dato per le trasmissioni difficilmente questi\u2026","rel":"","context":"In &quot;Coordinate&quot;","block_context":{"text":"Coordinate","link":"http:\/\/www.robertosedda.it\/?cat=52"},"img":{"alt_text":"","src":"https:\/\/i0.wp.com\/www.robertosedda.it\/wp-content\/uploads\/2013\/12\/Skinwalkers-Leaphorn-and-Chee.jpg?fit=863%2C583&resize=350%2C200","width":350,"height":200,"srcset":"https:\/\/i0.wp.com\/www.robertosedda.it\/wp-content\/uploads\/2013\/12\/Skinwalkers-Leaphorn-and-Chee.jpg?fit=863%2C583&resize=350%2C200 1x, https:\/\/i0.wp.com\/www.robertosedda.it\/wp-content\/uploads\/2013\/12\/Skinwalkers-Leaphorn-and-Chee.jpg?fit=863%2C583&resize=700%2C400 2x"},"classes":[]},{"id":977,"url":"http:\/\/www.robertosedda.it\/?p=977","url_meta":{"origin":143,"position":5},"title":"Critical Assembly","author":"Rufus","date":"09\/10\/2012","format":false,"excerpt":"Nei primi anni '80 ero abbonato a una rivista di giochi di ruolo, White Dwarf, su cui veniva pubblicata regolarmente Critical Mass, una rubrica di recensioni di libri fantasy e di fantascienza che mi piaceva molto. L'autore era uno scrittore inglese di fantascienza, Dave Langford (il suo sito \u00e8 citato\u2026","rel":"","context":"In &quot;Coordinate&quot;","block_context":{"text":"Coordinate","link":"http:\/\/www.robertosedda.it\/?cat=52"},"img":{"alt_text":"","src":"https:\/\/i0.wp.com\/www.robertosedda.it\/wp-content\/uploads\/2012\/10\/critasm.jpg?fit=369%2C553&resize=350%2C200","width":350,"height":200},"classes":[]}],"_links":{"self":[{"href":"http:\/\/www.robertosedda.it\/index.php?rest_route=\/wp\/v2\/posts\/143"}],"collection":[{"href":"http:\/\/www.robertosedda.it\/index.php?rest_route=\/wp\/v2\/posts"}],"about":[{"href":"http:\/\/www.robertosedda.it\/index.php?rest_route=\/wp\/v2\/types\/post"}],"author":[{"embeddable":true,"href":"http:\/\/www.robertosedda.it\/index.php?rest_route=\/wp\/v2\/users\/1"}],"replies":[{"embeddable":true,"href":"http:\/\/www.robertosedda.it\/index.php?rest_route=%2Fwp%2Fv2%2Fcomments&post=143"}],"version-history":[{"count":8,"href":"http:\/\/www.robertosedda.it\/index.php?rest_route=\/wp\/v2\/posts\/143\/revisions"}],"predecessor-version":[{"id":7259,"href":"http:\/\/www.robertosedda.it\/index.php?rest_route=\/wp\/v2\/posts\/143\/revisions\/7259"}],"wp:featuredmedia":[{"embeddable":true,"href":"http:\/\/www.robertosedda.it\/index.php?rest_route=\/wp\/v2\/media\/144"}],"wp:attachment":[{"href":"http:\/\/www.robertosedda.it\/index.php?rest_route=%2Fwp%2Fv2%2Fmedia&parent=143"}],"wp:term":[{"taxonomy":"category","embeddable":true,"href":"http:\/\/www.robertosedda.it\/index.php?rest_route=%2Fwp%2Fv2%2Fcategories&post=143"},{"taxonomy":"post_tag","embeddable":true,"href":"http:\/\/www.robertosedda.it\/index.php?rest_route=%2Fwp%2Fv2%2Ftags&post=143"}],"curies":[{"name":"wp","href":"https:\/\/api.w.org\/{rel}","templated":true}]}}