{"id":14242,"date":"2017-10-20T11:48:19","date_gmt":"2017-10-20T09:48:19","guid":{"rendered":"http:\/\/www.robertosedda.it\/?p=14242"},"modified":"2017-11-10T17:37:10","modified_gmt":"2017-11-10T16:37:10","slug":"rullo-di-tamburi-suonino-le-trombe-e","status":"publish","type":"post","link":"http:\/\/www.robertosedda.it\/?p=14242","title":{"rendered":"Rullo di tamburi, suonino le trombe e&#8230;"},"content":{"rendered":"<p><a href=\"https:\/\/i0.wp.com\/www.robertosedda.it\/wp-content\/uploads\/2017\/10\/Banda.jpg\"><img data-attachment-id=\"14243\" data-permalink=\"http:\/\/www.robertosedda.it\/?attachment_id=14243\" data-orig-file=\"https:\/\/i0.wp.com\/www.robertosedda.it\/wp-content\/uploads\/2017\/10\/Banda.jpg?fit=1345%2C807\" data-orig-size=\"1345,807\" data-comments-opened=\"1\" data-image-meta=\"{&quot;aperture&quot;:&quot;0&quot;,&quot;credit&quot;:&quot;&quot;,&quot;camera&quot;:&quot;&quot;,&quot;caption&quot;:&quot;&quot;,&quot;created_timestamp&quot;:&quot;0&quot;,&quot;copyright&quot;:&quot;&quot;,&quot;focal_length&quot;:&quot;0&quot;,&quot;iso&quot;:&quot;0&quot;,&quot;shutter_speed&quot;:&quot;0&quot;,&quot;title&quot;:&quot;&quot;,&quot;orientation&quot;:&quot;0&quot;}\" data-image-title=\"Banda\" data-image-description=\"\" data-image-caption=\"\" data-medium-file=\"https:\/\/i0.wp.com\/www.robertosedda.it\/wp-content\/uploads\/2017\/10\/Banda.jpg?fit=300%2C180\" data-large-file=\"https:\/\/i0.wp.com\/www.robertosedda.it\/wp-content\/uploads\/2017\/10\/Banda.jpg?fit=510%2C306\" decoding=\"async\" loading=\"lazy\" class=\"aligncenter size-full wp-image-14243\" src=\"https:\/\/i0.wp.com\/www.robertosedda.it\/wp-content\/uploads\/2017\/10\/Banda.jpg?resize=800%2C480\" alt=\"\" width=\"800\" height=\"480\" srcset=\"https:\/\/i0.wp.com\/www.robertosedda.it\/wp-content\/uploads\/2017\/10\/Banda.jpg?w=1345 1345w, https:\/\/i0.wp.com\/www.robertosedda.it\/wp-content\/uploads\/2017\/10\/Banda.jpg?resize=150%2C90 150w, https:\/\/i0.wp.com\/www.robertosedda.it\/wp-content\/uploads\/2017\/10\/Banda.jpg?resize=300%2C180 300w, https:\/\/i0.wp.com\/www.robertosedda.it\/wp-content\/uploads\/2017\/10\/Banda.jpg?resize=510%2C306 510w, https:\/\/i0.wp.com\/www.robertosedda.it\/wp-content\/uploads\/2017\/10\/Banda.jpg?resize=700%2C420 700w\" sizes=\"(max-width: 800px) 100vw, 800px\" data-recalc-dims=\"1\" \/><\/a>&#8230; sono sedici.<\/p>\n<p>Nella buona e nella cattiva sorte &#8211; ma principalmente buona, per grazia di Dio.<\/p>\n<p>E sempre molto felici!<\/p>\n","protected":false},"excerpt":{"rendered":"<p>&#8230; sono sedici. Nella buona e nella cattiva sorte &#8211; ma principalmente buona, per grazia di Dio. E sempre molto<\/p>\n","protected":false},"author":1,"featured_media":14243,"comment_status":"open","ping_status":"open","sticky":false,"template":"","format":"standard","meta":{"_mi_skip_tracking":false,"_monsterinsights_sitenote_active":false,"_monsterinsights_sitenote_note":"","_monsterinsights_sitenote_category":0,"jetpack_post_was_ever_published":false,"_jetpack_newsletter_access":"","jetpack_publicize_message":"","jetpack_is_tweetstorm":false,"jetpack_publicize_feature_enabled":true,"jetpack_social_post_already_shared":true,"jetpack_social_options":{"image_generator_settings":{"template":"highway","enabled":false}}},"categories":[52,86,53,95,16],"tags":[],"jetpack_publicize_connections":[],"jetpack_featured_media_url":"https:\/\/i0.wp.com\/www.robertosedda.it\/wp-content\/uploads\/2017\/10\/Banda.jpg?fit=1345%2C807","jetpack_sharing_enabled":true,"jetpack_shortlink":"https:\/\/wp.me\/p4jV2T-3HI","jetpack_likes_enabled":true,"jetpack-related-posts":[{"id":10215,"url":"http:\/\/www.robertosedda.it\/?p=10215","url_meta":{"origin":14242,"position":0},"title":"Poche parole di benvenuto","author":"Rufus","date":"14\/05\/2015","format":false,"excerpt":"Per la comodit\u00e0 dei parenti e la curiosit\u00e0 degli amici pubblico il saluto dello zio Alberto, il decano della nostra famiglia, al raduno dei Delitala, prima di pranzo. Alberto (con la famiglia) \u00e8 giunto appositamente dal Canada per partecipare. Poche parole di \u201cbenvenuto\u201d dette da Alberto Delitala Come decano della\u2026","rel":"","context":"In &quot;Coordinate&quot;","block_context":{"text":"Coordinate","link":"http:\/\/www.robertosedda.it\/?cat=52"},"img":{"alt_text":"","src":"https:\/\/i0.wp.com\/www.robertosedda.it\/wp-content\/uploads\/2015\/04\/ALIM4024.jpg?fit=1024%2C768&resize=350%2C200","width":350,"height":200,"srcset":"https:\/\/i0.wp.com\/www.robertosedda.it\/wp-content\/uploads\/2015\/04\/ALIM4024.jpg?fit=1024%2C768&resize=350%2C200 1x, https:\/\/i0.wp.com\/www.robertosedda.it\/wp-content\/uploads\/2015\/04\/ALIM4024.jpg?fit=1024%2C768&resize=700%2C400 2x"},"classes":[]},{"id":20121,"url":"http:\/\/www.robertosedda.it\/?p=20121","url_meta":{"origin":14242,"position":1},"title":"Poesia abbacinante","author":"Rufus","date":"11\/05\/2023","format":false,"excerpt":"In gita scolastica Ieri il Subcomandante Marcos, a un certo punto, esprimeva la preoccupazione che la stoltezza insediata in cattedra inducesse la Legale Buona a perdere interesse per la materia preferita - ma malissimo insegnata - e io mi sono fatto un appunto mentale di raccontare alle giovani generazioni qualcosa\u2026","rel":"","context":"In &quot;Coordinate&quot;","block_context":{"text":"Coordinate","link":"http:\/\/www.robertosedda.it\/?cat=52"},"img":{"alt_text":"","src":"https:\/\/i0.wp.com\/www.robertosedda.it\/wp-content\/uploads\/2014\/05\/Gita-scolastica.jpg?fit=1200%2C899&resize=350%2C200","width":350,"height":200,"srcset":"https:\/\/i0.wp.com\/www.robertosedda.it\/wp-content\/uploads\/2014\/05\/Gita-scolastica.jpg?fit=1200%2C899&resize=350%2C200 1x, https:\/\/i0.wp.com\/www.robertosedda.it\/wp-content\/uploads\/2014\/05\/Gita-scolastica.jpg?fit=1200%2C899&resize=700%2C400 2x, https:\/\/i0.wp.com\/www.robertosedda.it\/wp-content\/uploads\/2014\/05\/Gita-scolastica.jpg?fit=1200%2C899&resize=1050%2C600 3x"},"classes":[]},{"id":8990,"url":"http:\/\/www.robertosedda.it\/?p=8990","url_meta":{"origin":14242,"position":2},"title":"Back to basics (del perch\u00e9 lo zio Rufus in questo periodo \u00e8 molto contento)","author":"Rufus","date":"03\/12\/2014","format":false,"excerpt":"Non voglio recensire l'incontro che Andrea Salidu ha condotto domenica, per conto dei Fabbricastorie, perch\u00e9 spetta prima di tutto ad Andrea, che sta preparando un articolo apposito per il blog dell'associazione. Voglio per\u00f2 prendere spunto per raccontarvi una piccola riflessione personale. Mi ha molto colpito che Andrea abbia insisitito assai,\u2026","rel":"","context":"In &quot;Coordinate&quot;","block_context":{"text":"Coordinate","link":"http:\/\/www.robertosedda.it\/?cat=52"},"img":{"alt_text":"","src":"https:\/\/i0.wp.com\/www.robertosedda.it\/wp-content\/uploads\/2014\/12\/Dilemmi-diletti-del-gioco.jpg?fit=200%2C277&resize=350%2C200","width":350,"height":200},"classes":[]},{"id":14926,"url":"http:\/\/www.robertosedda.it\/?p=14926","url_meta":{"origin":14242,"position":3},"title":"Danzare verso il cielo","author":"Rufus","date":"01\/04\/2018","format":"video","excerpt":"Care tutte, cari tutti, per gli auguri di Pasqua una bella canzone allegra, che Pasqua \u00e8 una festa gioiosa e va festeggiata cos\u00ec, mica con le omelie o con i Ges\u00f9 biondi con gli occhi azzurri ma ballando. https:\/\/m.youtube.com\/watch?v=klcsqF2pplA La canzone \u00e8 nota in italiano perch\u00e9 inclusa nelle raccolte liturgiche\u2026","rel":"","context":"In &quot;Coordinate&quot;","block_context":{"text":"Coordinate","link":"http:\/\/www.robertosedda.it\/?cat=52"},"img":{"alt_text":"","src":"https:\/\/i0.wp.com\/www.robertosedda.it\/wp-content\/uploads\/2018\/04\/Simon-Zealotes-Jesus-Christ-Superstar-7.jpg?fit=1200%2C512&resize=350%2C200","width":350,"height":200,"srcset":"https:\/\/i0.wp.com\/www.robertosedda.it\/wp-content\/uploads\/2018\/04\/Simon-Zealotes-Jesus-Christ-Superstar-7.jpg?fit=1200%2C512&resize=350%2C200 1x, https:\/\/i0.wp.com\/www.robertosedda.it\/wp-content\/uploads\/2018\/04\/Simon-Zealotes-Jesus-Christ-Superstar-7.jpg?fit=1200%2C512&resize=700%2C400 2x, https:\/\/i0.wp.com\/www.robertosedda.it\/wp-content\/uploads\/2018\/04\/Simon-Zealotes-Jesus-Christ-Superstar-7.jpg?fit=1200%2C512&resize=1050%2C600 3x"},"classes":[]},{"id":823,"url":"http:\/\/www.robertosedda.it\/?p=823","url_meta":{"origin":14242,"position":4},"title":"On the road again","author":"Rufus","date":"04\/09\/2012","format":false,"excerpt":"Pubblicare un sito o un blog comporta una buona dose di presunzione: vuol dire supporre che quello che si scrive o si fa sia interessante per gli altri, di solito molti altri. \u00c8 con un certo imbarazzo, quindi, che ho deciso di rimettere su il mio sito, che da un\u2026","rel":"","context":"In &quot;Coordinate&quot;","block_context":{"text":"Coordinate","link":"http:\/\/www.robertosedda.it\/?cat=52"},"img":{"alt_text":"","src":"","width":0,"height":0},"classes":[]},{"id":11919,"url":"http:\/\/www.robertosedda.it\/?p=11919","url_meta":{"origin":14242,"position":5},"title":"Agnese e la bellissima maga Crystal","author":"Rufus","date":"09\/05\/2016","format":false,"excerpt":"(avviso: un po' di miele nel seguito; e un po' d'introduzione all'arte dell'illustrazione fantasy) L'altro giorno per questioni di giochi di ruolo cercavo\u00a0un disegno dell'episodio del\u00a0Silmarillion nel quale Finrod Felagund affronta Sauron nella sua torre e trovavo solo roba tutto sommato insoddisfacente, per non parlare del fatto che spesso l'episodio\u2026","rel":"","context":"In &quot;Coordinate&quot;","block_context":{"text":"Coordinate","link":"http:\/\/www.robertosedda.it\/?cat=52"},"img":{"alt_text":"","src":"https:\/\/i0.wp.com\/www.robertosedda.it\/wp-content\/uploads\/2016\/05\/Ladra-maga.jpg?fit=640%2C620&resize=350%2C200","width":350,"height":200},"classes":[]}],"_links":{"self":[{"href":"http:\/\/www.robertosedda.it\/index.php?rest_route=\/wp\/v2\/posts\/14242"}],"collection":[{"href":"http:\/\/www.robertosedda.it\/index.php?rest_route=\/wp\/v2\/posts"}],"about":[{"href":"http:\/\/www.robertosedda.it\/index.php?rest_route=\/wp\/v2\/types\/post"}],"author":[{"embeddable":true,"href":"http:\/\/www.robertosedda.it\/index.php?rest_route=\/wp\/v2\/users\/1"}],"replies":[{"embeddable":true,"href":"http:\/\/www.robertosedda.it\/index.php?rest_route=%2Fwp%2Fv2%2Fcomments&post=14242"}],"version-history":[{"count":1,"href":"http:\/\/www.robertosedda.it\/index.php?rest_route=\/wp\/v2\/posts\/14242\/revisions"}],"predecessor-version":[{"id":14244,"href":"http:\/\/www.robertosedda.it\/index.php?rest_route=\/wp\/v2\/posts\/14242\/revisions\/14244"}],"wp:featuredmedia":[{"embeddable":true,"href":"http:\/\/www.robertosedda.it\/index.php?rest_route=\/wp\/v2\/media\/14243"}],"wp:attachment":[{"href":"http:\/\/www.robertosedda.it\/index.php?rest_route=%2Fwp%2Fv2%2Fmedia&parent=14242"}],"wp:term":[{"taxonomy":"category","embeddable":true,"href":"http:\/\/www.robertosedda.it\/index.php?rest_route=%2Fwp%2Fv2%2Fcategories&post=14242"},{"taxonomy":"post_tag","embeddable":true,"href":"http:\/\/www.robertosedda.it\/index.php?rest_route=%2Fwp%2Fv2%2Ftags&post=14242"}],"curies":[{"name":"wp","href":"https:\/\/api.w.org\/{rel}","templated":true}]}}