{"id":14208,"date":"2017-10-05T17:16:27","date_gmt":"2017-10-05T15:16:27","guid":{"rendered":"http:\/\/www.robertosedda.it\/?p=14208"},"modified":"2017-10-23T19:16:29","modified_gmt":"2017-10-23T17:16:29","slug":"piccola-storia-letteraria","status":"publish","type":"post","link":"http:\/\/www.robertosedda.it\/?p=14208","title":{"rendered":"Piccola storia letteraria"},"content":{"rendered":"<p><a href=\"https:\/\/i0.wp.com\/www.robertosedda.it\/wp-content\/uploads\/2017\/10\/Einaudi-Chisciotte.jpg\"><img data-attachment-id=\"14210\" data-permalink=\"http:\/\/www.robertosedda.it\/?attachment_id=14210\" data-orig-file=\"https:\/\/i0.wp.com\/www.robertosedda.it\/wp-content\/uploads\/2017\/10\/Einaudi-Chisciotte.jpg?fit=906%2C1425\" data-orig-size=\"906,1425\" data-comments-opened=\"1\" data-image-meta=\"{&quot;aperture&quot;:&quot;0&quot;,&quot;credit&quot;:&quot;&quot;,&quot;camera&quot;:&quot;&quot;,&quot;caption&quot;:&quot;&quot;,&quot;created_timestamp&quot;:&quot;0&quot;,&quot;copyright&quot;:&quot;&quot;,&quot;focal_length&quot;:&quot;0&quot;,&quot;iso&quot;:&quot;0&quot;,&quot;shutter_speed&quot;:&quot;0&quot;,&quot;title&quot;:&quot;&quot;,&quot;orientation&quot;:&quot;0&quot;}\" data-image-title=\"Einaudi Chisciotte\" data-image-description=\"\" data-image-caption=\"\" data-medium-file=\"https:\/\/i0.wp.com\/www.robertosedda.it\/wp-content\/uploads\/2017\/10\/Einaudi-Chisciotte.jpg?fit=191%2C300\" data-large-file=\"https:\/\/i0.wp.com\/www.robertosedda.it\/wp-content\/uploads\/2017\/10\/Einaudi-Chisciotte.jpg?fit=510%2C802\" decoding=\"async\" loading=\"lazy\" class=\"alignright size-medium wp-image-14210\" src=\"https:\/\/i0.wp.com\/www.robertosedda.it\/wp-content\/uploads\/2017\/10\/Einaudi-Chisciotte.jpg?resize=191%2C300\" alt=\"\" width=\"191\" height=\"300\" srcset=\"https:\/\/i0.wp.com\/www.robertosedda.it\/wp-content\/uploads\/2017\/10\/Einaudi-Chisciotte.jpg?resize=191%2C300 191w, https:\/\/i0.wp.com\/www.robertosedda.it\/wp-content\/uploads\/2017\/10\/Einaudi-Chisciotte.jpg?resize=95%2C150 95w, https:\/\/i0.wp.com\/www.robertosedda.it\/wp-content\/uploads\/2017\/10\/Einaudi-Chisciotte.jpg?resize=510%2C802 510w, https:\/\/i0.wp.com\/www.robertosedda.it\/wp-content\/uploads\/2017\/10\/Einaudi-Chisciotte.jpg?resize=700%2C1101 700w, https:\/\/i0.wp.com\/www.robertosedda.it\/wp-content\/uploads\/2017\/10\/Einaudi-Chisciotte.jpg?w=906 906w\" sizes=\"(max-width: 191px) 100vw, 191px\" data-recalc-dims=\"1\" \/><\/a>Ho da poco finito di leggere il\u00a0<em>Conte di\u00a0 Montecristo<\/em>, in francese. Volevo vedere se ero capace. Gi\u00e0 che c&#8217;ero ho fatto un sacco di scoperte e presto ve le racconter\u00f2, ma questo articolo in realt\u00e0 ha a che fare di pi\u00f9 con le mie esplorazioni linguistiche.<\/p>\n<p>Quindi la storia \u00e8 questa. mi \u00e8 venuto in mente che dovendo andare in Spagna per una settimana avrei potuto portarmi dietro un libro in spagnolo per vedere se sono in grado di leggerlo. E cosa c&#8217;\u00e8 di pi\u00f9 simbolico del\u00a0<em>Don Chisciotte<\/em>?<\/p>\n<p>\u00abBenissimo\u00bb, ho pensato. \u00abIn Spagna legger\u00f2 il <em>Don Chisciotte<\/em>\u00bb, cosa che tra l&#8217;altro volevo fare da molto (ammetto che le mie letture in materia si limitano a edizioni per ragazzi, e il <em>Don Chisciotte<\/em> una volta nella vita, almeno, bisogna).<\/p>\n<p>Ovviamente sul palmare, perch\u00e9 trovare sui due piedi un&#8217;edizione in spagnolo non mi sembrava facilissimo. E poi il palmare ha il vocabolario immediatamente consultabile, e quindi in caso di difficolt\u00e0 posso cavarmi dai guai.<\/p>\n<p>Essendo un&#8217;opera di secoli fa si trova disponibile, ovviamente, sulla rete senza troppe difficolt\u00e0.<\/p>\n<p>Bene. Cio\u00e8 male.<\/p>\n<p>Perch\u00e9 a questo punto mi \u00e8 venuto in mente che non sarebbe stato male avere a portata di mano un&#8217;edizione in italiano, perch\u00e9 la traduzione della singola parola fornita dal vocabolario pu\u00f2 non risolvere tutti i problemi di comprensione; invece controllare la versione in italiano pu\u00f2 permettere di capire molto meglio il senso di una scena o di un dialogo.<\/p>\n<p>Cos\u00ec per stare pi\u00f9 sul sicuro, insomma.<\/p>\n<p>Proprio la recente esperienza col\u00a0<em>Conte di Montecristo<\/em>, per\u00f2, mi aveva convinto che non c&#8217;\u00e8 troppo da fidarsi delle versioni gratuite che girano sulla rete: magari il testo \u00e8 molto datato, magari ci sono tagli, omissioni e sintesi non dichiarati.<\/p>\n<p>Ma va bene, non c&#8217;\u00e8 problema, me lo compro.<\/p>\n<p>Addirittura l&#8217;edizione\u00a0<em>Einaudi<\/em>, che sar\u00e0 sicuramente ottima. Vedo in rete che la traduzione di Bodini \u00e8 famosa, anche se qualcuno sostiene che tende a dare una interpretazione personale del <em>Don Chisciotte<\/em>, mentre quella di Carlesi per\u00a0<em>Mondadori<\/em> sarebbe pi\u00f9 obiettiva, ma per le mie esigenze va bene senz&#8217;altro e poi ha perfino le tavole del Dor\u00e9. E un saggio di Auerbach, idolo della mia professoressa di lettere al liceo.<\/p>\n<p>E nella foga del momento non mi rendo conto che il libro \u00e8 protetto da <em>DRM<\/em>.<\/p>\n<p>Lo capisco quando il negozio <em>online <\/em>mi mette il libro nel suo archivio e mi offre di leggerlo\u00a0sul\u00a0<em>web<\/em>.<\/p>\n<p>Va bene. Io sono contrario al <em>DRM<\/em> per motivi ideologici, ma in pratica non sar\u00e0 un dramma, penso. Mi dar\u00e0 un file da aprire con la mia\u00a0<em>password<\/em>, che ne so, qualcosa di simile. Dopo tutto il formato del libro, nel senso di\u00a0<em>libro elettronico<\/em>, \u00e8 quello standard: qualunque programma di lettura pu\u00f2 gestirlo, compresa l&#8217;applicazione del mio palmare.<\/p>\n<p>Ci sar\u00e0 un modo per scaricarlo, insomma.<\/p>\n<p>Non c&#8217;\u00e8.<\/p>\n<p>Cio\u00e8, ti permette di scaricare un file sostanzialmente criptato. Oppure usi il loro lettore proprietario, cosa che, come potete immaginare, far\u00f2 senz&#8217;altro.<\/p>\n<p>Ma certo, dice, non \u00e8 necessario. Puoi usare qualunque tuo lettore. Per\u00f2 devi installarti il programma <em>Adobe Digital Editions<\/em> che fa le conversioni.<\/p>\n<p>Va bene, ammettiamo che sia necessario, anche se perch\u00e9 debba registrami anche a un <em>altro<\/em> programma davvero non si capisce, per\u00f2 ok.<\/p>\n<p>Andiamo nella pagina che\u00a0<em>loro<\/em> mi indicano.<\/p>\n<p>Il <em>link <\/em>non funziona. Il\u00a0<em>loro<\/em>, badate bene, indicato con il classico\u00a0<em>cliccate qui<\/em>.<\/p>\n<p>Smanetto un po&#8217; e trovo la pagina giusta.<\/p>\n<p>Il programma gira solo sotto\u00a0<em>Apple<\/em> o\u00a0<em>Windows<\/em>. Io uso\u00a0<em>Linux<\/em>.<\/p>\n<p>A questo punto sto gi\u00e0 sacramentando.<\/p>\n<p><em>Calibre<\/em> ha un <em>plugin<\/em>\u00a0non ufficiale che sproteggerebbe il libro, ma a me non va: oh, l&#8217;ho pagato, a mio modo di vedere posso farne quel che voglio, ma mi secca pi\u00f9 per l&#8217;autore del programma che per altro, e quindi il\u00a0<em>plugin<\/em> semi-pirata non l&#8217;ho mai installato.<\/p>\n<p>Provo se l&#8217;applicazione di lettura che uso normalmente sul palmare (<em>Aldiko<\/em>, tra l&#8217;altro molto comoda) pu\u00f2 in qualche modo convertire il libro.<\/p>\n<p>Il\u00a0<em>mio<\/em> libro, sottolineo.<\/p>\n<p>Ovviamente no.<\/p>\n<p>Alla fine vado sullo\u00a0<em>store\u00a0<\/em>di\u00a0<em>Google <\/em>e mi scarico sul palmare l&#8217;applicazione di <em>Adobe Digital Editions<\/em>. Il che comunque vuol dire che mi devo mettere sul palmare un&#8217;applicazione in pi\u00f9.<\/p>\n<p>Smanetto un po&#8217; cercando di farlo funzionare. Non ci riesco.<\/p>\n<p>Nel frattempo mi dico che, dopotutto, voglio leggere il libro in spagnolo. E vedo che pi\u00f9 o meno ci riesco.\u00a0Quindi tanti saluti: si vede che avevano ragione tutti quegli amici che dicevano che il\u00a0<em>DRM<\/em> \u00e8 il\u00a0<em>male<\/em>.<\/p>\n<p>Oggi, per caso, chiudo il libro di Terry Pratchett che sto leggendo e pigramente apro la funzione di acquisizione di nuovi libri di <em>Aldiko<\/em>. Nell&#8217;elenco dei file c&#8217;\u00e8 il\u00a0<em>Don Chisciotte<\/em> e io ci premo sopra.<\/p>\n<p><em>Importare<\/em>?, mi dice.<\/p>\n<p>E lo carica senza nessun problema. Cos\u00ec come carica il\u00a0<em>Conte di Montecristo<\/em>, sempre di\u00a0<em>Einaudi<\/em>, che avevo comprato per motivi simili e che non avevo mai toccato, non avendone avuto bisogno. Evidentemente l&#8217;integrazione delle applicazioni su <em>Android<\/em> fa s\u00ec che\u00a0<em>Aldiko<\/em> abbia adesso dal programma di\u00a0<em>Adobe<\/em> quel che gli serve per gestire i permessi\u00a0<em>DRM<\/em>.<\/p>\n<p>Tutto bene, quindi? Il\u00a0<em>DRM<\/em> non \u00e8 pi\u00f9 il male?<\/p>\n<p>Hmmmm, non direi. Non rientro sul discorso della forzatura del concetto di propriet\u00e0 intellettuale, o sullo strano concetto che tu stai comprando l&#8217;<em>uso<\/em> del libro e non il libro stesso. Sono temi stranoti e non sar\u00f2 io a dire qualcosa di nuovo.<\/p>\n<p>Non entro nemmeno, anche se si potrebbe, nel discorso che il programma da scaricare per fruire del libro non \u00e8 universale ma richiede solo\u00a0<em>Apple<\/em> o\u00a0<em>Windows<\/em>. Tuttora posso leggere un libro sul palmare ma altri utilizzi ragionevoli (es. estrarre un pezzetto di testo per citarlo sul <em>blog<\/em>)\u00a0mi sono preclusi, perch\u00e9 sul <em>PC <\/em>il libro non lo posso aprire.\u00a0Oppure c&#8217;\u00e8 il fatto che, per esempio, dovrebbe essere un uso ragionevole quello di convertire un libro protetto da un formato standard a un altro: perch\u00e9 non posso leggere il libro sul\u00a0<em>Kindle<\/em>, per esempio? Ma anche questi sono tutti temi gi\u00e0 noti.<\/p>\n<p>Il tema \u00e8 che fatta l&#8217;esperienza diretta, io un libro protetto da\u00a0<em>DRM<\/em> far\u00f2 di\u00a0<em>tutto<\/em> per non comprarlo mai pi\u00f9, anche se adesso so che posso leggerlo sul palmare. E non per motivi ideali.<\/p>\n<p>Ma perch\u00e9 tutta l&#8217;esperienza \u00e8\u00a0<em>estremamente<\/em> ostile. Estremamente. In un mondo nel quale la soddisfazione del cliente \u00e8, ufficialmente, il Verbo, a farti comprare un libro col\u00a0<em>DRM<\/em> sembra che ti stiano facendo un favore.<\/p>\n<p>Un&#8217;esperienza sgradevole. Seccante.<\/p>\n<p>Soprattutto misteriosa: tuttora l&#8217;applicazione di <em>Adobe Digital Editions\u00a0<\/em>mi dice che i file scaricati dal negoziante <em>online<\/em> non \u00e8 in grado di leggerli (ci sarebbe un problema con la licenza). Cio\u00e8 adesso riesco a leggerli con un programma secondario ma non con quello ufficiale.\u00a0Ci sar\u00e0 un motivo. Ci sar\u00e0 una soluzione. Ma io perch\u00e9 devo sbattermi per risolverla? Perch\u00e9 devo avere la sensazione di essere in balia di sistemi, diciamo, arbitrari? Uno compra un prodotto e vuole usarlo, non essere costretto a un percorso a ostacoli.<\/p>\n<p>O no?<\/p>\n","protected":false},"excerpt":{"rendered":"<p>Ho da poco finito di leggere il\u00a0Conte di\u00a0 Montecristo, in francese. Volevo vedere se ero capace. Gi\u00e0 che c&#8217;ero ho<\/p>\n","protected":false},"author":1,"featured_media":14210,"comment_status":"open","ping_status":"open","sticky":false,"template":"","format":"standard","meta":{"_mi_skip_tracking":false,"_monsterinsights_sitenote_active":false,"_monsterinsights_sitenote_note":"","_monsterinsights_sitenote_category":0,"jetpack_post_was_ever_published":false,"_jetpack_newsletter_access":"","jetpack_publicize_message":"","jetpack_is_tweetstorm":false,"jetpack_publicize_feature_enabled":true,"jetpack_social_post_already_shared":true,"jetpack_social_options":{"image_generator_settings":{"template":"highway","enabled":false}}},"categories":[52,55,77,17,16],"tags":[],"jetpack_publicize_connections":[],"jetpack_featured_media_url":"https:\/\/i0.wp.com\/www.robertosedda.it\/wp-content\/uploads\/2017\/10\/Einaudi-Chisciotte.jpg?fit=906%2C1425","jetpack_sharing_enabled":true,"jetpack_shortlink":"https:\/\/wp.me\/p4jV2T-3Ha","jetpack_likes_enabled":true,"jetpack-related-posts":[{"id":20704,"url":"http:\/\/www.robertosedda.it\/?p=20704","url_meta":{"origin":14208,"position":0},"title":"Letture poliglotte e enciclopediche","author":"Rufus","date":"22\/08\/2025","format":false,"excerpt":"Mi sono accorto da poco che le mie letture hanno preso una china piuttosto particolare. Il poliglotta involontario Quest'anno ho letto in contemporanea cose in lingue diverse, in una maniera che non mi era mai capitata prima: ho finito da poco, finalmente, le avventure complete del Capitano Alatriste di Arturo\u2026","rel":"","context":"In &quot;Coordinate&quot;","block_context":{"text":"Coordinate","link":"http:\/\/www.robertosedda.it\/?cat=52"},"img":{"alt_text":"","src":"https:\/\/i0.wp.com\/www.robertosedda.it\/wp-content\/uploads\/2025\/08\/IMG20240609170850-scaled.jpg?fit=1200%2C900&resize=350%2C200","width":350,"height":200,"srcset":"https:\/\/i0.wp.com\/www.robertosedda.it\/wp-content\/uploads\/2025\/08\/IMG20240609170850-scaled.jpg?fit=1200%2C900&resize=350%2C200 1x, https:\/\/i0.wp.com\/www.robertosedda.it\/wp-content\/uploads\/2025\/08\/IMG20240609170850-scaled.jpg?fit=1200%2C900&resize=700%2C400 2x, https:\/\/i0.wp.com\/www.robertosedda.it\/wp-content\/uploads\/2025\/08\/IMG20240609170850-scaled.jpg?fit=1200%2C900&resize=1050%2C600 3x"},"classes":[]},{"id":13874,"url":"http:\/\/www.robertosedda.it\/?p=13874","url_meta":{"origin":14208,"position":1},"title":"Don Milani, scappa veloce","author":"Rufus","date":"21\/06\/2017","format":false,"excerpt":"Sono andato ieri al convegno che una serie di realt\u00e0 della diocesi di Cagliari hanno dedicato alla figura di don Milani, intitolato La sfida di don Milani. Ora, la mia opinione su un convegno del genere \u00e8 riassunta in una battuta fulminante di Silvio Orlando in\u00a0Sud di Salvatores. https:\/\/www.youtube.com\/watch?v=0ltlncYqWwo Ciro\u2026","rel":"","context":"In &quot;Coordinate&quot;","block_context":{"text":"Coordinate","link":"http:\/\/www.robertosedda.it\/?cat=52"},"img":{"alt_text":"","src":"https:\/\/i0.wp.com\/www.robertosedda.it\/wp-content\/uploads\/2017\/06\/Don-Milani.jpg?fit=849%2C1200&resize=350%2C200","width":350,"height":200,"srcset":"https:\/\/i0.wp.com\/www.robertosedda.it\/wp-content\/uploads\/2017\/06\/Don-Milani.jpg?fit=849%2C1200&resize=350%2C200 1x, https:\/\/i0.wp.com\/www.robertosedda.it\/wp-content\/uploads\/2017\/06\/Don-Milani.jpg?fit=849%2C1200&resize=700%2C400 2x"},"classes":[]},{"id":18520,"url":"http:\/\/www.robertosedda.it\/?p=18520","url_meta":{"origin":14208,"position":2},"title":"L&#8217;intelligenza artificiale e le copertine","author":"Rufus","date":"30\/04\/2021","format":false,"excerpt":"In questo periodo in cui non ho quasi mai scritto sul blog ho messo da parte delle chicche per quando avessi avuto voglia di ricominciare. Per esempio \u00e8 capitato che uno dei vari autori di fantascienza o fantasy che seguo mi abbia indirizzato, via Twitter, alle curiose copertine dell'editore Sheba\u2026","rel":"","context":"In &quot;Coordinate&quot;","block_context":{"text":"Coordinate","link":"http:\/\/www.robertosedda.it\/?cat=52"},"img":{"alt_text":"","src":"https:\/\/i0.wp.com\/www.robertosedda.it\/wp-content\/uploads\/2021\/04\/Macbeth.jpg?fit=350%2C525&resize=350%2C200","width":350,"height":200},"classes":[]},{"id":13348,"url":"http:\/\/www.robertosedda.it\/?p=13348","url_meta":{"origin":14208,"position":3},"title":"Mollato sulla soglia della sintesi","author":"Rufus","date":"07\/03\/2017","format":false,"excerpt":"Ho finito da poco di leggere i due romanzi dedicati da Don Winslow alle avventure del detective privato Boone Daniels. Come in parte era ne l'Inverno di Frankie Machine il vero protagonista dei romanzi non \u00e8 tanto Boone - che comunque \u00e8 un bel personaggio - quanto il mondo del\u2026","rel":"","context":"In &quot;Coordinate&quot;","block_context":{"text":"Coordinate","link":"http:\/\/www.robertosedda.it\/?cat=52"},"img":{"alt_text":"","src":"https:\/\/i0.wp.com\/www.robertosedda.it\/wp-content\/uploads\/2017\/03\/Pattuglia-dellalba.jpg?fit=782%2C1200&resize=350%2C200","width":350,"height":200,"srcset":"https:\/\/i0.wp.com\/www.robertosedda.it\/wp-content\/uploads\/2017\/03\/Pattuglia-dellalba.jpg?fit=782%2C1200&resize=350%2C200 1x, https:\/\/i0.wp.com\/www.robertosedda.it\/wp-content\/uploads\/2017\/03\/Pattuglia-dellalba.jpg?fit=782%2C1200&resize=700%2C400 2x"},"classes":[]},{"id":8717,"url":"http:\/\/www.robertosedda.it\/?p=8717","url_meta":{"origin":14208,"position":4},"title":"Quel che succede quando ti capita di sposarti","author":"Rufus","date":"20\/10\/2014","format":false,"excerpt":"Oggi \u00e8 il nostro anniversario di matrimonio (sono tredici anni, di gi\u00e0). E cos\u00ec l'altro giorno mi sono tornate in mente, all'improvviso, un po' di cose capitate all'epoca del matrimonio. Ci avevo perfino elaborato sopra una teoria, ai tempi, detta degli sposi come fornitori di servizi. Mi sembra l'occasione buona\u2026","rel":"","context":"In &quot;Coordinate&quot;","block_context":{"text":"Coordinate","link":"http:\/\/www.robertosedda.it\/?cat=52"},"img":{"alt_text":"","src":"https:\/\/i0.wp.com\/www.robertosedda.it\/wp-content\/uploads\/2014\/10\/Matrimonio001.jpg?fit=373%2C568&resize=350%2C200","width":350,"height":200},"classes":[]},{"id":5803,"url":"http:\/\/www.robertosedda.it\/?p=5803","url_meta":{"origin":14208,"position":5},"title":"Una bella storia d&#8217;inverno (con Patrick Rothfuss e Neil Gaiman)","author":"Rufus","date":"08\/01\/2014","format":false,"excerpt":"Ho gi\u00e0 detto altre volte che seguo con piacere lo scrittore fantasy americano Patrick Rothfuss e le sue avventure familiari\u00a0e ho anche raccontato del lavoro benefico suo e di altri scrittori e lettori di fantasy e fantascienza. Sul blog di Rothfuss \u00e8 uscita l'altro giorno una bella storia, molto bella,\u2026","rel":"","context":"In &quot;Coordinate&quot;","block_context":{"text":"Coordinate","link":"http:\/\/www.robertosedda.it\/?cat=52"},"img":{"alt_text":"","src":"https:\/\/i0.wp.com\/www.robertosedda.it\/wp-content\/uploads\/2014\/01\/Rothfuss-Gaiman-1.jpg?fit=300%2C225&resize=350%2C200","width":350,"height":200},"classes":[]}],"_links":{"self":[{"href":"http:\/\/www.robertosedda.it\/index.php?rest_route=\/wp\/v2\/posts\/14208"}],"collection":[{"href":"http:\/\/www.robertosedda.it\/index.php?rest_route=\/wp\/v2\/posts"}],"about":[{"href":"http:\/\/www.robertosedda.it\/index.php?rest_route=\/wp\/v2\/types\/post"}],"author":[{"embeddable":true,"href":"http:\/\/www.robertosedda.it\/index.php?rest_route=\/wp\/v2\/users\/1"}],"replies":[{"embeddable":true,"href":"http:\/\/www.robertosedda.it\/index.php?rest_route=%2Fwp%2Fv2%2Fcomments&post=14208"}],"version-history":[{"count":2,"href":"http:\/\/www.robertosedda.it\/index.php?rest_route=\/wp\/v2\/posts\/14208\/revisions"}],"predecessor-version":[{"id":14211,"href":"http:\/\/www.robertosedda.it\/index.php?rest_route=\/wp\/v2\/posts\/14208\/revisions\/14211"}],"wp:featuredmedia":[{"embeddable":true,"href":"http:\/\/www.robertosedda.it\/index.php?rest_route=\/wp\/v2\/media\/14210"}],"wp:attachment":[{"href":"http:\/\/www.robertosedda.it\/index.php?rest_route=%2Fwp%2Fv2%2Fmedia&parent=14208"}],"wp:term":[{"taxonomy":"category","embeddable":true,"href":"http:\/\/www.robertosedda.it\/index.php?rest_route=%2Fwp%2Fv2%2Fcategories&post=14208"},{"taxonomy":"post_tag","embeddable":true,"href":"http:\/\/www.robertosedda.it\/index.php?rest_route=%2Fwp%2Fv2%2Ftags&post=14208"}],"curies":[{"name":"wp","href":"https:\/\/api.w.org\/{rel}","templated":true}]}}