{"id":14184,"date":"2017-09-26T09:00:26","date_gmt":"2017-09-26T07:00:26","guid":{"rendered":"http:\/\/www.robertosedda.it\/?p=14184"},"modified":"2017-09-25T23:05:55","modified_gmt":"2017-09-25T21:05:55","slug":"di-fronte-alluniversita-mica-male","status":"publish","type":"post","link":"http:\/\/www.robertosedda.it\/?p=14184","title":{"rendered":"Di fronte all&#8217;Universit\u00e0: mica male"},"content":{"rendered":"<p><a href=\"https:\/\/i0.wp.com\/www.robertosedda.it\/wp-content\/uploads\/2017\/09\/20170925_104213.jpg\"><img data-attachment-id=\"14185\" data-permalink=\"http:\/\/www.robertosedda.it\/?attachment_id=14185\" data-orig-file=\"https:\/\/i0.wp.com\/www.robertosedda.it\/wp-content\/uploads\/2017\/09\/20170925_104213.jpg?fit=1164%2C698\" data-orig-size=\"1164,698\" data-comments-opened=\"1\" data-image-meta=\"{&quot;aperture&quot;:&quot;0&quot;,&quot;credit&quot;:&quot;&quot;,&quot;camera&quot;:&quot;&quot;,&quot;caption&quot;:&quot;&quot;,&quot;created_timestamp&quot;:&quot;0&quot;,&quot;copyright&quot;:&quot;&quot;,&quot;focal_length&quot;:&quot;0&quot;,&quot;iso&quot;:&quot;0&quot;,&quot;shutter_speed&quot;:&quot;0&quot;,&quot;title&quot;:&quot;&quot;,&quot;orientation&quot;:&quot;0&quot;}\" data-image-title=\"20170925_104213\" data-image-description=\"\" data-image-caption=\"\" data-medium-file=\"https:\/\/i0.wp.com\/www.robertosedda.it\/wp-content\/uploads\/2017\/09\/20170925_104213.jpg?fit=300%2C180\" data-large-file=\"https:\/\/i0.wp.com\/www.robertosedda.it\/wp-content\/uploads\/2017\/09\/20170925_104213.jpg?fit=510%2C306\" decoding=\"async\" loading=\"lazy\" class=\"aligncenter size-full wp-image-14185\" src=\"https:\/\/i0.wp.com\/www.robertosedda.it\/wp-content\/uploads\/2017\/09\/20170925_104213.jpg?resize=800%2C480\" alt=\"\" width=\"800\" height=\"480\" srcset=\"https:\/\/i0.wp.com\/www.robertosedda.it\/wp-content\/uploads\/2017\/09\/20170925_104213.jpg?w=1164 1164w, https:\/\/i0.wp.com\/www.robertosedda.it\/wp-content\/uploads\/2017\/09\/20170925_104213.jpg?resize=150%2C90 150w, https:\/\/i0.wp.com\/www.robertosedda.it\/wp-content\/uploads\/2017\/09\/20170925_104213.jpg?resize=300%2C180 300w, https:\/\/i0.wp.com\/www.robertosedda.it\/wp-content\/uploads\/2017\/09\/20170925_104213.jpg?resize=510%2C306 510w, https:\/\/i0.wp.com\/www.robertosedda.it\/wp-content\/uploads\/2017\/09\/20170925_104213.jpg?resize=700%2C420 700w\" sizes=\"(max-width: 800px) 100vw, 800px\" data-recalc-dims=\"1\" \/><\/a><\/p>\n","protected":false},"excerpt":{"rendered":"","protected":false},"author":1,"featured_media":14185,"comment_status":"open","ping_status":"open","sticky":false,"template":"","format":"image","meta":{"_mi_skip_tracking":false,"_monsterinsights_sitenote_active":false,"_monsterinsights_sitenote_note":"","_monsterinsights_sitenote_category":0,"jetpack_post_was_ever_published":false,"_jetpack_newsletter_access":"","jetpack_publicize_message":"","jetpack_is_tweetstorm":false,"jetpack_publicize_feature_enabled":true,"jetpack_social_post_already_shared":true,"jetpack_social_options":{"image_generator_settings":{"template":"highway","enabled":false}}},"categories":[1],"tags":[],"jetpack_publicize_connections":[],"jetpack_featured_media_url":"https:\/\/i0.wp.com\/www.robertosedda.it\/wp-content\/uploads\/2017\/09\/20170925_104213.jpg?fit=1164%2C698","jetpack_sharing_enabled":true,"jetpack_shortlink":"https:\/\/wp.me\/p4jV2T-3GM","jetpack_likes_enabled":true,"jetpack-related-posts":[{"id":9524,"url":"http:\/\/www.robertosedda.it\/?p=9524","url_meta":{"origin":14184,"position":0},"title":"Universidade de Sardigna Universit\u00e0 della Sardegna University of Sardinia (un intervento di Franco Meloni)","author":"Rufus","date":"03\/02\/2015","format":false,"excerpt":"Ci sono stati un po' di rallentamenti nell'attivit\u00e0 dei\u00a0blogger del luned\u00ec, ma questo articolo dovrebbe essere pubblicato anche dai siti\u00a0di\u00a0Fondazione Sardinia,\u00a0Tramasdeamistade,\u00a0SardegnaSoprattutto,\u00a0Sportello Formaparis,\u00a0Tottusinpari e sui blog di\u00a0Enrico Lobina,\u00a0Vito Biolchini\u00a0e\u00a0Francesca Madrigali. Sull'articolo, che segnala un tema molto attuale del quale si parla molto poco, solo due precisazioni: io non sono mica convinto\u2026","rel":"","context":"In &quot;Coordinate&quot;","block_context":{"text":"Coordinate","link":"http:\/\/www.robertosedda.it\/?cat=52"},"img":{"alt_text":"","src":"https:\/\/i0.wp.com\/www.robertosedda.it\/wp-content\/uploads\/2015\/02\/Sardegna-universitaria_2.jpg?fit=1200%2C781&resize=350%2C200","width":350,"height":200,"srcset":"https:\/\/i0.wp.com\/www.robertosedda.it\/wp-content\/uploads\/2015\/02\/Sardegna-universitaria_2.jpg?fit=1200%2C781&resize=350%2C200 1x, https:\/\/i0.wp.com\/www.robertosedda.it\/wp-content\/uploads\/2015\/02\/Sardegna-universitaria_2.jpg?fit=1200%2C781&resize=700%2C400 2x, https:\/\/i0.wp.com\/www.robertosedda.it\/wp-content\/uploads\/2015\/02\/Sardegna-universitaria_2.jpg?fit=1200%2C781&resize=1050%2C600 3x"},"classes":[]},{"id":15753,"url":"http:\/\/www.robertosedda.it\/?p=15753","url_meta":{"origin":14184,"position":1},"title":"Luogo di sofferenza","author":"Rufus","date":"19\/10\/2018","format":false,"excerpt":"Un giorno di una decina di anni fa sono uscito dal lavoro, in pausa pranzo, e invece di andare a mangiare sono andato a un appuntamento con un giovane prete appena tornato da studi romani, che era stato nominato responsabile della pastorale universitaria. Parl\u00f2 soprattutto lui e, mentre passeggiavamo lungo\u2026","rel":"","context":"In &quot;Coordinate&quot;","block_context":{"text":"Coordinate","link":"http:\/\/www.robertosedda.it\/?cat=52"},"img":{"alt_text":"","src":"https:\/\/i0.wp.com\/www.robertosedda.it\/wp-content\/uploads\/2018\/10\/Vecchia-ubriaca.jpg?fit=1024%2C683&resize=350%2C200","width":350,"height":200,"srcset":"https:\/\/i0.wp.com\/www.robertosedda.it\/wp-content\/uploads\/2018\/10\/Vecchia-ubriaca.jpg?fit=1024%2C683&resize=350%2C200 1x, https:\/\/i0.wp.com\/www.robertosedda.it\/wp-content\/uploads\/2018\/10\/Vecchia-ubriaca.jpg?fit=1024%2C683&resize=700%2C400 2x"},"classes":[]},{"id":2478,"url":"http:\/\/www.robertosedda.it\/?p=2478","url_meta":{"origin":14184,"position":2},"title":"In lode di Isaac Asimov (mica tanto)","author":"Rufus","date":"07\/03\/2013","format":"video","excerpt":"Ho messo oggi in linea la nona puntata di Oggi parliamo di libri, dedicata ai racconti dei robot di Isaac Asimov. Da un punto di vista musicale la puntata presentava, con uno scarto evidente e voluto,\u00a0Halloweed be thy name degli Iron Maiden. Non ci avevo pensato al momento, ma il\u2026","rel":"","context":"In &quot;Coordinate&quot;","block_context":{"text":"Coordinate","link":"http:\/\/www.robertosedda.it\/?cat=52"},"img":{"alt_text":"","src":"https:\/\/i0.wp.com\/www.robertosedda.it\/wp-content\/uploads\/2013\/03\/Isaac-Asimov.png?fit=520%2C600&resize=350%2C200","width":350,"height":200},"classes":[]},{"id":8740,"url":"http:\/\/www.robertosedda.it\/?p=8740","url_meta":{"origin":14184,"position":3},"title":"Cose di cui non mi sembra importante parlare","author":"Rufus","date":"22\/10\/2014","format":false,"excerpt":"Ci sono cose, nella querelle che nelle settimane scorse ha opposto archeologi delle Universit\u00e0 di Cagliari e Sassari e Ministero dei Beni e delle Attivit\u00e0 Culturali, con la partecipazione straordinaria della Barracciu e di Mauro Pili e sotto l'attenzione vigile di circa un milione e mezzo di commissari tecn..., ehm,\u2026","rel":"","context":"In &quot;Coordinate&quot;","block_context":{"text":"Coordinate","link":"http:\/\/www.robertosedda.it\/?cat=52"},"img":{"alt_text":"","src":"https:\/\/i0.wp.com\/www.robertosedda.it\/wp-content\/uploads\/2014\/10\/11115_650_320_dy_Monte_Prama_la_Barracciu_Via_al_recupero_dei_Giganti_Scontro_a_distanza_con_Mauro_Pili.jpg?fit=650%2C404&resize=350%2C200","width":350,"height":200},"classes":[]},{"id":16130,"url":"http:\/\/www.robertosedda.it\/?p=16130","url_meta":{"origin":14184,"position":4},"title":"Finestre sporche","author":"Rufus","date":"10\/01\/2019","format":false,"excerpt":"\u00c8 in corso, come sempre nelle prime settimane dell'anno, la discussione sullo stato del mondo 2019 fra Bruce Sterling e Jon Lebkowsky, come sempre la lettura pi\u00f9 stimolante dell'inizio dell'anno, come sempre molto ammerrigana e del tutto fuori bersaglio (come sempre non ci azzeccano mai) e, come ho\u00a0fatto\u00a0gli\u00a0altri\u00a0anni, come sempre\u2026","rel":"","context":"In &quot;Antropologia&quot;","block_context":{"text":"Antropologia","link":"http:\/\/www.robertosedda.it\/?cat=97"},"img":{"alt_text":"","src":"https:\/\/i0.wp.com\/www.robertosedda.it\/wp-content\/uploads\/2017\/01\/The-well.jpeg?fit=225%2C225&resize=350%2C200","width":350,"height":200},"classes":[]},{"id":862,"url":"http:\/\/www.robertosedda.it\/?p=862","url_meta":{"origin":14184,"position":5},"title":"Bastian contrari alternativi","author":"Rufus","date":"12\/10\/2012","format":false,"excerpt":"Colgo al volo una discussione fra impiegate dell'universit\u00e0 e studentesse collaboratrici. \u00abNooo, ma devo uscire con uno che \u00e8 pi\u00f9 depilato di me? Noo, non \u00e8 cosa\u00bb. \u00abGuarda ormai non si trova pi\u00f9 nessuno: dicono tutti che sono ciclisti, o fanno surf, o sono calciatori e si depilano perch\u00e9 se\u2026","rel":"","context":"In &quot;Coordinate&quot;","block_context":{"text":"Coordinate","link":"http:\/\/www.robertosedda.it\/?cat=52"},"img":{"alt_text":"","src":"","width":0,"height":0},"classes":[]}],"_links":{"self":[{"href":"http:\/\/www.robertosedda.it\/index.php?rest_route=\/wp\/v2\/posts\/14184"}],"collection":[{"href":"http:\/\/www.robertosedda.it\/index.php?rest_route=\/wp\/v2\/posts"}],"about":[{"href":"http:\/\/www.robertosedda.it\/index.php?rest_route=\/wp\/v2\/types\/post"}],"author":[{"embeddable":true,"href":"http:\/\/www.robertosedda.it\/index.php?rest_route=\/wp\/v2\/users\/1"}],"replies":[{"embeddable":true,"href":"http:\/\/www.robertosedda.it\/index.php?rest_route=%2Fwp%2Fv2%2Fcomments&post=14184"}],"version-history":[{"count":1,"href":"http:\/\/www.robertosedda.it\/index.php?rest_route=\/wp\/v2\/posts\/14184\/revisions"}],"predecessor-version":[{"id":14186,"href":"http:\/\/www.robertosedda.it\/index.php?rest_route=\/wp\/v2\/posts\/14184\/revisions\/14186"}],"wp:featuredmedia":[{"embeddable":true,"href":"http:\/\/www.robertosedda.it\/index.php?rest_route=\/wp\/v2\/media\/14185"}],"wp:attachment":[{"href":"http:\/\/www.robertosedda.it\/index.php?rest_route=%2Fwp%2Fv2%2Fmedia&parent=14184"}],"wp:term":[{"taxonomy":"category","embeddable":true,"href":"http:\/\/www.robertosedda.it\/index.php?rest_route=%2Fwp%2Fv2%2Fcategories&post=14184"},{"taxonomy":"post_tag","embeddable":true,"href":"http:\/\/www.robertosedda.it\/index.php?rest_route=%2Fwp%2Fv2%2Ftags&post=14184"}],"curies":[{"name":"wp","href":"https:\/\/api.w.org\/{rel}","templated":true}]}}