{"id":14135,"date":"2017-09-12T17:48:33","date_gmt":"2017-09-12T15:48:33","guid":{"rendered":"http:\/\/www.robertosedda.it\/?p=14135"},"modified":"2017-09-15T14:34:57","modified_gmt":"2017-09-15T12:34:57","slug":"intanto-leggo-gramsci","status":"publish","type":"post","link":"http:\/\/www.robertosedda.it\/?p=14135","title":{"rendered":"Intanto leggo Gramsci"},"content":{"rendered":"<p><a href=\"https:\/\/i0.wp.com\/www.robertosedda.it\/wp-content\/uploads\/2017\/09\/Gramsci-Che.jpg\"><img data-attachment-id=\"14137\" data-permalink=\"http:\/\/www.robertosedda.it\/?attachment_id=14137\" data-orig-file=\"https:\/\/i0.wp.com\/www.robertosedda.it\/wp-content\/uploads\/2017\/09\/Gramsci-Che.jpg?fit=411%2C456\" data-orig-size=\"411,456\" data-comments-opened=\"1\" data-image-meta=\"{&quot;aperture&quot;:&quot;0&quot;,&quot;credit&quot;:&quot;&quot;,&quot;camera&quot;:&quot;&quot;,&quot;caption&quot;:&quot;&quot;,&quot;created_timestamp&quot;:&quot;0&quot;,&quot;copyright&quot;:&quot;&quot;,&quot;focal_length&quot;:&quot;0&quot;,&quot;iso&quot;:&quot;0&quot;,&quot;shutter_speed&quot;:&quot;0&quot;,&quot;title&quot;:&quot;&quot;,&quot;orientation&quot;:&quot;0&quot;}\" data-image-title=\"Gramsci Che\" data-image-description=\"\" data-image-caption=\"\" data-medium-file=\"https:\/\/i0.wp.com\/www.robertosedda.it\/wp-content\/uploads\/2017\/09\/Gramsci-Che.jpg?fit=270%2C300\" data-large-file=\"https:\/\/i0.wp.com\/www.robertosedda.it\/wp-content\/uploads\/2017\/09\/Gramsci-Che.jpg?fit=411%2C456\" decoding=\"async\" loading=\"lazy\" class=\"alignright size-full wp-image-14137\" src=\"https:\/\/i0.wp.com\/www.robertosedda.it\/wp-content\/uploads\/2017\/09\/Gramsci-Che.jpg?resize=411%2C456\" alt=\"\" width=\"411\" height=\"456\" srcset=\"https:\/\/i0.wp.com\/www.robertosedda.it\/wp-content\/uploads\/2017\/09\/Gramsci-Che.jpg?w=411 411w, https:\/\/i0.wp.com\/www.robertosedda.it\/wp-content\/uploads\/2017\/09\/Gramsci-Che.jpg?resize=135%2C150 135w, https:\/\/i0.wp.com\/www.robertosedda.it\/wp-content\/uploads\/2017\/09\/Gramsci-Che.jpg?resize=270%2C300 270w\" sizes=\"(max-width: 411px) 100vw, 411px\" data-recalc-dims=\"1\" \/><\/a>Ho scritto ieri, con una battuta, che per un concetto che volevo esprimere sarebbe stato pi\u00f9 appropriato Gramsci, ma che mi dovevo accontentare di Tolkien.<\/p>\n<p>In realt\u00e0 la battuta mi \u00e8 venuta spontanea perch\u00e9 \u00e8 un po&#8217; che, invece, sto studiando Gramsci: un po&#8217; \u00a0salti, un po&#8217; spizzicando dai <em>Quaderni,<\/em> un po&#8217; in maniera discontinua, ma insomma: sto studiando Gramsci.<\/p>\n<p>Se lo dico qui, veramente, non \u00e8 tanto per il fatto in s\u00e9, quanto perch\u00e9 per leggere Gramsci ci sono un sacco di risorse ricchissime in rete: io sto usando l&#8217;<a href=\"http:\/\/www.nilalienum.com\/Mappa\/Gramscinew.html\">edizione<\/a> corredata di note e moltissimo materiale integrativo liberamente disponibile sul\u00a0<em>web<\/em> a cura di Luigi Anepeta e Lisa Cecchi (l&#8217;episodicit\u00e0 della mia lettura \u00e8 legata anche all&#8217;apparato critico: comincio a leggere un paragrafo, vado alla nota, poi alla biografia di un personaggio citato, e via via parto per la tangente). Mi sembra un bel sito che merita di essere segnalato<\/p>\n<p>Le \u00a0mie impressioni sinora? Mah. Dico solo una cosa, che immagino dester\u00e0 scandalo: sulla letteratura Gramsci \u00e8 sempre interessantissimo, ma non ci azzecca quasi mai.<\/p>\n","protected":false},"excerpt":{"rendered":"<p>Ho scritto ieri, con una battuta, che per un concetto che volevo esprimere sarebbe stato pi\u00f9 appropriato Gramsci, ma che<\/p>\n","protected":false},"author":1,"featured_media":14137,"comment_status":"open","ping_status":"open","sticky":false,"template":"","format":"standard","meta":{"_mi_skip_tracking":false,"_monsterinsights_sitenote_active":false,"_monsterinsights_sitenote_note":"","_monsterinsights_sitenote_category":0,"jetpack_post_was_ever_published":false,"_jetpack_newsletter_access":"","jetpack_publicize_message":"","jetpack_is_tweetstorm":false,"jetpack_publicize_feature_enabled":true,"jetpack_social_post_already_shared":true,"jetpack_social_options":{"image_generator_settings":{"template":"highway","enabled":false}}},"categories":[52,57,59,95,16],"tags":[],"jetpack_publicize_connections":[],"jetpack_featured_media_url":"https:\/\/i0.wp.com\/www.robertosedda.it\/wp-content\/uploads\/2017\/09\/Gramsci-Che.jpg?fit=411%2C456","jetpack_sharing_enabled":true,"jetpack_shortlink":"https:\/\/wp.me\/p4jV2T-3FZ","jetpack_likes_enabled":true,"jetpack-related-posts":[{"id":14108,"url":"http:\/\/www.robertosedda.it\/?p=14108","url_meta":{"origin":14135,"position":0},"title":"I fantasmi di Gramsci","author":"Rufus","date":"05\/09\/2017","format":"video","excerpt":"https:\/\/www.youtube.com\/watch?v=1950jqyfK6I Visto ieri\u00a0Nel mondo grande e terribile, piccolo e interessante film su Gramsci, che copre sostanzialmente il periodo della detenzione nel carcere di Turi di Bari. Non sono abbastanza esperto di Gramsci per giudicare della resa delle sue idee, che mi \u00e8 parsa a un tempo interessante e zoppicante: marginalmente\u2026","rel":"","context":"In &quot;Biografie&quot;","block_context":{"text":"Biografie","link":"http:\/\/www.robertosedda.it\/?cat=83"},"img":{"alt_text":"","src":"https:\/\/i0.wp.com\/www.robertosedda.it\/wp-content\/uploads\/2017\/09\/Gramsci.jpg?fit=1200%2C646&resize=350%2C200","width":350,"height":200,"srcset":"https:\/\/i0.wp.com\/www.robertosedda.it\/wp-content\/uploads\/2017\/09\/Gramsci.jpg?fit=1200%2C646&resize=350%2C200 1x, https:\/\/i0.wp.com\/www.robertosedda.it\/wp-content\/uploads\/2017\/09\/Gramsci.jpg?fit=1200%2C646&resize=700%2C400 2x, https:\/\/i0.wp.com\/www.robertosedda.it\/wp-content\/uploads\/2017\/09\/Gramsci.jpg?fit=1200%2C646&resize=1050%2C600 3x"},"classes":[]},{"id":10916,"url":"http:\/\/www.robertosedda.it\/?p=10916","url_meta":{"origin":14135,"position":1},"title":"REBLOG: Conoscere Gramsci","author":"Rufus","date":"25\/09\/2015","format":false,"excerpt":"Un ciclo di cinque seminari dedicati al grande (e da tanti pressoch\u00e9 mai letto, anche quando citato) pensatore e resistente sardo.","rel":"","context":"In &quot;Segnalazioni&quot;","block_context":{"text":"Segnalazioni","link":"http:\/\/www.robertosedda.it\/?cat=95"},"img":{"alt_text":"","src":"","width":0,"height":0},"classes":[]},{"id":14149,"url":"http:\/\/www.robertosedda.it\/?p=14149","url_meta":{"origin":14135,"position":2},"title":"Si diceva, allora&#8230;","author":"Rufus","date":"15\/09\/2017","format":false,"excerpt":"I progressi dell\u2019igiene pubblica che hanno elevato le medie della vita umana pongono sempre pi\u00f9 la quistione sessuale come una \u00abquistione economica\u00bb a s\u00e9 stante, che pone dei problemi coordinati del tipo di superstruttura. L\u2019aumento della media della vita in Francia, con la scarsa natalit\u00e0, e con la ricchezza naturale\u2026","rel":"","context":"In &quot;Coordinate&quot;","block_context":{"text":"Coordinate","link":"http:\/\/www.robertosedda.it\/?cat=52"},"img":{"alt_text":"","src":"https:\/\/i0.wp.com\/www.robertosedda.it\/wp-content\/uploads\/2017\/09\/Bufala.png?fit=554%2C450&resize=350%2C200","width":350,"height":200},"classes":[]},{"id":5618,"url":"http:\/\/www.robertosedda.it\/?p=5618","url_meta":{"origin":14135,"position":3},"title":"Il gusto acre dell&#8217;apologetica","author":"Rufus","date":"28\/12\/2013","format":"video","excerpt":"La puntata di Oggi parliamo di libri che ho messo in linea ieri, dedicata a padre Brown, \u00e8 notevole perch\u00e9 mi ha permesso di dichiararmi in disaccordo con le opinioni di Antonio Gramsci, come se anch'io fossi un intellettuale vero. Credo davvero che la lettura di Gramsci, sebbene suggestiva, sia\u2026","rel":"","context":"In &quot;Coordinate&quot;","block_context":{"text":"Coordinate","link":"http:\/\/www.robertosedda.it\/?cat=52"},"img":{"alt_text":"","src":"https:\/\/i0.wp.com\/img.youtube.com\/vi\/DClAVlhw5Tw\/0.jpg?resize=350%2C200","width":350,"height":200},"classes":[]},{"id":13951,"url":"http:\/\/www.robertosedda.it\/?p=13951","url_meta":{"origin":14135,"position":4},"title":"Cambi di ottica visuale per la Sardegna","author":"Rufus","date":"19\/07\/2017","format":false,"excerpt":"L'altro giorno leggevo un articolo interessante sulle differenze fra lo spagnolo parlato nella penisola iberica e quello della latinoamerica. Gi\u00e0 dall'inizio c'\u00e8 una lunga discussione sull'uso della seconda persona del pronome personale e dei vari casi nei quali bisogna usare\u00a0ustedes\u00a0invece di\u00a0vosotros: saltava all'occhio il collegamento con i due pronomi sardi\u00a0fustetti\u2026","rel":"","context":"In &quot;Coordinate&quot;","block_context":{"text":"Coordinate","link":"http:\/\/www.robertosedda.it\/?cat=52"},"img":{"alt_text":"","src":"https:\/\/i0.wp.com\/www.robertosedda.it\/wp-content\/uploads\/2017\/07\/Quattro-mori.jpg?fit=1024%2C467&resize=350%2C200","width":350,"height":200,"srcset":"https:\/\/i0.wp.com\/www.robertosedda.it\/wp-content\/uploads\/2017\/07\/Quattro-mori.jpg?fit=1024%2C467&resize=350%2C200 1x, https:\/\/i0.wp.com\/www.robertosedda.it\/wp-content\/uploads\/2017\/07\/Quattro-mori.jpg?fit=1024%2C467&resize=700%2C400 2x"},"classes":[]},{"id":2986,"url":"http:\/\/www.robertosedda.it\/?p=2986","url_meta":{"origin":14135,"position":5},"title":"Il mio 25 aprile","author":"Rufus","date":"25\/04\/2013","format":"gallery","excerpt":"Oggi sono andato alla manifestazione: c'era un po' di gente, ma non tantissima, e oltretutto il corteo era diviso nettamente in due parti, una quella regular fit (cio\u00e8 il comitato organizzatore storico e gli enti pubblici) e l'altra quella straight line (cio\u00e8 il Coordinamento Antifascista) che a un certo punto\u2026","rel":"","context":"In &quot;Coordinate&quot;","block_context":{"text":"Coordinate","link":"http:\/\/www.robertosedda.it\/?cat=52"},"img":{"alt_text":"","src":"https:\/\/i0.wp.com\/www.robertosedda.it\/wp-content\/uploads\/2013\/04\/2013-04-25-10.05.31.jpg?resize=350%2C200","width":350,"height":200},"classes":[]}],"_links":{"self":[{"href":"http:\/\/www.robertosedda.it\/index.php?rest_route=\/wp\/v2\/posts\/14135"}],"collection":[{"href":"http:\/\/www.robertosedda.it\/index.php?rest_route=\/wp\/v2\/posts"}],"about":[{"href":"http:\/\/www.robertosedda.it\/index.php?rest_route=\/wp\/v2\/types\/post"}],"author":[{"embeddable":true,"href":"http:\/\/www.robertosedda.it\/index.php?rest_route=\/wp\/v2\/users\/1"}],"replies":[{"embeddable":true,"href":"http:\/\/www.robertosedda.it\/index.php?rest_route=%2Fwp%2Fv2%2Fcomments&post=14135"}],"version-history":[{"count":3,"href":"http:\/\/www.robertosedda.it\/index.php?rest_route=\/wp\/v2\/posts\/14135\/revisions"}],"predecessor-version":[{"id":14148,"href":"http:\/\/www.robertosedda.it\/index.php?rest_route=\/wp\/v2\/posts\/14135\/revisions\/14148"}],"wp:featuredmedia":[{"embeddable":true,"href":"http:\/\/www.robertosedda.it\/index.php?rest_route=\/wp\/v2\/media\/14137"}],"wp:attachment":[{"href":"http:\/\/www.robertosedda.it\/index.php?rest_route=%2Fwp%2Fv2%2Fmedia&parent=14135"}],"wp:term":[{"taxonomy":"category","embeddable":true,"href":"http:\/\/www.robertosedda.it\/index.php?rest_route=%2Fwp%2Fv2%2Fcategories&post=14135"},{"taxonomy":"post_tag","embeddable":true,"href":"http:\/\/www.robertosedda.it\/index.php?rest_route=%2Fwp%2Fv2%2Ftags&post=14135"}],"curies":[{"name":"wp","href":"https:\/\/api.w.org\/{rel}","templated":true}]}}