{"id":14116,"date":"2017-09-06T16:51:08","date_gmt":"2017-09-06T14:51:08","guid":{"rendered":"http:\/\/www.robertosedda.it\/?p=14116"},"modified":"2017-09-19T17:29:14","modified_gmt":"2017-09-19T15:29:14","slug":"cinque-anni-da-festeggiare","status":"publish","type":"post","link":"http:\/\/www.robertosedda.it\/?p=14116","title":{"rendered":"Cinque anni da festeggiare"},"content":{"rendered":"<p>Ieri <em>Facebook<\/em> mi ha proposto un ricordo di cinque anni fa, che io ho prontamente ripostato:<\/p>\n<p><a href=\"https:\/\/i0.wp.com\/www.robertosedda.it\/wp-content\/uploads\/2017\/09\/Cinque-anni-Facebook.jpg\"><img data-attachment-id=\"14117\" data-permalink=\"http:\/\/www.robertosedda.it\/?attachment_id=14117\" data-orig-file=\"https:\/\/i0.wp.com\/www.robertosedda.it\/wp-content\/uploads\/2017\/09\/Cinque-anni-Facebook.jpg?fit=523%2C330\" data-orig-size=\"523,330\" data-comments-opened=\"1\" data-image-meta=\"{&quot;aperture&quot;:&quot;0&quot;,&quot;credit&quot;:&quot;Roberto Sedda&quot;,&quot;camera&quot;:&quot;&quot;,&quot;caption&quot;:&quot;&quot;,&quot;created_timestamp&quot;:&quot;1504713818&quot;,&quot;copyright&quot;:&quot;&quot;,&quot;focal_length&quot;:&quot;0&quot;,&quot;iso&quot;:&quot;0&quot;,&quot;shutter_speed&quot;:&quot;0&quot;,&quot;title&quot;:&quot;&quot;,&quot;orientation&quot;:&quot;0&quot;}\" data-image-title=\"Cinque anni Facebook\" data-image-description=\"\" data-image-caption=\"\" data-medium-file=\"https:\/\/i0.wp.com\/www.robertosedda.it\/wp-content\/uploads\/2017\/09\/Cinque-anni-Facebook.jpg?fit=300%2C189\" data-large-file=\"https:\/\/i0.wp.com\/www.robertosedda.it\/wp-content\/uploads\/2017\/09\/Cinque-anni-Facebook.jpg?fit=510%2C322\" decoding=\"async\" loading=\"lazy\" class=\"aligncenter size-full wp-image-14117\" src=\"https:\/\/i0.wp.com\/www.robertosedda.it\/wp-content\/uploads\/2017\/09\/Cinque-anni-Facebook.jpg?resize=523%2C330\" alt=\"\" width=\"523\" height=\"330\" srcset=\"https:\/\/i0.wp.com\/www.robertosedda.it\/wp-content\/uploads\/2017\/09\/Cinque-anni-Facebook.jpg?w=523 523w, https:\/\/i0.wp.com\/www.robertosedda.it\/wp-content\/uploads\/2017\/09\/Cinque-anni-Facebook.jpg?resize=150%2C95 150w, https:\/\/i0.wp.com\/www.robertosedda.it\/wp-content\/uploads\/2017\/09\/Cinque-anni-Facebook.jpg?resize=300%2C189 300w, https:\/\/i0.wp.com\/www.robertosedda.it\/wp-content\/uploads\/2017\/09\/Cinque-anni-Facebook.jpg?resize=510%2C322 510w\" sizes=\"(max-width: 523px) 100vw, 523px\" data-recalc-dims=\"1\" \/><\/a>\u00c8, insomma, l&#8217;esordio ufficiale del nuovo\u00a0<em>blog<\/em>, che dopo essere rimasto fermo diversi anni ripartiva. In realt\u00e0 il <a href=\"http:\/\/www.robertosedda.it\/?p=39\">primo articolo assoluto<\/a> \u00e8 del 27 luglio 2012, poi per\u00f2 ho usato agosto per riportare qui cose che avevo scritto su\u00a0<em>Anobii<\/em>,\u00a0<em>ultimotriennio<\/em> e parecchi altri luoghi; il secondo articolo scritto apposta per il <em>blog\u00a0<\/em>&#8211; manco a dirlo, <a href=\"http:\/\/www.robertosedda.it\/?p=791\">un episodio alla fermata dell&#8217;autobus<\/a> &#8211;\u00a0\u00a0\u00e8 del 30 agosto (anche il <a href=\"http:\/\/www.robertosedda.it\/?p=795\">terzo<\/a>, che mi fa sempre molto ridere) e poi l&#8217;annuncio ufficiale su\u00a0<em>Facebook<\/em> del 5 settembre, che come data di anniversario va bene come qualunque altra.<\/p>\n<p>In questi cinque anni il\u00a0<em>blog\u00a0<\/em>ha fatto dei numeri, che trovate riassunti qui:<\/p>\n<p><a href=\"https:\/\/i0.wp.com\/www.robertosedda.it\/wp-content\/uploads\/2017\/09\/Statistiche-5-anni.jpg\"><img data-attachment-id=\"14118\" data-permalink=\"http:\/\/www.robertosedda.it\/?attachment_id=14118\" data-orig-file=\"https:\/\/i0.wp.com\/www.robertosedda.it\/wp-content\/uploads\/2017\/09\/Statistiche-5-anni.jpg?fit=1159%2C706\" data-orig-size=\"1159,706\" data-comments-opened=\"1\" data-image-meta=\"{&quot;aperture&quot;:&quot;0&quot;,&quot;credit&quot;:&quot;Roberto Sedda&quot;,&quot;camera&quot;:&quot;&quot;,&quot;caption&quot;:&quot;&quot;,&quot;created_timestamp&quot;:&quot;1504713274&quot;,&quot;copyright&quot;:&quot;&quot;,&quot;focal_length&quot;:&quot;0&quot;,&quot;iso&quot;:&quot;0&quot;,&quot;shutter_speed&quot;:&quot;0&quot;,&quot;title&quot;:&quot;&quot;,&quot;orientation&quot;:&quot;0&quot;}\" data-image-title=\"Statistiche 5 anni\" data-image-description=\"\" data-image-caption=\"\" data-medium-file=\"https:\/\/i0.wp.com\/www.robertosedda.it\/wp-content\/uploads\/2017\/09\/Statistiche-5-anni.jpg?fit=300%2C183\" data-large-file=\"https:\/\/i0.wp.com\/www.robertosedda.it\/wp-content\/uploads\/2017\/09\/Statistiche-5-anni.jpg?fit=510%2C311\" decoding=\"async\" loading=\"lazy\" class=\"aligncenter size-full wp-image-14118\" src=\"https:\/\/i0.wp.com\/www.robertosedda.it\/wp-content\/uploads\/2017\/09\/Statistiche-5-anni.jpg?resize=800%2C487\" alt=\"\" width=\"800\" height=\"487\" srcset=\"https:\/\/i0.wp.com\/www.robertosedda.it\/wp-content\/uploads\/2017\/09\/Statistiche-5-anni.jpg?w=1159 1159w, https:\/\/i0.wp.com\/www.robertosedda.it\/wp-content\/uploads\/2017\/09\/Statistiche-5-anni.jpg?resize=150%2C91 150w, https:\/\/i0.wp.com\/www.robertosedda.it\/wp-content\/uploads\/2017\/09\/Statistiche-5-anni.jpg?resize=300%2C183 300w, https:\/\/i0.wp.com\/www.robertosedda.it\/wp-content\/uploads\/2017\/09\/Statistiche-5-anni.jpg?resize=510%2C311 510w, https:\/\/i0.wp.com\/www.robertosedda.it\/wp-content\/uploads\/2017\/09\/Statistiche-5-anni.jpg?resize=310%2C190 310w, https:\/\/i0.wp.com\/www.robertosedda.it\/wp-content\/uploads\/2017\/09\/Statistiche-5-anni.jpg?resize=700%2C426 700w\" sizes=\"(max-width: 800px) 100vw, 800px\" data-recalc-dims=\"1\" \/><\/a>Naturalmente, sono numeri che\u00a0<em>Google<\/em> fa <a href=\"http:\/\/www.robertosedda.it\/?p=13389\">pi\u00f9 o meno in un minuto<\/a>, e in generale sulla rete equivalgono a un granello di sabbia su una spiaggia chilometrica, per\u00f2 a me sembrano straordinari lo stesso. Oh, poi ci sono dentro quelli che hanno letto le prime due righe di chiss\u00e0 cosa e poi sono scappati, quelli che volevano sapere <a href=\"http:\/\/www.robertosedda.it\/?p=8189\">dove abita\u00a0Jennifer Lawrence<\/a> e quelli che cercavano le <a href=\"http:\/\/www.robertosedda.it\/?p=8189\">foto di Denise Milani<\/a>, per\u00f2 io mi sento grato verso tutti quelli che sono passati di qui e in particolare per chi ha mostrato affetto per il <em>blog<\/em>, davvero grazie.<\/p>\n<p>Per ringraziare del&#8217;affetto vorrei fare una festa, come ho anticipato qualche giorno fa. Solo che ancora non so bene come organizzarla, quindi niente annuncio ufficiale. Tenete d&#8217;occhio il sito nei prossimi giorni.<\/p>\n<p>Chiudo con l&#8217;elenco dei dieci articoli pi\u00f9 letti in questi cinque anni:<\/p>\n<ul>\n<li><a href=\"http:\/\/www.robertosedda.it\/?p=2568\">Cose da fare a Cagliari almeno una volta nella vita<\/a><\/li>\n<li><a href=\"http:\/\/www.robertosedda.it\/?p=2202\">Come scrivere una mail alla Segreteria studenti (o della pigrizia)<\/a><\/li>\n<li><a href=\"http:\/\/www.robertosedda.it\/?p=2574\">Amori contrastati<\/a><\/li>\n<li><a href=\"http:\/\/www.robertosedda.it\/?p=9284\">Il trono vuoto dell&#8217;Inghilterra<\/a><\/li>\n<li><a href=\"http:\/\/www.robertosedda.it\/?p=3820\">Otto grandi canzoni su Ges\u00f9<\/a><\/li>\n<li><a href=\"http:\/\/www.robertosedda.it\/?p=8500\">Dieci fumetti da leggere almeno una volta nella vita<\/a><\/li>\n<li><a href=\"http:\/\/www.robertosedda.it\/?p=128\">Che cos&#8217;\u00e8 l&#8217;animazione?<\/a><\/li>\n<li><a href=\"http:\/\/www.robertosedda.it\/?p=9324\">Carabinieri batte Finanza un Thun a zero<\/a><\/li>\n<li><a href=\"http:\/\/www.robertosedda.it\/?p=1865\">Vi manca l&#8217;idea per un gioco di ruolo? Ecco&#8230;<\/a><\/li>\n<li><a href=\"http:\/\/www.robertosedda.it\/?p=4129\">Intervista a Jennifer Lawrence<\/a><\/li>\n<\/ul>\n<p>Certo non si pu\u00f2 dire che questo\u00a0<em>blog<\/em> non sia eclettico!<\/p>\n","protected":false},"excerpt":{"rendered":"<p>Ieri Facebook mi ha proposto un ricordo di cinque anni fa, che io ho prontamente ripostato: \u00c8, insomma, l&#8217;esordio ufficiale<\/p>\n","protected":false},"author":1,"featured_media":14118,"comment_status":"open","ping_status":"open","sticky":false,"template":"","format":"standard","meta":{"_mi_skip_tracking":false,"_monsterinsights_sitenote_active":false,"_monsterinsights_sitenote_note":"","_monsterinsights_sitenote_category":0,"jetpack_post_was_ever_published":false,"_jetpack_newsletter_access":"","jetpack_publicize_message":"","jetpack_is_tweetstorm":false,"jetpack_publicize_feature_enabled":true,"jetpack_social_post_already_shared":true,"jetpack_social_options":{"image_generator_settings":{"template":"highway","enabled":false}}},"categories":[52,86,53,17,16],"tags":[],"jetpack_publicize_connections":[],"jetpack_featured_media_url":"https:\/\/i0.wp.com\/www.robertosedda.it\/wp-content\/uploads\/2017\/09\/Statistiche-5-anni.jpg?fit=1159%2C706","jetpack_sharing_enabled":true,"jetpack_shortlink":"https:\/\/wp.me\/p4jV2T-3FG","jetpack_likes_enabled":true,"jetpack-related-posts":[{"id":14058,"url":"http:\/\/www.robertosedda.it\/?p=14058","url_meta":{"origin":14116,"position":0},"title":"Si riprende!","author":"Rufus","date":"21\/08\/2017","format":false,"excerpt":"Vedo che l'ultimo articolo su questo blog l'ho scritto il 3 agosto. Il 6 sono andato in vacanza e non ho pi\u00f9 scritto: rispetto agli anni scorsi la vacanza era pi\u00f9 intensa, il tempo minore, la connessione wi-fi dell'albergo meno efficiente, e insomma non ho scritto. Facebook era molto preoccupato.\u2026","rel":"","context":"In &quot;Coordinate&quot;","block_context":{"text":"Coordinate","link":"http:\/\/www.robertosedda.it\/?cat=52"},"img":{"alt_text":"","src":"https:\/\/i0.wp.com\/www.robertosedda.it\/wp-content\/uploads\/2017\/08\/ALIM4919.jpg?fit=1200%2C900&resize=350%2C200","width":350,"height":200,"srcset":"https:\/\/i0.wp.com\/www.robertosedda.it\/wp-content\/uploads\/2017\/08\/ALIM4919.jpg?fit=1200%2C900&resize=350%2C200 1x, https:\/\/i0.wp.com\/www.robertosedda.it\/wp-content\/uploads\/2017\/08\/ALIM4919.jpg?fit=1200%2C900&resize=700%2C400 2x, https:\/\/i0.wp.com\/www.robertosedda.it\/wp-content\/uploads\/2017\/08\/ALIM4919.jpg?fit=1200%2C900&resize=1050%2C600 3x"},"classes":[]},{"id":13929,"url":"http:\/\/www.robertosedda.it\/?p=13929","url_meta":{"origin":14116,"position":1},"title":"Ma secondo voi&#8230;","author":"Rufus","date":"11\/07\/2017","format":false,"excerpt":"Sto pensando di riunire gli articoli del\u00a0blog che hanno temi simile e di farne delle raccolte da scaricare in formato\u00a0pdf. L'idea mi \u00e8 venuta perch\u00e9 so che da poco Maria Bonaria ha consigliato a una conoscente di controllare su questo sito se c'erano dei materiali che la potevano interessare e\u2026","rel":"","context":"In &quot;Coordinate&quot;","block_context":{"text":"Coordinate","link":"http:\/\/www.robertosedda.it\/?cat=52"},"img":{"alt_text":"","src":"https:\/\/i0.wp.com\/www.robertosedda.it\/wp-content\/uploads\/2017\/07\/Libreria-fantastica.jpg?fit=1024%2C631&resize=350%2C200","width":350,"height":200,"srcset":"https:\/\/i0.wp.com\/www.robertosedda.it\/wp-content\/uploads\/2017\/07\/Libreria-fantastica.jpg?fit=1024%2C631&resize=350%2C200 1x, https:\/\/i0.wp.com\/www.robertosedda.it\/wp-content\/uploads\/2017\/07\/Libreria-fantastica.jpg?fit=1024%2C631&resize=700%2C400 2x"},"classes":[]},{"id":13853,"url":"http:\/\/www.robertosedda.it\/?p=13853","url_meta":{"origin":14116,"position":2},"title":"Scollegamenti","author":"Rufus","date":"16\/06\/2017","format":false,"excerpt":"Di solito cerco di scrivere qualcosa sul blog tutti i giorni, escluso il week-end, ma in questi ultimi mesi mi capita di non mantenere affatto questo ritmo: per restare a questa settimana, luned\u00ec e marted\u00ec non ho scritto niente e nemmeno ieri. Ora, non \u00e8 che tenga il blog per\u2026","rel":"","context":"In &quot;Coordinate&quot;","block_context":{"text":"Coordinate","link":"http:\/\/www.robertosedda.it\/?cat=52"},"img":{"alt_text":"","src":"https:\/\/i0.wp.com\/www.robertosedda.it\/wp-content\/uploads\/2017\/06\/Schermata-del-2017-06-16-16-07-30.png?fit=1161%2C462&resize=350%2C200","width":350,"height":200,"srcset":"https:\/\/i0.wp.com\/www.robertosedda.it\/wp-content\/uploads\/2017\/06\/Schermata-del-2017-06-16-16-07-30.png?fit=1161%2C462&resize=350%2C200 1x, https:\/\/i0.wp.com\/www.robertosedda.it\/wp-content\/uploads\/2017\/06\/Schermata-del-2017-06-16-16-07-30.png?fit=1161%2C462&resize=700%2C400 2x, https:\/\/i0.wp.com\/www.robertosedda.it\/wp-content\/uploads\/2017\/06\/Schermata-del-2017-06-16-16-07-30.png?fit=1161%2C462&resize=1050%2C600 3x"},"classes":[]},{"id":823,"url":"http:\/\/www.robertosedda.it\/?p=823","url_meta":{"origin":14116,"position":3},"title":"On the road again","author":"Rufus","date":"04\/09\/2012","format":false,"excerpt":"Pubblicare un sito o un blog comporta una buona dose di presunzione: vuol dire supporre che quello che si scrive o si fa sia interessante per gli altri, di solito molti altri. \u00c8 con un certo imbarazzo, quindi, che ho deciso di rimettere su il mio sito, che da un\u2026","rel":"","context":"In &quot;Coordinate&quot;","block_context":{"text":"Coordinate","link":"http:\/\/www.robertosedda.it\/?cat=52"},"img":{"alt_text":"","src":"","width":0,"height":0},"classes":[]},{"id":15755,"url":"http:\/\/www.robertosedda.it\/?p=15755","url_meta":{"origin":14116,"position":4},"title":"Il contrario della pagina bianca","author":"Rufus","date":"18\/10\/2018","format":false,"excerpt":"Credo che tutti conoscano il blocco dello scrittore, il complesso della pagina bianca. Ultimamente soffro del contrario: ho il complesso della pagina nera. Scrivo paginate su paginate di testo (per me non \u00e8 mai stato un problema essere prolisso, come sapete), arrivo alle ultime cinque righe e mi chiedo: \u00abMa\u2026","rel":"","context":"In &quot;Coordinate&quot;","block_context":{"text":"Coordinate","link":"http:\/\/www.robertosedda.it\/?cat=52"},"img":{"alt_text":"","src":"https:\/\/i0.wp.com\/www.robertosedda.it\/wp-content\/uploads\/2018\/10\/Blocco-scrittore.png?fit=400%2C346&resize=350%2C200","width":350,"height":200},"classes":[]},{"id":10799,"url":"http:\/\/www.robertosedda.it\/?p=10799","url_meta":{"origin":14116,"position":5},"title":"Ringraziamenti annuali (i soliti, ma sinceri)","author":"Rufus","date":"09\/09\/2015","format":false,"excerpt":"Come sempre fine agosto \u00e8 tempo di bilanci annuali per quanto riguarda le statistiche di frequenza del blog. Col fatto che siamo rimasti fermi quasi una settimana sono un po\u2019 in ritardo, ma ieri sono andato finalmente a guardarmele. Raccontava il compianto padre Acquaro di un suo confratello mercedario, afflitto\u2026","rel":"","context":"In &quot;Il web&quot;","block_context":{"text":"Il web","link":"http:\/\/www.robertosedda.it\/?cat=64"},"img":{"alt_text":"","src":"https:\/\/i0.wp.com\/www.robertosedda.it\/wp-content\/uploads\/2015\/09\/Stats-2014_15.jpg?fit=1187%2C581&resize=350%2C200","width":350,"height":200,"srcset":"https:\/\/i0.wp.com\/www.robertosedda.it\/wp-content\/uploads\/2015\/09\/Stats-2014_15.jpg?fit=1187%2C581&resize=350%2C200 1x, https:\/\/i0.wp.com\/www.robertosedda.it\/wp-content\/uploads\/2015\/09\/Stats-2014_15.jpg?fit=1187%2C581&resize=700%2C400 2x, https:\/\/i0.wp.com\/www.robertosedda.it\/wp-content\/uploads\/2015\/09\/Stats-2014_15.jpg?fit=1187%2C581&resize=1050%2C600 3x"},"classes":[]}],"_links":{"self":[{"href":"http:\/\/www.robertosedda.it\/index.php?rest_route=\/wp\/v2\/posts\/14116"}],"collection":[{"href":"http:\/\/www.robertosedda.it\/index.php?rest_route=\/wp\/v2\/posts"}],"about":[{"href":"http:\/\/www.robertosedda.it\/index.php?rest_route=\/wp\/v2\/types\/post"}],"author":[{"embeddable":true,"href":"http:\/\/www.robertosedda.it\/index.php?rest_route=\/wp\/v2\/users\/1"}],"replies":[{"embeddable":true,"href":"http:\/\/www.robertosedda.it\/index.php?rest_route=%2Fwp%2Fv2%2Fcomments&post=14116"}],"version-history":[{"count":1,"href":"http:\/\/www.robertosedda.it\/index.php?rest_route=\/wp\/v2\/posts\/14116\/revisions"}],"predecessor-version":[{"id":14119,"href":"http:\/\/www.robertosedda.it\/index.php?rest_route=\/wp\/v2\/posts\/14116\/revisions\/14119"}],"wp:featuredmedia":[{"embeddable":true,"href":"http:\/\/www.robertosedda.it\/index.php?rest_route=\/wp\/v2\/media\/14118"}],"wp:attachment":[{"href":"http:\/\/www.robertosedda.it\/index.php?rest_route=%2Fwp%2Fv2%2Fmedia&parent=14116"}],"wp:term":[{"taxonomy":"category","embeddable":true,"href":"http:\/\/www.robertosedda.it\/index.php?rest_route=%2Fwp%2Fv2%2Fcategories&post=14116"},{"taxonomy":"post_tag","embeddable":true,"href":"http:\/\/www.robertosedda.it\/index.php?rest_route=%2Fwp%2Fv2%2Ftags&post=14116"}],"curies":[{"name":"wp","href":"https:\/\/api.w.org\/{rel}","templated":true}]}}