{"id":14108,"date":"2017-09-05T16:47:33","date_gmt":"2017-09-05T14:47:33","guid":{"rendered":"http:\/\/www.robertosedda.it\/?p=14108"},"modified":"2026-02-02T10:46:18","modified_gmt":"2026-02-02T09:46:18","slug":"i-fantasmi-di-gramsci","status":"publish","type":"post","link":"http:\/\/www.robertosedda.it\/?p=14108","title":{"rendered":"I fantasmi di Gramsci"},"content":{"rendered":"\n<figure class=\"wp-block-embed is-type-video is-provider-youtube wp-block-embed-youtube wp-embed-aspect-16-9 wp-has-aspect-ratio\"><div class=\"wp-block-embed__wrapper\">\n<span class=\"embed-youtube\" style=\"text-align:center; display: block;\"><iframe loading=\"lazy\" class=\"youtube-player\" width=\"800\" height=\"450\" src=\"https:\/\/www.youtube.com\/embed\/1950jqyfK6I?version=3&#038;rel=1&#038;showsearch=0&#038;showinfo=1&#038;iv_load_policy=1&#038;fs=1&#038;hl=it-IT&#038;autohide=2&#038;wmode=transparent\" allowfullscreen=\"true\" style=\"border:0;\" sandbox=\"allow-scripts allow-same-origin allow-popups allow-presentation\"><\/iframe><\/span>\n<\/div><\/figure>\n\n\n\n<p>Visto ieri&nbsp;<em>Nel mondo grande e terribile<\/em>, piccolo e interessante film su Gramsci, che copre sostanzialmente il periodo della detenzione nel carcere di Turi di Bari.<\/p>\n\n\n\n<p>Non sono abbastanza esperto di Gramsci per giudicare della resa delle sue idee, che mi \u00e8 parsa a un tempo interessante e zoppicante: marginalmente si potrebbe pensare che non potendo giudicare della resa delle idee non possa nemmeno dare un parere sul film, che esteriormente si pone come la una sorta di introduzione a Gramsci, colto continuamente a riflettere, a rivolgersi al pubblico, a enunciare tesi e proposizioni.<\/p>\n\n\n\n<p>In realt\u00e0 questa dimensione, pur interessante, alla fine mi \u00e8 parsa secondaria: tra l&#8217;altro Gramsci ha scritto talmente tanto che qualunque scelta di poche frasi proposte in un film di un&#8217;ora e mezzo \u00e8, se non arbitraria, per forza di cose limitata.<\/p>\n\n\n\n<p>Invece il film si fa apprezzare per una scelta felice di messa in scena,&nbsp;<em>estremamente<\/em> teatrale: le quattro pareti della cella sono spesso spezzate quando il protagonista si protende a superarle, rivolgendosi a se stesso bambino e a vari fantasmi che vengono a trovarlo, da Bucharin in gi\u00f9: l&#8217;intenso colloquio a distanza delle lettere (e dei&nbsp;<em>Quaderni<\/em>) viene cos\u00ec a personalizzarsi, a assumere una dimensione diretta. \u00c8 evidentemente una finzione, e l&#8217;impianto teatrale la rende esplicita, ma permette in maniera efficace di rendere attraente quella che, altrimenti, sarebbe una pura lettura di brani tratti dalle opere e un monologo.<\/p>\n\n\n\n<p>La scelta, in realt\u00e0, \u00e8 efficace anche per un altro motivo: perch\u00e9 il protagonista del film non \u00e8, quasi, Gramsci, quanto il carcere: o meglio la condizione carceraria e claustrofobica nella quale pu\u00f2 trovarsi un uomo al quale ci si \u00e8 ripromessi di impedire che possa far funzionare il cervello e che vede, lentamente, col dissolversi della salute e della propria capacit\u00e0 fisica di lavorare intellettualmente, trionfare il disegno degli avversari. Il dialogo a distanza assume cos\u00ec una qualit\u00e0 febbrile e delirante per la quale i fantasmi coi quali Gramsci discute non sono solo scelta registica che alleggerisce le scene, ma la rappresentazione plastica di una dimensione esistenziale che si chiude sempre pi\u00f9 e di un dibattito intellettuale che si fa dialogo con fantasmi.<\/p>\n\n\n\n<p>Questa scelta molto efficace fa perdonare, anche, un certo conformismo che affiora qui e l\u00e0 nella presentazione della vicenda biografica di Gramsci: \u00e8 vero che i fatti e i personaggi sono quelli ed \u00e8 vero che alcuni fatti quelli sono e non possono essere cambiati (la famosa lettera di Grieco, la divaricazione di considerazioni tattiche su come procedere nell&#8217;azione politica fra Gramsci in carcere e i compagni rifugiatisi a Mosca e costretti a rispettare l&#8217;ortodossia stalinista, il progressivo estraniamento dalla moglie, e cos\u00ec via), ma \u00e8 anche vero che la loro presentazione non ha guizzi particolari e si apre, se non capisco male, alla possibilit\u00e0 di polemiche storico-politiche; d&#8217;altra parte per\u00f2 palesemente non \u00e8 ricostruire quei fatti e definire le responsabilit\u00e0 che interessa il regista, ma una ricerca esistenziale che si dimostra, alla fin fine, molto pi\u00f9 fruttuosa.<\/p>\n","protected":false},"excerpt":{"rendered":"<p>Visto ieri&nbsp;Nel mondo grande e terribile, piccolo e interessante film su Gramsci, che copre sostanzialmente il periodo della detenzione nel<\/p>\n","protected":false},"author":1,"featured_media":20902,"comment_status":"open","ping_status":"open","sticky":false,"template":"","format":"video","meta":{"_mi_skip_tracking":false,"_monsterinsights_sitenote_active":false,"_monsterinsights_sitenote_note":"","_monsterinsights_sitenote_category":0,"jetpack_post_was_ever_published":false,"_jetpack_newsletter_access":"","jetpack_publicize_message":"","jetpack_is_tweetstorm":false,"jetpack_publicize_feature_enabled":true,"jetpack_social_post_already_shared":true,"jetpack_social_options":{"image_generator_settings":{"template":"highway","enabled":false}}},"categories":[83,52,14,56,12],"tags":[],"jetpack_publicize_connections":[],"jetpack_featured_media_url":"https:\/\/i0.wp.com\/www.robertosedda.it\/wp-content\/uploads\/2017\/09\/Gramsci.jpg?fit=1341%2C722","jetpack_sharing_enabled":true,"jetpack_shortlink":"https:\/\/wp.me\/p4jV2T-3Fy","jetpack_likes_enabled":true,"jetpack-related-posts":[{"id":14135,"url":"http:\/\/www.robertosedda.it\/?p=14135","url_meta":{"origin":14108,"position":0},"title":"Intanto leggo Gramsci","author":"Rufus","date":"12\/09\/2017","format":false,"excerpt":"Ho scritto ieri, con una battuta, che per un concetto che volevo esprimere sarebbe stato pi\u00f9 appropriato Gramsci, ma che mi dovevo accontentare di Tolkien. In realt\u00e0 la battuta mi \u00e8 venuta spontanea perch\u00e9 \u00e8 un po' che, invece, sto studiando Gramsci: un po' \u00a0salti, un po' spizzicando dai Quaderni,\u2026","rel":"","context":"In &quot;Coordinate&quot;","block_context":{"text":"Coordinate","link":"http:\/\/www.robertosedda.it\/?cat=52"},"img":{"alt_text":"","src":"https:\/\/i0.wp.com\/www.robertosedda.it\/wp-content\/uploads\/2017\/09\/Gramsci-Che.jpg?fit=411%2C456&resize=350%2C200","width":350,"height":200},"classes":[]},{"id":14149,"url":"http:\/\/www.robertosedda.it\/?p=14149","url_meta":{"origin":14108,"position":1},"title":"Si diceva, allora&#8230;","author":"Rufus","date":"15\/09\/2017","format":false,"excerpt":"I progressi dell\u2019igiene pubblica che hanno elevato le medie della vita umana pongono sempre pi\u00f9 la quistione sessuale come una \u00abquistione economica\u00bb a s\u00e9 stante, che pone dei problemi coordinati del tipo di superstruttura. L\u2019aumento della media della vita in Francia, con la scarsa natalit\u00e0, e con la ricchezza naturale\u2026","rel":"","context":"In &quot;Coordinate&quot;","block_context":{"text":"Coordinate","link":"http:\/\/www.robertosedda.it\/?cat=52"},"img":{"alt_text":"","src":"https:\/\/i0.wp.com\/www.robertosedda.it\/wp-content\/uploads\/2017\/09\/Bufala.png?fit=554%2C450&resize=350%2C200","width":350,"height":200},"classes":[]},{"id":10916,"url":"http:\/\/www.robertosedda.it\/?p=10916","url_meta":{"origin":14108,"position":2},"title":"REBLOG: Conoscere Gramsci","author":"Rufus","date":"25\/09\/2015","format":false,"excerpt":"Un ciclo di cinque seminari dedicati al grande (e da tanti pressoch\u00e9 mai letto, anche quando citato) pensatore e resistente sardo.","rel":"","context":"In &quot;Segnalazioni&quot;","block_context":{"text":"Segnalazioni","link":"http:\/\/www.robertosedda.it\/?cat=95"},"img":{"alt_text":"","src":"","width":0,"height":0},"classes":[]},{"id":5618,"url":"http:\/\/www.robertosedda.it\/?p=5618","url_meta":{"origin":14108,"position":3},"title":"Il gusto acre dell&#8217;apologetica","author":"Rufus","date":"28\/12\/2013","format":"video","excerpt":"La puntata di Oggi parliamo di libri che ho messo in linea ieri, dedicata a padre Brown, \u00e8 notevole perch\u00e9 mi ha permesso di dichiararmi in disaccordo con le opinioni di Antonio Gramsci, come se anch'io fossi un intellettuale vero. Credo davvero che la lettura di Gramsci, sebbene suggestiva, sia\u2026","rel":"","context":"In &quot;Coordinate&quot;","block_context":{"text":"Coordinate","link":"http:\/\/www.robertosedda.it\/?cat=52"},"img":{"alt_text":"","src":"https:\/\/i0.wp.com\/img.youtube.com\/vi\/DClAVlhw5Tw\/0.jpg?resize=350%2C200","width":350,"height":200},"classes":[]},{"id":14058,"url":"http:\/\/www.robertosedda.it\/?p=14058","url_meta":{"origin":14108,"position":4},"title":"Si riprende!","author":"Rufus","date":"21\/08\/2017","format":false,"excerpt":"Vedo che l'ultimo articolo su questo blog l'ho scritto il 3 agosto. Il 6 sono andato in vacanza e non ho pi\u00f9 scritto: rispetto agli anni scorsi la vacanza era pi\u00f9 intensa, il tempo minore, la connessione wi-fi dell'albergo meno efficiente, e insomma non ho scritto. Facebook era molto preoccupato.\u2026","rel":"","context":"In &quot;Coordinate&quot;","block_context":{"text":"Coordinate","link":"http:\/\/www.robertosedda.it\/?cat=52"},"img":{"alt_text":"","src":"https:\/\/i0.wp.com\/www.robertosedda.it\/wp-content\/uploads\/2017\/08\/ALIM4919.jpg?fit=1200%2C900&resize=350%2C200","width":350,"height":200,"srcset":"https:\/\/i0.wp.com\/www.robertosedda.it\/wp-content\/uploads\/2017\/08\/ALIM4919.jpg?fit=1200%2C900&resize=350%2C200 1x, https:\/\/i0.wp.com\/www.robertosedda.it\/wp-content\/uploads\/2017\/08\/ALIM4919.jpg?fit=1200%2C900&resize=700%2C400 2x, https:\/\/i0.wp.com\/www.robertosedda.it\/wp-content\/uploads\/2017\/08\/ALIM4919.jpg?fit=1200%2C900&resize=1050%2C600 3x"},"classes":[]},{"id":13951,"url":"http:\/\/www.robertosedda.it\/?p=13951","url_meta":{"origin":14108,"position":5},"title":"Cambi di ottica visuale per la Sardegna","author":"Rufus","date":"19\/07\/2017","format":false,"excerpt":"L'altro giorno leggevo un articolo interessante sulle differenze fra lo spagnolo parlato nella penisola iberica e quello della latinoamerica. Gi\u00e0 dall'inizio c'\u00e8 una lunga discussione sull'uso della seconda persona del pronome personale e dei vari casi nei quali bisogna usare\u00a0ustedes\u00a0invece di\u00a0vosotros: saltava all'occhio il collegamento con i due pronomi sardi\u00a0fustetti\u2026","rel":"","context":"In &quot;Coordinate&quot;","block_context":{"text":"Coordinate","link":"http:\/\/www.robertosedda.it\/?cat=52"},"img":{"alt_text":"","src":"https:\/\/i0.wp.com\/www.robertosedda.it\/wp-content\/uploads\/2017\/07\/Quattro-mori.jpg?fit=1024%2C467&resize=350%2C200","width":350,"height":200,"srcset":"https:\/\/i0.wp.com\/www.robertosedda.it\/wp-content\/uploads\/2017\/07\/Quattro-mori.jpg?fit=1024%2C467&resize=350%2C200 1x, https:\/\/i0.wp.com\/www.robertosedda.it\/wp-content\/uploads\/2017\/07\/Quattro-mori.jpg?fit=1024%2C467&resize=700%2C400 2x"},"classes":[]}],"_links":{"self":[{"href":"http:\/\/www.robertosedda.it\/index.php?rest_route=\/wp\/v2\/posts\/14108"}],"collection":[{"href":"http:\/\/www.robertosedda.it\/index.php?rest_route=\/wp\/v2\/posts"}],"about":[{"href":"http:\/\/www.robertosedda.it\/index.php?rest_route=\/wp\/v2\/types\/post"}],"author":[{"embeddable":true,"href":"http:\/\/www.robertosedda.it\/index.php?rest_route=\/wp\/v2\/users\/1"}],"replies":[{"embeddable":true,"href":"http:\/\/www.robertosedda.it\/index.php?rest_route=%2Fwp%2Fv2%2Fcomments&post=14108"}],"version-history":[{"count":4,"href":"http:\/\/www.robertosedda.it\/index.php?rest_route=\/wp\/v2\/posts\/14108\/revisions"}],"predecessor-version":[{"id":20903,"href":"http:\/\/www.robertosedda.it\/index.php?rest_route=\/wp\/v2\/posts\/14108\/revisions\/20903"}],"wp:featuredmedia":[{"embeddable":true,"href":"http:\/\/www.robertosedda.it\/index.php?rest_route=\/wp\/v2\/media\/20902"}],"wp:attachment":[{"href":"http:\/\/www.robertosedda.it\/index.php?rest_route=%2Fwp%2Fv2%2Fmedia&parent=14108"}],"wp:term":[{"taxonomy":"category","embeddable":true,"href":"http:\/\/www.robertosedda.it\/index.php?rest_route=%2Fwp%2Fv2%2Fcategories&post=14108"},{"taxonomy":"post_tag","embeddable":true,"href":"http:\/\/www.robertosedda.it\/index.php?rest_route=%2Fwp%2Fv2%2Ftags&post=14108"}],"curies":[{"name":"wp","href":"https:\/\/api.w.org\/{rel}","templated":true}]}}