{"id":14058,"date":"2017-08-21T17:01:36","date_gmt":"2017-08-21T15:01:36","guid":{"rendered":"http:\/\/www.robertosedda.it\/?p=14058"},"modified":"2018-08-20T13:06:26","modified_gmt":"2018-08-20T11:06:26","slug":"si-riprende","status":"publish","type":"post","link":"http:\/\/www.robertosedda.it\/?p=14058","title":{"rendered":"Si riprende!"},"content":{"rendered":"<p>Vedo che l&#8217;ultimo articolo su questo <em>blog<\/em> l&#8217;ho scritto il 3 agosto. Il 6 sono andato in vacanza e non ho pi\u00f9 scritto: rispetto agli anni scorsi la vacanza era pi\u00f9 intensa, il tempo minore, la connessione <em>wi-fi<\/em> dell&#8217;albergo meno efficiente, e insomma non ho scritto.<\/p>\n<p><em><a href=\"https:\/\/i0.wp.com\/www.robertosedda.it\/wp-content\/uploads\/2017\/08\/ALIM4919.jpg\"><img data-attachment-id=\"14060\" data-permalink=\"http:\/\/www.robertosedda.it\/?attachment_id=14060\" data-orig-file=\"https:\/\/i0.wp.com\/www.robertosedda.it\/wp-content\/uploads\/2017\/08\/ALIM4919.jpg?fit=3264%2C2448\" data-orig-size=\"3264,2448\" data-comments-opened=\"1\" data-image-meta=\"{&quot;aperture&quot;:&quot;4.1&quot;,&quot;credit&quot;:&quot;&quot;,&quot;camera&quot;:&quot;F8035&quot;,&quot;caption&quot;:&quot;YASHICA Digital Camera&quot;,&quot;created_timestamp&quot;:&quot;1502644361&quot;,&quot;copyright&quot;:&quot;&quot;,&quot;focal_length&quot;:&quot;11&quot;,&quot;iso&quot;:&quot;125&quot;,&quot;shutter_speed&quot;:&quot;0.009715&quot;,&quot;title&quot;:&quot;YASHICA Digital Camera&quot;,&quot;orientation&quot;:&quot;1&quot;}\" data-image-title=\"Sopra San Valentino alla Muta\" data-image-description=\"\" data-image-caption=\"\" data-medium-file=\"https:\/\/i0.wp.com\/www.robertosedda.it\/wp-content\/uploads\/2017\/08\/ALIM4919.jpg?fit=300%2C225\" data-large-file=\"https:\/\/i0.wp.com\/www.robertosedda.it\/wp-content\/uploads\/2017\/08\/ALIM4919.jpg?fit=510%2C383\" decoding=\"async\" loading=\"lazy\" class=\"aligncenter size-full wp-image-14060\" src=\"https:\/\/i0.wp.com\/www.robertosedda.it\/wp-content\/uploads\/2017\/08\/ALIM4919.jpg?resize=800%2C600\" alt=\"\" width=\"800\" height=\"600\" srcset=\"https:\/\/i0.wp.com\/www.robertosedda.it\/wp-content\/uploads\/2017\/08\/ALIM4919.jpg?w=3264 3264w, https:\/\/i0.wp.com\/www.robertosedda.it\/wp-content\/uploads\/2017\/08\/ALIM4919.jpg?resize=150%2C113 150w, https:\/\/i0.wp.com\/www.robertosedda.it\/wp-content\/uploads\/2017\/08\/ALIM4919.jpg?resize=300%2C225 300w, https:\/\/i0.wp.com\/www.robertosedda.it\/wp-content\/uploads\/2017\/08\/ALIM4919.jpg?resize=510%2C383 510w, https:\/\/i0.wp.com\/www.robertosedda.it\/wp-content\/uploads\/2017\/08\/ALIM4919.jpg?resize=268%2C200 268w, https:\/\/i0.wp.com\/www.robertosedda.it\/wp-content\/uploads\/2017\/08\/ALIM4919.jpg?resize=700%2C525 700w, https:\/\/i0.wp.com\/www.robertosedda.it\/wp-content\/uploads\/2017\/08\/ALIM4919.jpg?w=1600 1600w, https:\/\/i0.wp.com\/www.robertosedda.it\/wp-content\/uploads\/2017\/08\/ALIM4919.jpg?w=2400 2400w\" sizes=\"(max-width: 800px) 100vw, 800px\" data-recalc-dims=\"1\" \/><\/a>Facebook <\/em>era molto preoccupato. Moltissimo.<\/p>\n<p>A un certo punto ha preso a scrivermi ogni mattina: <em>sono sei giorni che non scrivi<\/em>&#8230; <em>sette giorni<\/em>&#8230; <em>otto<\/em>&#8230;<em> i tuoi amici non stanno pi\u00f9 commentando<\/em>&#8230; fino al sommo: <em>sono gi\u00e0 dieci giorni che non hai pi\u00f9 nuovi <\/em>Mi piace<em> sulla tua pagina<\/em>.<\/p>\n<p>Davvero: era spaventosamente in ansia per me. Quasi quanto <em>Clash Royale<\/em>.<\/p>\n<p>In realt\u00e0 non c&#8217;era molto da preoccuparsi, vedendo le statistiche del sito: le visite sono un po&#8217; calate, questo s\u00ec, ma non poi cos\u00ec tanto. Il che \u00e8 anche una salutare lezione di umilt\u00e0, dopotutto: non \u00e8 che se smetti di scrivere succede poi questo granch\u00e9: la gente continua a leggersi le cose da fare a Cagliari, qualche recensione di fumetti, libri o film o qualche altro articolo vecchio di <em>aaaanni<\/em> che nemmeno io ricordo pi\u00f9 di aver scritto.<\/p>\n<p>A proposito di anni: con i primi di settembre il <em>blog<\/em> compie cinque anni (in realt\u00e0 la data potrebbe essere fissata a piacere fra il 27 luglio e il 4 settembre, a seconda di cosa di consideri come articolo di inizio).<\/p>\n<p>Gi\u00e0 cinque anni: caspita.<\/p>\n<p>E quindi sto pensando di fare una festa del <em>blog<\/em>, sperando che la cosa vi faccia piacere. Non so ancora bene cosa fare e come, ma Maria Bonaria mi ha messo la pulce nell&#8217;orecchio e si sa che lei la sa sempre molto pi\u00f9 lunga di me, quindi credo proprio che questa festa si far\u00e0.<\/p>\n<p>Nel frattempo segnalo un po&#8217; di cose sulle quali vorrei scrivere nei prossimi giorni, a seconda dell&#8217;umore e delle altre cose da fare:<\/p>\n<ul>\n<li>di strutture narrative e <em>videogame<\/em>, per esaltare gli autori di giochi di ruolo dei tempi andati, i quali avevano capito tutto<\/li>\n<li>di <em>debriefing<\/em> e <em>post mortem<\/em>, per concludere un discorso gi\u00e0 da tempo iniziato<\/li>\n<li>di trucchi grafici per avere ragione anche quando si ha torto, un po&#8217; come quando si usano le fallacie logiche per ingannare l&#8217;interlocutore o il pubblico<\/li>\n<li>di Nietzsche, Dumas e di come Gramsci spesso sembra che non ci azzecchi ma poi ci azzecca moltissimo &#8211; e di superuomini, da Rastignac al Conte di Montecristo<\/li>\n<li>e del Conte di Montecristo e della mia ignoranza del romanzo francese<\/li>\n<li>beh, della vacanza e di come la Val Venosta sia un posto secondo il mio cuore<\/li>\n<li>di gente che, ben prima di <em>Instagram<\/em>, considera luoghi ed eventi come un palcoscenico per ben figurare<\/li>\n<li>dei cattolici del Tirolo e dei mendicanti.<\/li>\n<\/ul>\n<p>Anche questo elenco, anche se non sembra, \u00e8 un esercizio di umilt\u00e0: perch\u00e9 non so se ve ne siete mai accorti ma tutte le volte che scrivo che parler\u00f2 di questo o quello, tanto pi\u00f9 se annuncio in gran pompa: <em>ve lo scrivo domani<\/em>, poi non lo faccio mai ( o dopo <em>aaaanni<\/em>). Cos\u00ec lo faccio apposta, a darmi la zappa sui piedi, cos\u00ec non monto in cattedra (e questo vuol dire, probabilmente, che tutti questi fighissimi argomenti non saranno mai trattati).<\/p>\n<p>Ma di questo parler\u00f2 meglio domani!<\/p>\n","protected":false},"excerpt":{"rendered":"<p>Vedo che l&#8217;ultimo articolo su questo blog l&#8217;ho scritto il 3 agosto. Il 6 sono andato in vacanza e non<\/p>\n","protected":false},"author":1,"featured_media":14060,"comment_status":"open","ping_status":"open","sticky":false,"template":"","format":"standard","meta":{"_mi_skip_tracking":false,"_monsterinsights_sitenote_active":false,"_monsterinsights_sitenote_note":"","_monsterinsights_sitenote_category":0,"jetpack_post_was_ever_published":false,"_jetpack_newsletter_access":"","jetpack_publicize_message":"","jetpack_is_tweetstorm":false,"jetpack_publicize_feature_enabled":true,"jetpack_social_post_already_shared":true,"jetpack_social_options":{"image_generator_settings":{"template":"highway","enabled":false}}},"categories":[52,86,53,17,16],"tags":[],"jetpack_publicize_connections":[],"jetpack_featured_media_url":"https:\/\/i0.wp.com\/www.robertosedda.it\/wp-content\/uploads\/2017\/08\/ALIM4919.jpg?fit=3264%2C2448","jetpack_sharing_enabled":true,"jetpack_shortlink":"https:\/\/wp.me\/p4jV2T-3EK","jetpack_likes_enabled":true,"jetpack-related-posts":[{"id":14553,"url":"http:\/\/www.robertosedda.it\/?p=14553","url_meta":{"origin":14058,"position":0},"title":"Non potrei essere pi\u00f9 orgoglioso!","author":"Rufus","date":"12\/01\/2018","format":false,"excerpt":"Mia nipote piccola Marta l'altro giorno ha scritto una letterina al padre che ha avuto molto successo in famiglia (e non solo). Rafforzata dalla approvazione degli adulti deve quindi avere deciso di intraprendere delle fitte corrispondenze familiari: ieri sono tornato a casa e, in una bustina accuratamente piegata ho trovo\u2026","rel":"","context":"In &quot;Coordinate&quot;","block_context":{"text":"Coordinate","link":"http:\/\/www.robertosedda.it\/?cat=52"},"img":{"alt_text":"","src":"https:\/\/i0.wp.com\/www.robertosedda.it\/wp-content\/uploads\/2018\/01\/ALIM4925-e1515775298857.jpg?fit=900%2C1200&resize=350%2C200","width":350,"height":200,"srcset":"https:\/\/i0.wp.com\/www.robertosedda.it\/wp-content\/uploads\/2018\/01\/ALIM4925-e1515775298857.jpg?fit=900%2C1200&resize=350%2C200 1x, https:\/\/i0.wp.com\/www.robertosedda.it\/wp-content\/uploads\/2018\/01\/ALIM4925-e1515775298857.jpg?fit=900%2C1200&resize=700%2C400 2x"},"classes":[]},{"id":20830,"url":"http:\/\/www.robertosedda.it\/?p=20830","url_meta":{"origin":14058,"position":1},"title":"Cartoline e filastrocche","author":"Rufus","date":"15\/01\/2026","format":false,"excerpt":"Da diversi anni quando vado in vacanza mando cartoline alle nipoti e a qualche altro, e le scrivo in rima. Scherzare in rima, in realt\u00e0, \u00e8 una tradizione della famiglia Delitala. Mio nonno e i fratelli, che avevano una intensa corrispondenza molto organizzata - si mandavano vere e proprie lettere\u2026","rel":"","context":"In &quot;Coordinate&quot;","block_context":{"text":"Coordinate","link":"http:\/\/www.robertosedda.it\/?cat=52"},"img":{"alt_text":"","src":"https:\/\/i0.wp.com\/www.robertosedda.it\/wp-content\/uploads\/2026\/01\/Mazia.jpg?fit=1200%2C541&resize=350%2C200","width":350,"height":200,"srcset":"https:\/\/i0.wp.com\/www.robertosedda.it\/wp-content\/uploads\/2026\/01\/Mazia.jpg?fit=1200%2C541&resize=350%2C200 1x, https:\/\/i0.wp.com\/www.robertosedda.it\/wp-content\/uploads\/2026\/01\/Mazia.jpg?fit=1200%2C541&resize=700%2C400 2x, https:\/\/i0.wp.com\/www.robertosedda.it\/wp-content\/uploads\/2026\/01\/Mazia.jpg?fit=1200%2C541&resize=1050%2C600 3x"},"classes":[]},{"id":13853,"url":"http:\/\/www.robertosedda.it\/?p=13853","url_meta":{"origin":14058,"position":2},"title":"Scollegamenti","author":"Rufus","date":"16\/06\/2017","format":false,"excerpt":"Di solito cerco di scrivere qualcosa sul blog tutti i giorni, escluso il week-end, ma in questi ultimi mesi mi capita di non mantenere affatto questo ritmo: per restare a questa settimana, luned\u00ec e marted\u00ec non ho scritto niente e nemmeno ieri. Ora, non \u00e8 che tenga il blog per\u2026","rel":"","context":"In &quot;Coordinate&quot;","block_context":{"text":"Coordinate","link":"http:\/\/www.robertosedda.it\/?cat=52"},"img":{"alt_text":"","src":"https:\/\/i0.wp.com\/www.robertosedda.it\/wp-content\/uploads\/2017\/06\/Schermata-del-2017-06-16-16-07-30.png?fit=1161%2C462&resize=350%2C200","width":350,"height":200,"srcset":"https:\/\/i0.wp.com\/www.robertosedda.it\/wp-content\/uploads\/2017\/06\/Schermata-del-2017-06-16-16-07-30.png?fit=1161%2C462&resize=350%2C200 1x, https:\/\/i0.wp.com\/www.robertosedda.it\/wp-content\/uploads\/2017\/06\/Schermata-del-2017-06-16-16-07-30.png?fit=1161%2C462&resize=700%2C400 2x, https:\/\/i0.wp.com\/www.robertosedda.it\/wp-content\/uploads\/2017\/06\/Schermata-del-2017-06-16-16-07-30.png?fit=1161%2C462&resize=1050%2C600 3x"},"classes":[]},{"id":10587,"url":"http:\/\/www.robertosedda.it\/?p=10587","url_meta":{"origin":14058,"position":3},"title":"Seguire il tempo","author":"Rufus","date":"28\/07\/2015","format":false,"excerpt":"\u00c8 da almeno una settimana che ho un sacco di cose da scrivere sul\u00a0blog e non trovo il tempo per farlo. In parte dipende dal fatto che sono in vacanza: e uno si potrebbe dire che in realt\u00e0 \u00e8\u00a0normale che in vacanza si dedichi il tempo libero a fare altre\u2026","rel":"","context":"In &quot;Coordinate&quot;","block_context":{"text":"Coordinate","link":"http:\/\/www.robertosedda.it\/?cat=52"},"img":{"alt_text":"","src":"https:\/\/i0.wp.com\/www.robertosedda.it\/wp-content\/uploads\/2015\/07\/Stintino.jpg?fit=720%2C960&resize=350%2C200","width":350,"height":200,"srcset":"https:\/\/i0.wp.com\/www.robertosedda.it\/wp-content\/uploads\/2015\/07\/Stintino.jpg?fit=720%2C960&resize=350%2C200 1x, https:\/\/i0.wp.com\/www.robertosedda.it\/wp-content\/uploads\/2015\/07\/Stintino.jpg?fit=720%2C960&resize=700%2C400 2x"},"classes":[]},{"id":14116,"url":"http:\/\/www.robertosedda.it\/?p=14116","url_meta":{"origin":14058,"position":4},"title":"Cinque anni da festeggiare","author":"Rufus","date":"06\/09\/2017","format":false,"excerpt":"Ieri Facebook mi ha proposto un ricordo di cinque anni fa, che io ho prontamente ripostato: \u00c8, insomma, l'esordio ufficiale del nuovo\u00a0blog, che dopo essere rimasto fermo diversi anni ripartiva. In realt\u00e0 il primo articolo assoluto \u00e8 del 27 luglio 2012, poi per\u00f2 ho usato agosto per riportare qui cose\u2026","rel":"","context":"In &quot;Coordinate&quot;","block_context":{"text":"Coordinate","link":"http:\/\/www.robertosedda.it\/?cat=52"},"img":{"alt_text":"","src":"https:\/\/i0.wp.com\/www.robertosedda.it\/wp-content\/uploads\/2017\/09\/Statistiche-5-anni.jpg?fit=1159%2C706&resize=350%2C200","width":350,"height":200,"srcset":"https:\/\/i0.wp.com\/www.robertosedda.it\/wp-content\/uploads\/2017\/09\/Statistiche-5-anni.jpg?fit=1159%2C706&resize=350%2C200 1x, https:\/\/i0.wp.com\/www.robertosedda.it\/wp-content\/uploads\/2017\/09\/Statistiche-5-anni.jpg?fit=1159%2C706&resize=700%2C400 2x, https:\/\/i0.wp.com\/www.robertosedda.it\/wp-content\/uploads\/2017\/09\/Statistiche-5-anni.jpg?fit=1159%2C706&resize=1050%2C600 3x"},"classes":[]},{"id":4220,"url":"http:\/\/www.robertosedda.it\/?p=4220","url_meta":{"origin":14058,"position":5},"title":"Buone vacanze!","author":"Rufus","date":"03\/08\/2013","format":false,"excerpt":"Passer\u00f2 i prossimi giorni a Tonara, nel centro della Sardegna, quindi anche il blog si prende una vacanza. Mi porto dietro il\u00a0computer (luned\u00ec c'\u00e8 una\u00a0Skype call con i coordinatori dei vari gruppi di soci dell'Area Centro di Banca Etica) ma non conto di scrivere frequentemente sul blog:\u00a0 potr\u00e0 capitare ogni\u2026","rel":"","context":"In &quot;Coordinate&quot;","block_context":{"text":"Coordinate","link":"http:\/\/www.robertosedda.it\/?cat=52"},"img":{"alt_text":"","src":"https:\/\/i0.wp.com\/www.robertosedda.it\/wp-content\/uploads\/2013\/08\/ALIM0692.jpg?fit=1200%2C900&resize=350%2C200","width":350,"height":200,"srcset":"https:\/\/i0.wp.com\/www.robertosedda.it\/wp-content\/uploads\/2013\/08\/ALIM0692.jpg?fit=1200%2C900&resize=350%2C200 1x, https:\/\/i0.wp.com\/www.robertosedda.it\/wp-content\/uploads\/2013\/08\/ALIM0692.jpg?fit=1200%2C900&resize=700%2C400 2x, https:\/\/i0.wp.com\/www.robertosedda.it\/wp-content\/uploads\/2013\/08\/ALIM0692.jpg?fit=1200%2C900&resize=1050%2C600 3x"},"classes":[]}],"_links":{"self":[{"href":"http:\/\/www.robertosedda.it\/index.php?rest_route=\/wp\/v2\/posts\/14058"}],"collection":[{"href":"http:\/\/www.robertosedda.it\/index.php?rest_route=\/wp\/v2\/posts"}],"about":[{"href":"http:\/\/www.robertosedda.it\/index.php?rest_route=\/wp\/v2\/types\/post"}],"author":[{"embeddable":true,"href":"http:\/\/www.robertosedda.it\/index.php?rest_route=\/wp\/v2\/users\/1"}],"replies":[{"embeddable":true,"href":"http:\/\/www.robertosedda.it\/index.php?rest_route=%2Fwp%2Fv2%2Fcomments&post=14058"}],"version-history":[{"count":2,"href":"http:\/\/www.robertosedda.it\/index.php?rest_route=\/wp\/v2\/posts\/14058\/revisions"}],"predecessor-version":[{"id":15591,"href":"http:\/\/www.robertosedda.it\/index.php?rest_route=\/wp\/v2\/posts\/14058\/revisions\/15591"}],"wp:featuredmedia":[{"embeddable":true,"href":"http:\/\/www.robertosedda.it\/index.php?rest_route=\/wp\/v2\/media\/14060"}],"wp:attachment":[{"href":"http:\/\/www.robertosedda.it\/index.php?rest_route=%2Fwp%2Fv2%2Fmedia&parent=14058"}],"wp:term":[{"taxonomy":"category","embeddable":true,"href":"http:\/\/www.robertosedda.it\/index.php?rest_route=%2Fwp%2Fv2%2Fcategories&post=14058"},{"taxonomy":"post_tag","embeddable":true,"href":"http:\/\/www.robertosedda.it\/index.php?rest_route=%2Fwp%2Fv2%2Ftags&post=14058"}],"curies":[{"name":"wp","href":"https:\/\/api.w.org\/{rel}","templated":true}]}}