{"id":14038,"date":"2017-08-02T11:37:23","date_gmt":"2017-08-02T09:37:23","guid":{"rendered":"http:\/\/www.robertosedda.it\/?p=14038"},"modified":"2017-09-20T14:09:33","modified_gmt":"2017-09-20T12:09:33","slug":"lo-stesso-spazio-sociale","status":"publish","type":"post","link":"http:\/\/www.robertosedda.it\/?p=14038","title":{"rendered":"Lo stesso spazio sociale"},"content":{"rendered":"<p>Nota: come sapete, il\u00a0<em>blog<\/em> lo scrivo soprattutto per me; questo articolo, pi\u00f9 che mai, \u00e8 giusto un abbozzo di riflessione.<\/p>\n<p>La doccia \u00e8 uno dei miei luoghi di riflessione preferiti. E l&#8217;altro giorno, sotto la doccia, riflettevo sul presunto successo che negli ultimi tempi riscuotono le varie forme di medicina alternativa e, spesso, perfino irrazionale.<\/p>\n<p><a href=\"https:\/\/i0.wp.com\/www.robertosedda.it\/wp-content\/uploads\/2017\/08\/Medicina-dellocchio.jpg\"><img data-attachment-id=\"14039\" data-permalink=\"http:\/\/www.robertosedda.it\/?attachment_id=14039\" data-orig-file=\"https:\/\/i0.wp.com\/www.robertosedda.it\/wp-content\/uploads\/2017\/08\/Medicina-dellocchio.jpg?fit=450%2C308\" data-orig-size=\"450,308\" data-comments-opened=\"1\" data-image-meta=\"{&quot;aperture&quot;:&quot;0&quot;,&quot;credit&quot;:&quot;&quot;,&quot;camera&quot;:&quot;&quot;,&quot;caption&quot;:&quot;&quot;,&quot;created_timestamp&quot;:&quot;0&quot;,&quot;copyright&quot;:&quot;&quot;,&quot;focal_length&quot;:&quot;0&quot;,&quot;iso&quot;:&quot;0&quot;,&quot;shutter_speed&quot;:&quot;0&quot;,&quot;title&quot;:&quot;&quot;,&quot;orientation&quot;:&quot;0&quot;}\" data-image-title=\"Medicina dell&#8217;occhio\" data-image-description=\"\" data-image-caption=\"\" data-medium-file=\"https:\/\/i0.wp.com\/www.robertosedda.it\/wp-content\/uploads\/2017\/08\/Medicina-dellocchio.jpg?fit=300%2C205\" data-large-file=\"https:\/\/i0.wp.com\/www.robertosedda.it\/wp-content\/uploads\/2017\/08\/Medicina-dellocchio.jpg?fit=450%2C308\" decoding=\"async\" loading=\"lazy\" class=\"aligncenter wp-image-14039 size-full\" src=\"https:\/\/i0.wp.com\/www.robertosedda.it\/wp-content\/uploads\/2017\/08\/Medicina-dellocchio.jpg?resize=450%2C308\" alt=\"\" width=\"450\" height=\"308\" srcset=\"https:\/\/i0.wp.com\/www.robertosedda.it\/wp-content\/uploads\/2017\/08\/Medicina-dellocchio.jpg?w=450 450w, https:\/\/i0.wp.com\/www.robertosedda.it\/wp-content\/uploads\/2017\/08\/Medicina-dellocchio.jpg?resize=150%2C103 150w, https:\/\/i0.wp.com\/www.robertosedda.it\/wp-content\/uploads\/2017\/08\/Medicina-dellocchio.jpg?resize=300%2C205 300w\" sizes=\"(max-width: 450px) 100vw, 450px\" data-recalc-dims=\"1\" \/><\/a>Sono forme di medicina che nel dibattito comune vengono spesso messe in contrasto con la medicina basata sul consenso della comunit\u00e0 scientifica: non tanto per la differenza di metodi (il che \u00e8 evidente) ma in termini di adesione delle persone; si ritiene, cio\u00e8, che le persone ragionino come <em>adepti<\/em> e possano essere fedeli esclusivamente o dell&#8217;una o dell&#8217;altra forma di medicina: quindi una persona che manifesta una esitazione vaccinale, per esempio, \u00e8 <em>persa<\/em> per la medicina (diciamo, <em>ufficiale<\/em>) ed \u00e8 passata al lato oscuro della forza. Le narrazioni prevalenti sulle questioni mediche (peraltro anche sulle questioni scientifiche <em>tout court<\/em>) ragionano in termini di un crinale rigido che divide la popolazione: dato un numero fisso di abitanti del paese, se uno si <em>converte<\/em> a un tipo di medicina piuttosto che all&#8217;altra \u00e8 uno in meno nel campo opposto. \u00c8 un tipo di narrazione, tra l&#8217;altro, che spiega buona parte degli sforzi di divulgazione e di propaganda che vengono fatti, da una parte e dall&#8217;altra: raramente questi si concentrano sui singoli comportamenti, piuttosto cercano di modificare l&#8217;<em>intero<\/em> modo di ragionare della persona.<\/p>\n<p>In realt\u00e0 le scelte individuali non seguono questo tipo di dicotomia ma tendono a disporsi secondo linee di continuit\u00e0\u00a0 e per sfumature: comportamenti del tutto ortodossi dal punto di vista della medicina ufficiale (uso il termine con cautela) possono coesistere, nella stessa persona, con comportamenti invece discussi, sconsigliati o eterodossi.<\/p>\n<p>Ma non \u00e8 questo di cui volevo parlare, in realt\u00e0. Quello che ho pensato sotto la doccia \u00e8 che al contrario della narrazione corrente \u00e8 probabile che le prime quote di popolazione che le pratiche mediche irrazionali recenti tendono a cannibalizzare non siano i <em>fedeli<\/em> dell&#8217;avverso campo scientifico ma, pi\u00f9 semplicemente, coloro che hanno sempre fatto un uso importante o prevalente di pratiche tradizionali di tipo magico: scapolari e amuleti, santoni, medicine dell&#8217;occhio, maghi e veggenti e cos\u00ec via sono sostituiti progressivamente da medici alternativi, rimedi rivoluzionari che <em>Big Pharma<\/em><i> non\u00a0<\/i>vuole che conosciate, pratiche pseudomediche varie, ingredienti che prevengono il cancro e cos\u00ec via, esattamente come la volgarizzazione e popolarizzazione di consigli igienici della medicina ufficiale sta prendendo il posto della vecchia medicina popolare (un campo intermedio fra i due): non pi\u00f9 i rimedi della nonna e il latte caldo col miele per il raffreddore ma cinque porzioni di verdura al giorno, bere un litro e mezzo d&#8217;acqua e assumere alimenti ricchi di colesterolo buono.<\/p>\n<p>Se ho ragione &#8211; e credo di avere abbastanza ragione, anche se dimostrarlo richiederebbe studi demoantropologici al di l\u00e0 delle mie possibilit\u00e0 &#8211; ci sono un paio di cose in merito che mi sembrano interessanti.<\/p>\n<p>La prima \u00e8 che questo suggerirebbe che gli spazi di tipo\u00a0magico nella societ\u00e0 e nella strutturazione del pensiero sono abbastanza insopprimibili: dopo tre secoli quasi di illuminismo e culto della ragione non si riesce (per fortuna) a sradicarli, ma ricicciano nelle forme pi\u00f9 inaspettate: dalla medicina dell&#8217;occhio alla medicina\u00a0<em>new age<\/em> c&#8217;\u00e8 un salto non da poco (ciascuno implica una sua propria visione dell&#8217;universo) eppure apparentemente grossi gruppi di popolazione non hanno avuto il problema a fare il salto (ovviamente, parliamo anche di un trapasso generazionale).<\/p>\n<p>La seconda osservazione \u00e8 che (paradossalmente?) queste nuove forme di medicina magica tendono a vestirsi dello stesso linguaggio degli avversari: se si d\u00e0 un&#8217;occhiata a una qualunque di queste formulazioni si nota che, premesso il rifiuto della medicina ufficiale, si esprimono in termini di razionalit\u00e0, prove, procedure di tipo scientifico; non importa, qui, che i ragionamenti possano apparire deliranti o che sostituiscano il caso eclatante ma singolo all&#8217;esperimento controllato: il tipo di strutturazione del ragionamento \u00e8 sempre razionalistico; sotto questo punto di vista il pensiero scientifico ha <em>vinto<\/em>: il fatto che alimenti di s\u00e9 anche la pseudoscienza \u00e8 uno spiacevole effetto collaterale ma suvvia, chi \u00e8 abituato ad assolvere qualunque farmaco &#8220;ufficiale&#8221; dai suoi effetti collaterali (rubo una frase del prof. Gessa sentita giusto ieri) non dovrebbe porsi il problema.<\/p>\n<p>La terza osservazione riguarda la <em>visibilit\u00e0<\/em>: non sono convinto che i numeri galoppanti descritti dalla narrazione benpensante siano veri, e so per esperienza abbastanza diretta che il numero di clienti di santoni e maghi era spropositato gi\u00e0 negli anni &#8217;80, quando mi capit\u00f2 marginalmente di occuparmi della materia. Ma certo il tema sta nel dibattito pubblico in modi che erano impensabili qualche anno fa e si pu\u00f2 anche ammettere che certi numeri siano in crescita. Ovviamente dipende dalle capacit\u00e0 moltiplicative della rete, tuttavia mi chiedo se in questo non vi sia una trappola della percezione che finisce per danneggiare soprattutto gli avversari, che mitizzando il fenomeno e trasformando quello che sarebbe un meccanismo di lunga durata sociale in un <em>fenomeno<\/em> dell&#8217;attualit\u00e0 finiscono in realt\u00e0 per legittimarlo (cosa \u00e8 pi\u00f9 utile per la medicina magica: dire \u00abil dottor Coso che asserisce di aver scoperto come curare la malattia X con le sue pilloline blu e cinquanta flessioni al giorno non \u00e8 altro che la trasposizione postmoderna del vecchio mago di Truncu is Puddas che curava la malattia X con una pillolina blu e cinquanta giaculatorie al giorno\u00bb, oppure: \u00abAllarme! Allarme! Sempre pi\u00f9 gente va dal dottor Coso, \u00e8 un <em>fenomeno<\/em>, dobbiamo prendere provvedimenti, ors\u00f9, parliamo sempre pi\u00f9 del Dottor Coso e facciamone una notizia\u00bb?).<\/p>\n<p>La quarta osservazione, ancora sulla <em>visibilit\u00e0\u00a0<\/em> e la rete,\u00a0riguarda i borghesi benpensanti (non pu\u00f2 mai mancare da parte mia una polemica contro di loro): finch\u00e9 i rimedi medici magici erano confinati alla pratica di vecchie donne, paesani, strati popolari della popolazione, maghi che praticavano nei sobborghi o in villaggi sperduti impossibili da vedere dalle terrazze del\u00a0<em>Libarium<\/em>\u00a0(e quindi di consistenza mitologica) il fenomeno poteva essere ignorato o relegato a una scoria del passato destinata a estinguersi (salvo stupirsi periodicamente del numero di acquirenti televisivi delle pillole magiche per il dimagrimento o della scoperta giudiziaria della mamma Ebe di turno). Quando invece uno se li trova sulla sua bacheca di <em>Facebook<\/em>, magari nello stesso momento nel quale movimenti politici non convenzionali minacciano l&#8217;assetto consolidato delle relazioni politiche e assediano anch&#8217;essi le bacheche, allora dagli all&#8217;untore, e gi\u00e0 che ci siamo, dagli anche ai nuovi fascisti. Non sto ragionando per estremi: proprio oggi un <a href=\"http:\/\/www.corriere.it\/opinioni\/17_agosto_02\/politica-non-sa-reagire-012df6de-76ec-11e7-891a-91d906aac00b.shtml\">editoriale terribile<\/a> di Panebianco sul\u00a0<em>Corriere<\/em> mischia disinvoltamente l&#8217;antiparlamentarismo (che quando si trattava di rendere pi\u00f9 efficiente e decisionista il Paese, peraltro, andava bene: Panebianco dovrebbe pi\u00f9 correttamente parlare di polemica contro le\u00a0<em>\u00e9lite<\/em>), il Ventennio e la marcia su Roma, i danni del &#8217;68,\u00a0il fallimento della scuola, la potenza del circo mediatico-giudiziario (qualunque cosa voglia dire), lo strapotere della magistratura, il fatto che gli ignoranti si permettono di parlare di cose che non sanno e come prevedibile arriva, infine, a prendersela col pensiero antiscientifico; l&#8217;articolo risulta quindi essere un riferimento perfetto\u00a0<em>esattamente<\/em> per quel tipo di posizione politica: certo l&#8217;altro grande filone del benpensantismo attuale, i trenta-quarantenni istruiti, cosmopoliti, esperti della rete, probabilmente non leggono il\u00a0<em>Corriere<\/em>, per\u00f2 il treno di pensiero, la paura delle masse incolte &#8211; e la sensazione di cittadella assediata &#8211; e il collegamento fra percepita incultura, percepita irrazionalit\u00e0 e minaccia politica \u00e8 esattamente lo stesso.<\/p>\n","protected":false},"excerpt":{"rendered":"<p>Nota: come sapete, il\u00a0blog lo scrivo soprattutto per me; questo articolo, pi\u00f9 che mai, \u00e8 giusto un abbozzo di riflessione.<\/p>\n","protected":false},"author":1,"featured_media":14039,"comment_status":"open","ping_status":"open","sticky":false,"template":"","format":"standard","meta":{"_mi_skip_tracking":false,"_monsterinsights_sitenote_active":false,"_monsterinsights_sitenote_note":"","_monsterinsights_sitenote_category":0,"jetpack_post_was_ever_published":false,"_jetpack_newsletter_access":"","jetpack_publicize_message":"","jetpack_is_tweetstorm":false,"jetpack_publicize_feature_enabled":true,"jetpack_social_post_already_shared":true,"jetpack_social_options":{"image_generator_settings":{"template":"highway","enabled":false}}},"categories":[97,52,57,17,16],"tags":[],"jetpack_publicize_connections":[],"jetpack_featured_media_url":"https:\/\/i0.wp.com\/www.robertosedda.it\/wp-content\/uploads\/2017\/08\/Medicina-dellocchio.jpg?fit=450%2C308","jetpack_sharing_enabled":true,"jetpack_shortlink":"https:\/\/wp.me\/p4jV2T-3Eq","jetpack_likes_enabled":true,"jetpack-related-posts":[{"id":13775,"url":"http:\/\/www.robertosedda.it\/?p=13775","url_meta":{"origin":14038,"position":0},"title":"Non \u00e8 che ne avessi proprio proprio una gran voglia&#8230;","author":"Rufus","date":"25\/05\/2017","format":false,"excerpt":"... ma stamattina devo essermi svegliato male. E cos\u00ec mi sono fatto tirare dentro una\u00a0flame su\u00a0Facebook sull'argomento vaccini. Quasi due flame, in realt\u00e0, sono stato anche piuttosto secco col compare Giorgio Astara, che forse non si aspettava la reazione: In realt\u00e0 la questione dei vaccini \u00e8 una di quelle dalle\u2026","rel":"","context":"In &quot;Coordinate&quot;","block_context":{"text":"Coordinate","link":"http:\/\/www.robertosedda.it\/?cat=52"},"img":{"alt_text":"","src":"https:\/\/i0.wp.com\/www.robertosedda.it\/wp-content\/uploads\/2017\/05\/Vaccini-di-buona-qualit\u00e0.jpg?fit=800%2C536&resize=350%2C200","width":350,"height":200,"srcset":"https:\/\/i0.wp.com\/www.robertosedda.it\/wp-content\/uploads\/2017\/05\/Vaccini-di-buona-qualit\u00e0.jpg?fit=800%2C536&resize=350%2C200 1x, https:\/\/i0.wp.com\/www.robertosedda.it\/wp-content\/uploads\/2017\/05\/Vaccini-di-buona-qualit\u00e0.jpg?fit=800%2C536&resize=700%2C400 2x"},"classes":[]},{"id":4542,"url":"http:\/\/www.robertosedda.it\/?p=4542","url_meta":{"origin":14038,"position":1},"title":"Lezioni di abbordaggio alla Feltrinelli","author":"Rufus","date":"01\/10\/2013","format":false,"excerpt":"Ieri ero a Roma. Verso le cinque esco da una riunione faticosa e, prima di arrivare a Termini, per tirarmi su entro alla Feltrinelli International che sta vicino a piazza Esedra. In realt\u00e0 la ricognizione dello scaffale del fantasy in inglese non \u00e8 proprio fatta per migliorarmi l'umore: apparentemente puoi\u2026","rel":"","context":"In &quot;Coordinate&quot;","block_context":{"text":"Coordinate","link":"http:\/\/www.robertosedda.it\/?cat=52"},"img":{"alt_text":"","src":"","width":0,"height":0},"classes":[]},{"id":11337,"url":"http:\/\/www.robertosedda.it\/?p=11337","url_meta":{"origin":14038,"position":2},"title":"Un paese come noi","author":"Rufus","date":"18\/12\/2015","format":false,"excerpt":"C'\u00e8, da qualche parte del nostro mondo, un paese di alcune decine di milioni di abitanti. In questo paese vi sono concorsi per accedere ai posti pubblici e alla prestigiosa facolt\u00e0 di Medicina. Tre ore di esame dovrebbero compensare un universo di diseguaglianze di censo, classe sociale, genere, lingua, provenienza\u2026","rel":"","context":"In &quot;Coordinate&quot;","block_context":{"text":"Coordinate","link":"http:\/\/www.robertosedda.it\/?cat=52"},"img":{"alt_text":"","src":"https:\/\/i0.wp.com\/www.robertosedda.it\/wp-content\/uploads\/2015\/12\/Salavat-Fidai-3.jpg?fit=620%2C555&resize=350%2C200","width":350,"height":200},"classes":[]},{"id":20874,"url":"http:\/\/www.robertosedda.it\/?p=20874","url_meta":{"origin":14038,"position":3},"title":"Non perdete Dark Winds","author":"Rufus","date":"27\/01\/2026","format":false,"excerpt":"Sto guardando Dark Winds, serie Netflix che trasferisce su video i gialli di Tony Hillermann dedicati ai poliziotti della Navajo Tribal Police; nella serie ai due poliziotti dei romanzi, Joe Leaphorn e Jim Chee, viene affiancata Bernadette Manuelito, un personaggio creato dalla figila di Hillerman, Anne, che ha ripreso i\u2026","rel":"","context":"In &quot;Coordinate&quot;","block_context":{"text":"Coordinate","link":"http:\/\/www.robertosedda.it\/?cat=52"},"img":{"alt_text":"","src":"https:\/\/i0.wp.com\/img.youtube.com\/vi\/KU9X4Xyb8JE\/0.jpg?resize=350%2C200","width":350,"height":200},"classes":[]},{"id":11687,"url":"http:\/\/www.robertosedda.it\/?p=11687","url_meta":{"origin":14038,"position":4},"title":"La parola del giorno \u00e8: &#8220;topofago&#8221;","author":"Rufus","date":"16\/03\/2016","format":false,"excerpt":"Ho terminato i due corsi di teoria del gioco su Coursera di cui vi avevo parlato e mi sono iscritto per sbaglio a un nuovo corso di storia medievale, sulla concezione dello spazio nella cultura vichinga e nelle saghe. Roba tosta: c'\u00e8 chi si fa con la colla e chi\u2026","rel":"","context":"In &quot;Coordinate&quot;","block_context":{"text":"Coordinate","link":"http:\/\/www.robertosedda.it\/?cat=52"},"img":{"alt_text":"","src":"https:\/\/i0.wp.com\/www.robertosedda.it\/wp-content\/uploads\/2016\/03\/Mappa-medievale.png?fit=1200%2C750&resize=350%2C200","width":350,"height":200,"srcset":"https:\/\/i0.wp.com\/www.robertosedda.it\/wp-content\/uploads\/2016\/03\/Mappa-medievale.png?fit=1200%2C750&resize=350%2C200 1x, https:\/\/i0.wp.com\/www.robertosedda.it\/wp-content\/uploads\/2016\/03\/Mappa-medievale.png?fit=1200%2C750&resize=700%2C400 2x, https:\/\/i0.wp.com\/www.robertosedda.it\/wp-content\/uploads\/2016\/03\/Mappa-medievale.png?fit=1200%2C750&resize=1050%2C600 3x"},"classes":[]},{"id":19057,"url":"http:\/\/www.robertosedda.it\/?p=19057","url_meta":{"origin":14038,"position":5},"title":"Gioved\u00ec gnocc&#8230; COVID","author":"Rufus","date":"20\/01\/2022","format":false,"excerpt":"Uno dei motivi per i quali scrivo meno qui sul blog \u00e8 che, inevitabilmente, dovrei parlare della sindemia: solo che non trovo le parole, ho paura di chi potrebbe venire a cercarmi, detesto le posizioni con le quali dovrei confrontarmi e in generale non ne ho voglia. Il che non\u2026","rel":"","context":"In &quot;Coordinate&quot;","block_context":{"text":"Coordinate","link":"http:\/\/www.robertosedda.it\/?cat=52"},"img":{"alt_text":"","src":"https:\/\/i0.wp.com\/www.robertosedda.it\/wp-content\/uploads\/2022\/01\/Novax.jpg?fit=1200%2C474&resize=350%2C200","width":350,"height":200,"srcset":"https:\/\/i0.wp.com\/www.robertosedda.it\/wp-content\/uploads\/2022\/01\/Novax.jpg?fit=1200%2C474&resize=350%2C200 1x, https:\/\/i0.wp.com\/www.robertosedda.it\/wp-content\/uploads\/2022\/01\/Novax.jpg?fit=1200%2C474&resize=700%2C400 2x, https:\/\/i0.wp.com\/www.robertosedda.it\/wp-content\/uploads\/2022\/01\/Novax.jpg?fit=1200%2C474&resize=1050%2C600 3x"},"classes":[]}],"_links":{"self":[{"href":"http:\/\/www.robertosedda.it\/index.php?rest_route=\/wp\/v2\/posts\/14038"}],"collection":[{"href":"http:\/\/www.robertosedda.it\/index.php?rest_route=\/wp\/v2\/posts"}],"about":[{"href":"http:\/\/www.robertosedda.it\/index.php?rest_route=\/wp\/v2\/types\/post"}],"author":[{"embeddable":true,"href":"http:\/\/www.robertosedda.it\/index.php?rest_route=\/wp\/v2\/users\/1"}],"replies":[{"embeddable":true,"href":"http:\/\/www.robertosedda.it\/index.php?rest_route=%2Fwp%2Fv2%2Fcomments&post=14038"}],"version-history":[{"count":6,"href":"http:\/\/www.robertosedda.it\/index.php?rest_route=\/wp\/v2\/posts\/14038\/revisions"}],"predecessor-version":[{"id":14056,"href":"http:\/\/www.robertosedda.it\/index.php?rest_route=\/wp\/v2\/posts\/14038\/revisions\/14056"}],"wp:featuredmedia":[{"embeddable":true,"href":"http:\/\/www.robertosedda.it\/index.php?rest_route=\/wp\/v2\/media\/14039"}],"wp:attachment":[{"href":"http:\/\/www.robertosedda.it\/index.php?rest_route=%2Fwp%2Fv2%2Fmedia&parent=14038"}],"wp:term":[{"taxonomy":"category","embeddable":true,"href":"http:\/\/www.robertosedda.it\/index.php?rest_route=%2Fwp%2Fv2%2Fcategories&post=14038"},{"taxonomy":"post_tag","embeddable":true,"href":"http:\/\/www.robertosedda.it\/index.php?rest_route=%2Fwp%2Fv2%2Ftags&post=14038"}],"curies":[{"name":"wp","href":"https:\/\/api.w.org\/{rel}","templated":true}]}}