{"id":1403,"date":"2012-11-21T19:13:16","date_gmt":"2012-11-21T18:13:16","guid":{"rendered":"http:\/\/www.robertosedda.it\/?p=1403"},"modified":"2012-11-21T19:13:16","modified_gmt":"2012-11-21T18:13:16","slug":"giornata-internazionale-per-leliminazione-della-violenza-sulle-donne","status":"publish","type":"post","link":"http:\/\/www.robertosedda.it\/?p=1403","title":{"rendered":"Giornata internazionale per l&#8217;eliminazione della violenza sulle donne"},"content":{"rendered":"<p><a href=\"http:\/\/it.wikipedia.org\/wiki\/Giornata_internazionale_per_l%27eliminazione_della_violenza_contro_le_donne\">La giornata in oggetto sarebbe (sar\u00e0) il prossimo 25 novembre<\/a>, e nel mio piccolo segnalo e appoggio l&#8217;iniziativa del <em>blog<\/em> letterario\u00a0<em><a href=\"http:\/\/www.diariodipensieripersi.com\/\">Diario di pensieri persi<\/a><\/em><a href=\"http:\/\/www.diariodipensieripersi.com\/\"><\/a>, che nell&#8217;occasione <a href=\"http:\/\/www.diariodipensieripersi.com\/2012\/11\/quello-che-le-donne-fanno.html#more\">presenter\u00e0 il progetto di un <em>e-book<\/em> collettivo <\/a>che \u00e8 anche una campagna di sensibilizzazione sul tema.<\/p>\n<p><a href=\"https:\/\/i0.wp.com\/www.robertosedda.it\/wp-content\/uploads\/2012\/11\/60688_10151250600402319_1176733261_n.jpg\"><img data-attachment-id=\"1404\" data-permalink=\"http:\/\/www.robertosedda.it\/?attachment_id=1404\" data-orig-file=\"https:\/\/i0.wp.com\/www.robertosedda.it\/wp-content\/uploads\/2012\/11\/60688_10151250600402319_1176733261_n.jpg?fit=815%2C300\" data-orig-size=\"815,300\" data-comments-opened=\"1\" data-image-meta=\"{&quot;aperture&quot;:&quot;0&quot;,&quot;credit&quot;:&quot;&quot;,&quot;camera&quot;:&quot;&quot;,&quot;caption&quot;:&quot;&quot;,&quot;created_timestamp&quot;:&quot;0&quot;,&quot;copyright&quot;:&quot;&quot;,&quot;focal_length&quot;:&quot;0&quot;,&quot;iso&quot;:&quot;0&quot;,&quot;shutter_speed&quot;:&quot;0&quot;,&quot;title&quot;:&quot;&quot;}\" data-image-title=\"60688_10151250600402319_1176733261_n\" data-image-description=\"\" data-image-caption=\"\" data-medium-file=\"https:\/\/i0.wp.com\/www.robertosedda.it\/wp-content\/uploads\/2012\/11\/60688_10151250600402319_1176733261_n.jpg?fit=300%2C110\" data-large-file=\"https:\/\/i0.wp.com\/www.robertosedda.it\/wp-content\/uploads\/2012\/11\/60688_10151250600402319_1176733261_n.jpg?fit=510%2C188\" decoding=\"async\" loading=\"lazy\" class=\"aligncenter size-full wp-image-1404\" title=\"60688_10151250600402319_1176733261_n\" src=\"https:\/\/i0.wp.com\/www.robertosedda.it\/wp-content\/uploads\/2012\/11\/60688_10151250600402319_1176733261_n.jpg?resize=800%2C294\" alt=\"\" width=\"800\" height=\"294\" srcset=\"https:\/\/i0.wp.com\/www.robertosedda.it\/wp-content\/uploads\/2012\/11\/60688_10151250600402319_1176733261_n.jpg?w=815 815w, https:\/\/i0.wp.com\/www.robertosedda.it\/wp-content\/uploads\/2012\/11\/60688_10151250600402319_1176733261_n.jpg?resize=300%2C110 300w, https:\/\/i0.wp.com\/www.robertosedda.it\/wp-content\/uploads\/2012\/11\/60688_10151250600402319_1176733261_n.jpg?resize=700%2C257 700w\" sizes=\"(max-width: 800px) 100vw, 800px\" data-recalc-dims=\"1\" \/><\/a>Devo dire che a primo acchito non trovo azzeccatissimo il titolo, <em>What women (don&#8217;t) want &#8211; quel che le donne fanno<\/em>, perch\u00e9 purtroppo in materia chi fa sono gli uomini, anche se in realt\u00e0 \u00e8 un titolo legato al senso collettivo del libro:<\/p>\n<blockquote><p>Quello che le donne fanno (e non sono quelle di <em>Diario<\/em>), dunque, \u00e8 unirsi per parlarne, discutere, approfondire, e aiutare, per quanto possibile<\/p><\/blockquote>\n<p><a href=\"https:\/\/i0.wp.com\/www.robertosedda.it\/wp-content\/uploads\/2012\/11\/violenza_sulle_donne.jpg\"><img data-attachment-id=\"1405\" data-permalink=\"http:\/\/www.robertosedda.it\/?attachment_id=1405\" data-orig-file=\"https:\/\/i0.wp.com\/www.robertosedda.it\/wp-content\/uploads\/2012\/11\/violenza_sulle_donne.jpg?fit=220%2C331\" data-orig-size=\"220,331\" data-comments-opened=\"1\" data-image-meta=\"{&quot;aperture&quot;:&quot;0&quot;,&quot;credit&quot;:&quot;&quot;,&quot;camera&quot;:&quot;&quot;,&quot;caption&quot;:&quot;&quot;,&quot;created_timestamp&quot;:&quot;0&quot;,&quot;copyright&quot;:&quot;&quot;,&quot;focal_length&quot;:&quot;0&quot;,&quot;iso&quot;:&quot;0&quot;,&quot;shutter_speed&quot;:&quot;0&quot;,&quot;title&quot;:&quot;&quot;}\" data-image-title=\"violenza_sulle_donne\" data-image-description=\"\" data-image-caption=\"\" data-medium-file=\"https:\/\/i0.wp.com\/www.robertosedda.it\/wp-content\/uploads\/2012\/11\/violenza_sulle_donne.jpg?fit=199%2C300\" data-large-file=\"https:\/\/i0.wp.com\/www.robertosedda.it\/wp-content\/uploads\/2012\/11\/violenza_sulle_donne.jpg?fit=220%2C331\" decoding=\"async\" loading=\"lazy\" class=\"alignright size-full wp-image-1405\" title=\"violenza_sulle_donne\" src=\"https:\/\/i0.wp.com\/www.robertosedda.it\/wp-content\/uploads\/2012\/11\/violenza_sulle_donne.jpg?resize=220%2C331\" alt=\"\" width=\"220\" height=\"331\" srcset=\"https:\/\/i0.wp.com\/www.robertosedda.it\/wp-content\/uploads\/2012\/11\/violenza_sulle_donne.jpg?w=220 220w, https:\/\/i0.wp.com\/www.robertosedda.it\/wp-content\/uploads\/2012\/11\/violenza_sulle_donne.jpg?resize=199%2C300 199w\" sizes=\"(max-width: 220px) 100vw, 220px\" data-recalc-dims=\"1\" \/><\/a>E devo dire (uhm, sono <em>veramente<\/em> incontentabile) che non sono convintissimo della grafica dell&#8217;iniziativa, che \u00e8 bella, per carit\u00e0, ma un po&#8217; poco drammatica. D&#8217;altra parte, insomma, certo meglio di quelle solite immagini <em>standard<\/em> che si trovano in rete o sui giornali (per l&#8217;esattezza, si trovano in rete e <em>quindi<\/em> sui giornali&#8230;), come quella qui a fianco. \u00c8 in realt\u00e0 \u00e8 questo approccio, narrativo e artistico, a convincermi dell&#8217;iniziativa, oltre alla stima implicita per molte delle redattrici del <em>Diario<\/em>, alcune delle quali sono austeniane di ferro come me.<\/p>\n<p>Un approccio simile, in realt\u00e0, mi sembra caratterizzare il <em>festival<\/em> organizzato tutti gli anni dalla <a href=\"http:\/\/www.casadonne.it\/cms\/\"><em>Casa delle donne<\/em><\/a> di Bologna. Il <em>festival,<\/em> che si chiama <em><a href=\"http:\/\/www.casadonne.it\/cms\/images\/pdf\/iniziative\/2012\/violenza%20illustrata%202012%20programma.pdf\">La violenza illustrata<\/a><\/em>, ha dentro tante cose, molte delle quali mi sembrano interessanti. E abbastanza facilmente replicabili altrove, per citare un esempio a caso, a Cagliari&#8230;<\/p>\n<h2>Nel frattempo, alla Camera&#8230;<\/h2>\n<p>&#8230; ci sia avvia alla ratifica (auspicabile) della <em>Convenzione Europea sulla prevenzione e la lotta contro la violenza sulle donne e la violenza domestica<\/em> che <a href=\"http:\/\/www.amnesty.it\/italia-firma-convenzione-del-consiglio-europa-sulla-prevenzione-e-la-lotta-contro-la-violenza-sulle-donne-e-la-violenza-domestica\">la Fornero ha firmato nei giorni scorsi<\/a>. Domani chi vuole pu\u00f2 seguire in diretta un <a href=\"http:\/\/www.asca.it\/news-Camera__violenza_sulle_donne__domani_seminario_in_diretta_webtv-1221026-POL.html\">seminario in materia<\/a> sulla <em><a href=\"http:\/\/webtv.camera.it\">web-TV<\/a><\/em><a href=\"http:\/\/webtv.camera.it\"> della Camera<\/a>: a occhio sembra una iniziativa di supporto perch\u00e9 la ratifica sia il pi\u00f9 presto possibile.<\/p>\n","protected":false},"excerpt":{"rendered":"<p>La giornata in oggetto sarebbe (sar\u00e0) il prossimo 25 novembre, e nel mio piccolo segnalo e appoggio l&#8217;iniziativa del blog<\/p>\n","protected":false},"author":1,"featured_media":1404,"comment_status":"open","ping_status":"open","sticky":false,"template":"","format":"standard","meta":{"_mi_skip_tracking":false,"_monsterinsights_sitenote_active":false,"_monsterinsights_sitenote_note":"","_monsterinsights_sitenote_category":0,"jetpack_post_was_ever_published":false,"_jetpack_newsletter_access":"","jetpack_publicize_message":"","jetpack_is_tweetstorm":false,"jetpack_publicize_feature_enabled":true,"jetpack_social_post_already_shared":false,"jetpack_social_options":{"image_generator_settings":{"template":"highway","enabled":false}}},"categories":[52,57,17,59,16],"tags":[],"jetpack_publicize_connections":[],"jetpack_featured_media_url":"https:\/\/i0.wp.com\/www.robertosedda.it\/wp-content\/uploads\/2012\/11\/60688_10151250600402319_1176733261_n.jpg?fit=815%2C300","jetpack_sharing_enabled":true,"jetpack_shortlink":"https:\/\/wp.me\/p4jV2T-mD","jetpack_likes_enabled":true,"jetpack-related-posts":[{"id":6563,"url":"http:\/\/www.robertosedda.it\/?p=6563","url_meta":{"origin":1403,"position":0},"title":"Restare umani. Anche in Sardegna","author":"Rufus","date":"25\/02\/2014","format":false,"excerpt":"Pubblico con vero piacere il consueto frutto delle riunioni dei blogger del luned\u00ec, questa volta a firma di Francesca Madrigali, ed \u00e8 anche l'occasione per suggerire la lettura del suo blog, che \u00e8 sempre molto piacevole e che oggi viene anche inserito nella posizione di amico della settimana. Oltre che\u2026","rel":"","context":"In &quot;Coordinate&quot;","block_context":{"text":"Coordinate","link":"http:\/\/www.robertosedda.it\/?cat=52"},"img":{"alt_text":"","src":"https:\/\/i0.wp.com\/www.robertosedda.it\/wp-content\/uploads\/2014\/02\/videolina_pigliaru.jpg?fit=1200%2C900&resize=350%2C200","width":350,"height":200,"srcset":"https:\/\/i0.wp.com\/www.robertosedda.it\/wp-content\/uploads\/2014\/02\/videolina_pigliaru.jpg?fit=1200%2C900&resize=350%2C200 1x, https:\/\/i0.wp.com\/www.robertosedda.it\/wp-content\/uploads\/2014\/02\/videolina_pigliaru.jpg?fit=1200%2C900&resize=700%2C400 2x, https:\/\/i0.wp.com\/www.robertosedda.it\/wp-content\/uploads\/2014\/02\/videolina_pigliaru.jpg?fit=1200%2C900&resize=1050%2C600 3x"},"classes":[]},{"id":19247,"url":"http:\/\/www.robertosedda.it\/?p=19247","url_meta":{"origin":1403,"position":1},"title":"Differenze salariali di genere","author":"Rufus","date":"08\/03\/2022","format":false,"excerpt":"Segnalo, come ottimo esempio di attivismo sulle tematiche di genere nella festa dell'Otto Marzo, il bot (cio\u00e8 un account automatizzato) che risponde a tutti i tweet di organizzazioni di vario tipo che menzionano la giornata con il dato della loro differenza salariale fra uomini e donne. Potete cliccare sull'immagine qui\u2026","rel":"","context":"In &quot;Coordinate&quot;","block_context":{"text":"Coordinate","link":"http:\/\/www.robertosedda.it\/?cat=52"},"img":{"alt_text":"","src":"https:\/\/i0.wp.com\/www.robertosedda.it\/wp-content\/uploads\/2022\/03\/Gender-pay-gap-bot.jpg?fit=624%2C496&resize=350%2C200","width":350,"height":200},"classes":[]},{"id":1540,"url":"http:\/\/www.robertosedda.it\/?p=1540","url_meta":{"origin":1403,"position":2},"title":"&#8220;Stare&#8221; in rete o &#8220;essere&#8221; in rete","author":"Rufus","date":"30\/11\/2012","format":false,"excerpt":"Sono molto grato a Carla Anolfo, Vicepresidente per il Settore adulti della nostra AC diocesana che, nel suo quotidiano sforzo di animazione della pagina Facebook dell\u2019AC, ha segnalato un importante articolo di padre Antonio Spadaro, SJ, intitolato\u00a0\u00abLa rete, risorsa di senso\u00bb, che mi era del tutto sfuggito. Di Padre Spadaro\u2026","rel":"","context":"In &quot;Coordinate&quot;","block_context":{"text":"Coordinate","link":"http:\/\/www.robertosedda.it\/?cat=52"},"img":{"alt_text":"","src":"https:\/\/i0.wp.com\/www.robertosedda.it\/wp-content\/uploads\/2012\/11\/impariamo_a_stare_in_rete.gif?fit=826%2C1169&resize=350%2C200","width":350,"height":200,"srcset":"https:\/\/i0.wp.com\/www.robertosedda.it\/wp-content\/uploads\/2012\/11\/impariamo_a_stare_in_rete.gif?fit=826%2C1169&resize=350%2C200 1x, https:\/\/i0.wp.com\/www.robertosedda.it\/wp-content\/uploads\/2012\/11\/impariamo_a_stare_in_rete.gif?fit=826%2C1169&resize=700%2C400 2x"},"classes":[]},{"id":2677,"url":"http:\/\/www.robertosedda.it\/?p=2677","url_meta":{"origin":1403,"position":3},"title":"Nel blu dipinto di blu","author":"Rufus","date":"27\/03\/2013","format":false,"excerpt":"La statua contro il femminicidio di Ancona Ad Ancona \u00e8 stato inaugurato, per la prima volta in Europa,\u00a0un monumento contro il femminicidio. Si potrebbe discutere su cosa voglia dire fare un monumento contro, ma non stiamo a sottilizzare. C'\u00e8 ben altro. Il monumento \u00e8 questo: La statua \u00e8 in bronzo:\u2026","rel":"","context":"In &quot;Coordinate&quot;","block_context":{"text":"Coordinate","link":"http:\/\/www.robertosedda.it\/?cat=52"},"img":{"alt_text":"","src":"https:\/\/i0.wp.com\/www.robertosedda.it\/wp-content\/uploads\/2013\/03\/743459-Violenza_donne.jpg?fit=680%2C380&resize=350%2C200","width":350,"height":200},"classes":[]},{"id":9026,"url":"http:\/\/www.robertosedda.it\/?p=9026","url_meta":{"origin":1403,"position":4},"title":"Una vecchia polemica sul femminismo","author":"Rufus","date":"09\/12\/2014","format":false,"excerpt":"Francesca Madrigali mi ha segnalato oggi, col consueto garbo, che la prossima puntata della sua ottima trasmissione su\u00a0Radio X sar\u00e0 dedicata ai temi del femminismo. Una parte dei contenuti sono esplicitati nell'articolo preparatorio che, come al solito, Francesca ha pubblicato sul suo\u00a0blog. A me la La versione di Madry\u00a0piace, come\u2026","rel":"","context":"In &quot;Coordinate&quot;","block_context":{"text":"Coordinate","link":"http:\/\/www.robertosedda.it\/?cat=52"},"img":{"alt_text":"","src":"https:\/\/i0.wp.com\/www.robertosedda.it\/wp-content\/uploads\/2014\/12\/Francesca-Madrigali-femminismo.jpg?fit=499%2C535&resize=350%2C200","width":350,"height":200},"classes":[]},{"id":14780,"url":"http:\/\/www.robertosedda.it\/?p=14780","url_meta":{"origin":1403,"position":5},"title":"Il testosterone delle Sorelle Lehman","author":"Rufus","date":"08\/03\/2018","format":false,"excerpt":"L'articolo che segue, preso dalla sezione Letture approfondite per il fine settimana\u00a0del Financial Times, mi ha fatto compagnia nella mattinata post-elettorale, passata a casa in malattia. Mi \u00e8 sembrato interessante e tratta di argomenti in parte gi\u00e0 comparsi qui sul\u00a0blog, come il ruolo (differente?) delle donne nei consigli di amministrazione\u2026","rel":"","context":"In &quot;Antropologia&quot;","block_context":{"text":"Antropologia","link":"http:\/\/www.robertosedda.it\/?cat=97"},"img":{"alt_text":"","src":"https:\/\/i0.wp.com\/www.robertosedda.it\/wp-content\/uploads\/2018\/03\/Cordelia-Fine-2.jpg?fit=800%2C514&resize=350%2C200","width":350,"height":200,"srcset":"https:\/\/i0.wp.com\/www.robertosedda.it\/wp-content\/uploads\/2018\/03\/Cordelia-Fine-2.jpg?fit=800%2C514&resize=350%2C200 1x, https:\/\/i0.wp.com\/www.robertosedda.it\/wp-content\/uploads\/2018\/03\/Cordelia-Fine-2.jpg?fit=800%2C514&resize=700%2C400 2x"},"classes":[]}],"_links":{"self":[{"href":"http:\/\/www.robertosedda.it\/index.php?rest_route=\/wp\/v2\/posts\/1403"}],"collection":[{"href":"http:\/\/www.robertosedda.it\/index.php?rest_route=\/wp\/v2\/posts"}],"about":[{"href":"http:\/\/www.robertosedda.it\/index.php?rest_route=\/wp\/v2\/types\/post"}],"author":[{"embeddable":true,"href":"http:\/\/www.robertosedda.it\/index.php?rest_route=\/wp\/v2\/users\/1"}],"replies":[{"embeddable":true,"href":"http:\/\/www.robertosedda.it\/index.php?rest_route=%2Fwp%2Fv2%2Fcomments&post=1403"}],"version-history":[{"count":1,"href":"http:\/\/www.robertosedda.it\/index.php?rest_route=\/wp\/v2\/posts\/1403\/revisions"}],"predecessor-version":[{"id":1406,"href":"http:\/\/www.robertosedda.it\/index.php?rest_route=\/wp\/v2\/posts\/1403\/revisions\/1406"}],"wp:featuredmedia":[{"embeddable":true,"href":"http:\/\/www.robertosedda.it\/index.php?rest_route=\/wp\/v2\/media\/1404"}],"wp:attachment":[{"href":"http:\/\/www.robertosedda.it\/index.php?rest_route=%2Fwp%2Fv2%2Fmedia&parent=1403"}],"wp:term":[{"taxonomy":"category","embeddable":true,"href":"http:\/\/www.robertosedda.it\/index.php?rest_route=%2Fwp%2Fv2%2Fcategories&post=1403"},{"taxonomy":"post_tag","embeddable":true,"href":"http:\/\/www.robertosedda.it\/index.php?rest_route=%2Fwp%2Fv2%2Ftags&post=1403"}],"curies":[{"name":"wp","href":"https:\/\/api.w.org\/{rel}","templated":true}]}}