{"id":14029,"date":"2017-07-31T16:31:23","date_gmt":"2017-07-31T14:31:23","guid":{"rendered":"http:\/\/www.robertosedda.it\/?p=14029"},"modified":"2017-08-03T15:26:14","modified_gmt":"2017-08-03T13:26:14","slug":"ce-speranza-per-larte-sulla-linea-p","status":"publish","type":"post","link":"http:\/\/www.robertosedda.it\/?p=14029","title":{"rendered":"C&#8217;\u00e8 speranza per l&#8217;arte sulla linea P"},"content":{"rendered":"<p>Qualche giorno fa tornavo dal mare con l&#8217;autobus e avevo dietro di me due ragazzi poco sopra i vent&#8217;anni che discutevano di vacanze.<\/p>\n<figure id=\"attachment_14030\" aria-describedby=\"caption-attachment-14030\" style=\"width: 1536px\" class=\"wp-caption alignnone\"><a href=\"https:\/\/i0.wp.com\/www.robertosedda.it\/wp-content\/uploads\/2017\/07\/Galleria_darte_CA.jpg\"><img data-attachment-id=\"14030\" data-permalink=\"http:\/\/www.robertosedda.it\/?attachment_id=14030\" data-orig-file=\"https:\/\/i0.wp.com\/www.robertosedda.it\/wp-content\/uploads\/2017\/07\/Galleria_darte_CA.jpg?fit=1536%2C2048\" data-orig-size=\"1536,2048\" data-comments-opened=\"1\" data-image-meta=\"{&quot;aperture&quot;:&quot;4.6&quot;,&quot;credit&quot;:&quot;&quot;,&quot;camera&quot;:&quot;FE210,X775&quot;,&quot;caption&quot;:&quot;OLYMPUS DIGITAL CAMERA&quot;,&quot;created_timestamp&quot;:&quot;1213423770&quot;,&quot;copyright&quot;:&quot;&quot;,&quot;focal_length&quot;:&quot;6.3&quot;,&quot;iso&quot;:&quot;64&quot;,&quot;shutter_speed&quot;:&quot;0.0011111111111111&quot;,&quot;title&quot;:&quot;OLYMPUS DIGITAL CAMERA&quot;,&quot;orientation&quot;:&quot;1&quot;}\" data-image-title=\"OLYMPUS DIGITAL CAMERA\" data-image-description=\"\" data-image-caption=\"&lt;p&gt;OLYMPUS DIGITAL CAMERA&lt;\/p&gt;\n\" data-medium-file=\"https:\/\/i0.wp.com\/www.robertosedda.it\/wp-content\/uploads\/2017\/07\/Galleria_darte_CA.jpg?fit=225%2C300\" data-large-file=\"https:\/\/i0.wp.com\/www.robertosedda.it\/wp-content\/uploads\/2017\/07\/Galleria_darte_CA.jpg?fit=510%2C680\" decoding=\"async\" loading=\"lazy\" class=\"wp-image-14030 size-full\" src=\"https:\/\/i0.wp.com\/www.robertosedda.it\/wp-content\/uploads\/2017\/07\/Galleria_darte_CA.jpg?resize=800%2C1067\" alt=\"\" width=\"800\" height=\"1067\" srcset=\"https:\/\/i0.wp.com\/www.robertosedda.it\/wp-content\/uploads\/2017\/07\/Galleria_darte_CA.jpg?w=1536 1536w, https:\/\/i0.wp.com\/www.robertosedda.it\/wp-content\/uploads\/2017\/07\/Galleria_darte_CA.jpg?resize=113%2C150 113w, https:\/\/i0.wp.com\/www.robertosedda.it\/wp-content\/uploads\/2017\/07\/Galleria_darte_CA.jpg?resize=225%2C300 225w, https:\/\/i0.wp.com\/www.robertosedda.it\/wp-content\/uploads\/2017\/07\/Galleria_darte_CA.jpg?resize=510%2C680 510w, https:\/\/i0.wp.com\/www.robertosedda.it\/wp-content\/uploads\/2017\/07\/Galleria_darte_CA.jpg?resize=700%2C933 700w\" sizes=\"(max-width: 800px) 100vw, 800px\" data-recalc-dims=\"1\" \/><\/a><figcaption id=\"caption-attachment-14030\" class=\"wp-caption-text\">Di cristianocani &#8211; <a class=\"external free\" href=\"http:\/\/www.flickr.com\/photos\/cristianocani\/2580817920\/\" rel=\"nofollow\">http:\/\/www.flickr.com\/photos\/cristianocani\/2580817920\/<\/a>, <a title=\"Creative Commons Attribution 2.0\" href=\"http:\/\/creativecommons.org\/licenses\/by\/2.0\">CC BY 2.0<\/a>, <a href=\"https:\/\/commons.wikimedia.org\/w\/index.php?curid=9837468\">Fonte Wikipedia<\/a><\/figcaption><\/figure>\n<p>Essendo ragazzi poco sopra i vent&#8217;anni il dibattito riguardava temi come <em>se vai in vacanza da solo e sei impegnato poi magari l\u00ec ti capita una situazione per le mani<\/em> confrontato con <em>se vai in vacanza con una situazione e l\u00ec te ne capita un&#8217;altra da gestire<\/em> e cose cos\u00ec.<\/p>\n<p>A un certo punto la discussione si \u00e8 spostata su Barcellona, con la frase di apertura: \u00abComunque non c&#8217;\u00e8 come Barcellona per offrirti cose\u00bb, con risposta: \u00abSi, cio\u00e8, ci sei stato magari tre giorni e hai la sensazione che hai appena grattato la superficie\u00bb; conclusione: \u00abCio\u00e8, adesso che ci vado voglio proprio, cio\u00e8, <em>viverla<\/em> fino in fondo\u00bb.<\/p>\n<p>Con queste premesse la frase successiva \u00e8 stata un po&#8217; una sorpresa: \u00abCio\u00e8, soprattutto, sai cosa voglio fare? Cio\u00e8, ho proprio voglia di scimmiarmi d&#8217;arte, cio\u00e8 fino in <em>fondo<\/em>\u00bb.<\/p>\n<p>\u00abEh certo, per quello Barcellona non ha rivali, cio\u00e8, considera: Van Gogh&#8230;\u00bb.<\/p>\n<p>\u00abAppunto, cio\u00e8 mi voglio proprio scimmiare, cio\u00e8 \u00e8 troppo togo, cio\u00e8, l&#8217;arte, sai&#8230;\u00bb.<\/p>\n<p>Passano a parlare di un ragazzo pi\u00f9 grande, che si sta laureando in Giurisprudenza, \u00e8 intelligentissimo e ne capisce tanto che svolge la funzione di mentore:<\/p>\n<p>\u00ab&#8230; allora io gli ho chiesto e lui c&#8217;ha un sacco di libri da leggere e me li dar\u00e0, e cio\u00e8, lui mi ha detto che tipo ai Giardini Pubblici c&#8217;\u00e8 un posto dove ci sono tipo un casino di quadri&#8230;\u00bb,<\/p>\n<p>\u00abE certo! \u00c8 il museo dei Giardini Pubblici&#8230;\u00bb,<\/p>\n<p>\u00ab&#8230; e lui fa cos\u00ec, prima si legge tipo tutte le spiegazioni anche su Internet, e poi va l\u00ec e guarda i quadri e riflette se le spiegazioni sono giuste e se \u00e8 d&#8217;accordo e cosa gli dice a lui quel quadro\u00bb.<\/p>\n<p>\u00abCess, troppo scimmiato\u00bb.<\/p>\n<p>\u00abEhia, troppo figo\u00bb.<\/p>\n","protected":false},"excerpt":{"rendered":"<p>Qualche giorno fa tornavo dal mare con l&#8217;autobus e avevo dietro di me due ragazzi poco sopra i vent&#8217;anni che<\/p>\n","protected":false},"author":1,"featured_media":14030,"comment_status":"open","ping_status":"open","sticky":false,"template":"","format":"standard","meta":{"_mi_skip_tracking":false,"_monsterinsights_sitenote_active":false,"_monsterinsights_sitenote_note":"","_monsterinsights_sitenote_category":0,"jetpack_post_was_ever_published":false,"_jetpack_newsletter_access":"","jetpack_publicize_message":"","jetpack_is_tweetstorm":false,"jetpack_publicize_feature_enabled":true,"jetpack_social_post_already_shared":true,"jetpack_social_options":{"image_generator_settings":{"template":"highway","enabled":false}}},"categories":[52,56,18,61,16],"tags":[],"jetpack_publicize_connections":[],"jetpack_featured_media_url":"https:\/\/i0.wp.com\/www.robertosedda.it\/wp-content\/uploads\/2017\/07\/Galleria_darte_CA.jpg?fit=1536%2C2048","jetpack_sharing_enabled":true,"jetpack_shortlink":"https:\/\/wp.me\/p4jV2T-3Eh","jetpack_likes_enabled":true,"jetpack-related-posts":[{"id":1409,"url":"http:\/\/www.robertosedda.it\/?p=1409","url_meta":{"origin":14029,"position":0},"title":"Quel che gli adolescenti non dicono","author":"Rufus","date":"22\/11\/2012","format":false,"excerpt":"Credo che avessi a malapena vent'anni. Mia sorella Iole non doveva ancora essere maggiorenne, o avere compiuto appena i diciott'anni, e aveva ottenuto il permesso dei miei genitori di andare in campeggio con la sua migliore amica, Rossella, in Costa Smeralda. I miei genitori erano abbastanza liberali: a\u00a0quattordici anni io\u2026","rel":"","context":"In &quot;Coordinate&quot;","block_context":{"text":"Coordinate","link":"http:\/\/www.robertosedda.it\/?cat=52"},"img":{"alt_text":"","src":"","width":0,"height":0},"classes":[]},{"id":12827,"url":"http:\/\/www.robertosedda.it\/?p=12827","url_meta":{"origin":14029,"position":1},"title":"Il sessismo dei trafficanti di droga","author":"Rufus","date":"17\/11\/2016","format":false,"excerpt":"L'altro giorno, scorrendo gli articoli di\u00a0Feedly lasciati da parte per una lettura successiva, mi \u00e8 caduto l'occhio su questa foto, associata al titolo Ragazze carineHo avuto un attimo di soprassalto, come se pensassi di avere una vita da sonnambulo: per quanto mi capiti di archiviare foto di attrici (e attori)\u2026","rel":"","context":"In &quot;Coordinate&quot;","block_context":{"text":"Coordinate","link":"http:\/\/www.robertosedda.it\/?cat=52"},"img":{"alt_text":"","src":"https:\/\/i0.wp.com\/www.robertosedda.it\/wp-content\/uploads\/2016\/11\/Roberge-Lagace.jpg?fit=476%2C594&resize=350%2C200","width":350,"height":200},"classes":[]},{"id":6359,"url":"http:\/\/www.robertosedda.it\/?p=6359","url_meta":{"origin":14029,"position":2},"title":"Segni notevoli: seno naturale","author":"Rufus","date":"12\/02\/2014","format":false,"excerpt":"Ieri ho visto su Facebook lo status di un amico che segnalava, pi\u00f9 o meno: la ragazza davanti a me sul treno assomiglia irresistibilmente a Raphaella Anderson; sono turbato. Siccome sono curioso come una scimmia ma non sapevo chi fosse Raphaella Anderson ho cercato su Wiki e ho avuto la\u2026","rel":"","context":"In &quot;Coordinate&quot;","block_context":{"text":"Coordinate","link":"http:\/\/www.robertosedda.it\/?cat=52"},"img":{"alt_text":"","src":"https:\/\/i0.wp.com\/www.robertosedda.it\/wp-content\/uploads\/2014\/02\/Ilona-Staller-parlamento.png?resize=350%2C200","width":350,"height":200},"classes":[]},{"id":13984,"url":"http:\/\/www.robertosedda.it\/?p=13984","url_meta":{"origin":14029,"position":3},"title":"La legge \u00e8 legge, con qualche eccezione","author":"Rufus","date":"26\/07\/2017","format":false,"excerpt":"Durante lo scorso fine settimana che abbiamo passato a Stintino, \u00e8 capitato che l'Inossidabile si sia incontrata con le cugine - il vedersi era, anzi, uno degli obiettivi principali della gita. Una delle caratteristiche della famiglia che noto maggiormente in queste occasioni \u00e8 quella di possedere un inesauribile bagaglio di\u2026","rel":"","context":"In &quot;Coordinate&quot;","block_context":{"text":"Coordinate","link":"http:\/\/www.robertosedda.it\/?cat=52"},"img":{"alt_text":"","src":"https:\/\/i0.wp.com\/www.robertosedda.it\/wp-content\/uploads\/2017\/07\/Stintino-gozzo-3.jpg?fit=834%2C582&resize=350%2C200","width":350,"height":200,"srcset":"https:\/\/i0.wp.com\/www.robertosedda.it\/wp-content\/uploads\/2017\/07\/Stintino-gozzo-3.jpg?fit=834%2C582&resize=350%2C200 1x, https:\/\/i0.wp.com\/www.robertosedda.it\/wp-content\/uploads\/2017\/07\/Stintino-gozzo-3.jpg?fit=834%2C582&resize=700%2C400 2x"},"classes":[]},{"id":39,"url":"http:\/\/www.robertosedda.it\/?p=39","url_meta":{"origin":14029,"position":4},"title":"Sul set di film immaginari &#8211; 1","author":"Rufus","date":"26\/07\/2012","format":false,"excerpt":"Hmmmm. Sono a Fiumicino. Sala d'attesa. Un signore a fianco a\u00a0 me tossisce. Una tosse cavernosa profonda, catarrosa. Sinora non mi sono preoccupato. Per\u00f2 adesso mi guardo intorno, e vedo un bambino insopportabile con una madre giovane. La cassiera turca dell'Autogrill parla al telefono con un amante lontano. Tenera. Le\u2026","rel":"","context":"In &quot;Coordinate&quot;","block_context":{"text":"Coordinate","link":"http:\/\/www.robertosedda.it\/?cat=52"},"img":{"alt_text":"","src":"https:\/\/i0.wp.com\/www.robertosedda.it\/wp-content\/uploads\/2012\/07\/uomo-tuta-258x258.jpg?fit=258%2C258&resize=350%2C200","width":350,"height":200},"classes":[]},{"id":20249,"url":"http:\/\/www.robertosedda.it\/?p=20249","url_meta":{"origin":14029,"position":5},"title":"Ombre notturne","author":"Rufus","date":"06\/07\/2023","format":false,"excerpt":"Avviso: questo \u00e8 un articolo molto sincero, e come tale potrebbe non piacere. Fine dell'avviso. L'altro giorno ho visto casualmente questo tweet: Ora, la mia reazione a queste cose, di solito, \u00e8 venata di scetticismo. Come la volta che per strada \u00e8 passata Melissa Satta e nel gruppo di maschi\u2026","rel":"","context":"In &quot;Coordinate&quot;","block_context":{"text":"Coordinate","link":"http:\/\/www.robertosedda.it\/?cat=52"},"img":{"alt_text":"","src":"https:\/\/i0.wp.com\/www.robertosedda.it\/wp-content\/uploads\/2023\/07\/IMG_20230629_225119-scaled.jpg?fit=1200%2C900&resize=350%2C200","width":350,"height":200,"srcset":"https:\/\/i0.wp.com\/www.robertosedda.it\/wp-content\/uploads\/2023\/07\/IMG_20230629_225119-scaled.jpg?fit=1200%2C900&resize=350%2C200 1x, https:\/\/i0.wp.com\/www.robertosedda.it\/wp-content\/uploads\/2023\/07\/IMG_20230629_225119-scaled.jpg?fit=1200%2C900&resize=700%2C400 2x, https:\/\/i0.wp.com\/www.robertosedda.it\/wp-content\/uploads\/2023\/07\/IMG_20230629_225119-scaled.jpg?fit=1200%2C900&resize=1050%2C600 3x"},"classes":[]}],"_links":{"self":[{"href":"http:\/\/www.robertosedda.it\/index.php?rest_route=\/wp\/v2\/posts\/14029"}],"collection":[{"href":"http:\/\/www.robertosedda.it\/index.php?rest_route=\/wp\/v2\/posts"}],"about":[{"href":"http:\/\/www.robertosedda.it\/index.php?rest_route=\/wp\/v2\/types\/post"}],"author":[{"embeddable":true,"href":"http:\/\/www.robertosedda.it\/index.php?rest_route=\/wp\/v2\/users\/1"}],"replies":[{"embeddable":true,"href":"http:\/\/www.robertosedda.it\/index.php?rest_route=%2Fwp%2Fv2%2Fcomments&post=14029"}],"version-history":[{"count":7,"href":"http:\/\/www.robertosedda.it\/index.php?rest_route=\/wp\/v2\/posts\/14029\/revisions"}],"predecessor-version":[{"id":14037,"href":"http:\/\/www.robertosedda.it\/index.php?rest_route=\/wp\/v2\/posts\/14029\/revisions\/14037"}],"wp:featuredmedia":[{"embeddable":true,"href":"http:\/\/www.robertosedda.it\/index.php?rest_route=\/wp\/v2\/media\/14030"}],"wp:attachment":[{"href":"http:\/\/www.robertosedda.it\/index.php?rest_route=%2Fwp%2Fv2%2Fmedia&parent=14029"}],"wp:term":[{"taxonomy":"category","embeddable":true,"href":"http:\/\/www.robertosedda.it\/index.php?rest_route=%2Fwp%2Fv2%2Fcategories&post=14029"},{"taxonomy":"post_tag","embeddable":true,"href":"http:\/\/www.robertosedda.it\/index.php?rest_route=%2Fwp%2Fv2%2Ftags&post=14029"}],"curies":[{"name":"wp","href":"https:\/\/api.w.org\/{rel}","templated":true}]}}