{"id":13981,"date":"2017-07-21T14:02:59","date_gmt":"2017-07-21T12:02:59","guid":{"rendered":"http:\/\/www.robertosedda.it\/?p=13981"},"modified":"2022-07-22T10:13:42","modified_gmt":"2022-07-22T08:13:42","slug":"prima-di-noi","status":"publish","type":"post","link":"http:\/\/www.robertosedda.it\/?p=13981","title":{"rendered":"Prima di noi, dopo di noi"},"content":{"rendered":"<p>Non credo di averlo detto con precisione ai miei amici, ma a ottobre finisco il mio terzo mandato da Referente dei soci di Banca Etica del Centro Italia e sar\u00f2 sostituito (tre mandati \u00e8 il massimo che si pu\u00f2 fare e pi\u00f9 passa il tempo e pi\u00f9 sono d&#8217;accordo che sia una buona regola).<a href=\"https:\/\/i0.wp.com\/www.robertosedda.it\/wp-content\/uploads\/2014\/05\/Banca-Etica-regionale.jpg\"><img data-attachment-id=\"7327\" data-permalink=\"http:\/\/www.robertosedda.it\/?attachment_id=7327\" data-orig-file=\"https:\/\/i0.wp.com\/www.robertosedda.it\/wp-content\/uploads\/2014\/05\/Banca-Etica-regionale.jpg?fit=1600%2C1200\" data-orig-size=\"1600,1200\" data-comments-opened=\"1\" data-image-meta=\"{&quot;aperture&quot;:&quot;2.8&quot;,&quot;credit&quot;:&quot;&quot;,&quot;camera&quot;:&quot;F8035&quot;,&quot;caption&quot;:&quot;&quot;,&quot;created_timestamp&quot;:&quot;1232796737&quot;,&quot;copyright&quot;:&quot;&quot;,&quot;focal_length&quot;:&quot;5.7&quot;,&quot;iso&quot;:&quot;147&quot;,&quot;shutter_speed&quot;:&quot;0.025&quot;,&quot;title&quot;:&quot;YASHICA Digital Camera&quot;}\" data-image-title=\"Assemblea regionale Banca Etica\" data-image-description=\"\" data-image-caption=\"\" data-medium-file=\"https:\/\/i0.wp.com\/www.robertosedda.it\/wp-content\/uploads\/2014\/05\/Banca-Etica-regionale.jpg?fit=300%2C225\" data-large-file=\"https:\/\/i0.wp.com\/www.robertosedda.it\/wp-content\/uploads\/2014\/05\/Banca-Etica-regionale.jpg?fit=510%2C382\" decoding=\"async\" loading=\"lazy\" class=\"aligncenter size-full wp-image-7327\" src=\"https:\/\/i0.wp.com\/www.robertosedda.it\/wp-content\/uploads\/2014\/05\/Banca-Etica-regionale.jpg?resize=800%2C600\" alt=\"\" width=\"800\" height=\"600\" srcset=\"https:\/\/i0.wp.com\/www.robertosedda.it\/wp-content\/uploads\/2014\/05\/Banca-Etica-regionale.jpg?w=1600 1600w, https:\/\/i0.wp.com\/www.robertosedda.it\/wp-content\/uploads\/2014\/05\/Banca-Etica-regionale.jpg?resize=150%2C112 150w, https:\/\/i0.wp.com\/www.robertosedda.it\/wp-content\/uploads\/2014\/05\/Banca-Etica-regionale.jpg?resize=300%2C225 300w, https:\/\/i0.wp.com\/www.robertosedda.it\/wp-content\/uploads\/2014\/05\/Banca-Etica-regionale.jpg?resize=510%2C382 510w, https:\/\/i0.wp.com\/www.robertosedda.it\/wp-content\/uploads\/2014\/05\/Banca-Etica-regionale.jpg?resize=268%2C200 268w, https:\/\/i0.wp.com\/www.robertosedda.it\/wp-content\/uploads\/2014\/05\/Banca-Etica-regionale.jpg?resize=700%2C525 700w\" sizes=\"(max-width: 800px) 100vw, 800px\" data-recalc-dims=\"1\" \/><\/a><\/p>\n<p>Con i Coordinatori dei vari gruppi di soci del Centro Italia ci siamo riuniti l&#8217;8 luglio e abbiamo avviato il processo elettorale: la prima cosa che faremo \u00e8 una videoconferenza nella quale render\u00f2 conto &#8211;\u00a0una <em>restituzione<\/em>, si dice &#8211; di quanto fatto e cercher\u00f2 di spiegare, a partire dalla mia esperienza e per quanto ne posso capire, quali sono le qualit\u00e0 che servono per l&#8217;incarico, in modo da discutere poi meglio dell&#8217;appropriatezza delle successive candidature. Cercher\u00f2 anche di dire cosa \u00e8 andato bene e cosa \u00e8 andato male e in qualche modo di avviare un passaggio di consegne.<\/p>\n<p>Quel che dir\u00f2 appartiene, ovviamente, ai soci e ai loro rappresentanti e perci\u00f2 non sar\u00e0 raccontata in questo <em>blog<\/em>, se non magari fra un po&#8217; di tempo. C&#8217;\u00e8 per\u00f2 una riflessione che sto facendo e che mi sembra interessante a prescindere.<\/p>\n<p>Molte volte, mentre preparo le cose da dire, mi viene da iniziare dicendo: \u00abQuando sono arrivato io, in quel momento&#8230; le cose andavano cos\u00ec e cos\u00e0, si faceva questo e quello\u00bb.<\/p>\n<p>A un certo punto mi sono reso conto che questa tendenza, cos\u00ec naturale, cela per\u00f2 il rischio di una sorta di delirio di onnipotenza, come se il mondo iniziasse e finisse con noi.<\/p>\n<p>Non \u00e8 mica vero, ovviamente: per tornare al caso di Banca Etica, quando sono stato eletto sono entrato a far parte &#8211; per diritto della carica &#8211; di una serie di organismi. Siccome sono stato eletto a met\u00e0 di un mandato del Consiglio di Amministrazione, erano tutti organismi che si erano formati prima che io arrivassi e avevano costruito un loro piano di lavoro nel quale io mi sono semplicemente inserito. Adesso che scado al mio successore accadr\u00e0 lo stesso, e gli organismi dei quali adesso faccio parte continueranno a funzionare anche senza di me.<\/p>\n<p>Pausa musicale:\u00a0<em>Quando son nato io<\/em>, ovviamente.<\/p>\n<div class=\"jetpack-video-wrapper\"><span class=\"embed-youtube\" style=\"text-align:center; display: block;\"><iframe loading=\"lazy\" class=\"youtube-player\" width=\"800\" height=\"450\" src=\"https:\/\/www.youtube.com\/embed\/hROZcjNuRV8?version=3&#038;rel=1&#038;showsearch=0&#038;showinfo=1&#038;iv_load_policy=1&#038;fs=1&#038;hl=it-IT&#038;autohide=2&#038;wmode=transparent\" allowfullscreen=\"true\" style=\"border:0;\" sandbox=\"allow-scripts allow-same-origin allow-popups allow-presentation\"><\/iframe><\/span><\/div>\n<p>Mi rendo conto, scrivendo queste cose, che possono sembrare ovvie.\u00a0<em>Sono<\/em> ovvie. Ma finch\u00e9 non ti trovi a stilare un bilancio &#8211; la famosa <em>restituzione<\/em> &#8211; non ti rendi conto di quanto sia difficile scrollarsi di dosso questo modo di pensare, quanto la trappola mentale sia assolutamente seducente e difficile da evitare.<\/p>\n<p>Sto lavorando un po&#8217; su me stesso per sfuggire alla trappola, dunque. Il problema \u00e8 che non puoi neanche lavorarci\u00a0<em>troppo<\/em>, perch\u00e9 altrimenti stai barando. Se raccontassi la storia dei nove anni nei quali ho ricoperto il mandato come la storia degli ultimi quattro CdA che ho conosciuto, per esempio, o attraverso la visuale dei tre Consiglieri di Amministrazione con i quali ho collaborato di pi\u00f9 (Cavani, Museo e due volte Nicoletta Dentico) starei ovviamente eludendo la domanda, che non riguarda cosa hanno fatto loro, ma cosa ho fatto\u00a0<em>io<\/em>.<\/p>\n<p>E quindi sto lavorando un po&#8217; su me stesso anche per non fare quello che elude la responsabilit\u00e0 di mettere in gioco la sua esperienza e, vivaddio, la sua verit\u00e0.<\/p>\n<p>Uh, e facendo questo scopro un&#8217;altra cosa, che ha a che fare con l&#8217;invecchiare e quindi non \u00e8 proprio piacevolissima. Sono nove anni che faccio il Referente. Sono entrato nella Cooperativa\u00a0<em>Verso la Banca Etica<\/em> nel 1997, quindi complessivamente quest&#8217;anno sono esattamente vent&#8217;anni; chiudere col mandato e tornare a fare il socio <em>normale\u00a0<\/em>in quest&#8217;anno nel quale faccio cifra tonda \u00e8 anche suggestivo, fra l&#8217;altro, ma non \u00e8 questo che mi colpisce: piuttosto il fatto che io mi sono sempre considerato prima di tutto un responsabile dell&#8217;Azione Cattolica che esprimeva la sua fede con un impegno diretto anche in altre attivit\u00e0 sociali, come Banca Etica (o non le avete mai notate, le tre immagini che ci sono in basso nella pagina?). Ma se ora conto gli anni, comincia a essere vero che ho passato pi\u00f9 tempo della mia vita in ruoli di responsabilit\u00e0 in Banca Etica che nell&#8217;AC.<\/p>\n<p>Passa, il tempo.<\/p>\n","protected":false},"excerpt":{"rendered":"<p>Non credo di averlo detto con precisione ai miei amici, ma a ottobre finisco il mio terzo mandato da Referente<\/p>\n","protected":false},"author":1,"featured_media":7327,"comment_status":"open","ping_status":"open","sticky":false,"template":"","format":"standard","meta":{"_mi_skip_tracking":false,"_monsterinsights_sitenote_active":false,"_monsterinsights_sitenote_note":"","_monsterinsights_sitenote_category":0,"jetpack_post_was_ever_published":false,"_jetpack_newsletter_access":"","jetpack_publicize_message":"","jetpack_is_tweetstorm":false,"jetpack_publicize_feature_enabled":true,"jetpack_social_post_already_shared":true,"jetpack_social_options":{"image_generator_settings":{"template":"highway","enabled":false}}},"categories":[52,86,53,17,16],"tags":[],"jetpack_publicize_connections":[],"jetpack_featured_media_url":"https:\/\/i0.wp.com\/www.robertosedda.it\/wp-content\/uploads\/2014\/05\/Banca-Etica-regionale.jpg?fit=1600%2C1200","jetpack_sharing_enabled":true,"jetpack_shortlink":"https:\/\/wp.me\/p4jV2T-3Dv","jetpack_likes_enabled":true,"jetpack-related-posts":[{"id":14285,"url":"http:\/\/www.robertosedda.it\/?p=14285","url_meta":{"origin":13981,"position":0},"title":"Rufa, figlia di Rufus","author":"Rufus","date":"10\/11\/2017","format":false,"excerpt":"Quando ho terminato il mio mandato di Referente dei soci del Centro Italia di Banca Etica, i Coordinatori dei vari gruppi territoriali dei soci e gli altri componenti del Coordinamento mi hanno regalato una coperta. Anche una maglietta, ma quella era coperta di scritte scherzose. Invece la coperta era reale,\u2026","rel":"","context":"In &quot;Coordinate&quot;","block_context":{"text":"Coordinate","link":"http:\/\/www.robertosedda.it\/?cat=52"},"img":{"alt_text":"","src":"https:\/\/i0.wp.com\/www.robertosedda.it\/wp-content\/uploads\/2017\/11\/20171108_155319.jpg?fit=1200%2C720&resize=350%2C200","width":350,"height":200,"srcset":"https:\/\/i0.wp.com\/www.robertosedda.it\/wp-content\/uploads\/2017\/11\/20171108_155319.jpg?fit=1200%2C720&resize=350%2C200 1x, https:\/\/i0.wp.com\/www.robertosedda.it\/wp-content\/uploads\/2017\/11\/20171108_155319.jpg?fit=1200%2C720&resize=700%2C400 2x, https:\/\/i0.wp.com\/www.robertosedda.it\/wp-content\/uploads\/2017\/11\/20171108_155319.jpg?fit=1200%2C720&resize=1050%2C600 3x"},"classes":[]},{"id":3672,"url":"http:\/\/www.robertosedda.it\/?p=3672","url_meta":{"origin":13981,"position":1},"title":"Com&#8217;\u00e8 andata a finire quella storia delle dimissioni?","author":"Rufus","date":"24\/06\/2013","format":false,"excerpt":"Non so se ve ne ricordate. Ieri e avantieri c'\u00e8 stata la riunione del Coordinamento dei soci della Banca Etica del Centro Italia e, dopo una lunghissima discussione, molto intensa, i Coordinatori mi hanno chiesto di ritirare\u00a0 le dimissioni e io ho accettato. Della discussione sono molto contento e, non\u2026","rel":"","context":"In &quot;Banche e finanza&quot;","block_context":{"text":"Banche e finanza","link":"http:\/\/www.robertosedda.it\/?cat=72"},"img":{"alt_text":"","src":"","width":0,"height":0},"classes":[]},{"id":6560,"url":"http:\/\/www.robertosedda.it\/?p=6560","url_meta":{"origin":13981,"position":2},"title":"Elezione del Comitato Etico: un&#8217;opinione","author":"Rufus","date":"24\/02\/2014","format":false,"excerpt":"Alla prossima Assemblea di Banca popolare Etica sar\u00e0 rinnovato il nostro comitato etico, che ha esaurito il suo mandato triennale. Con gli altri Referenti dei soci delle cinque Aree in cui \u00e8 divisa la banca ho sottoscritto un documento per provare a indirizzare il dibattito elettorale nella direzione secondo noi\u2026","rel":"","context":"In &quot;Banche e finanza&quot;","block_context":{"text":"Banche e finanza","link":"http:\/\/www.robertosedda.it\/?cat=72"},"img":{"alt_text":"","src":"https:\/\/i0.wp.com\/www.robertosedda.it\/wp-content\/uploads\/2014\/02\/Banca-Etica-15-anni.jpg?fit=510%2C250&resize=350%2C200","width":350,"height":200},"classes":[]},{"id":11224,"url":"http:\/\/www.robertosedda.it\/?p=11224","url_meta":{"origin":13981,"position":3},"title":"Di assemblee, regolamenti elettorali e teoria dei giochi","author":"Rufus","date":"26\/11\/2015","format":false,"excerpt":"Domani presto prendo l'aereo per poter essere, sabato, all'Assemblea straordinaria di Banca Etica a Padova. Approveremo una serie di modifiche statutarie e il nuovo regolamento per l'elezione del Consiglio di Amministrazione della Banca e io ci devo essere perch\u00e9, in un certo senso, \u00e8 tutta colpa mia. Cio\u00e8, non esageriamo.\u2026","rel":"","context":"In &quot;Coordinate&quot;","block_context":{"text":"Coordinate","link":"http:\/\/www.robertosedda.it\/?cat=52"},"img":{"alt_text":"","src":"https:\/\/i0.wp.com\/www.robertosedda.it\/wp-content\/uploads\/2015\/11\/assemblea.jpg?fit=925%2C250&resize=350%2C200","width":350,"height":200,"srcset":"https:\/\/i0.wp.com\/www.robertosedda.it\/wp-content\/uploads\/2015\/11\/assemblea.jpg?fit=925%2C250&resize=350%2C200 1x, https:\/\/i0.wp.com\/www.robertosedda.it\/wp-content\/uploads\/2015\/11\/assemblea.jpg?fit=925%2C250&resize=700%2C400 2x"},"classes":[]},{"id":11645,"url":"http:\/\/www.robertosedda.it\/?p=11645","url_meta":{"origin":13981,"position":4},"title":"Nunc est bibendum (iuxta modum)","author":"Rufus","date":"07\/03\/2016","format":false,"excerpt":"Negli scorsi tre giorni erano aperte le consultazioni on line per comporre una delle liste che concorreranno alla formazione del prossimo Consiglio d'Amministrazione di Banca Etica. Cio\u00e8, magari alla fine sar\u00e0 l'unica lista, ma siamo ancora in una fase intermedia del processo elettorale e per il momento questo era il\u2026","rel":"","context":"In &quot;Banche e finanza&quot;","block_context":{"text":"Banche e finanza","link":"http:\/\/www.robertosedda.it\/?cat=72"},"img":{"alt_text":"","src":"https:\/\/i0.wp.com\/www.robertosedda.it\/wp-content\/uploads\/2016\/03\/Camilla-e-Nicoletta-Twitter.png?fit=578%2C636&resize=350%2C200","width":350,"height":200},"classes":[]},{"id":2257,"url":"http:\/\/www.robertosedda.it\/?p=2257","url_meta":{"origin":13981,"position":5},"title":"Se lo fai ti voto","author":"Rufus","date":"19\/02\/2013","format":false,"excerpt":"Appelli (ai) politici Mai come questa volta in vista delle elezioni ci sono stati pezzi della societ\u00e0 civile (anzi, della societ\u00e0 tout court) che hanno lavorato per mettere in chiaro le proprie esigenze e aspirazioni e sottoporle ai candidati e ai partiti, in modo da sollecitare un loro pronunciamento chiaro\u2026","rel":"","context":"In &quot;Coordinate&quot;","block_context":{"text":"Coordinate","link":"http:\/\/www.robertosedda.it\/?cat=52"},"img":{"alt_text":"","src":"https:\/\/i0.wp.com\/www.robertosedda.it\/wp-content\/uploads\/2013\/02\/Greenpeace-io-non-vi-voto.jpg?fit=580%2C243&resize=350%2C200","width":350,"height":200},"classes":[]}],"_links":{"self":[{"href":"http:\/\/www.robertosedda.it\/index.php?rest_route=\/wp\/v2\/posts\/13981"}],"collection":[{"href":"http:\/\/www.robertosedda.it\/index.php?rest_route=\/wp\/v2\/posts"}],"about":[{"href":"http:\/\/www.robertosedda.it\/index.php?rest_route=\/wp\/v2\/types\/post"}],"author":[{"embeddable":true,"href":"http:\/\/www.robertosedda.it\/index.php?rest_route=\/wp\/v2\/users\/1"}],"replies":[{"embeddable":true,"href":"http:\/\/www.robertosedda.it\/index.php?rest_route=%2Fwp%2Fv2%2Fcomments&post=13981"}],"version-history":[{"count":4,"href":"http:\/\/www.robertosedda.it\/index.php?rest_route=\/wp\/v2\/posts\/13981\/revisions"}],"predecessor-version":[{"id":19865,"href":"http:\/\/www.robertosedda.it\/index.php?rest_route=\/wp\/v2\/posts\/13981\/revisions\/19865"}],"wp:featuredmedia":[{"embeddable":true,"href":"http:\/\/www.robertosedda.it\/index.php?rest_route=\/wp\/v2\/media\/7327"}],"wp:attachment":[{"href":"http:\/\/www.robertosedda.it\/index.php?rest_route=%2Fwp%2Fv2%2Fmedia&parent=13981"}],"wp:term":[{"taxonomy":"category","embeddable":true,"href":"http:\/\/www.robertosedda.it\/index.php?rest_route=%2Fwp%2Fv2%2Fcategories&post=13981"},{"taxonomy":"post_tag","embeddable":true,"href":"http:\/\/www.robertosedda.it\/index.php?rest_route=%2Fwp%2Fv2%2Ftags&post=13981"}],"curies":[{"name":"wp","href":"https:\/\/api.w.org\/{rel}","templated":true}]}}