{"id":13946,"date":"2017-07-17T16:16:40","date_gmt":"2017-07-17T14:16:40","guid":{"rendered":"http:\/\/www.robertosedda.it\/?p=13946"},"modified":"2017-08-23T11:03:21","modified_gmt":"2017-08-23T09:03:21","slug":"lecumenismo-dellodio","status":"publish","type":"post","link":"http:\/\/www.robertosedda.it\/?p=13946","title":{"rendered":"L&#8217;ecumenismo dell&#8217;odio"},"content":{"rendered":"<p>Civilt\u00e0 Cattolica ha pubblicato nel suo ultimo numero un articolo a firma congiunta di Padre Spadaro, direttore della testata, e del pastore protestante e collaboratore della rivista Marcelo Figueroa, dal titolo\u00a0<a href=\"http:\/\/www.laciviltacattolica.it\/articolo\/fondamentalismo-evangelicale-e-integralismo-cattolico\/\"><em>Fondamentalismo evangelicale e integralismo cattolico. Un sorprendente ecumenismo<\/em><\/a>.<\/p>\n<p><a href=\"https:\/\/i0.wp.com\/www.robertosedda.it\/wp-content\/uploads\/2017\/07\/Civilt\u00e0-Cattolica.jpg\"><img data-attachment-id=\"13947\" data-permalink=\"http:\/\/www.robertosedda.it\/?attachment_id=13947\" data-orig-file=\"https:\/\/i0.wp.com\/www.robertosedda.it\/wp-content\/uploads\/2017\/07\/Civilt\u00e0-Cattolica.jpg?fit=1421%2C725\" data-orig-size=\"1421,725\" data-comments-opened=\"1\" data-image-meta=\"{&quot;aperture&quot;:&quot;0&quot;,&quot;credit&quot;:&quot;Roberto Sedda&quot;,&quot;camera&quot;:&quot;&quot;,&quot;caption&quot;:&quot;&quot;,&quot;created_timestamp&quot;:&quot;1500308130&quot;,&quot;copyright&quot;:&quot;&quot;,&quot;focal_length&quot;:&quot;0&quot;,&quot;iso&quot;:&quot;0&quot;,&quot;shutter_speed&quot;:&quot;0&quot;,&quot;title&quot;:&quot;&quot;,&quot;orientation&quot;:&quot;0&quot;}\" data-image-title=\"Civilt\u00e0 Cattolica\" data-image-description=\"\" data-image-caption=\"\" data-medium-file=\"https:\/\/i0.wp.com\/www.robertosedda.it\/wp-content\/uploads\/2017\/07\/Civilt\u00e0-Cattolica.jpg?fit=300%2C153\" data-large-file=\"https:\/\/i0.wp.com\/www.robertosedda.it\/wp-content\/uploads\/2017\/07\/Civilt\u00e0-Cattolica.jpg?fit=510%2C260\" decoding=\"async\" loading=\"lazy\" class=\"aligncenter size-full wp-image-13947\" src=\"https:\/\/i0.wp.com\/www.robertosedda.it\/wp-content\/uploads\/2017\/07\/Civilt\u00e0-Cattolica.jpg?resize=800%2C408\" alt=\"\" width=\"800\" height=\"408\" srcset=\"https:\/\/i0.wp.com\/www.robertosedda.it\/wp-content\/uploads\/2017\/07\/Civilt\u00e0-Cattolica.jpg?w=1421 1421w, https:\/\/i0.wp.com\/www.robertosedda.it\/wp-content\/uploads\/2017\/07\/Civilt\u00e0-Cattolica.jpg?resize=150%2C77 150w, https:\/\/i0.wp.com\/www.robertosedda.it\/wp-content\/uploads\/2017\/07\/Civilt\u00e0-Cattolica.jpg?resize=300%2C153 300w, https:\/\/i0.wp.com\/www.robertosedda.it\/wp-content\/uploads\/2017\/07\/Civilt\u00e0-Cattolica.jpg?resize=510%2C260 510w, https:\/\/i0.wp.com\/www.robertosedda.it\/wp-content\/uploads\/2017\/07\/Civilt\u00e0-Cattolica.jpg?resize=700%2C357 700w\" sizes=\"(max-width: 800px) 100vw, 800px\" data-recalc-dims=\"1\" \/><\/a>Ok, lo dico subito: la mia prima reazione \u00e8 stata di pensare, come <a href=\"https:\/\/www.ncronline.org\/blogs\/distinctly-catholic\/civilta-article-finally\">ha titolato il\u00a0<\/a><em>National Catholic Reporter, <\/em>\u00abFinalmente!\u00bb:<\/p>\n<blockquote><p>Finalmente qualcuno dotato di autorit\u00e0 ha riconosciuto che \u00a0lo sforzo di collegare cattolici ed evangelici ha riguardato sempre pi\u00f9 la politica che la religione ed era destinato a allontanare molte persone che vanno in chiesa, distorcendo la fede con una apparenza esteriore politica che \u00e8, come fanno notare gli autori, radicata in una visione del mondo divisiva e anti-intellettuale che dovrebbe essere anatema per un cattolico. In effetti questa alleanza richiedeva, necessariamente, la riduzione della religione all&#8217;etica, un genere di posizione di ripiego per la Chiesa nel quadro pubblico che \u00e8 stata fonte di preoccupazione per Paolo VI, Giovanni Paolo II, Benedetto XVI e, ora, Papa Francesco, anche quando \u00e8 stata la premessa operativa di una folla di cattolici conservatori, neoconservatori e folliconservatori per decenni. Che l&#8217;ascesa dell&#8217;alleanza abbia coinciso con l&#8217;ascesa dei &#8220;nessuni&#8221;, coloro che non si identificano con nessuna religione, non dovrebbe sorprendere nessuno.<\/p><\/blockquote>\n<p>Se andate a rivedervi il mio vecchio articolo (2013!) su <a href=\"http:\/\/www.robertosedda.it\/?p=4917\">Halloween<\/a> trovate espressioni molto simili.<\/p>\n<p>Detto questo, l&#8217;articolo \u00e8 un po&#8217; strano e capisco che la reazione di una parte dei commentatori americani &#8211; l&#8217;entusiasmo del <em>Nathional Catholic Reporter <\/em>sembra sia stato piuttosto isolato<em> &#8211;<\/em> sia stata la lamentela che, fondamentalmente, Spadaro e Figueroa parlano di una societ\u00e0 e di movimenti culturali e religiosi che non conoscono e non capiscono: perfino a me, che non sono affatto uno specialista di storia americana e tanto meno di storia del protestantesimo, la velocit\u00e0 e superficialit\u00e0 di alcuni passaggi ha fatto digrignare i denti; se si pu\u00f2 pensare che il <a href=\"http:\/\/www.catholicworldreport.com\/2017\/07\/14\/on-that-strange-disturbing-and-anti-american-civilta-cattolica-article\/\">parere negativo di Samuel Gregg<\/a>, esponente dell&#8217;<em>Acton Institute<\/em>, bastione del neoliberismo cattolico, sia giustificato dal fatto che l&#8217;articolo di Spadaro e Figueroa mette nel mirino figure e posizioni con le quali ha oggettive convergenze politiche e ideali, questa spiegazione non pu\u00f2 valere per la <a href=\"https:\/\/cruxnow.com\/commentary\/2017\/07\/15\/article-popes-confidantes-adds-little-understanding-trumps-america\/\">recensione corrosiva<\/a> del sito di informazioni (cattoliche!)\u00a0<em>Crux<\/em>\u00a0(mi sono fatto un giro sul sito di padre de Souza,\u00a0il prete cattolico autore della recensione, e trovo un paio di articoli a favore di Trump, quindi forse la spiegazione c&#8217;\u00e8;\u00a0vale la pena per\u00f2 di leggere anche l&#8217;<a href=\"https:\/\/cruxnow.com\/analysis\/2017\/07\/16\/agree-not-good-know-vatican-insiders-think-america\/\">editoriale<\/a>, molto pi\u00f9 equilibrato, del direttore di <em>Crux<\/em>, John L. Allen, Jr).<\/p>\n<p>In realt\u00e0 il problema, secondo me, \u00e8 che l&#8217;articolo appare molto, troppo, legato a una attualit\u00e0 politica, che \u00e8 quella dell&#8217;America di Trump.<\/p>\n<p>Il piano teologico e pastorale, che \u00e8 quello che mi interessa di pi\u00f9, \u00e8 fin dall&#8217;inizio dell&#8217;articolo intrecciato cio\u00e8 con quello dell&#8217;attualit\u00e0:<\/p>\n<blockquote><p>A tratti questa compenetrazione tra politica, morale e religione ha assunto un linguaggio manicheo che suddivide la realt\u00e0 tra il Bene assoluto e il Male assoluto. Infatti, dopo che Bush a suo tempo ha parlato di un \u00abasse del male\u00bb da affrontare e ha fatto richiamo alla responsabilit\u00e0 di \u00abliberare il mondo dal male\u00bb in seguito agli eventi dell\u201911 settembre 2001, oggi il presidente Trump indirizza la sua lotta contro un\u2019entit\u00e0 collettiva genericamente ampia, quella dei \u00abcattivi\u00bb (<em>bad<\/em>) o anche \u00abmolto cattivi\u00bb (<em>very bad<\/em>). A volte i toni usati in alcune campagne dai suoi sostenitori assumono connotazioni che potremmo definire \u00abepiche\u00bb.<\/p><\/blockquote>\n<p>Segue una lunga elencazione di difetti del fondamentalismo protestante americano: il dualismo manicheo<\/p>\n<blockquote><p>Il pensiero delle collettivit\u00e0 sociali religiose ispirate da autori come Stewart considera gli Stati Uniti una nazione benedetta da Dio, e non esita a basare la crescita economica del Paese sull\u2019adesione letterale alla Bibbia. Nel corso degli anni pi\u00f9 recenti esso si \u00e8 inoltre alimentato con la stigmatizzazione di nemici che vengono per cos\u00ec dire \u00abdemonizzati\u00bb,<\/p><\/blockquote>\n<p>la mancata assunzione di responsabilit\u00e0 per le <em>cause<\/em> dei problemi, non solo per i loro sintomi<\/p>\n<blockquote><p>dentro questa narrativa, ci\u00f2 che spinge al conflitto non \u00e8 bandito. Non si considera il legame esistente tra capitale e profitti e la vendita di armi,<\/p><\/blockquote>\n<p>mancanza particolarmente grave nel caso del\u00a0<em>dominionismo<\/em>, quando i disastri ecologici sono giustificati col presunto diritto conferito da Dio a dominare la natura<\/p>\n<blockquote><p>Vi \u00e8 come una sorta di \u00abanestesia\u00bb nei confronti dei disastri ecologici e dei problemi generati dai cambiamenti climatici,<\/p><\/blockquote>\n<p>la visione della religione come guerra santa<\/p>\n<blockquote><p>Si tratta di una formula profetica: combattere le minacce ai valori cristiani americani e attendere l\u2019imminente giustizia di un\u00a0<em>Armageddon<\/em>, una resa dei conti finale tra il Bene e il Male, tra Dio e Satana. In questo senso ogni \u00abprocesso\u00bb (di pace, di dialogo ecc.) frana davanti all\u2019impellenza della fine, della battaglia finale contro il nemico. E la comunit\u00e0 dei credenti, della fede (<em>faith<\/em>), diventa la comunit\u00e0 dei combattenti, della battaglia (<em>fight<\/em>),<\/p><\/blockquote>\n<p>a proposito della quale vengono assestati colpi durissimi<\/p>\n<blockquote><p>La dottrina di Rushdoony, infatti, sostiene la necessit\u00e0 teocratica di sottomettere lo Stato alla Bibbia, con una logica non diversa da quella che ispira il fondamentalismo islamico. In fondo, la narrativa del terrore che alimenta l\u2019immaginario degli jihadisti e dei neo-crociati si abbevera a fonti non troppo distanti tra loro.<\/p><\/blockquote>\n<p>Infine, la polemica si sposta verso la <em>teologia della prosperit\u00e0<\/em>, accusandola di avere tradito l&#8217;impostazione della originaria etica protestante del capitalismo (peraltro, la teologia della prosperit\u00e0 \u00e8 tipica delle chiese pentecostali africane). E poi, l&#8217;ultima cannonata:<\/p>\n<blockquote><p>Un terzo elemento, accanto al manicheismo e al vangelo della prosperit\u00e0, \u00e8 una particolare forma di proclamazione della difesa della \u00ablibert\u00e0 religiosa\u00bb. L\u2019erosione della libert\u00e0 religiosa \u00e8 chiaramente una grave minaccia all\u2019interno di un dilagante secolarismo. Occorre per\u00f2 evitare che la sua difesa avvenga al ritmo dei fondamentalisti della \u00abreligione in libert\u00e0\u00bb, percepita come una diretta sfida virtuale alla laicit\u00e0 dello Stato.<\/p><\/blockquote>\n<p>A questo si aggiunge che \u00e8 ricorrente l&#8217;accusa di non saper leggere la Bibbia: \u00abadesione letterale alla Bibbia\u00bb, \u00able loro esegesi bibliche si sono sempre pi\u00f9 spinte verso letture decontestualizzate dei testi veterotestamentari\u00bb, \u00abnon mancano anche oggi pastori che cercano per questo un fondamento biblico, usando brani della Sacra Scrittura come pretesti fuori contesto\u00bb, \u00abcomprensione letteralistica dei racconti della creazione del libro della Genesi\u00bb, \u00abuna simile lettura unidirezionale dei testi biblici\u00bb.\u00a0E scusate se \u00e8 poco: praticamente un&#8217;accusa che ritorna ogni tre paragrafi.<\/p>\n<p>Il sunto di tutta questa prima parte (nella quale Bush padre e Reagan vengono citati due volte e Tuump tre, sempre in connessione con questi difetti del fondamentalismo) potrebbe essere parafrasato cos\u00ec: \u00abE voi, cattolici, volete allearvi con questi?\u00bb.<\/p>\n<p>Parrebbe di s\u00ec, parrebbe, e il passaggio centrale, peraltro breve, dell&#8217;articolo \u00e8 secco:<\/p>\n<blockquote><p>Alcuni che si professano cattolici si esprimono talvolta in forme fino a poco tempo fa sconosciute alla loro tradizione e molto pi\u00f9 vicine ai toni evangelicali. In termini di attrazione di massa elettorale, questi elettori vengono definiti\u00a0<em>value voters<\/em>. L\u2019universo di convergenza ecumenica, tra settori che paradossalmente sono concorrenti in termini di appartenenza confessionale, \u00e8 ben definito. Quest\u2019incontro per obiettivi comuni avviene sul terreno di temi come l\u2019aborto, il matrimonio tra persone dello stesso sesso, l\u2019educazione religiosa nelle scuole e altre questioni considerate genericamente morali o legate ai valori. Sia gli evangelicali sia i cattolici integralisti condannano l\u2019ecumenismo tradizionale, e tuttavia promuovono un ecumenismo del conflitto che li unisce nel sogno nostalgico di uno Stato dai tratti teocratici.<\/p>\n<p>La prospettiva pi\u00f9 pericolosa di questo strano ecumenismo \u00e8 ascrivibile alla sua visione xenofoba e islamofoba, che invoca muri e deportazioni purificatrici. La parola \u00abecumenismo\u00bb si traduce cos\u00ec in un paradosso, in un \u00abecumenismo dell\u2019odio\u00bb. L\u2019intolleranza \u00e8 marchio celestiale di purismo, il riduzionismo \u00e8 metodologia esegetica, e l\u2019ultra-letteralismo ne \u00e8 la chiave ermeneutica.<\/p><\/blockquote>\n<p>Altra cannonata non da poco, come si vede.<\/p>\n<p>Inizia qui la terza parte dell&#8217;articolo, che si potrebbe intitolare\u00a0<em>Invece, Papa Francesco&#8230;<\/em><\/p>\n<p>\u00c8 la parte pi\u00f9 strana: intanto perch\u00e9 parla di Papa Francesco in terza persona quando tutti sanno che i testi di\u00a0<em>Civilt\u00e0 Cattolica<\/em> sono rivisti in Segreteria di Stato. Il tono, diventa, insomma, abbastanza agiografico. E poi \u00e8 strana perch\u00e9 \u00e8 ricorrente la sensazione che si parli a nuora perch\u00e9 suocera intenda; se dovessi azzardare una ricostruzione &#8211; del tutto inventata, ovviamente &#8211; sembra quasi che Trump o chi per lui abbia avanzato delle profferte di alleanza e l&#8217;articolo sia una risposta che mette i puntini sulle &#8220;i&#8221; senza mai menzionare l&#8217;ambasciata ma in maniera cos\u00ec palese che chiunque &#8220;che sa&#8221; non possa che capire benissimo i riferimenti.<\/p>\n<p>Oh, forse ho visto troppe puntate del\u00a0<em>Trono di Spade<\/em>. Ma il brano<\/p>\n<blockquote><p>Francesco intende spezzare il legame organico tra cultura, politica, istituzioni e Chiesa. La spiritualit\u00e0 non pu\u00f2 legarsi a governi o patti militari, perch\u00e9 essa \u00e8 a servizio di tutti gli uomini [&#8230;]\u00a0Ed \u00e8 anche per questo che la diplomazia della Santa Sede vuole stabilire rapporti diretti, fluidi con le superpotenze, senza per\u00f2 entrare dentro reti di alleanze e di influenze precostituite. In questo quadro, il Papa non vuole dare n\u00e9 torti n\u00e9 ragioni, perch\u00e9 sa che alla radice dei conflitti c\u2019\u00e8 sempre una lotta di potere. Quindi non c\u2019\u00e8 da immaginare uno \u00abschieramento\u00bb per ragioni morali o, peggio ancora, spirituali.<\/p><\/blockquote>\n<p>d\u00e0 <em>veramente<\/em> questa impressione. E la presa di distanza da Trump (citato nuovamente due volte) \u00e8 nettissima, fino a accusarlo, sostanzialmente, di cesaropapismo (per l&#8217;esattezza, peraltro, di <em>costantinismo<\/em>).<\/p>\n<p>Devo dire che a me questa parte sarebbe apparsa pi\u00f9 interessante se si fosse limitata a descrivere la visione teopolitica del Papa e la sua avversione per la teopolitica millenaristica e fondamentalista (\u00abUn tratto netto della geopolitica di papa Francesco consiste nel non dare sponde teologiche al potere per imporsi o per trovare un nemico interno o esterno da combattere. Occorre fuggire la tentazione trasversale ed \u00abecumenica\u00bb di proiet\u00adtare la divinit\u00e0 sul potere politico che se ne riveste per i propri fini\u00bb, \u00abFrancesco intende spezzare il legame organico tra cultura, politica, istituzioni e Chiesa\u00bb)\u00a0senza entrare direttamente nella polemica pro o contro Trump: d&#8217;altra parte \u00e8 anche vero che l&#8217;articolo, fin dal suo esordio, \u00e8 sull&#8217;America.<\/p>\n<p>Il che \u00e8 un peccato perch\u00e9 \u00e8 almeno vent&#8217;anni che va avanti questa <em>convergenza<\/em>\u00a0<em>a destra<\/em> fra cattolici conservatori e fondamentalisti evangelici, e non \u00e8 nemmeno guidata dalla politica e tanto meno da Trump (n\u00e9, all&#8217;epoca in Italia, da Berlusconi): \u00e8 casomai guidata, l&#8217;articolo lo nota\u00a0<em>en passant<\/em> all&#8217;inizio, dal rapporto irrisolto con la modernit\u00e0. Lo dico perch\u00e9 la risposta ecclesiale al fenomeno non pu\u00f2 collocarsi sul piano di vertice della politica o delle relazioni internazionali, ma sul piano di base della pastorale, della formazione, del pensiero teologico, della comunicazione, sul quale c&#8217;\u00e8, mi pare, parecchio cammino da fare: vedo che sui siti cattolici in lingua italiana la nota stampa sull&#8217;articolo di Spadaro e Figueroa \u00e8 incapsulata fra una presa di posizione contro il\u00a0<em>gender<\/em>, un articolo sui segreti di Fatima e la storia lacrimevole di una conversione improbabilmente sentimentale, e insomma direi che cos\u00ec non pu\u00f2 andare.<\/p>\n<p>E, naturalmente, il rischio \u00e8 che sembri che la cosa riguardi l&#8217;America e Trump, e cadesse Trump o non vivendo negli USA il problema si risolva o non ci riguardi. Sotto questo punto di vista per\u00f2 \u00e8 interessante l&#8217;intervista che <em>America<\/em>, il giornale dei Gesuiti statunitensi, <a href=\"https:\/\/www.americamagazine.org\/faith\/2017\/07\/14\/exclusive-interview-antonio-spadaro-his-article-about-ecumenism-hate-us\">ha fatto a Spadaro<\/a>, dove alcune cose vengono direttamente precisate fin dalle prime domande:<\/p>\n<blockquote><p><strong><em>Qual \u00e8 il punto centrale che volevate\u00a0sollevare\u00a0col vostro articolo?<\/em><\/strong><\/p>\n<p>Il punto centrale \u00e8 la reciproca manipolazione fra politica e religione, che non \u00e8 un rischio esclusivo degli Stati Uniti.<\/p><\/blockquote>\n<p>e pi\u00f9 avanti Spadaro dir\u00e0 che anche in Italia, nel passato, si sono corsi rischi simili (bont\u00e0 sua) e almeno altre due volte puntualizzer\u00e0 che il tema attraversa la vita della comunit\u00e0 cristiana in diversi paesi (l&#8217;intervista \u00e8 molto interessante, non ho il tempo di tradurla ma la consiglio).<\/p>\n","protected":false},"excerpt":{"rendered":"<p>Civilt\u00e0 Cattolica ha pubblicato nel suo ultimo numero un articolo a firma congiunta di Padre Spadaro, direttore della testata, e<\/p>\n","protected":false},"author":1,"featured_media":13947,"comment_status":"open","ping_status":"open","sticky":false,"template":"","format":"standard","meta":{"_mi_skip_tracking":false,"_monsterinsights_sitenote_active":false,"_monsterinsights_sitenote_note":"","_monsterinsights_sitenote_category":0,"jetpack_post_was_ever_published":false,"_jetpack_newsletter_access":"","jetpack_publicize_message":"","jetpack_is_tweetstorm":false,"jetpack_publicize_feature_enabled":true,"jetpack_social_post_already_shared":true,"jetpack_social_options":{"image_generator_settings":{"template":"highway","enabled":false}}},"categories":[52,54,17,62,16],"tags":[],"jetpack_publicize_connections":[],"jetpack_featured_media_url":"https:\/\/i0.wp.com\/www.robertosedda.it\/wp-content\/uploads\/2017\/07\/Civilt\u00e0-Cattolica.jpg?fit=1421%2C725","jetpack_sharing_enabled":true,"jetpack_shortlink":"https:\/\/wp.me\/p4jV2T-3CW","jetpack_likes_enabled":true,"jetpack-related-posts":[{"id":4568,"url":"http:\/\/www.robertosedda.it\/?p=4568","url_meta":{"origin":13946,"position":0},"title":"Caricature","author":"Rufus","date":"08\/10\/2013","format":false,"excerpt":"Leggo su Facebook\u00a0lo status di\u00a0una ex studentessa di Scienze Politiche, una ragazza a quel che ricordo obiettivamente avvenente. A quanto pare sabato scorso in un locale un tizio, poich\u00e9 lei si sottraeva alle sue proposte di libero amore, le ha detto con sarcasmo: \u00abCome sei preistorica. Andiamo a Messa insieme,\u2026","rel":"","context":"In &quot;Coordinate&quot;","block_context":{"text":"Coordinate","link":"http:\/\/www.robertosedda.it\/?cat=52"},"img":{"alt_text":"","src":"https:\/\/i0.wp.com\/www.robertosedda.it\/wp-content\/uploads\/2013\/10\/angelica1.jpg?fit=370%2C520&resize=350%2C200","width":350,"height":200},"classes":[]},{"id":602,"url":"http:\/\/www.robertosedda.it\/?p=602","url_meta":{"origin":13946,"position":1},"title":"Determinanti","author":"Rufus","date":"22\/08\/2012","format":false,"excerpt":"Secondo quanto riporta l\u2019agenzia di stampa ASCA, il Presidente dell\u2019Azione Cattolica, Franco Miano, commentando i risultati del referendum ha dichiarato che i cattolici sono stati determinanti. Ho l\u2019impressione che la frase, per quanto riportata con pi\u00f9 o meno\u00a0evidenza su tutti gli organi di stampa, non fosse particolarmente centrale nel ragionamento\u2026","rel":"","context":"In &quot;Coordinate&quot;","block_context":{"text":"Coordinate","link":"http:\/\/www.robertosedda.it\/?cat=52"},"img":{"alt_text":"","src":"","width":0,"height":0},"classes":[]},{"id":10833,"url":"http:\/\/www.robertosedda.it\/?p=10833","url_meta":{"origin":13946,"position":2},"title":"Il cattolico pi\u00f9 noto d&#8217;America (dopo David Letterman?)&#8230;","author":"Rufus","date":"14\/09\/2015","format":"video","excerpt":"... pare sia Stephen Colbert, il comico che ha sostituito David Letterman alla conduzione del\u00a0Late Night Show. David Letterman \u00e8 probabilmente l'intrattenitore di\u00a0talk show pi\u00f9 noto in Italia (e forse in Europa) ed \u00e8 quindi con una certa sorpresa che ho scoperto casualmente che negli USA lo\u00a0share del suo programma\u2026","rel":"","context":"In &quot;Coordinate&quot;","block_context":{"text":"Coordinate","link":"http:\/\/www.robertosedda.it\/?cat=52"},"img":{"alt_text":"","src":"https:\/\/i0.wp.com\/img.youtube.com\/vi\/lF5tudIqN7w\/0.jpg?resize=350%2C200","width":350,"height":200},"classes":[]},{"id":4546,"url":"http:\/\/www.robertosedda.it\/?p=4546","url_meta":{"origin":13946,"position":3},"title":"Definizioni","author":"Rufus","date":"04\/10\/2013","format":false,"excerpt":"Anni fa Michele Serra, allora giovane cronista in ascesa, fece ad agosto il giro delle coste italiane da Genova a Trieste su una\u00a0 valorosa e indistruttibile Panda 4x4. Le sue avventure, raccontate giorno per giorno sull'Unit\u00e0, sono state poi raccolte in un libro per Feltrinelli, intitolato Tutti al mare. Tra\u2026","rel":"","context":"Con 1 commento","block_context":{"text":"Con 1 commento","link":"http:\/\/www.robertosedda.it\/?p=4546#comments"},"img":{"alt_text":"","src":"https:\/\/i0.wp.com\/www.robertosedda.it\/wp-content\/uploads\/2013\/10\/Tutti-al-mare-Serra.jpg?fit=389%2C600&resize=350%2C200","width":350,"height":200},"classes":[]},{"id":13242,"url":"http:\/\/www.robertosedda.it\/?p=13242","url_meta":{"origin":13946,"position":4},"title":"Normalizzare","author":"Rufus","date":"14\/02\/2017","format":false,"excerpt":"Molti anni fa, all'epoca nella quale ero Segretario diocesano dell'Azione Cattolica (credo cio\u00e8 intorno al 1990) fui mandato a normalizzare il Movimento Maestri. Ecco, lo dico subito: ero giovane. E in questa storia non ci faccio una gran figura, come avrete capito gi\u00e0 dai termini.\u00a0Normalizzare.\u00a0Pfui. Dunque, la storia era questa.\u2026","rel":"","context":"In &quot;Azione Cattolica&quot;","block_context":{"text":"Azione Cattolica","link":"http:\/\/www.robertosedda.it\/?cat=76"},"img":{"alt_text":"","src":"https:\/\/i0.wp.com\/www.robertosedda.it\/wp-content\/uploads\/2017\/02\/AC-1969.jpg?resize=350%2C200","width":350,"height":200},"classes":[]},{"id":2938,"url":"http:\/\/www.robertosedda.it\/?p=2938","url_meta":{"origin":13946,"position":5},"title":"Divagazioni sul Presidente della Repubblica &#8211; 2","author":"Rufus","date":"20\/04\/2013","format":false,"excerpt":"Mentre scrivo non so se Rodot\u00e0, alla fine, ce la far\u00e0, o se torner\u00e0 in campo Marini o se D'Alema che gioca dietro le quinte avr\u00e0 un improvviso guizzo e brucer\u00e0 tutti sul traguardo. O forse salter\u00e0 fuori un altro candidato imprevisto, chiss\u00e0. (EDIT: a quanto pare eleggono Napolitano: ma\u2026","rel":"","context":"In &quot;Coordinate&quot;","block_context":{"text":"Coordinate","link":"http:\/\/www.robertosedda.it\/?cat=52"},"img":{"alt_text":"","src":"https:\/\/i0.wp.com\/www.robertosedda.it\/wp-content\/uploads\/2013\/04\/D_alema-ruini.jpg?fit=800%2C532&resize=350%2C200","width":350,"height":200,"srcset":"https:\/\/i0.wp.com\/www.robertosedda.it\/wp-content\/uploads\/2013\/04\/D_alema-ruini.jpg?fit=800%2C532&resize=350%2C200 1x, https:\/\/i0.wp.com\/www.robertosedda.it\/wp-content\/uploads\/2013\/04\/D_alema-ruini.jpg?fit=800%2C532&resize=700%2C400 2x"},"classes":[]}],"_links":{"self":[{"href":"http:\/\/www.robertosedda.it\/index.php?rest_route=\/wp\/v2\/posts\/13946"}],"collection":[{"href":"http:\/\/www.robertosedda.it\/index.php?rest_route=\/wp\/v2\/posts"}],"about":[{"href":"http:\/\/www.robertosedda.it\/index.php?rest_route=\/wp\/v2\/types\/post"}],"author":[{"embeddable":true,"href":"http:\/\/www.robertosedda.it\/index.php?rest_route=\/wp\/v2\/users\/1"}],"replies":[{"embeddable":true,"href":"http:\/\/www.robertosedda.it\/index.php?rest_route=%2Fwp%2Fv2%2Fcomments&post=13946"}],"version-history":[{"count":3,"href":"http:\/\/www.robertosedda.it\/index.php?rest_route=\/wp\/v2\/posts\/13946\/revisions"}],"predecessor-version":[{"id":13950,"href":"http:\/\/www.robertosedda.it\/index.php?rest_route=\/wp\/v2\/posts\/13946\/revisions\/13950"}],"wp:featuredmedia":[{"embeddable":true,"href":"http:\/\/www.robertosedda.it\/index.php?rest_route=\/wp\/v2\/media\/13947"}],"wp:attachment":[{"href":"http:\/\/www.robertosedda.it\/index.php?rest_route=%2Fwp%2Fv2%2Fmedia&parent=13946"}],"wp:term":[{"taxonomy":"category","embeddable":true,"href":"http:\/\/www.robertosedda.it\/index.php?rest_route=%2Fwp%2Fv2%2Fcategories&post=13946"},{"taxonomy":"post_tag","embeddable":true,"href":"http:\/\/www.robertosedda.it\/index.php?rest_route=%2Fwp%2Fv2%2Ftags&post=13946"}],"curies":[{"name":"wp","href":"https:\/\/api.w.org\/{rel}","templated":true}]}}