{"id":13929,"date":"2017-07-11T13:59:12","date_gmt":"2017-07-11T11:59:12","guid":{"rendered":"http:\/\/www.robertosedda.it\/?p=13929"},"modified":"2023-07-18T17:31:23","modified_gmt":"2023-07-18T15:31:23","slug":"ma-secondo-voi","status":"publish","type":"post","link":"http:\/\/www.robertosedda.it\/?p=13929","title":{"rendered":"Ma secondo voi&#8230;"},"content":{"rendered":"<p>Sto pensando di riunire gli articoli del\u00a0<em>blog<\/em> che hanno temi simile e di farne delle raccolte da scaricare in formato\u00a0<em>pdf<\/em>.<\/p>\n<figure id=\"attachment_13931\" aria-describedby=\"caption-attachment-13931\" style=\"width: 1024px\" class=\"wp-caption aligncenter\"><a href=\"https:\/\/i0.wp.com\/www.robertosedda.it\/wp-content\/uploads\/2017\/07\/Libreria-fantastica.jpg\"><img data-attachment-id=\"13931\" data-permalink=\"http:\/\/www.robertosedda.it\/?attachment_id=13931\" data-orig-file=\"https:\/\/i0.wp.com\/www.robertosedda.it\/wp-content\/uploads\/2017\/07\/Libreria-fantastica.jpg?fit=1024%2C631\" data-orig-size=\"1024,631\" data-comments-opened=\"1\" data-image-meta=\"{&quot;aperture&quot;:&quot;0&quot;,&quot;credit&quot;:&quot;&quot;,&quot;camera&quot;:&quot;&quot;,&quot;caption&quot;:&quot;&quot;,&quot;created_timestamp&quot;:&quot;0&quot;,&quot;copyright&quot;:&quot;&quot;,&quot;focal_length&quot;:&quot;0&quot;,&quot;iso&quot;:&quot;0&quot;,&quot;shutter_speed&quot;:&quot;0&quot;,&quot;title&quot;:&quot;&quot;,&quot;orientation&quot;:&quot;0&quot;}\" data-image-title=\"Libreria fantastica\" data-image-description=\"\" data-image-caption=\"\" data-medium-file=\"https:\/\/i0.wp.com\/www.robertosedda.it\/wp-content\/uploads\/2017\/07\/Libreria-fantastica.jpg?fit=300%2C185\" data-large-file=\"https:\/\/i0.wp.com\/www.robertosedda.it\/wp-content\/uploads\/2017\/07\/Libreria-fantastica.jpg?fit=510%2C314\" decoding=\"async\" loading=\"lazy\" class=\"wp-image-13931 size-full\" src=\"https:\/\/i0.wp.com\/www.robertosedda.it\/wp-content\/uploads\/2017\/07\/Libreria-fantastica.jpg?resize=800%2C493\" alt=\"\" width=\"800\" height=\"493\" srcset=\"https:\/\/i0.wp.com\/www.robertosedda.it\/wp-content\/uploads\/2017\/07\/Libreria-fantastica.jpg?w=1024 1024w, https:\/\/i0.wp.com\/www.robertosedda.it\/wp-content\/uploads\/2017\/07\/Libreria-fantastica.jpg?resize=150%2C92 150w, https:\/\/i0.wp.com\/www.robertosedda.it\/wp-content\/uploads\/2017\/07\/Libreria-fantastica.jpg?resize=300%2C185 300w, https:\/\/i0.wp.com\/www.robertosedda.it\/wp-content\/uploads\/2017\/07\/Libreria-fantastica.jpg?resize=510%2C314 510w, https:\/\/i0.wp.com\/www.robertosedda.it\/wp-content\/uploads\/2017\/07\/Libreria-fantastica.jpg?resize=640%2C395 640w, https:\/\/i0.wp.com\/www.robertosedda.it\/wp-content\/uploads\/2017\/07\/Libreria-fantastica.jpg?resize=310%2C190 310w, https:\/\/i0.wp.com\/www.robertosedda.it\/wp-content\/uploads\/2017\/07\/Libreria-fantastica.jpg?resize=700%2C431 700w\" sizes=\"(max-width: 800px) 100vw, 800px\" data-recalc-dims=\"1\" \/><\/a><figcaption id=\"caption-attachment-13931\" class=\"wp-caption-text\"><a href=\"http:\/\/mobiusu14.deviantart.com\/art\/Fantasy-Library-610537421\"><em>Fantasy Library<\/em> by Mobius<\/a><\/figcaption><\/figure>\n<p>L&#8217;idea mi \u00e8 venuta perch\u00e9 so che da poco Maria Bonaria ha consigliato a una conoscente di controllare su questo sito se c&#8217;erano dei materiali che la potevano interessare e ho pensato che dopo cinque anni di articoli frugare fra tutte le pagine poteva essere faticoso.<\/p>\n<p>Un po&#8217; sono anche rimasto stupito, e in generale non penso che valga la pena di raccogliere i miei articoli: per\u00f2 ho pensato anche che ci sono le traduzioni di cose magari scritte da altri, gente che ne capisce davvero, e magari ha un senso.<\/p>\n<p>E poi ci sono delle cose che a me farebbe piacere rileggere di seguito, come le storielle sul <em>CTM,<\/em> e pu\u00f2 darsi che a qualcun altro faccia piacere. Infine, sono curioso di vedere se facendo di queste raccolte scopro cose di me delle quali non mi ero accorto: magari dei pensieri ricorrenti che infilo dappertutto senza volere, o dei cambi radicali di opinione da un anno all&#8217;altro.<\/p>\n<p>Detto tutto questo, insomma, chiedo anche il vostro aiuto: se vi fa piacere, compilate il sondaggio che trovate qui sotto.<\/p>\n<div id=\"polls-6\" class=\"wp-polls\">\n\t\t<p style=\"text-align: center;\"><strong>Quali articoli del blog dovrei riunire in un unico \"libro\" in pdf?<\/strong><\/p><div id=\"polls-6-ans\" class=\"wp-polls-ans\"><ul class=\"wp-polls-ul\">\n\t\t<li>Racconti di vita cagliaritana e del CTM <small>(22%, 5 Votes)<\/small><div class=\"pollbar\" style=\"width: 22%;\" title=\"Racconti di vita cagliaritana e del CTM (22% | 5 Votes)\"><\/div><\/li>\n\t\t<li>Giochi <small>(17%, 4 Votes)<\/small><div class=\"pollbar\" style=\"width: 17%;\" title=\"Giochi (17% | 4 Votes)\"><\/div><\/li>\n\t\t<li>Recensioni fumetti <small>(13%, 3 Votes)<\/small><div class=\"pollbar\" style=\"width: 13%;\" title=\"Recensioni fumetti (13% | 3 Votes)\"><\/div><\/li>\n\t\t<li>Animazione e vita di gruppo <small>(9%, 2 Votes)<\/small><div class=\"pollbar\" style=\"width: 9%;\" title=\"Animazione e vita di gruppo (9% | 2 Votes)\"><\/div><\/li>\n\t\t<li>Educazione e pedagogia <small>(9%, 2 Votes)<\/small><div class=\"pollbar\" style=\"width: 9%;\" title=\"Educazione e pedagogia (9% | 2 Votes)\"><\/div><\/li>\n\t\t<li>Storielle di famiglia <small>(9%, 2 Votes)<\/small><div class=\"pollbar\" style=\"width: 9%;\" title=\"Storielle di famiglia (9% | 2 Votes)\"><\/div><\/li>\n\t\t<li>Culture e organizzazioni aziendali <small>(9%, 2 Votes)<\/small><div class=\"pollbar\" style=\"width: 9%;\" title=\"Culture e organizzazioni aziendali (9% | 2 Votes)\"><\/div><\/li>\n\t\t<li>Recensioni film <small>(4%, 1 Votes)<\/small><div class=\"pollbar\" style=\"width: 4%;\" title=\"Recensioni film (4% | 1 Votes)\"><\/div><\/li>\n\t\t<li>Recensioni libri <small>(4%, 1 Votes)<\/small><div class=\"pollbar\" style=\"width: 4%;\" title=\"Recensioni libri (4% | 1 Votes)\"><\/div><\/li>\n\t\t<li>Economia ed etica <small>(4%, 1 Votes)<\/small><div class=\"pollbar\" style=\"width: 4%;\" title=\"Economia ed etica (4% | 1 Votes)\"><\/div><\/li>\n\t\t<li>Altro (scrivi cosa nei commenti) <small>(0%, 0 Votes)<\/small><div class=\"pollbar\" style=\"width: 1%;\" title=\"Altro (scrivi cosa nei commenti) (0% | 0 Votes)\"><\/div><\/li>\n\t\t<li>Scienza <small>(0%, 0 Votes)<\/small><div class=\"pollbar\" style=\"width: 1%;\" title=\"Scienza (0% | 0 Votes)\"><\/div><\/li>\n\t\t<li>Altre recensioni <small>(0%, 0 Votes)<\/small><div class=\"pollbar\" style=\"width: 1%;\" title=\"Altre recensioni (0% | 0 Votes)\"><\/div><\/li>\n\t\t<\/ul><p style=\"text-align: center;\">Total Voters: <strong>9<\/strong><\/p><\/div>\n\t\t<input type=\"hidden\" id=\"poll_6_nonce\" name=\"wp-polls-nonce\" value=\"30eb9e8715\" \/>\n<\/div>\n<div id=\"polls-6-loading\" class=\"wp-polls-loading\"><img src=\"https:\/\/i0.wp.com\/www.robertosedda.it\/wp-content\/plugins\/wp-polls\/images\/loading.gif?resize=16%2C16\" width=\"16\" height=\"16\" alt=\"Loading ...\" title=\"Loading ...\" class=\"wp-polls-image\" data-recalc-dims=\"1\" \/>&nbsp;Loading ...<\/div>\n\n","protected":false},"excerpt":{"rendered":"<p>Sto pensando di riunire gli articoli del\u00a0blog che hanno temi simile e di farne delle raccolte da scaricare in formato\u00a0pdf.<\/p>\n","protected":false},"author":1,"featured_media":13931,"comment_status":"open","ping_status":"open","sticky":false,"template":"","format":"standard","meta":{"_mi_skip_tracking":false,"_monsterinsights_sitenote_active":false,"_monsterinsights_sitenote_note":"","_monsterinsights_sitenote_category":0,"jetpack_post_was_ever_published":false,"_jetpack_newsletter_access":"","jetpack_publicize_message":"","jetpack_is_tweetstorm":false,"jetpack_publicize_feature_enabled":true,"jetpack_social_post_already_shared":true,"jetpack_social_options":{"image_generator_settings":{"template":"highway","enabled":false}}},"categories":[52,53,17,16],"tags":[],"jetpack_publicize_connections":[],"jetpack_featured_media_url":"https:\/\/i0.wp.com\/www.robertosedda.it\/wp-content\/uploads\/2017\/07\/Libreria-fantastica.jpg?fit=1024%2C631","jetpack_sharing_enabled":true,"jetpack_shortlink":"https:\/\/wp.me\/p4jV2T-3CF","jetpack_likes_enabled":true,"jetpack-related-posts":[{"id":15755,"url":"http:\/\/www.robertosedda.it\/?p=15755","url_meta":{"origin":13929,"position":0},"title":"Il contrario della pagina bianca","author":"Rufus","date":"18\/10\/2018","format":false,"excerpt":"Credo che tutti conoscano il blocco dello scrittore, il complesso della pagina bianca. Ultimamente soffro del contrario: ho il complesso della pagina nera. Scrivo paginate su paginate di testo (per me non \u00e8 mai stato un problema essere prolisso, come sapete), arrivo alle ultime cinque righe e mi chiedo: \u00abMa\u2026","rel":"","context":"In &quot;Coordinate&quot;","block_context":{"text":"Coordinate","link":"http:\/\/www.robertosedda.it\/?cat=52"},"img":{"alt_text":"","src":"https:\/\/i0.wp.com\/www.robertosedda.it\/wp-content\/uploads\/2018\/10\/Blocco-scrittore.png?fit=400%2C346&resize=350%2C200","width":350,"height":200},"classes":[]},{"id":6359,"url":"http:\/\/www.robertosedda.it\/?p=6359","url_meta":{"origin":13929,"position":1},"title":"Segni notevoli: seno naturale","author":"Rufus","date":"12\/02\/2014","format":false,"excerpt":"Ieri ho visto su Facebook lo status di un amico che segnalava, pi\u00f9 o meno: la ragazza davanti a me sul treno assomiglia irresistibilmente a Raphaella Anderson; sono turbato. Siccome sono curioso come una scimmia ma non sapevo chi fosse Raphaella Anderson ho cercato su Wiki e ho avuto la\u2026","rel":"","context":"In &quot;Coordinate&quot;","block_context":{"text":"Coordinate","link":"http:\/\/www.robertosedda.it\/?cat=52"},"img":{"alt_text":"","src":"https:\/\/i0.wp.com\/www.robertosedda.it\/wp-content\/uploads\/2014\/02\/Ilona-Staller-parlamento.png?resize=350%2C200","width":350,"height":200},"classes":[]},{"id":19755,"url":"http:\/\/www.robertosedda.it\/?p=19755","url_meta":{"origin":13929,"position":2},"title":"Musica e lutto","author":"Rufus","date":"16\/06\/2022","format":false,"excerpt":"Forse per caso, forse perch\u00e9 davvero l'algoritmo capisce tutto, l'altro giorno il fidato aggregatore di notizie mi ha suggerito un articolo sul New Statesman intitolato Come mi sono sentito quando \u00e8 morto mio pap\u00e0? La musica mi ha aiutato a capirlo. L'autore \u00e8 uno scrittore e giornalista musicale di origine\u2026","rel":"","context":"In &quot;Coordinate&quot;","block_context":{"text":"Coordinate","link":"http:\/\/www.robertosedda.it\/?cat=52"},"img":{"alt_text":"","src":"https:\/\/i0.wp.com\/www.robertosedda.it\/wp-content\/uploads\/2022\/06\/rTmMRwPE_400x400.jpg?fit=400%2C400&resize=350%2C200","width":350,"height":200},"classes":[]},{"id":16484,"url":"http:\/\/www.robertosedda.it\/?p=16484","url_meta":{"origin":13929,"position":3},"title":"Frontiere del passato (e del futuro)","author":"Rufus","date":"29\/03\/2019","format":false,"excerpt":"Ho letto sul New York Times un bellissimo articolo sulle nuove frontiere della paleoarcheologia, basata sull'analisi del DNA estraibile dalle ossa dei nostri progenitori. L'articolo \u00e8 molto lungo (e appassionante) e non posso tradurlo, ma cerco qui di segnalare gli elementi di interesse. Presenta alcune affascinanti figure di scienziati pi\u00f9\u2026","rel":"","context":"In &quot;Antropologia&quot;","block_context":{"text":"Antropologia","link":"http:\/\/www.robertosedda.it\/?cat=97"},"img":{"alt_text":"","src":"https:\/\/i0.wp.com\/www.robertosedda.it\/wp-content\/uploads\/2019\/03\/NY-Times-DNA.jpg?fit=1050%2C549&resize=350%2C200","width":350,"height":200,"srcset":"https:\/\/i0.wp.com\/www.robertosedda.it\/wp-content\/uploads\/2019\/03\/NY-Times-DNA.jpg?fit=1050%2C549&resize=350%2C200 1x, https:\/\/i0.wp.com\/www.robertosedda.it\/wp-content\/uploads\/2019\/03\/NY-Times-DNA.jpg?fit=1050%2C549&resize=700%2C400 2x, https:\/\/i0.wp.com\/www.robertosedda.it\/wp-content\/uploads\/2019\/03\/NY-Times-DNA.jpg?fit=1050%2C549&resize=1050%2C600 3x"},"classes":[]},{"id":11178,"url":"http:\/\/www.robertosedda.it\/?p=11178","url_meta":{"origin":13929,"position":4},"title":"Ma come mai&#8230;","author":"Rufus","date":"16\/11\/2015","format":false,"excerpt":"Mi dice l'altra sera a cena mia sorella: \u00abMa come mai sul\u00a0blog di queste esercitazioni NATO e di tutto il resto non hai parlato? Eppure sono argomenti che ti interessano...\u00bb e un po' il tono suggeriva, anche, che magari sono pure\u00a0un pochino pi\u00f9 importanti di\u00a0altre cose alle quali invece ho\u2026","rel":"","context":"In &quot;Coordinate&quot;","block_context":{"text":"Coordinate","link":"http:\/\/www.robertosedda.it\/?cat=52"},"img":{"alt_text":"","src":"https:\/\/i0.wp.com\/www.robertosedda.it\/wp-content\/uploads\/2014\/02\/Roberto-Sedda.jpg?fit=477%2C720&resize=350%2C200","width":350,"height":200},"classes":[]},{"id":9086,"url":"http:\/\/www.robertosedda.it\/?p=9086","url_meta":{"origin":13929,"position":5},"title":"A proposito di Presidenti della Repubblica","author":"Rufus","date":"22\/12\/2014","format":false,"excerpt":"Si avvicina il momento in cui Napolitano rassegner\u00e0 le dimissioni e mi \u00e8 venuta voglia di riproporre un sondaggio. Ma siccome a quello sul futuro Presidente della Repubblica i miei amici hanno gi\u00e0 risposto e poi questa volta c'\u00e8 ancora davvero troppa incertezza\u00a0ho pensato di cambiare lievemente mira. E per\u2026","rel":"","context":"In &quot;Coordinate&quot;","block_context":{"text":"Coordinate","link":"http:\/\/www.robertosedda.it\/?cat=52"},"img":{"alt_text":"","src":"https:\/\/i0.wp.com\/www.robertosedda.it\/wp-content\/uploads\/2014\/12\/Lancia-Thesis-del-Presidente-della-Repubblica.jpg?fit=1024%2C768&resize=350%2C200","width":350,"height":200,"srcset":"https:\/\/i0.wp.com\/www.robertosedda.it\/wp-content\/uploads\/2014\/12\/Lancia-Thesis-del-Presidente-della-Repubblica.jpg?fit=1024%2C768&resize=350%2C200 1x, https:\/\/i0.wp.com\/www.robertosedda.it\/wp-content\/uploads\/2014\/12\/Lancia-Thesis-del-Presidente-della-Repubblica.jpg?fit=1024%2C768&resize=700%2C400 2x"},"classes":[]}],"_links":{"self":[{"href":"http:\/\/www.robertosedda.it\/index.php?rest_route=\/wp\/v2\/posts\/13929"}],"collection":[{"href":"http:\/\/www.robertosedda.it\/index.php?rest_route=\/wp\/v2\/posts"}],"about":[{"href":"http:\/\/www.robertosedda.it\/index.php?rest_route=\/wp\/v2\/types\/post"}],"author":[{"embeddable":true,"href":"http:\/\/www.robertosedda.it\/index.php?rest_route=\/wp\/v2\/users\/1"}],"replies":[{"embeddable":true,"href":"http:\/\/www.robertosedda.it\/index.php?rest_route=%2Fwp%2Fv2%2Fcomments&post=13929"}],"version-history":[{"count":2,"href":"http:\/\/www.robertosedda.it\/index.php?rest_route=\/wp\/v2\/posts\/13929\/revisions"}],"predecessor-version":[{"id":13932,"href":"http:\/\/www.robertosedda.it\/index.php?rest_route=\/wp\/v2\/posts\/13929\/revisions\/13932"}],"wp:featuredmedia":[{"embeddable":true,"href":"http:\/\/www.robertosedda.it\/index.php?rest_route=\/wp\/v2\/media\/13931"}],"wp:attachment":[{"href":"http:\/\/www.robertosedda.it\/index.php?rest_route=%2Fwp%2Fv2%2Fmedia&parent=13929"}],"wp:term":[{"taxonomy":"category","embeddable":true,"href":"http:\/\/www.robertosedda.it\/index.php?rest_route=%2Fwp%2Fv2%2Fcategories&post=13929"},{"taxonomy":"post_tag","embeddable":true,"href":"http:\/\/www.robertosedda.it\/index.php?rest_route=%2Fwp%2Fv2%2Ftags&post=13929"}],"curies":[{"name":"wp","href":"https:\/\/api.w.org\/{rel}","templated":true}]}}