{"id":13919,"date":"2017-07-17T13:51:34","date_gmt":"2017-07-17T11:51:34","guid":{"rendered":"http:\/\/www.robertosedda.it\/?p=13919"},"modified":"2017-07-17T14:10:52","modified_gmt":"2017-07-17T12:10:52","slug":"reblog-la-strana-storia-dellaudi-gialla","status":"publish","type":"post","link":"http:\/\/www.robertosedda.it\/?p=13919","title":{"rendered":"REBLOG: La strana storia dell&#8217;Audi gialla"},"content":{"rendered":"<p><a href=\"https:\/\/www.vice.com\/it\/article\/3bx3z8\/audi-gialla-psicosi-veneto-reportage\">Ai tempi non ricordo di avere seguito per niente la &#8220;storia della\u00a0<em>Audi<\/em> gialla&#8221;, ma questa ricostruzione che ne fa Leonardo Bianchi su <em>Vice<\/em> \u00e8 molto bella, offre una bella lettura di uno spaccato di vita italiana e merita di essere letta.\u00a0<\/a><\/p>\n","protected":false},"excerpt":{"rendered":"<p>Ai tempi non ricordo di avere seguito per niente la &#8220;storia della\u00a0Audi gialla&#8221;, ma questa ricostruzione che ne fa Leonardo<\/p>\n","protected":false},"author":1,"featured_media":0,"comment_status":"open","ping_status":"open","sticky":false,"template":"","format":"link","meta":{"_mi_skip_tracking":false,"_monsterinsights_sitenote_active":false,"_monsterinsights_sitenote_note":"","_monsterinsights_sitenote_category":0,"jetpack_post_was_ever_published":false,"_jetpack_newsletter_access":"","jetpack_publicize_message":"","jetpack_is_tweetstorm":false,"jetpack_publicize_feature_enabled":true,"jetpack_social_post_already_shared":true,"jetpack_social_options":{"image_generator_settings":{"template":"highway","enabled":false}}},"categories":[95],"tags":[],"jetpack_publicize_connections":[],"jetpack_featured_media_url":"","jetpack_sharing_enabled":true,"jetpack_shortlink":"https:\/\/wp.me\/p4jV2T-3Cv","jetpack_likes_enabled":true,"jetpack-related-posts":[{"id":6519,"url":"http:\/\/www.robertosedda.it\/?p=6519","url_meta":{"origin":13919,"position":0},"title":"Bustianu e Marcello Fois","author":"Rufus","date":"20\/02\/2014","format":"video","excerpt":"Ho dedicato una puntata a Bustianu e ai gialli di ambientazione ottocentesca di Marcello Fois, Sempre caro, Sangue dal cielo e L'altro mondo con qualche esitazione e una sicurezza. La sicurezza era che il brano musicale scelto per l'intermezzo era uno dei migliori di tutte le puntate: Fin da quando\u2026","rel":"","context":"In &quot;Coordinate&quot;","block_context":{"text":"Coordinate","link":"http:\/\/www.robertosedda.it\/?cat=52"},"img":{"alt_text":"","src":"https:\/\/i0.wp.com\/img.youtube.com\/vi\/p6OI5M5DYWw\/0.jpg?resize=350%2C200","width":350,"height":200},"classes":[]},{"id":1195,"url":"http:\/\/www.robertosedda.it\/?p=1195","url_meta":{"origin":13919,"position":1},"title":"Di canoni sherlockiani, ragazze ebree e della differenza fra gialli e romanzi d&#8217;avventura","author":"Rufus","date":"02\/11\/2012","format":false,"excerpt":"The beekeeper's apprentice, di Laurie R. King, \u00e8 il primo di una serie di romanzi con protagonista Mary Russell, pubblicato nell'ormai lontano 1994. Le storie di Mary contano ormai una dozzina di episodi e, senza essere mai arrivate alla grande notoriet\u00e0, godono di una solida cerchia di estimatori: proprio quel\u2026","rel":"","context":"In &quot;Coordinate&quot;","block_context":{"text":"Coordinate","link":"http:\/\/www.robertosedda.it\/?cat=52"},"img":{"alt_text":"","src":"","width":0,"height":0},"classes":[]},{"id":5894,"url":"http:\/\/www.robertosedda.it\/?p=5894","url_meta":{"origin":13919,"position":2},"title":"Augusto De Angelis, il commissario De Vincenzi e il mettersi nei guai per scrivere gialli","author":"Rufus","date":"20\/01\/2014","format":"video","excerpt":"Ho deciso di fare una puntata sul commissario De Vincenzi principalmente perch\u00e9 da ragazzino avevo visto gli sceneggiati televisivi con Paolo Stoppa. Per prepararmi mi sono letto i due gialli di De Angelis che stavano a casa di mia mamma, La barchetta di cristallo e Delitto a Cinecitt\u00e0, e ho\u2026","rel":"","context":"In &quot;Le narrazioni&quot;","block_context":{"text":"Le narrazioni","link":"http:\/\/www.robertosedda.it\/?cat=56"},"img":{"alt_text":"","src":"https:\/\/i0.wp.com\/www.robertosedda.it\/wp-content\/uploads\/2014\/01\/La-barchetta-di-cristallo-De-Angelis.jpg?fit=214%2C313&resize=350%2C200","width":350,"height":200},"classes":[]},{"id":5750,"url":"http:\/\/www.robertosedda.it\/?p=5750","url_meta":{"origin":13919,"position":3},"title":"Il commissario Montalbano a &#8220;Oggi parliamo di libri&#8221;","author":"Rufus","date":"04\/01\/2014","format":"video","excerpt":"Ed ecco a voi la non puntata di Oggi parliamo di libri: una puntata sulla quale non ho molto da segnalare, se non che a un certo punto mi sono perso e, dopo aver annunciato che avrei fatto notare tre cose su Camilleri in riferimento al successo arrivato tardivamente, poi\u2026","rel":"","context":"In &quot;Coordinate&quot;","block_context":{"text":"Coordinate","link":"http:\/\/www.robertosedda.it\/?cat=52"},"img":{"alt_text":"","src":"https:\/\/i0.wp.com\/img.youtube.com\/vi\/YLqPp9mtKIM\/0.jpg?resize=350%2C200","width":350,"height":200},"classes":[]},{"id":143,"url":"http:\/\/www.robertosedda.it\/?p=143","url_meta":{"origin":13919,"position":4},"title":"Fer-de-Lance","author":"Rufus","date":"21\/08\/2012","format":false,"excerpt":"Fer-de-lance (Rex Stout,\u00a0BEAT 2011) Inizio mediocre del ciclo di Nero Wolfe, checch\u00e9 ne dica Goffredo Fofi nell'altrettanto mediocre introduzione. I tic di Wolfe e Goodwin ci sono gi\u00e0 quasi tutti: manca la misoginia patologica di Wolfe e qualche altra cosa, e Wolfe \u00e8 ancora troppo schiacciato sui detective \"geniali\" da\u2026","rel":"","context":"In &quot;Coordinate&quot;","block_context":{"text":"Coordinate","link":"http:\/\/www.robertosedda.it\/?cat=52"},"img":{"alt_text":"","src":"","width":0,"height":0},"classes":[]},{"id":5636,"url":"http:\/\/www.robertosedda.it\/?p=5636","url_meta":{"origin":13919,"position":5},"title":"I bisticci di Nero Wolfe e del suo tirapiedi","author":"Rufus","date":"29\/12\/2013","format":"video","excerpt":"Sulla puntata di Oggi parliamo di libri dedicata a Nero Wolfe non ho molto da dire. Le storie di Rex Stout dedicate all'investigatore ciccione e al suo caustico assistente sono state sicuramente fra i gialli preferiti della mia adolescenza; ne ho poi fatto una rilettura estensiva due anni fa, trovandole\u2026","rel":"","context":"In &quot;Coordinate&quot;","block_context":{"text":"Coordinate","link":"http:\/\/www.robertosedda.it\/?cat=52"},"img":{"alt_text":"","src":"https:\/\/i0.wp.com\/img.youtube.com\/vi\/Ab3GfykqhFY\/0.jpg?resize=350%2C200","width":350,"height":200},"classes":[]}],"_links":{"self":[{"href":"http:\/\/www.robertosedda.it\/index.php?rest_route=\/wp\/v2\/posts\/13919"}],"collection":[{"href":"http:\/\/www.robertosedda.it\/index.php?rest_route=\/wp\/v2\/posts"}],"about":[{"href":"http:\/\/www.robertosedda.it\/index.php?rest_route=\/wp\/v2\/types\/post"}],"author":[{"embeddable":true,"href":"http:\/\/www.robertosedda.it\/index.php?rest_route=\/wp\/v2\/users\/1"}],"replies":[{"embeddable":true,"href":"http:\/\/www.robertosedda.it\/index.php?rest_route=%2Fwp%2Fv2%2Fcomments&post=13919"}],"version-history":[{"count":3,"href":"http:\/\/www.robertosedda.it\/index.php?rest_route=\/wp\/v2\/posts\/13919\/revisions"}],"predecessor-version":[{"id":13944,"href":"http:\/\/www.robertosedda.it\/index.php?rest_route=\/wp\/v2\/posts\/13919\/revisions\/13944"}],"wp:attachment":[{"href":"http:\/\/www.robertosedda.it\/index.php?rest_route=%2Fwp%2Fv2%2Fmedia&parent=13919"}],"wp:term":[{"taxonomy":"category","embeddable":true,"href":"http:\/\/www.robertosedda.it\/index.php?rest_route=%2Fwp%2Fv2%2Fcategories&post=13919"},{"taxonomy":"post_tag","embeddable":true,"href":"http:\/\/www.robertosedda.it\/index.php?rest_route=%2Fwp%2Fv2%2Ftags&post=13919"}],"curies":[{"name":"wp","href":"https:\/\/api.w.org\/{rel}","templated":true}]}}