{"id":13901,"date":"2017-07-03T17:56:36","date_gmt":"2017-07-03T15:56:36","guid":{"rendered":"http:\/\/www.robertosedda.it\/?p=13901"},"modified":"2022-03-29T18:39:49","modified_gmt":"2022-03-29T16:39:49","slug":"non-si-unisce-a-questa-schiera","status":"publish","type":"post","link":"http:\/\/www.robertosedda.it\/?p=13901","title":{"rendered":"Non si unisce a questa schiera"},"content":{"rendered":"<blockquote><p>Ma esistono, resistono ancora, anche i fautori del &#8220;vita tua, vita mea&#8221;, quelli che qui chiamer\u00f2 &#8220;salmoni&#8221;: perch\u00e9 provano sempre e ancora a risalire la corrente, a nuotare contro di essa, ad opporsi generosamente alla marea montante della morte.<\/p>\n<p>I pacifisti, gli ecologisti, i filantropi, le associazioni umanitarie e di volontariato, i movimenti di solidariet\u00e0 e di cooperazione, varie realt\u00e0 ecclesiali, gli educatori e i formatori, i difensori dei diritti umani, i sostenitori dei &#8220;beni comuni&#8221; e i seguaci delle &#8220;buone pratiche&#8221;. E i (sempre) &#8220;giovani dei centri sociali&#8221;. Propalatori a oltranza di speranza e di fiducia, quelli del \u00abRestiamo umani!\u00bb, del \u00abResistere, resistere, resistere\u00bb, quelli che&#8230; la &#8220;resilienza&#8221; sempre, oh yeah!<\/p>\n<p>Un mondo ancora abbastanza attivo, certo. Ma che ha gi\u00e0 vissuto la sua disfatta, che \u00e8 stato travolto, sconfitto, e &#8211; sostanzialmente, nei suoi significati pi\u00f9 profondi &#8211; neutralizzato da tempo.<\/p>\n<p>Sia perch\u00e9, in gran misura, inquinato dal denaro e dal potere dei governi (di fatto, parlare ancora di &#8220;associazioni non governative&#8221; oggi non ha pi\u00f9 senso&#8230;), &#8220;embedded&#8221; dagli eserciti e dai poteri militari (come nel caso della Protezione \u00abCivile\u00bb o degli interventi umanitari in aree di guerra), preso in ostaggio e utilizzato dagli &#8220;insurgents&#8221;, ignorato, ingoiato e manipolato dai mass media.<\/p>\n<p>Sia, e soprattutto, perch\u00e9 si ritrova continuamente a tappare falle in uno scafo alla deriva e senza chiglia, quasi a svuotare l&#8217;oceano con un secchiello, o prosciugare spiagge devastate dopo uno tsunami. Peraltro, collaborando cos\u00ec al mantenimento del sistema e non al suo cambiamento, colludendo con esso.<\/p>\n<p>La sensazione diffusa \u00e8 che i salmoni siano sfiatati, abbandonati a se stessi, e non possano pi\u00f9 rivestire una funzione politica, ma di ancillare assistenza, mero primo soccorso, quasi sempre ormai neanche pi\u00f9 &#8220;sussidiario&#8221;, ma &#8220;sostitutivo&#8221; dell&#8217;intervento statale (se non, in molte situazioni, anche in contrasto con esso).<\/p>\n<p>E tra i salmoni metterei anche chi (e quella parte di me che) insiste a &#8220;fare cultura&#8221; e a &#8220;fare arte&#8221;: quelli del &#8220;non omnis moriar&#8221;, della &#8220;spes contra spem&#8221;, dell'&#8221;amor vincit&#8221;, i tenaci portatori d&#8217;acqua di Eros (in agonia).<\/p>\n<p>Quelli che guardano sempre oltre, e investono in quel che non c&#8217;\u00e8 pi\u00f9 o non c&#8217;\u00e8 ancora, e non sar\u00e0.<\/p>\n<p>Ecco, a loro &#8211; che conosco bene &#8211; vorrei ricordare che la speranza (&#8220;elpis&#8221;) stava nel fondo del vaso di Pandora. Ma come mai stava l\u00ec, in fondo al vaso dei mali, tra i mali?<\/p>\n<p>Alla fine, sempre dopo che tutti i mali si sono scatenati sulla terra, arriva a salvarci o almeno a consolarci. E ci tiene in vita, nel dolore, ci permette di sopravvivere e di guardare avanti, direte voi. Ma questo, in fondo, soprattutto oggi, non \u00e8 un male? Non \u00e8 un male qualcosa che non ci permette di toccare il fondo, non ci aiuta a entrare nella di-speranza e nella disperazione, e a deciderci finalmente a vivere compiutamente la catastrofe, a vederla senza veli e senza scampo, oltre le illusioni della ragione, della fede (e del mercato)?<\/p>\n<p>(Enrico Euli, <strong>Fare il morto<\/strong>, Sensibili alle foglie 2016)<\/p><\/blockquote>\n","protected":false},"excerpt":{"rendered":"<p>Ma esistono, resistono ancora, anche i fautori del &#8220;vita tua, vita mea&#8221;, quelli che qui chiamer\u00f2 &#8220;salmoni&#8221;: perch\u00e9 provano sempre<\/p>\n","protected":false},"author":1,"featured_media":13902,"comment_status":"open","ping_status":"open","sticky":false,"template":"","format":"standard","meta":{"_mi_skip_tracking":false,"_monsterinsights_sitenote_active":false,"_monsterinsights_sitenote_note":"","_monsterinsights_sitenote_category":0,"jetpack_post_was_ever_published":false,"_jetpack_newsletter_access":"","jetpack_publicize_message":"","jetpack_is_tweetstorm":false,"jetpack_publicize_feature_enabled":true,"jetpack_social_post_already_shared":true,"jetpack_social_options":{"image_generator_settings":{"template":"highway","enabled":false}}},"categories":[52,57,17,59,16],"tags":[],"jetpack_publicize_connections":[],"jetpack_featured_media_url":"https:\/\/i0.wp.com\/www.robertosedda.it\/wp-content\/uploads\/2017\/07\/Fare-il-morto.jpg?fit=500%2C751","jetpack_sharing_enabled":true,"jetpack_shortlink":"https:\/\/wp.me\/p4jV2T-3Cd","jetpack_likes_enabled":true,"jetpack-related-posts":[{"id":13203,"url":"http:\/\/www.robertosedda.it\/?p=13203","url_meta":{"origin":13901,"position":0},"title":"La dea del Tantra e i manuali della nonviolenza passata","author":"Rufus","date":"02\/02\/2017","format":false,"excerpt":"Uno dei libri che sto consultando spesso, in questo periodo, \u00e8 il mio primo e pi\u00f9 fidato manuale di animazione dei gruppi,\u00a0Tecniche di animazione per la coesione del gruppo e un'azione sociale nonviolenta, un testo che per moltissimi della mia generazione \u00e8 stato la porta d'ingresso verso il mondo dell'animazione\u2026","rel":"","context":"In &quot;Coordinate&quot;","block_context":{"text":"Coordinate","link":"http:\/\/www.robertosedda.it\/?cat=52"},"img":{"alt_text":"","src":"https:\/\/i0.wp.com\/www.robertosedda.it\/wp-content\/uploads\/2017\/02\/Katz.jpg?fit=1200%2C675&resize=350%2C200","width":350,"height":200,"srcset":"https:\/\/i0.wp.com\/www.robertosedda.it\/wp-content\/uploads\/2017\/02\/Katz.jpg?fit=1200%2C675&resize=350%2C200 1x, https:\/\/i0.wp.com\/www.robertosedda.it\/wp-content\/uploads\/2017\/02\/Katz.jpg?fit=1200%2C675&resize=700%2C400 2x, https:\/\/i0.wp.com\/www.robertosedda.it\/wp-content\/uploads\/2017\/02\/Katz.jpg?fit=1200%2C675&resize=1050%2C600 3x"},"classes":[]},{"id":11104,"url":"http:\/\/www.robertosedda.it\/?p=11104","url_meta":{"origin":13901,"position":1},"title":"Teatro nonviolento con The Andric","author":"Rufus","date":"03\/11\/2015","format":false,"excerpt":"Mi sembra una cosa interessante: io ci vado anche perch\u00e9 con i soci di Banca Etica venerd\u00ec allestiremo un banchetto informativo, ma in generale come si pu\u00f2 resistere a un teatro\u00a0nonviolento?","rel":"","context":"In &quot;Coordinate&quot;","block_context":{"text":"Coordinate","link":"http:\/\/www.robertosedda.it\/?cat=52"},"img":{"alt_text":"","src":"https:\/\/i0.wp.com\/www.robertosedda.it\/wp-content\/uploads\/2015\/11\/The-Andric.jpg?fit=1146%2C629&resize=350%2C200","width":350,"height":200,"srcset":"https:\/\/i0.wp.com\/www.robertosedda.it\/wp-content\/uploads\/2015\/11\/The-Andric.jpg?fit=1146%2C629&resize=350%2C200 1x, https:\/\/i0.wp.com\/www.robertosedda.it\/wp-content\/uploads\/2015\/11\/The-Andric.jpg?fit=1146%2C629&resize=700%2C400 2x, https:\/\/i0.wp.com\/www.robertosedda.it\/wp-content\/uploads\/2015\/11\/The-Andric.jpg?fit=1146%2C629&resize=1050%2C600 3x"},"classes":[]},{"id":16849,"url":"http:\/\/www.robertosedda.it\/?p=16849","url_meta":{"origin":13901,"position":2},"title":"Appunti per campagne etiche","author":"Rufus","date":"19\/06\/2019","format":false,"excerpt":"Metto le mani avanti, non parlo di campagne nel senso di quelle attivit\u00e0 con fini sociali, politici o elettorali. Parlo di gioco di ruolo. Ragazzine giocano a D&D in una scuola americana - da The Stranger Una campagna \u00e8 un insieme di partite successive di un gioco di ruolo, nel\u2026","rel":"","context":"In &quot;Coordinate&quot;","block_context":{"text":"Coordinate","link":"http:\/\/www.robertosedda.it\/?cat=52"},"img":{"alt_text":"","src":"https:\/\/i0.wp.com\/www.robertosedda.it\/wp-content\/uploads\/2019\/06\/img_20180202_171931_mag.jpg?fit=700%2C525&resize=350%2C200","width":350,"height":200,"srcset":"https:\/\/i0.wp.com\/www.robertosedda.it\/wp-content\/uploads\/2019\/06\/img_20180202_171931_mag.jpg?fit=700%2C525&resize=350%2C200 1x, https:\/\/i0.wp.com\/www.robertosedda.it\/wp-content\/uploads\/2019\/06\/img_20180202_171931_mag.jpg?fit=700%2C525&resize=700%2C400 2x"},"classes":[]},{"id":17113,"url":"http:\/\/www.robertosedda.it\/?p=17113","url_meta":{"origin":13901,"position":3},"title":"Beati loro","author":"Rufus","date":"31\/08\/2019","format":false,"excerpt":"Ho molta invidia per quelli, come il mio amico Mauro Scalco, che sono esperti di bird watching e fanno bellissime foto di uccelli, cose che io ormai nella vita temo non riuscir\u00f2 mai a fare. Con un senso di invidia ancora pi\u00f9 grande ho letto il servizio di My Modern\u2026","rel":"","context":"In &quot;Coordinate&quot;","block_context":{"text":"Coordinate","link":"http:\/\/www.robertosedda.it\/?cat=52"},"img":{"alt_text":"","src":"https:\/\/i0.wp.com\/www.robertosedda.it\/wp-content\/uploads\/2019\/09\/Pellicano-europeo.jpg?fit=1200%2C750&resize=350%2C200","width":350,"height":200,"srcset":"https:\/\/i0.wp.com\/www.robertosedda.it\/wp-content\/uploads\/2019\/09\/Pellicano-europeo.jpg?fit=1200%2C750&resize=350%2C200 1x, https:\/\/i0.wp.com\/www.robertosedda.it\/wp-content\/uploads\/2019\/09\/Pellicano-europeo.jpg?fit=1200%2C750&resize=700%2C400 2x, https:\/\/i0.wp.com\/www.robertosedda.it\/wp-content\/uploads\/2019\/09\/Pellicano-europeo.jpg?fit=1200%2C750&resize=1050%2C600 3x"},"classes":[]},{"id":650,"url":"http:\/\/www.robertosedda.it\/?p=650","url_meta":{"origin":13901,"position":4},"title":"Gli osti giocano a dadi","author":"Rufus","date":"23\/08\/2012","format":false,"excerpt":"Quando il gallo cant\u00f2, Ataru e Rufus si scambiarono uno sguardo. Slacciandosi il grembiule l'uno e l'altro si spostarono dal grande camino verso le scale e, senza che nessuno se ne accorgesse, salirono verso la loro camera al piano di sopra. Una volta dentro, mentre Ataru sbarrava la porta Rufus\u2026","rel":"","context":"In &quot;Coordinate&quot;","block_context":{"text":"Coordinate","link":"http:\/\/www.robertosedda.it\/?cat=52"},"img":{"alt_text":"","src":"","width":0,"height":0},"classes":[]},{"id":6563,"url":"http:\/\/www.robertosedda.it\/?p=6563","url_meta":{"origin":13901,"position":5},"title":"Restare umani. Anche in Sardegna","author":"Rufus","date":"25\/02\/2014","format":false,"excerpt":"Pubblico con vero piacere il consueto frutto delle riunioni dei blogger del luned\u00ec, questa volta a firma di Francesca Madrigali, ed \u00e8 anche l'occasione per suggerire la lettura del suo blog, che \u00e8 sempre molto piacevole e che oggi viene anche inserito nella posizione di amico della settimana. Oltre che\u2026","rel":"","context":"In &quot;Coordinate&quot;","block_context":{"text":"Coordinate","link":"http:\/\/www.robertosedda.it\/?cat=52"},"img":{"alt_text":"","src":"https:\/\/i0.wp.com\/www.robertosedda.it\/wp-content\/uploads\/2014\/02\/videolina_pigliaru.jpg?fit=1200%2C900&resize=350%2C200","width":350,"height":200,"srcset":"https:\/\/i0.wp.com\/www.robertosedda.it\/wp-content\/uploads\/2014\/02\/videolina_pigliaru.jpg?fit=1200%2C900&resize=350%2C200 1x, https:\/\/i0.wp.com\/www.robertosedda.it\/wp-content\/uploads\/2014\/02\/videolina_pigliaru.jpg?fit=1200%2C900&resize=700%2C400 2x, https:\/\/i0.wp.com\/www.robertosedda.it\/wp-content\/uploads\/2014\/02\/videolina_pigliaru.jpg?fit=1200%2C900&resize=1050%2C600 3x"},"classes":[]}],"_links":{"self":[{"href":"http:\/\/www.robertosedda.it\/index.php?rest_route=\/wp\/v2\/posts\/13901"}],"collection":[{"href":"http:\/\/www.robertosedda.it\/index.php?rest_route=\/wp\/v2\/posts"}],"about":[{"href":"http:\/\/www.robertosedda.it\/index.php?rest_route=\/wp\/v2\/types\/post"}],"author":[{"embeddable":true,"href":"http:\/\/www.robertosedda.it\/index.php?rest_route=\/wp\/v2\/users\/1"}],"replies":[{"embeddable":true,"href":"http:\/\/www.robertosedda.it\/index.php?rest_route=%2Fwp%2Fv2%2Fcomments&post=13901"}],"version-history":[{"count":3,"href":"http:\/\/www.robertosedda.it\/index.php?rest_route=\/wp\/v2\/posts\/13901\/revisions"}],"predecessor-version":[{"id":19368,"href":"http:\/\/www.robertosedda.it\/index.php?rest_route=\/wp\/v2\/posts\/13901\/revisions\/19368"}],"wp:featuredmedia":[{"embeddable":true,"href":"http:\/\/www.robertosedda.it\/index.php?rest_route=\/wp\/v2\/media\/13902"}],"wp:attachment":[{"href":"http:\/\/www.robertosedda.it\/index.php?rest_route=%2Fwp%2Fv2%2Fmedia&parent=13901"}],"wp:term":[{"taxonomy":"category","embeddable":true,"href":"http:\/\/www.robertosedda.it\/index.php?rest_route=%2Fwp%2Fv2%2Fcategories&post=13901"},{"taxonomy":"post_tag","embeddable":true,"href":"http:\/\/www.robertosedda.it\/index.php?rest_route=%2Fwp%2Fv2%2Ftags&post=13901"}],"curies":[{"name":"wp","href":"https:\/\/api.w.org\/{rel}","templated":true}]}}