{"id":13894,"date":"2017-06-26T15:04:49","date_gmt":"2017-06-26T13:04:49","guid":{"rendered":"http:\/\/www.robertosedda.it\/?p=13894"},"modified":"2017-07-05T17:15:15","modified_gmt":"2017-07-05T15:15:15","slug":"pallastrada","status":"publish","type":"post","link":"http:\/\/www.robertosedda.it\/?p=13894","title":{"rendered":"Pallastrada"},"content":{"rendered":"<p>C&#8217;\u00e8 una piazza, nella nostra citt\u00e0, dove le lastre del pavimento sono sconnesse.<\/p>\n<p>C&#8217;\u00e8 una piazza, nella nostra citt\u00e0, dove i bambini giocano a pallone.<\/p>\n<figure id=\"attachment_13895\" aria-describedby=\"caption-attachment-13895\" style=\"width: 640px\" class=\"wp-caption aligncenter\"><a href=\"https:\/\/i0.wp.com\/www.robertosedda.it\/wp-content\/uploads\/2017\/06\/Pallastrada.jpg\"><img data-attachment-id=\"13895\" data-permalink=\"http:\/\/www.robertosedda.it\/?attachment_id=13895\" data-orig-file=\"https:\/\/i0.wp.com\/www.robertosedda.it\/wp-content\/uploads\/2017\/06\/Pallastrada.jpg?fit=640%2C480\" data-orig-size=\"640,480\" data-comments-opened=\"1\" data-image-meta=\"{&quot;aperture&quot;:&quot;3.2&quot;,&quot;credit&quot;:&quot;Stefano Benni&quot;,&quot;camera&quot;:&quot;DiMAGE Z2&quot;,&quot;caption&quot;:&quot;&quot;,&quot;created_timestamp&quot;:&quot;1147614069&quot;,&quot;copyright&quot;:&quot;&quot;,&quot;focal_length&quot;:&quot;11.5&quot;,&quot;iso&quot;:&quot;50&quot;,&quot;shutter_speed&quot;:&quot;0.003125&quot;,&quot;title&quot;:&quot;&quot;,&quot;orientation&quot;:&quot;1&quot;}\" data-image-title=\"Pallastrada\" data-image-description=\"\" data-image-caption=\"\" data-medium-file=\"https:\/\/i0.wp.com\/www.robertosedda.it\/wp-content\/uploads\/2017\/06\/Pallastrada.jpg?fit=300%2C225\" data-large-file=\"https:\/\/i0.wp.com\/www.robertosedda.it\/wp-content\/uploads\/2017\/06\/Pallastrada.jpg?fit=510%2C383\" decoding=\"async\" loading=\"lazy\" class=\"wp-image-13895 size-full\" src=\"https:\/\/i0.wp.com\/www.robertosedda.it\/wp-content\/uploads\/2017\/06\/Pallastrada.jpg?resize=640%2C480\" alt=\"\" width=\"640\" height=\"480\" srcset=\"https:\/\/i0.wp.com\/www.robertosedda.it\/wp-content\/uploads\/2017\/06\/Pallastrada.jpg?w=640 640w, https:\/\/i0.wp.com\/www.robertosedda.it\/wp-content\/uploads\/2017\/06\/Pallastrada.jpg?resize=150%2C113 150w, https:\/\/i0.wp.com\/www.robertosedda.it\/wp-content\/uploads\/2017\/06\/Pallastrada.jpg?resize=300%2C225 300w, https:\/\/i0.wp.com\/www.robertosedda.it\/wp-content\/uploads\/2017\/06\/Pallastrada.jpg?resize=510%2C383 510w, https:\/\/i0.wp.com\/www.robertosedda.it\/wp-content\/uploads\/2017\/06\/Pallastrada.jpg?resize=268%2C200 268w\" sizes=\"(max-width: 640px) 100vw, 640px\" data-recalc-dims=\"1\" \/><\/a><figcaption id=\"caption-attachment-13895\" class=\"wp-caption-text\">Campionato di pallastrada ad Aubertvillers<\/figcaption><\/figure>\n<p>C&#8217;\u00e8 \u00a0una piazza, nella nostra citt\u00e0, dove nel punto dove le mattonelle sono saltate gli operai hanno messo tre transenne, legate a triangolo, in modo che nessuno ci inciampi.<\/p>\n<p>C&#8217;\u00e8 una piazza, nella nostra citt\u00e0, dove i bambini trovano che le transenne, messe proprio cos\u00ec in mezzo al campo, diano fastidio; allora per giocare le spostano e le mettono da un&#8217;altra parte della piazza, a recintare un pezzo sanissimo e intattissimo del pavimento.<\/p>\n<p>C&#8217;\u00e8 una piazza, nella nostra citt\u00e0, dove pazientemente gli operai tornano e rimettono a posto le transenne la mattina, e i bambini pazientemente nel pomeriggio le tolgono.<\/p>\n<p>E a me questa sembra una storia bellissima, chiss\u00e0 perch\u00e9.<\/p>\n","protected":false},"excerpt":{"rendered":"<p>C&#8217;\u00e8 una piazza, nella nostra citt\u00e0, dove le lastre del pavimento sono sconnesse. C&#8217;\u00e8 una piazza, nella nostra citt\u00e0, dove<\/p>\n","protected":false},"author":1,"featured_media":13895,"comment_status":"open","ping_status":"open","sticky":false,"template":"","format":"standard","meta":{"_mi_skip_tracking":false,"_monsterinsights_sitenote_active":false,"_monsterinsights_sitenote_note":"","_monsterinsights_sitenote_category":0,"jetpack_post_was_ever_published":false,"_jetpack_newsletter_access":"","jetpack_publicize_message":"","jetpack_is_tweetstorm":false,"jetpack_publicize_feature_enabled":true,"jetpack_social_post_already_shared":true,"jetpack_social_options":{"image_generator_settings":{"template":"highway","enabled":false}}},"categories":[52,56,82,18,16],"tags":[],"jetpack_publicize_connections":[],"jetpack_featured_media_url":"https:\/\/i0.wp.com\/www.robertosedda.it\/wp-content\/uploads\/2017\/06\/Pallastrada.jpg?fit=640%2C480","jetpack_sharing_enabled":true,"jetpack_shortlink":"https:\/\/wp.me\/p4jV2T-3C6","jetpack_likes_enabled":true,"jetpack-related-posts":[{"id":4504,"url":"http:\/\/www.robertosedda.it\/?p=4504","url_meta":{"origin":13894,"position":0},"title":"La mia vita con il Papa &#8211; l&#8217;evento (1)","author":"Rufus","date":"25\/09\/2013","format":false,"excerpt":"Prima di tutto vi rassicuro: sono tornato a casa, per giunta senza problemi. Se non ho scritto negli scorsi due giorni non \u00e8 perch\u00e9 vagavo alla ricerca di una varco nelle transenne ma perch\u00e9 si sono accumulate un po' di cose familiari\u00a0di altro genere. A proposito, per quelli che lo\u2026","rel":"","context":"In &quot;Coordinate&quot;","block_context":{"text":"Coordinate","link":"http:\/\/www.robertosedda.it\/?cat=52"},"img":{"alt_text":"","src":"https:\/\/i0.wp.com\/www.robertosedda.it\/wp-content\/uploads\/2013\/09\/Papa-Francesco-Cagliari-foto-gruppo.jpg?fit=960%2C720&resize=350%2C200","width":350,"height":200,"srcset":"https:\/\/i0.wp.com\/www.robertosedda.it\/wp-content\/uploads\/2013\/09\/Papa-Francesco-Cagliari-foto-gruppo.jpg?fit=960%2C720&resize=350%2C200 1x, https:\/\/i0.wp.com\/www.robertosedda.it\/wp-content\/uploads\/2013\/09\/Papa-Francesco-Cagliari-foto-gruppo.jpg?fit=960%2C720&resize=700%2C400 2x"},"classes":[]},{"id":11892,"url":"http:\/\/www.robertosedda.it\/?p=11892","url_meta":{"origin":13894,"position":1},"title":"Slotmob","author":"Rufus","date":"03\/05\/2016","format":false,"excerpt":"Appuntamento a Cagliari il 7 maggio in piazza GalileiMi sembra opportuno segnalare con un po' di anticipo il prossimo slotmob che si svolger\u00e0 a Cagliari il 7 maggio in corrispondenza con manifestazioni simili in altre cinquanta citt\u00e0 italiane. L'appuntamento \u00e8 per le dieci e mezzo in piazza Galilei: l'evento ha\u2026","rel":"","context":"In &quot;Coordinate&quot;","block_context":{"text":"Coordinate","link":"http:\/\/www.robertosedda.it\/?cat=52"},"img":{"alt_text":"","src":"https:\/\/i0.wp.com\/www.robertosedda.it\/wp-content\/uploads\/2016\/05\/Slotmob2.png?fit=1200%2C444&resize=350%2C200","width":350,"height":200,"srcset":"https:\/\/i0.wp.com\/www.robertosedda.it\/wp-content\/uploads\/2016\/05\/Slotmob2.png?fit=1200%2C444&resize=350%2C200 1x, https:\/\/i0.wp.com\/www.robertosedda.it\/wp-content\/uploads\/2016\/05\/Slotmob2.png?fit=1200%2C444&resize=700%2C400 2x, https:\/\/i0.wp.com\/www.robertosedda.it\/wp-content\/uploads\/2016\/05\/Slotmob2.png?fit=1200%2C444&resize=1050%2C600 3x"},"classes":[]},{"id":9804,"url":"http:\/\/www.robertosedda.it\/?p=9804","url_meta":{"origin":13894,"position":2},"title":"Carbonia, color di trachite","author":"Rufus","date":"18\/03\/2015","format":false,"excerpt":"Questo articolo viene pubblicato anche sui siti di Fondazione Sardinia, Tramasdeamistade, Sardegna Soprattutto, Sportello Formaparis,Tottusinpari e sui blog di Enrico Lobina, Vito Biolchini e Francesca Madrigali. Carbonia, color di trachite. Dialogo con il Prof. Antonello Sanna. di Fabrizio Palazzari Alla vigilia del Sulkimake Humanities Lab che dal 27 al 29\u2026","rel":"","context":"In &quot;Coordinate&quot;","block_context":{"text":"Coordinate","link":"http:\/\/www.robertosedda.it\/?cat=52"},"img":{"alt_text":"","src":"https:\/\/i0.wp.com\/www.robertosedda.it\/wp-content\/uploads\/2015\/03\/CarboniaCitt\u00e0Fondazione.jpg?fit=1024%2C768&resize=350%2C200","width":350,"height":200,"srcset":"https:\/\/i0.wp.com\/www.robertosedda.it\/wp-content\/uploads\/2015\/03\/CarboniaCitt\u00e0Fondazione.jpg?fit=1024%2C768&resize=350%2C200 1x, https:\/\/i0.wp.com\/www.robertosedda.it\/wp-content\/uploads\/2015\/03\/CarboniaCitt\u00e0Fondazione.jpg?fit=1024%2C768&resize=700%2C400 2x"},"classes":[]},{"id":1793,"url":"http:\/\/www.robertosedda.it\/?p=1793","url_meta":{"origin":13894,"position":3},"title":"Poesia di Natale","author":"Rufus","date":"25\/12\/2012","format":false,"excerpt":"Volevo augurare buon Natale a tutti con una poesia, e ho trovato (e scartato) un Turoldo d'annata, Umberto Saba e Ada Negri, e insomma ognuna sarebbe bastata. Alla fine non ero soddisfatto e ho aperto a caso l'amata Emily Dickinson che non tradisce mai; e infatti ho trovato: Il silenzio\u2026","rel":"","context":"In &quot;Coordinate&quot;","block_context":{"text":"Coordinate","link":"http:\/\/www.robertosedda.it\/?cat=52"},"img":{"alt_text":"","src":"","width":0,"height":0},"classes":[]},{"id":4528,"url":"http:\/\/www.robertosedda.it\/?p=4528","url_meta":{"origin":13894,"position":4},"title":"La mia vita con il Papa &#8211; L&#8217;evento (2)","author":"Rufus","date":"09\/10\/2013","format":false,"excerpt":"\u00c8 ormai passato un po' di tempo\u00a0e qualcuno mi ha fatto notare che non ho finito di raccontare del Papa, quindi posto questo articolo che per qualche giorno \u00e8 rimasto in bozza. L'incontro coi lavoratori in Largo Carlo Felice Ci eravamo lasciati col gruppo \"La Pira\" in attesa del Papa\u2026","rel":"","context":"In &quot;Coordinate&quot;","block_context":{"text":"Coordinate","link":"http:\/\/www.robertosedda.it\/?cat=52"},"img":{"alt_text":"","src":"https:\/\/i0.wp.com\/www.robertosedda.it\/wp-content\/uploads\/2013\/10\/2013-09-22-15.32.14.jpg?fit=1200%2C900&resize=350%2C200","width":350,"height":200,"srcset":"https:\/\/i0.wp.com\/www.robertosedda.it\/wp-content\/uploads\/2013\/10\/2013-09-22-15.32.14.jpg?fit=1200%2C900&resize=350%2C200 1x, https:\/\/i0.wp.com\/www.robertosedda.it\/wp-content\/uploads\/2013\/10\/2013-09-22-15.32.14.jpg?fit=1200%2C900&resize=700%2C400 2x, https:\/\/i0.wp.com\/www.robertosedda.it\/wp-content\/uploads\/2013\/10\/2013-09-22-15.32.14.jpg?fit=1200%2C900&resize=1050%2C600 3x"},"classes":[]},{"id":7842,"url":"http:\/\/www.robertosedda.it\/?p=7842","url_meta":{"origin":13894,"position":5},"title":"Brividi agghiaccianti sulla linea PF","author":"Rufus","date":"26\/06\/2014","format":false,"excerpt":"Avviso: questo articolo contiene parecchio turpiloquio, a dimostrazione del modo con cui le\u00a0giovani generazioni reagiscono allo stress. Siamo sul PF, di ritorno dal mare. A fianco a me due ragazzine adolescenti. Una alta, formosa, con un bel sorriso e l'aria un po' incompiuta. L'altra bassottina, aggressiva, vivace. Quest'ultima chiede all'amica:\u2026","rel":"","context":"In &quot;Coordinate&quot;","block_context":{"text":"Coordinate","link":"http:\/\/www.robertosedda.it\/?cat=52"},"img":{"alt_text":"","src":"https:\/\/i0.wp.com\/www.robertosedda.it\/wp-content\/uploads\/2014\/04\/Poetto-6.jpg?fit=1200%2C900&resize=350%2C200","width":350,"height":200,"srcset":"https:\/\/i0.wp.com\/www.robertosedda.it\/wp-content\/uploads\/2014\/04\/Poetto-6.jpg?fit=1200%2C900&resize=350%2C200 1x, https:\/\/i0.wp.com\/www.robertosedda.it\/wp-content\/uploads\/2014\/04\/Poetto-6.jpg?fit=1200%2C900&resize=700%2C400 2x, https:\/\/i0.wp.com\/www.robertosedda.it\/wp-content\/uploads\/2014\/04\/Poetto-6.jpg?fit=1200%2C900&resize=1050%2C600 3x"},"classes":[]}],"_links":{"self":[{"href":"http:\/\/www.robertosedda.it\/index.php?rest_route=\/wp\/v2\/posts\/13894"}],"collection":[{"href":"http:\/\/www.robertosedda.it\/index.php?rest_route=\/wp\/v2\/posts"}],"about":[{"href":"http:\/\/www.robertosedda.it\/index.php?rest_route=\/wp\/v2\/types\/post"}],"author":[{"embeddable":true,"href":"http:\/\/www.robertosedda.it\/index.php?rest_route=\/wp\/v2\/users\/1"}],"replies":[{"embeddable":true,"href":"http:\/\/www.robertosedda.it\/index.php?rest_route=%2Fwp%2Fv2%2Fcomments&post=13894"}],"version-history":[{"count":1,"href":"http:\/\/www.robertosedda.it\/index.php?rest_route=\/wp\/v2\/posts\/13894\/revisions"}],"predecessor-version":[{"id":13896,"href":"http:\/\/www.robertosedda.it\/index.php?rest_route=\/wp\/v2\/posts\/13894\/revisions\/13896"}],"wp:featuredmedia":[{"embeddable":true,"href":"http:\/\/www.robertosedda.it\/index.php?rest_route=\/wp\/v2\/media\/13895"}],"wp:attachment":[{"href":"http:\/\/www.robertosedda.it\/index.php?rest_route=%2Fwp%2Fv2%2Fmedia&parent=13894"}],"wp:term":[{"taxonomy":"category","embeddable":true,"href":"http:\/\/www.robertosedda.it\/index.php?rest_route=%2Fwp%2Fv2%2Fcategories&post=13894"},{"taxonomy":"post_tag","embeddable":true,"href":"http:\/\/www.robertosedda.it\/index.php?rest_route=%2Fwp%2Fv2%2Ftags&post=13894"}],"curies":[{"name":"wp","href":"https:\/\/api.w.org\/{rel}","templated":true}]}}