{"id":13874,"date":"2017-06-21T17:43:49","date_gmt":"2017-06-21T15:43:49","guid":{"rendered":"http:\/\/www.robertosedda.it\/?p=13874"},"modified":"2023-06-22T09:16:58","modified_gmt":"2023-06-22T07:16:58","slug":"don-milani-scappa-veloce","status":"publish","type":"post","link":"http:\/\/www.robertosedda.it\/?p=13874","title":{"rendered":"Don Milani, scappa veloce"},"content":{"rendered":"<p>Sono andato ieri al convegno che una serie di realt\u00e0 della diocesi di Cagliari hanno dedicato alla figura di don Milani, intitolato <em>La sfida di don Milani<\/em>.<\/p>\n<p><img data-attachment-id=\"13875\" data-permalink=\"http:\/\/www.robertosedda.it\/?attachment_id=13875\" data-orig-file=\"https:\/\/i0.wp.com\/www.robertosedda.it\/wp-content\/uploads\/2017\/06\/Don-Milani.jpg?fit=1169%2C1653\" data-orig-size=\"1169,1653\" data-comments-opened=\"1\" data-image-meta=\"{&quot;aperture&quot;:&quot;0&quot;,&quot;credit&quot;:&quot;&quot;,&quot;camera&quot;:&quot;&quot;,&quot;caption&quot;:&quot;&quot;,&quot;created_timestamp&quot;:&quot;0&quot;,&quot;copyright&quot;:&quot;&quot;,&quot;focal_length&quot;:&quot;0&quot;,&quot;iso&quot;:&quot;0&quot;,&quot;shutter_speed&quot;:&quot;0&quot;,&quot;title&quot;:&quot;&quot;,&quot;orientation&quot;:&quot;1&quot;}\" data-image-title=\"Don Milani\" data-image-description=\"\" data-image-caption=\"\" data-medium-file=\"https:\/\/i0.wp.com\/www.robertosedda.it\/wp-content\/uploads\/2017\/06\/Don-Milani.jpg?fit=212%2C300\" data-large-file=\"https:\/\/i0.wp.com\/www.robertosedda.it\/wp-content\/uploads\/2017\/06\/Don-Milani.jpg?fit=510%2C721\" decoding=\"async\" loading=\"lazy\" class=\"aligncenter size-full wp-image-13875\" src=\"https:\/\/i0.wp.com\/www.robertosedda.it\/wp-content\/uploads\/2017\/06\/Don-Milani.jpg?resize=800%2C1131\" alt=\"\" width=\"800\" height=\"1131\" srcset=\"https:\/\/i0.wp.com\/www.robertosedda.it\/wp-content\/uploads\/2017\/06\/Don-Milani.jpg?w=1169 1169w, https:\/\/i0.wp.com\/www.robertosedda.it\/wp-content\/uploads\/2017\/06\/Don-Milani.jpg?resize=106%2C150 106w, https:\/\/i0.wp.com\/www.robertosedda.it\/wp-content\/uploads\/2017\/06\/Don-Milani.jpg?resize=212%2C300 212w, https:\/\/i0.wp.com\/www.robertosedda.it\/wp-content\/uploads\/2017\/06\/Don-Milani.jpg?resize=510%2C721 510w, https:\/\/i0.wp.com\/www.robertosedda.it\/wp-content\/uploads\/2017\/06\/Don-Milani.jpg?resize=700%2C990 700w\" sizes=\"(max-width: 800px) 100vw, 800px\" data-recalc-dims=\"1\" \/>Ora, la mia opinione su un convegno del genere \u00e8 riassunta in una battuta fulminante di Silvio Orlando in\u00a0<em>Sud<\/em> di Salvatores.<\/p>\n<div class=\"jetpack-video-wrapper\"><span class=\"embed-youtube\" style=\"text-align:center; display: block;\"><iframe loading=\"lazy\" class=\"youtube-player\" width=\"800\" height=\"450\" src=\"https:\/\/www.youtube.com\/embed\/0ltlncYqWwo?version=3&#038;rel=1&#038;showsearch=0&#038;showinfo=1&#038;iv_load_policy=1&#038;fs=1&#038;hl=it-IT&#038;autohide=2&#038;wmode=transparent\" allowfullscreen=\"true\" style=\"border:0;\" sandbox=\"allow-scripts allow-same-origin allow-popups allow-presentation\"><\/iframe><\/span><\/div>\n<p>Ciro Ascarone \u00e8 preoccupato che la sua immagine, e con essa la sua protesta, sia strumentalizzata, commercializzata, svilita dai giornali: la fotografia \u00e8 l&#8217;emblema di tutto questo e farla uscire mossa vuol dire non permettere che qualcuno se ne impadronisca. Ma, aggiunger\u00e0 in seguito nel film, farlo da morto \u00e8 pi\u00f9 difficile, perch\u00e9 non ti puoi pi\u00f9 muovere; eppure bisogna provarci.<\/p>\n<p>Ecco, don Milani \u00e8 morto e, purtroppo per lui e per noi, non si pu\u00f2 pi\u00f9 muovere e quindi corre il rischio di essere imbalsamato, messo su un altarino, travisato o ridotto a visioni monodimensionali come quelle di un&#8217;istantanea: una tentazione che riguarda prima di tutto, dicono le cronache, <a href=\"http:\/\/www.vita.it\/it\/article\/2001\/06\/30\/don-milani-tanto-amore-e-tante-liti\/3008\/\">coloro che si proclamano suoi eredi<\/a>.<\/p>\n<p>Sotto questo punto di vista il convegno di ieri non mi \u00e8 parso fortunatissimo: fra l&#8217;ansia di contestualizzare (la persecuzione a) Milani di Terlizzo e l&#8217;affabulazione di don Nuvoli (l&#8217;ultima persona, pi\u00f9 o meno, che mi sarei aspettato di vedere invitato a parlare di Milani), prevaleva un tono volta a volta agiografico o consolatorio che tendeva a irrigidire il povero don Lorenzo dentro un unico quadro interpretativo. Ha ragione Silvio Orlando: quello l\u00ec, poveretto, \u00e8 morto e non pu\u00f2 pi\u00f9 divincolarsi.<\/p>\n<p>Viene buono il giudizio di Giorgio Pecorini, un altro fra gli eredi un po&#8217; contrapposti, che in un <a href=\"http:\/\/www.barbiana.it\/biograf_Pecorini.html\">articolo di dieci anni fa<\/a> sembra parli di ieri sera (e invece parla di <em>Civilt\u00e0 Cattolica<\/em>):<\/p>\n<blockquote><p>Datato e inesportabile, dunque: ottime conclusioni, traducibili entrambe cos\u00ec: don Lorenzo Milani era solo unico onestissimo bravissimo ma irripetibile e ora che grazie a Dio \u00e8 morto e non pu\u00f2 pi\u00f9 far danno, nessuno venga a romperci con la sua lezione e le sue proposte: quanto s\u2019ha da fare lo sappiamo da noi, e lo facciamo senza che qualcuno, vivo o morto, s&#8217;azzardi a insegnarcelo.<\/p><\/blockquote>\n<p><em>Unico onestissimo bravissimo<\/em> e soprattutto fedele alla Chiesa, alla quale non si \u00e8 mai ribellato, e quindi tutto va bene e la Chiesa non ha mai sbagliato, questo era in fondo il curioso sillogismo di ieri.<\/p>\n<p>\u00c8 per questo che mi sono sentito di intervenire nel dibattito dicendo, provocatoriamente, che sarebbe stato meglio parlare del Cardinale Florit, e non di don Milani. Perch\u00e9 Florit trova una chiesa fiorentina in cui il vecchio cardinale Della Casa incarna la fede, don Giulio Facibeni la carit\u00e0, La Pira la speranza e nella quale sorgono nuove personalit\u00e0 di spicco: Milani, Turoldo, Balducci e molti altri. Della Casa e Facibeni muoiono mentre Florit sta iniziando il governo della diocesi; degli altri Florit non lascer\u00e0 pietra su pietra: Milani a Barbiana, Turoldo e Balducci via da Firenze, l&#8217;esperienza di La Pira schiantata.<\/p>\n<p>Mi sono reso conto, dalle risposte ricevute, di avere toccato un nervo scoperto, e tanti\u00a0<em>se\u00a0<\/em> e\u00a0<em>ma\u00a0<\/em>si sono accumulati: \u00e8 stato Dalla Costa a mandare Milani a Barbiana, anzi \u00e8 stato mons. Tirapani (siamo un po&#8217; dalle parti della <a href=\"https:\/\/lucakocci.wordpress.com\/2017\/01\/07\/barbiana-non-fu-esilio-il-revisionismo-del-card-betori-sulla-vicenda-di-don-milani\/\">normalizzazione tentata anni fa da mons. Betori<\/a>:\u00a0\u00abBarbiana dunque fu s\u00ec esilio, s\u00ec punizione, ma anche una destinazione normale\u00bb); tra l&#8217;altro sono andato a controllarmi le date e Florit era gi\u00e0 coadiutore di Dalla Costa al momento e gestiva l&#8217;ordinariet\u00e0 del governo della diocesi, quindi col trasferimento di Milani c&#8217;entra per forza.<\/p>\n<p>Sempre sul piano della normalizzazione un contatto\u00a0<em>Facebook<\/em> mi ha scritto privatamente, segnalandomi un episodio raccontato da Gesualdi in un suo libro:<\/p>\n<blockquote><p>Ne sono stato un involontario testimone diretto. Dopo che il Cardinale aveva gi\u00e0 lasciato la guida della Diocesi, per raggiunti limiti di et\u00e0, si rec\u00f2, in forma privata, a Barbiana sulla tomba di don Lorenzo. Indossava una tonaca nera come un semplice sacerdote ed era accompagnato da un prete che gli faceva da autista. Era un giorno qualsiasi e in quel luogo regnava solitudine e silenzio. Per puro caso anch&#8217;io mi trovavo al cimitero. Non mi conosceva. Entr\u00f2 nel camposanto salutando con lo sguardo e con un cenno di testa e si mise a pregare sulla tomba con in mano il libro Lettere di don Lorenzo Milani priore di Barbiana. Feci l\u2019indifferente e con calma continuai a strappare l\u2019erba dalla sepoltura della nonna Giulia, confinante con quella di don Lorenzo. Ero vestito da lavoro e probabilmente mi scambi\u00f2 per il custode e non bad\u00f2 a me. Leggeva in silenzio le lettere, e ad un tratto, levato lo sguardo dalla lettura si rivolse verso chi lo accompagnava e bisbigli\u00f2 sottovoce: \u00abMa quanto mi avete male informato su questo sacerdote\u00bb. Non era l\u2019atto d\u2019onore che don Lorenzo aveva chiesto in vita, ma un tormento interiore ed un intimo atto di riparazione da parte dell\u2019Arcivescovo. Nobile per lui e gratificante per chi voleva bene al Priore.<\/p><\/blockquote>\n<p>Ora, a parte che \u00e8 un racconto piuttosto tardo e lontano dagli avvenimenti, ma l&#8217;episodio in s\u00e9 \u00e8 incredibile. Non solo\u00a0<em>fattualmente<\/em> incredibile (Florit \u00e8 in pensione, quindi l&#8217;episodio deve collocarsi oltre il 1977; Milani \u00e8 morto nel 1967, il che vuol dire che per informarsi su di lui il cardinale se l&#8217;\u00e8 presa piuttosto comoda, dopodich\u00e9 va alla tomba portandosi dietro giusto le lettere nell&#8217;edizione, guarda un po&#8217;, curata proprio da Gesualdi che \u00e8 <em>esattamente<\/em> l\u00ec casualmente in incognito) ma\u00a0<em>sostanzialmente<\/em> incredibile, perch\u00e9 sfida qualunque forma di buon senso: a parte che l&#8217;articolo di Pecorini citato sopra ricostruisce puntigliosamente il ruolo di Florit nella condanna di\u00a0<em>Esperienze pastorali<\/em>, e l\u00ec appare scrupolosamente ben informato su Milani, ma ci\u00f2 che ci si deve chiedere \u00e8: anche su La Pira era mal informato? Su Balducci? Su Turoldo? Su Vannucci? E quando al Concilio Vaticano II si schiera con l&#8217;ala ultraconservatrice, anche allora era male informato? L&#8217;episodio \u00e8\u00a0sentimentalmente consolante, ma sostanzialmente non vuol dire niente; vale lo stesso per l&#8217;ansia di Terlizzo di &#8220;contestualizzare&#8221; ricordando che in quegli anni la <em>chiesa del silenzio<\/em> languiva nelle catacombe e nelle carceri: \u00e8 vero, ma \u00e8 vero anche che proprio l&#8217;azione di La Pira (e di altri, penso a Fanfani) dimostra che <em>gi\u00e0 allora<\/em> c&#8217;era chi, in quella situazione, immaginava soluzioni\u00a0<em>diverse<\/em>. Paradossalmente a furia di contestualizzare da una parte e affabulare dall&#8217;altra si finiva, ieri, per andare fuori contesto fino al punto che, a furia di spaccare il capello in quattro, non ci si capiva pi\u00f9 niente.<\/p>\n<p>In realt\u00e0 per\u00f2 a me non interessava aprire un dibattito sul povero cardinale Florit n\u00e9, tanto meno, portarlo davanti al tribunale della storia, come un po&#8217; mi ha accusato Terlizzo. Quello che volevo dire e che sicuramente non mi \u00e8 venuto bene \u00e8 che\u00a0Milani, i suoi scritti e ci\u00f2 che di lui \u00e8 raccontato (non sono esattamente la stessa cosa) rappresenta una voce che \u00e8 ormai\u00a0<em>classica<\/em> nel senso con cui avrebbe usato la parola Italo Calvino: qualcuno che a ogni lettura, a ogni nuova analisi, in situazioni storiche differenti, ha la capacit\u00e0 di risuonare in modo significativo, di mantenere una sua attualit\u00e0, di aprire nuovi scenari o illuminare dal passato il presente. E quindi don Milani va letto e vanno discussi i suoi scritti e la sua azione, ma se ci si ferma alla sua vicenda storica personale ci si perde il meglio e comunque non ci si deve <em>ispirare<\/em> a lui: dopotutto uno solo \u00e8 il Maestro e non \u00e8 Milani, per quanto bravo insegnante.<\/p>\n<p>Invece dentro quella vicenda storica la figura interessante con la quale confrontarsi non \u00e8 Milani ma Florit &#8211; e Tirapani e gli altri &#8211; perch\u00e9 \u00e8 chi, con tutta evidenza, ha\u00a0<em>sbagliato<\/em>: non ha capito la ricchezza del movimento che si stava sviluppando, ha avversato il Concilio, ha oppresso i propri preti (e infiniti laici), eccetera.<\/p>\n<p>Poteva fare altrimenti? Certo che poteva: la prova \u00e8 che (molti?) altri negli stessi anni lo facevano. Questo \u00e8 una <em>colpa<\/em>? Se sono state commesse ingiustizie certo che \u00e8 una colpa. Questo merita la <em>condanna<\/em>?\u00a0Solo Dio pu\u00f2 scrutare fino in fondo il cuore degli uomini e sa della buona o della cattiva fede, delle rette intenzioni o meno, delle convinzioni psicologiche. Non io.<\/p>\n<p>Ma \u00e8 incontestabile che Florit e gli altri hanno <em>sbagliato<\/em>: ed \u00e8 questo che li rende interessanti per noi. Perch\u00e9 sono un monito: Dio ci scampi dal trovarci nella posizione dei Florit e dal commettere i loro errori. Questo volevo dire.<\/p>\n","protected":false},"excerpt":{"rendered":"<p>Sono andato ieri al convegno che una serie di realt\u00e0 della diocesi di Cagliari hanno dedicato alla figura di don<\/p>\n","protected":false},"author":1,"featured_media":13875,"comment_status":"open","ping_status":"open","sticky":false,"template":"","format":"standard","meta":{"_mi_skip_tracking":false,"_monsterinsights_sitenote_active":false,"_monsterinsights_sitenote_note":"","_monsterinsights_sitenote_category":0,"jetpack_post_was_ever_published":false,"_jetpack_newsletter_access":"","jetpack_publicize_message":"","jetpack_is_tweetstorm":false,"jetpack_publicize_feature_enabled":true,"jetpack_social_post_already_shared":true,"jetpack_social_options":{"image_generator_settings":{"template":"highway","enabled":false}}},"categories":[52,54,74],"tags":[],"jetpack_publicize_connections":[],"jetpack_featured_media_url":"https:\/\/i0.wp.com\/www.robertosedda.it\/wp-content\/uploads\/2017\/06\/Don-Milani.jpg?fit=1169%2C1653","jetpack_sharing_enabled":true,"jetpack_shortlink":"https:\/\/wp.me\/p4jV2T-3BM","jetpack_likes_enabled":true,"jetpack-related-posts":[{"id":2787,"url":"http:\/\/www.robertosedda.it\/?p=2787","url_meta":{"origin":13874,"position":0},"title":"Tessere altre economie","author":"Rufus","date":"03\/04\/2013","format":false,"excerpt":"Domani, 4 aprile 2013,\u00a0alle ore 16 sar\u00f2 al Liceo Siotto per parlare a un corso di aggiornamento di insegnanti, come se fossi una persona seria. Il tema che mi hanno assegnato (a dir la verit\u00e0 il titolo l'ho suggerito io, ehm) \u00e8: Tessere altre economie. Un po' il titolo \u00e8\u2026","rel":"","context":"In &quot;Coordinate&quot;","block_context":{"text":"Coordinate","link":"http:\/\/www.robertosedda.it\/?cat=52"},"img":{"alt_text":"","src":"","width":0,"height":0},"classes":[]},{"id":9305,"url":"http:\/\/www.robertosedda.it\/?p=9305","url_meta":{"origin":13874,"position":1},"title":"Come diceva don Milani&#8230; o Guccini?","author":"Rufus","date":"02\/01\/2015","format":"video","excerpt":"Jimmy's Hall (Ken Loach, UK, Francia, Irlanda 2014) Ken Loach riprende il filo del suo racconto della storia d'Irlanda mettendo in scena una storia che si colloca dieci anni esatti dopo la fine degli eventi de Il vento che accarezza l'erba, nel 1932. Al governo sono arrivati i Repubblicani di\u2026","rel":"","context":"In &quot;Biografie&quot;","block_context":{"text":"Biografie","link":"http:\/\/www.robertosedda.it\/?cat=83"},"img":{"alt_text":"","src":"https:\/\/i0.wp.com\/img.youtube.com\/vi\/g0-mD_Lfjl4\/0.jpg?resize=350%2C200","width":350,"height":200},"classes":[]},{"id":10215,"url":"http:\/\/www.robertosedda.it\/?p=10215","url_meta":{"origin":13874,"position":2},"title":"Poche parole di benvenuto","author":"Rufus","date":"14\/05\/2015","format":false,"excerpt":"Per la comodit\u00e0 dei parenti e la curiosit\u00e0 degli amici pubblico il saluto dello zio Alberto, il decano della nostra famiglia, al raduno dei Delitala, prima di pranzo. Alberto (con la famiglia) \u00e8 giunto appositamente dal Canada per partecipare. Poche parole di \u201cbenvenuto\u201d dette da Alberto Delitala Come decano della\u2026","rel":"","context":"In &quot;Coordinate&quot;","block_context":{"text":"Coordinate","link":"http:\/\/www.robertosedda.it\/?cat=52"},"img":{"alt_text":"","src":"https:\/\/i0.wp.com\/www.robertosedda.it\/wp-content\/uploads\/2015\/04\/ALIM4024.jpg?fit=1024%2C768&resize=350%2C200","width":350,"height":200,"srcset":"https:\/\/i0.wp.com\/www.robertosedda.it\/wp-content\/uploads\/2015\/04\/ALIM4024.jpg?fit=1024%2C768&resize=350%2C200 1x, https:\/\/i0.wp.com\/www.robertosedda.it\/wp-content\/uploads\/2015\/04\/ALIM4024.jpg?fit=1024%2C768&resize=700%2C400 2x"},"classes":[]},{"id":14208,"url":"http:\/\/www.robertosedda.it\/?p=14208","url_meta":{"origin":13874,"position":3},"title":"Piccola storia letteraria","author":"Rufus","date":"05\/10\/2017","format":false,"excerpt":"Ho da poco finito di leggere il\u00a0Conte di\u00a0 Montecristo, in francese. Volevo vedere se ero capace. Gi\u00e0 che c'ero ho fatto un sacco di scoperte e presto ve le racconter\u00f2, ma questo articolo in realt\u00e0 ha a che fare di pi\u00f9 con le mie esplorazioni linguistiche. Quindi la storia \u00e8\u2026","rel":"","context":"In &quot;Coordinate&quot;","block_context":{"text":"Coordinate","link":"http:\/\/www.robertosedda.it\/?cat=52"},"img":{"alt_text":"","src":"https:\/\/i0.wp.com\/www.robertosedda.it\/wp-content\/uploads\/2017\/10\/Einaudi-Chisciotte.jpg?fit=763%2C1200&resize=350%2C200","width":350,"height":200,"srcset":"https:\/\/i0.wp.com\/www.robertosedda.it\/wp-content\/uploads\/2017\/10\/Einaudi-Chisciotte.jpg?fit=763%2C1200&resize=350%2C200 1x, https:\/\/i0.wp.com\/www.robertosedda.it\/wp-content\/uploads\/2017\/10\/Einaudi-Chisciotte.jpg?fit=763%2C1200&resize=700%2C400 2x"},"classes":[]},{"id":16871,"url":"http:\/\/www.robertosedda.it\/?p=16871","url_meta":{"origin":13874,"position":4},"title":"Bizzarri rotocalchi cattolici","author":"Rufus","date":"26\/06\/2019","format":false,"excerpt":"Per motivi che non mi sono del tutto chiari - token, cookie o un comune utilizzo di Wordpress - ogni volta che apro Chrome ricevo la segnalazione di un nuovo articolo pubblicato su Aleteia, che si autodefinisce una rete cattolica mondiale per condividere risorse sulla fede con quanti cercano la\u2026","rel":"","context":"In &quot;Coordinate&quot;","block_context":{"text":"Coordinate","link":"http:\/\/www.robertosedda.it\/?cat=52"},"img":{"alt_text":"","src":"https:\/\/i0.wp.com\/www.robertosedda.it\/wp-content\/uploads\/2019\/06\/Aleteia-3.png?fit=495%2C330&resize=350%2C200","width":350,"height":200},"classes":[]},{"id":4243,"url":"http:\/\/www.robertosedda.it\/?p=4243","url_meta":{"origin":13874,"position":5},"title":"Che strada prendere","author":"Rufus","date":"09\/08\/2013","format":false,"excerpt":"Mentre mi girano per la testa tante cose da scrivere sulla Sardegna, che per\u00f2 devo prendermi il tempo per mettere gi\u00f9 per bene (e allora, temo, voleranno alcuni stracci) posto un brano - umoristico - di Bill Bryson, tratto dal suo Notizie da un'isoletta, un libro divertente che consiglio senz'altro,\u2026","rel":"","context":"In &quot;Coordinate&quot;","block_context":{"text":"Coordinate","link":"http:\/\/www.robertosedda.it\/?cat=52"},"img":{"alt_text":"","src":"https:\/\/i0.wp.com\/www.robertosedda.it\/wp-content\/uploads\/2013\/08\/stay-angry-don-t-let-the-bastards-grind-you-down.png?fit=600%2C700&resize=350%2C200","width":350,"height":200},"classes":[]}],"_links":{"self":[{"href":"http:\/\/www.robertosedda.it\/index.php?rest_route=\/wp\/v2\/posts\/13874"}],"collection":[{"href":"http:\/\/www.robertosedda.it\/index.php?rest_route=\/wp\/v2\/posts"}],"about":[{"href":"http:\/\/www.robertosedda.it\/index.php?rest_route=\/wp\/v2\/types\/post"}],"author":[{"embeddable":true,"href":"http:\/\/www.robertosedda.it\/index.php?rest_route=\/wp\/v2\/users\/1"}],"replies":[{"embeddable":true,"href":"http:\/\/www.robertosedda.it\/index.php?rest_route=%2Fwp%2Fv2%2Fcomments&post=13874"}],"version-history":[{"count":7,"href":"http:\/\/www.robertosedda.it\/index.php?rest_route=\/wp\/v2\/posts\/13874\/revisions"}],"predecessor-version":[{"id":20141,"href":"http:\/\/www.robertosedda.it\/index.php?rest_route=\/wp\/v2\/posts\/13874\/revisions\/20141"}],"wp:featuredmedia":[{"embeddable":true,"href":"http:\/\/www.robertosedda.it\/index.php?rest_route=\/wp\/v2\/media\/13875"}],"wp:attachment":[{"href":"http:\/\/www.robertosedda.it\/index.php?rest_route=%2Fwp%2Fv2%2Fmedia&parent=13874"}],"wp:term":[{"taxonomy":"category","embeddable":true,"href":"http:\/\/www.robertosedda.it\/index.php?rest_route=%2Fwp%2Fv2%2Fcategories&post=13874"},{"taxonomy":"post_tag","embeddable":true,"href":"http:\/\/www.robertosedda.it\/index.php?rest_route=%2Fwp%2Fv2%2Ftags&post=13874"}],"curies":[{"name":"wp","href":"https:\/\/api.w.org\/{rel}","templated":true}]}}