{"id":13853,"date":"2017-06-16T16:30:37","date_gmt":"2017-06-16T14:30:37","guid":{"rendered":"http:\/\/www.robertosedda.it\/?p=13853"},"modified":"2022-06-28T15:34:18","modified_gmt":"2022-06-28T13:34:18","slug":"scollegamenti","status":"publish","type":"post","link":"http:\/\/www.robertosedda.it\/?p=13853","title":{"rendered":"Scollegamenti"},"content":{"rendered":"<p><a href=\"https:\/\/i0.wp.com\/www.robertosedda.it\/wp-content\/uploads\/2017\/06\/Schermata-del-2017-06-16-16-07-30.png\"><img data-attachment-id=\"13854\" data-permalink=\"http:\/\/www.robertosedda.it\/?attachment_id=13854\" data-orig-file=\"https:\/\/i0.wp.com\/www.robertosedda.it\/wp-content\/uploads\/2017\/06\/Schermata-del-2017-06-16-16-07-30.png?fit=1161%2C462\" data-orig-size=\"1161,462\" data-comments-opened=\"1\" data-image-meta=\"{&quot;aperture&quot;:&quot;0&quot;,&quot;credit&quot;:&quot;&quot;,&quot;camera&quot;:&quot;&quot;,&quot;caption&quot;:&quot;&quot;,&quot;created_timestamp&quot;:&quot;0&quot;,&quot;copyright&quot;:&quot;&quot;,&quot;focal_length&quot;:&quot;0&quot;,&quot;iso&quot;:&quot;0&quot;,&quot;shutter_speed&quot;:&quot;0&quot;,&quot;title&quot;:&quot;&quot;,&quot;orientation&quot;:&quot;0&quot;}\" data-image-title=\"Schermata del 2017-06-16 16-07-30\" data-image-description=\"\" data-image-caption=\"\" data-medium-file=\"https:\/\/i0.wp.com\/www.robertosedda.it\/wp-content\/uploads\/2017\/06\/Schermata-del-2017-06-16-16-07-30.png?fit=300%2C119\" data-large-file=\"https:\/\/i0.wp.com\/www.robertosedda.it\/wp-content\/uploads\/2017\/06\/Schermata-del-2017-06-16-16-07-30.png?fit=510%2C203\" decoding=\"async\" loading=\"lazy\" class=\"aligncenter size-full wp-image-13854\" src=\"https:\/\/i0.wp.com\/www.robertosedda.it\/wp-content\/uploads\/2017\/06\/Schermata-del-2017-06-16-16-07-30.png?resize=800%2C318\" alt=\"\" width=\"800\" height=\"318\" srcset=\"https:\/\/i0.wp.com\/www.robertosedda.it\/wp-content\/uploads\/2017\/06\/Schermata-del-2017-06-16-16-07-30.png?w=1161 1161w, https:\/\/i0.wp.com\/www.robertosedda.it\/wp-content\/uploads\/2017\/06\/Schermata-del-2017-06-16-16-07-30.png?resize=150%2C60 150w, https:\/\/i0.wp.com\/www.robertosedda.it\/wp-content\/uploads\/2017\/06\/Schermata-del-2017-06-16-16-07-30.png?resize=300%2C119 300w, https:\/\/i0.wp.com\/www.robertosedda.it\/wp-content\/uploads\/2017\/06\/Schermata-del-2017-06-16-16-07-30.png?resize=510%2C203 510w, https:\/\/i0.wp.com\/www.robertosedda.it\/wp-content\/uploads\/2017\/06\/Schermata-del-2017-06-16-16-07-30.png?resize=700%2C279 700w\" sizes=\"(max-width: 800px) 100vw, 800px\" data-recalc-dims=\"1\" \/><\/a>Di solito cerco di scrivere qualcosa sul <em> blog<\/em> tutti i giorni, escluso il <em>week-end<\/em>, ma in questi ultimi mesi mi capita di non mantenere affatto questo ritmo: per restare a questa settimana, luned\u00ec e marted\u00ec non ho scritto niente e nemmeno ieri.<\/p>\n<p>Ora, non \u00e8 che tenga il <em>blog<\/em> per &#8220;fare utenti&#8221;, per\u00f2 \u00e8 anche vero che se scopri che nessuno pi\u00f9 passa di qua poi un po&#8217; ti secca, quindi oggi ho fatto un salto su <em>Analytics<\/em> per vedere cosa stava andando e, si insomma, se stavo guastando il giocattolo.<\/p>\n<p>Tutto sommato non parrebbe, ma non \u00e8 tanto di questo che volevo parlare. Il fatto \u00e8 che giusto luned\u00ec e marted\u00ec sono stati due giorni con molte visite.<\/p>\n<p>\u00c8 una cosa che noto da un p\u00f2, ma sulla quale non avevo mai riflettuto. \u00c8 come se, in un certo senso, il <em>blog<\/em> vivesse di ritmi tutti suoi, diversi da quelli della mia vita, delle mie opinioni e di quel che sento.<\/p>\n<p>In certi casi la corrispondenza fra i miei pensieri e la reazione del pubblico (chiamiamolo cos\u00ec) \u00e8 immediata: l&#8217;<a href=\"http:\/\/www.robertosedda.it\/?p=4245\">invettiva sui sardi<\/a>, per esempio, fece un botto di visite (tuttora rimane il <em>record<\/em> del <em>blog<\/em>) ma poi non se l&#8217;\u00e8 filata pi\u00f9 nessuno (io, peraltro, continuo molto fieramente a pensarla allo stesso modo). Un po&#8217; qualcosa di simile \u00e8 successo recentemente sui <a href=\"http:\/\/www.robertosedda.it\/?p=13775\">vaccini<\/a>.<\/p>\n<p>Ma in altri casi non c&#8217;\u00e8 nemmeno quel collegamento immediato: l&#8217;articolo pi\u00f9 visitato sul <em>blog<\/em> \u00e8 quello su <a href=\"http:\/\/www.robertosedda.it\/?p=2202\">come scrivere a una Segreteria studenti<\/a>; all&#8217;inizio non se l&#8217;\u00e8 filato nessuno, \u00e8 cresciuto piano piano per conto suo \u00e8 oggi \u00e8 sempre fra gli articoli pi\u00f9 letti della giornata. Bernard Cornwell e i suoi re sassoni, le statuette di Thun della Guardia di Finanza sono casi simili. Da poco qualcuno ha messo su un <em>blog<\/em> (peraltro inneggiante alla insurrezione filorussa del Donbass) la mia traduzione dell&#8217;articolo sull&#8217;<a href=\"http:\/\/www.robertosedda.it\/?p=10410\">esperimento delle scimmie<\/a> , che veramente pochissimi avevano mai notato, e improvvisamente \u00e8 schizzato in cima alla classifica.<\/p>\n<p>Misteri delle alchimie degli algoritmi di ricerca, evidentemente. Ma dal punto di vista personale non \u00e8 tanto questo che \u00e8 interessante, quanto il salutare bagno di umilt\u00e0: non se ne accorge nessuno, parrebbe, se non scrivo, tutto va bene per conto suo. E d&#8217;altra parte se non scrivessi allora nel futuro non ci sarebbe pi\u00f9 materiale per alimentare questa vita autonoma che il sito vive per conto suo.<\/p>\n<p>E d&#8217;altra parte, umilt\u00e0 o non umilt\u00e0, un po&#8217; ti pare strano scrivere oggi cose che magari qualcuno potrebbe commentarti fra, boh, tre anni, perch\u00e9 magari casualmente hai scritto una cosa che il motore di ricerca ha macinato per un sacco di tempo e risputato fuori inopinatamente: avr\u00f2 ancora le stesse opinioni? Mi ricorder\u00f2 perch\u00e9 ho scritto quello che ho scritto, cosa mi era piaciuto o no di quel film, libro o fumetto?<\/p>\n<p>Il mondo va avanti per conto suo.<\/p>\n","protected":false},"excerpt":{"rendered":"<p>Di solito cerco di scrivere qualcosa sul blog tutti i giorni, escluso il week-end, ma in questi ultimi mesi mi<\/p>\n","protected":false},"author":1,"featured_media":13854,"comment_status":"open","ping_status":"open","sticky":false,"template":"","format":"standard","meta":{"_mi_skip_tracking":false,"_monsterinsights_sitenote_active":false,"_monsterinsights_sitenote_note":"","_monsterinsights_sitenote_category":0,"jetpack_post_was_ever_published":false,"_jetpack_newsletter_access":"","jetpack_publicize_message":"","jetpack_is_tweetstorm":false,"jetpack_publicize_feature_enabled":true,"jetpack_social_post_already_shared":true,"jetpack_social_options":{"image_generator_settings":{"template":"highway","enabled":false}}},"categories":[52,86,53,17,16],"tags":[],"jetpack_publicize_connections":[],"jetpack_featured_media_url":"https:\/\/i0.wp.com\/www.robertosedda.it\/wp-content\/uploads\/2017\/06\/Schermata-del-2017-06-16-16-07-30.png?fit=1161%2C462","jetpack_sharing_enabled":true,"jetpack_shortlink":"https:\/\/wp.me\/p4jV2T-3Br","jetpack_likes_enabled":true,"jetpack-related-posts":[{"id":13118,"url":"http:\/\/www.robertosedda.it\/?p=13118","url_meta":{"origin":13853,"position":0},"title":"Media overexoposition","author":"Rufus","date":"19\/01\/2017","format":"video","excerpt":"Che da domani inizia la\u00a0Global Game Jam -\u00a0tra l'altro con un bellissimo convegno, al quale siete tutti invitati, e di cui vedete qui sotto l'immagine di lancio - credo che lo sappiano tutti i lettori di questo blog e i miei amici. Una delle cose buffe di questi due mesi\u2026","rel":"","context":"In &quot;Coordinate&quot;","block_context":{"text":"Coordinate","link":"http:\/\/www.robertosedda.it\/?cat=52"},"img":{"alt_text":"","src":"https:\/\/i0.wp.com\/www.robertosedda.it\/wp-content\/uploads\/2017\/01\/Il-gioco-rompe-confini.jpg?fit=998%2C380&resize=350%2C200","width":350,"height":200,"srcset":"https:\/\/i0.wp.com\/www.robertosedda.it\/wp-content\/uploads\/2017\/01\/Il-gioco-rompe-confini.jpg?fit=998%2C380&resize=350%2C200 1x, https:\/\/i0.wp.com\/www.robertosedda.it\/wp-content\/uploads\/2017\/01\/Il-gioco-rompe-confini.jpg?fit=998%2C380&resize=700%2C400 2x"},"classes":[]},{"id":4220,"url":"http:\/\/www.robertosedda.it\/?p=4220","url_meta":{"origin":13853,"position":1},"title":"Buone vacanze!","author":"Rufus","date":"03\/08\/2013","format":false,"excerpt":"Passer\u00f2 i prossimi giorni a Tonara, nel centro della Sardegna, quindi anche il blog si prende una vacanza. Mi porto dietro il\u00a0computer (luned\u00ec c'\u00e8 una\u00a0Skype call con i coordinatori dei vari gruppi di soci dell'Area Centro di Banca Etica) ma non conto di scrivere frequentemente sul blog:\u00a0 potr\u00e0 capitare ogni\u2026","rel":"","context":"In &quot;Coordinate&quot;","block_context":{"text":"Coordinate","link":"http:\/\/www.robertosedda.it\/?cat=52"},"img":{"alt_text":"","src":"https:\/\/i0.wp.com\/www.robertosedda.it\/wp-content\/uploads\/2013\/08\/ALIM0692.jpg?fit=1200%2C900&resize=350%2C200","width":350,"height":200,"srcset":"https:\/\/i0.wp.com\/www.robertosedda.it\/wp-content\/uploads\/2013\/08\/ALIM0692.jpg?fit=1200%2C900&resize=350%2C200 1x, https:\/\/i0.wp.com\/www.robertosedda.it\/wp-content\/uploads\/2013\/08\/ALIM0692.jpg?fit=1200%2C900&resize=700%2C400 2x, https:\/\/i0.wp.com\/www.robertosedda.it\/wp-content\/uploads\/2013\/08\/ALIM0692.jpg?fit=1200%2C900&resize=1050%2C600 3x"},"classes":[]},{"id":15799,"url":"http:\/\/www.robertosedda.it\/?p=15799","url_meta":{"origin":13853,"position":2},"title":"Cambio di immagine","author":"Rufus","date":"02\/11\/2018","format":false,"excerpt":"Marted\u00ec sera sono andato a sentire gli Scrittori da panico\u00a0 al Babeuf\u00a0(Dario Dess\u00ec e Lalla Careddu sugli scudi, insieme a un racconto sul calcetto dopo i quarant'anni di cui non ricordo l'autore ma che faceva\u00a0paurissima) e Riccardo Atzeni, che sul palco faceva disegni...\u00a0da panico, mi ha fatto questa caricatura di\u2026","rel":"","context":"In &quot;Coordinate&quot;","block_context":{"text":"Coordinate","link":"http:\/\/www.robertosedda.it\/?cat=52"},"img":{"alt_text":"","src":"https:\/\/i0.wp.com\/www.robertosedda.it\/wp-content\/uploads\/2018\/10\/Rufus.png?fit=834%2C820&resize=350%2C200","width":350,"height":200,"srcset":"https:\/\/i0.wp.com\/www.robertosedda.it\/wp-content\/uploads\/2018\/10\/Rufus.png?fit=834%2C820&resize=350%2C200 1x, https:\/\/i0.wp.com\/www.robertosedda.it\/wp-content\/uploads\/2018\/10\/Rufus.png?fit=834%2C820&resize=700%2C400 2x"},"classes":[]},{"id":17772,"url":"http:\/\/www.robertosedda.it\/?p=17772","url_meta":{"origin":13853,"position":3},"title":"Due righe di fatti miei","author":"Rufus","date":"30\/01\/2020","format":false,"excerpt":"Considerato che il blog mi serve un po' come una sorta di diario personale, mi permetto elencare qui una serie di apparizioni, comparse e altre cose accadute negli ultimi tempi, che se no mi dimentico. Intanto, sono andato a Radio Kalaritana l'8 gennaio, per parlare in anteprima di Economia che\u2026","rel":"","context":"In &quot;Coordinate&quot;","block_context":{"text":"Coordinate","link":"http:\/\/www.robertosedda.it\/?cat=52"},"img":{"alt_text":"","src":"https:\/\/i0.wp.com\/www.robertosedda.it\/wp-content\/uploads\/2020\/01\/A-CASA-LORO-Locandina-Gennaio-Feb-DEF2-724x1024-1.jpg?fit=724%2C1024&resize=350%2C200","width":350,"height":200,"srcset":"https:\/\/i0.wp.com\/www.robertosedda.it\/wp-content\/uploads\/2020\/01\/A-CASA-LORO-Locandina-Gennaio-Feb-DEF2-724x1024-1.jpg?fit=724%2C1024&resize=350%2C200 1x, https:\/\/i0.wp.com\/www.robertosedda.it\/wp-content\/uploads\/2020\/01\/A-CASA-LORO-Locandina-Gennaio-Feb-DEF2-724x1024-1.jpg?fit=724%2C1024&resize=700%2C400 2x"},"classes":[]},{"id":14058,"url":"http:\/\/www.robertosedda.it\/?p=14058","url_meta":{"origin":13853,"position":4},"title":"Si riprende!","author":"Rufus","date":"21\/08\/2017","format":false,"excerpt":"Vedo che l'ultimo articolo su questo blog l'ho scritto il 3 agosto. Il 6 sono andato in vacanza e non ho pi\u00f9 scritto: rispetto agli anni scorsi la vacanza era pi\u00f9 intensa, il tempo minore, la connessione wi-fi dell'albergo meno efficiente, e insomma non ho scritto. Facebook era molto preoccupato.\u2026","rel":"","context":"In &quot;Coordinate&quot;","block_context":{"text":"Coordinate","link":"http:\/\/www.robertosedda.it\/?cat=52"},"img":{"alt_text":"","src":"https:\/\/i0.wp.com\/www.robertosedda.it\/wp-content\/uploads\/2017\/08\/ALIM4919.jpg?fit=1200%2C900&resize=350%2C200","width":350,"height":200,"srcset":"https:\/\/i0.wp.com\/www.robertosedda.it\/wp-content\/uploads\/2017\/08\/ALIM4919.jpg?fit=1200%2C900&resize=350%2C200 1x, https:\/\/i0.wp.com\/www.robertosedda.it\/wp-content\/uploads\/2017\/08\/ALIM4919.jpg?fit=1200%2C900&resize=700%2C400 2x, https:\/\/i0.wp.com\/www.robertosedda.it\/wp-content\/uploads\/2017\/08\/ALIM4919.jpg?fit=1200%2C900&resize=1050%2C600 3x"},"classes":[]},{"id":11356,"url":"http:\/\/www.robertosedda.it\/?p=11356","url_meta":{"origin":13853,"position":5},"title":"Natale in casa Cupiello (e auguri)","author":"Rufus","date":"29\/12\/2015","format":false,"excerpt":"Dopo il\u00a0Volpone di Ben Jonson ho dedicato diverse puntate di Oggi parliamo di libri\u00a0alla figura straordinaria di William Shakespeare. In reralt\u00e0 non ho ancora finito: dopo la pausa natalizia chiuder\u00f2 il ciclo con\u00a0Molto rumore per nulla. Nel frattempo, per\u00f2, e anche come occasione per fare a tutti gli auguri di\u2026","rel":"","context":"In &quot;Coordinate&quot;","block_context":{"text":"Coordinate","link":"http:\/\/www.robertosedda.it\/?cat=52"},"img":{"alt_text":"","src":"https:\/\/i0.wp.com\/www.robertosedda.it\/wp-content\/uploads\/2015\/12\/Eduardo-Natale-in-casa-Cupiello.jpg?fit=1200%2C863&resize=350%2C200","width":350,"height":200,"srcset":"https:\/\/i0.wp.com\/www.robertosedda.it\/wp-content\/uploads\/2015\/12\/Eduardo-Natale-in-casa-Cupiello.jpg?fit=1200%2C863&resize=350%2C200 1x, https:\/\/i0.wp.com\/www.robertosedda.it\/wp-content\/uploads\/2015\/12\/Eduardo-Natale-in-casa-Cupiello.jpg?fit=1200%2C863&resize=700%2C400 2x, https:\/\/i0.wp.com\/www.robertosedda.it\/wp-content\/uploads\/2015\/12\/Eduardo-Natale-in-casa-Cupiello.jpg?fit=1200%2C863&resize=1050%2C600 3x"},"classes":[]}],"_links":{"self":[{"href":"http:\/\/www.robertosedda.it\/index.php?rest_route=\/wp\/v2\/posts\/13853"}],"collection":[{"href":"http:\/\/www.robertosedda.it\/index.php?rest_route=\/wp\/v2\/posts"}],"about":[{"href":"http:\/\/www.robertosedda.it\/index.php?rest_route=\/wp\/v2\/types\/post"}],"author":[{"embeddable":true,"href":"http:\/\/www.robertosedda.it\/index.php?rest_route=\/wp\/v2\/users\/1"}],"replies":[{"embeddable":true,"href":"http:\/\/www.robertosedda.it\/index.php?rest_route=%2Fwp%2Fv2%2Fcomments&post=13853"}],"version-history":[{"count":6,"href":"http:\/\/www.robertosedda.it\/index.php?rest_route=\/wp\/v2\/posts\/13853\/revisions"}],"predecessor-version":[{"id":19754,"href":"http:\/\/www.robertosedda.it\/index.php?rest_route=\/wp\/v2\/posts\/13853\/revisions\/19754"}],"wp:featuredmedia":[{"embeddable":true,"href":"http:\/\/www.robertosedda.it\/index.php?rest_route=\/wp\/v2\/media\/13854"}],"wp:attachment":[{"href":"http:\/\/www.robertosedda.it\/index.php?rest_route=%2Fwp%2Fv2%2Fmedia&parent=13853"}],"wp:term":[{"taxonomy":"category","embeddable":true,"href":"http:\/\/www.robertosedda.it\/index.php?rest_route=%2Fwp%2Fv2%2Fcategories&post=13853"},{"taxonomy":"post_tag","embeddable":true,"href":"http:\/\/www.robertosedda.it\/index.php?rest_route=%2Fwp%2Fv2%2Ftags&post=13853"}],"curies":[{"name":"wp","href":"https:\/\/api.w.org\/{rel}","templated":true}]}}