{"id":13832,"date":"2017-06-09T14:23:31","date_gmt":"2017-06-09T12:23:31","guid":{"rendered":"http:\/\/www.robertosedda.it\/?p=13832"},"modified":"2017-07-04T16:57:18","modified_gmt":"2017-07-04T14:57:18","slug":"nessuna-pieta-siamo-inglesi","status":"publish","type":"post","link":"http:\/\/www.robertosedda.it\/?p=13832","title":{"rendered":"Nessuna piet\u00e0, siamo inglesi"},"content":{"rendered":"<p>Stanotte, lo confesso, ho fatto le ore piccole per seguire le elezioni inglesi.<\/p>\n<p>Quando sono andato a dormire, peraltro, Corbyn era in testa di due punti percentuali e una decina di seggi: facile dire che questo dipendeva dalla particolare conformazione politica e demografica dei collegi\u00a0scrutinati fino a quel momento; stamattina, vedendo i risultati, mi sono chiesto se non avrei dovuto fare come Mos\u00e8 alla battaglia di Refidim<\/p>\n<blockquote><p>Allora Amalek venne a combattere contro Israele a Refidim.\u00a0Mos\u00e8 disse a Giosu\u00e8: \u00abScegli per noi alcuni uomini ed esci in battaglia contro Amalek. Domani io star\u00f2 ritto sulla cima del colle con in mano il bastone di Dio\u00bb. Giosu\u00e8 esegu\u00ec quanto gli aveva ordinato Mos\u00e8 per combattere contro Amalek, mentre Mos\u00e8, Aronne, e Cur salirono sulla cima del colle. Quando Mos\u00e8 alzava le mani, Israele era il pi\u00f9 forte, ma quando le lasciava cadere, era pi\u00f9 forte Amalek. Poich\u00e9 Mos\u00e8 sentiva pesare le mani dalla stanchezza, presero una pietra, la collocarono sotto di lui ed egli vi sedette, mentre Aronne e Cur, uno da una parte e l&#8217;altro dall&#8217;altra, sostenevano le sue mani. Cos\u00ec le sue mani rimasero ferme fino al tramonto del sole. Giosu\u00e8 sconfisse Amalek e il suo popolo passandoli poi a fil di spada (Es. 17,8-13)<\/p><\/blockquote>\n<p>e quindi legarmi in qualche modo davanti al computer finch\u00e9 i Laburisti non avessero finito di passare a fil di spada i <em>Tories<\/em>.<\/p>\n<p>Questi pensieri bellicosi, in realt\u00e0, nascono da una curiosa scoperta linguistica che ho fatto stanotte. Pi\u00f9 volte, infatti, i commentatori facevano riferimento allo\u00a0<em>scalpare<\/em>. Siccome siamo nel maggioritario secco <i>dove chi vince prende l&#8217;unico seggio disponibile e lascia i concorrenti a bocca asciutta, inizialmente credevo che\u00a0<\/i><em>scalpare<\/em> fosse una espressione colorita per intendere il vincere il collegio, magari riconquistandolo all&#8217;avversario che l&#8217;aveva occupato\u00a0in elezioni passate (tutta l&#8217;enfasi dei commenti era, infatti, sul <em>tenere<\/em> il seggio o\u00a0<em>conquistarlo<\/em>).<\/p>\n<p><a href=\"https:\/\/i0.wp.com\/www.robertosedda.it\/wp-content\/uploads\/2017\/06\/Corvo-rosso.jpg\"><img data-attachment-id=\"13835\" data-permalink=\"http:\/\/www.robertosedda.it\/?attachment_id=13835\" data-orig-file=\"https:\/\/i0.wp.com\/www.robertosedda.it\/wp-content\/uploads\/2017\/06\/Corvo-rosso.jpg?fit=660%2C894\" data-orig-size=\"660,894\" data-comments-opened=\"1\" data-image-meta=\"{&quot;aperture&quot;:&quot;0&quot;,&quot;credit&quot;:&quot;&quot;,&quot;camera&quot;:&quot;&quot;,&quot;caption&quot;:&quot;&quot;,&quot;created_timestamp&quot;:&quot;0&quot;,&quot;copyright&quot;:&quot;&quot;,&quot;focal_length&quot;:&quot;0&quot;,&quot;iso&quot;:&quot;0&quot;,&quot;shutter_speed&quot;:&quot;0&quot;,&quot;title&quot;:&quot;&quot;,&quot;orientation&quot;:&quot;0&quot;}\" data-image-title=\"Corvo rosso\" data-image-description=\"\" data-image-caption=\"\" data-medium-file=\"https:\/\/i0.wp.com\/www.robertosedda.it\/wp-content\/uploads\/2017\/06\/Corvo-rosso.jpg?fit=221%2C300\" data-large-file=\"https:\/\/i0.wp.com\/www.robertosedda.it\/wp-content\/uploads\/2017\/06\/Corvo-rosso.jpg?fit=510%2C691\" decoding=\"async\" loading=\"lazy\" class=\"aligncenter size-full wp-image-13835\" src=\"https:\/\/i0.wp.com\/www.robertosedda.it\/wp-content\/uploads\/2017\/06\/Corvo-rosso.jpg?resize=660%2C894\" alt=\"\" width=\"660\" height=\"894\" srcset=\"https:\/\/i0.wp.com\/www.robertosedda.it\/wp-content\/uploads\/2017\/06\/Corvo-rosso.jpg?w=660 660w, https:\/\/i0.wp.com\/www.robertosedda.it\/wp-content\/uploads\/2017\/06\/Corvo-rosso.jpg?resize=111%2C150 111w, https:\/\/i0.wp.com\/www.robertosedda.it\/wp-content\/uploads\/2017\/06\/Corvo-rosso.jpg?resize=221%2C300 221w, https:\/\/i0.wp.com\/www.robertosedda.it\/wp-content\/uploads\/2017\/06\/Corvo-rosso.jpg?resize=510%2C691 510w\" sizes=\"(max-width: 660px) 100vw, 660px\" data-recalc-dims=\"1\" \/><\/a>A un certo punto, per\u00f2, dopo che lo\u00a0<em>Scottish National Party\u00a0<\/em>ha visto eliminare due dei propri esponenti principali, ho capito che non si scalpa l&#8217;avversario, strappandogli il seggio.<\/p>\n<p>No, si scalpa il partito nemico.<\/p>\n<p>Eliminandogli i <em>leader<\/em>, cio\u00e8, appunto, l&#8217;ornamento del partito. Se elimino un gregario, non si usa questa espressione. Se elimino il bersaglio grosso, invece, ho scalpato\u00a0il partito.<\/p>\n<p>Ieri i Laburisti hanno preso vari\u00a0scalpi &#8211; ministri conservatori o esponenti di punta &#8211; e i Conservatori, a loro volta, hanno scalpato i nazionalisti scozzesi. I Liberaldemocratici, peraltro, sono stati scalpati un po&#8217; da tutti, anche se come numero complessivo di seggi non sono andati malissimo.<\/p>\n<p>La cosa mi ha abbastanza colpito, perch\u00e9 mi immaginavo il linguaggio politico inglese molto pi\u00f9 soffuso di sottintesi e di\u00a0<em>aplomb<\/em>. Congratulazioni all&#8217;avversario, dispiacere per non poter ritrovare a Westminster un degno avversario. Cose cos\u00ec, per non parlare del fatto che in Italia, anche fatta la tara al sistema elettorale diverso (qualunque esso sia), di solito non si sfidano personalmente i\u00a0<em>leader <\/em>avversari. Vivi e lascia vivere.<\/p>\n<p>Invece qui manco per sogno. Una banda di\u00a0<em>apache <\/em>assetati di sangue alla ricerca del cadavere del nemico da esibire come trofeo.<\/p>\n<p><a href=\"https:\/\/i0.wp.com\/www.robertosedda.it\/wp-content\/uploads\/2017\/06\/Scalpare.jpg\"><img data-attachment-id=\"13834\" data-permalink=\"http:\/\/www.robertosedda.it\/?attachment_id=13834\" data-orig-file=\"https:\/\/i0.wp.com\/www.robertosedda.it\/wp-content\/uploads\/2017\/06\/Scalpare.jpg?fit=1024%2C718\" data-orig-size=\"1024,718\" data-comments-opened=\"1\" data-image-meta=\"{&quot;aperture&quot;:&quot;0&quot;,&quot;credit&quot;:&quot;Library of Congress&quot;,&quot;camera&quot;:&quot;&quot;,&quot;caption&quot;:&quot;&quot;,&quot;created_timestamp&quot;:&quot;0&quot;,&quot;copyright&quot;:&quot;&quot;,&quot;focal_length&quot;:&quot;0&quot;,&quot;iso&quot;:&quot;0&quot;,&quot;shutter_speed&quot;:&quot;0&quot;,&quot;title&quot;:&quot;&quot;,&quot;orientation&quot;:&quot;0&quot;}\" data-image-title=\"Scalpare\" data-image-description=\"\" data-image-caption=\"\" data-medium-file=\"https:\/\/i0.wp.com\/www.robertosedda.it\/wp-content\/uploads\/2017\/06\/Scalpare.jpg?fit=300%2C210\" data-large-file=\"https:\/\/i0.wp.com\/www.robertosedda.it\/wp-content\/uploads\/2017\/06\/Scalpare.jpg?fit=510%2C358\" decoding=\"async\" loading=\"lazy\" class=\"aligncenter size-full wp-image-13834\" src=\"https:\/\/i0.wp.com\/www.robertosedda.it\/wp-content\/uploads\/2017\/06\/Scalpare.jpg?resize=800%2C561\" alt=\"\" width=\"800\" height=\"561\" srcset=\"https:\/\/i0.wp.com\/www.robertosedda.it\/wp-content\/uploads\/2017\/06\/Scalpare.jpg?w=1024 1024w, https:\/\/i0.wp.com\/www.robertosedda.it\/wp-content\/uploads\/2017\/06\/Scalpare.jpg?resize=150%2C105 150w, https:\/\/i0.wp.com\/www.robertosedda.it\/wp-content\/uploads\/2017\/06\/Scalpare.jpg?resize=300%2C210 300w, https:\/\/i0.wp.com\/www.robertosedda.it\/wp-content\/uploads\/2017\/06\/Scalpare.jpg?resize=510%2C358 510w, https:\/\/i0.wp.com\/www.robertosedda.it\/wp-content\/uploads\/2017\/06\/Scalpare.jpg?resize=700%2C491 700w\" sizes=\"(max-width: 800px) 100vw, 800px\" data-recalc-dims=\"1\" \/><\/a>Mi ha abbastanza colpito: anche divertito, naturalmente, ma soprattutto\u00a0colpito. Perch\u00e9 indica un senso di partigianeria &#8211; e anche di personalizzazione dello scontro &#8211; non da poco. In Italia, con tutte le cose incredibili che succedono nella nostra politica, presentare i pi\u00f9 esposti dei parlamentari avversari come teste da tagliare e appendere al muro farebbe ancora problema<a href=\"https:\/\/i0.wp.com\/www.robertosedda.it\/wp-content\/uploads\/2017\/06\/Scalpi.gif\"><img data-attachment-id=\"13836\" data-permalink=\"http:\/\/www.robertosedda.it\/?attachment_id=13836\" data-orig-file=\"https:\/\/i0.wp.com\/www.robertosedda.it\/wp-content\/uploads\/2017\/06\/Scalpi.gif?fit=805%2C1025\" data-orig-size=\"805,1025\" data-comments-opened=\"1\" data-image-meta=\"{&quot;aperture&quot;:&quot;0&quot;,&quot;credit&quot;:&quot;&quot;,&quot;camera&quot;:&quot;&quot;,&quot;caption&quot;:&quot;&quot;,&quot;created_timestamp&quot;:&quot;0&quot;,&quot;copyright&quot;:&quot;&quot;,&quot;focal_length&quot;:&quot;0&quot;,&quot;iso&quot;:&quot;0&quot;,&quot;shutter_speed&quot;:&quot;0&quot;,&quot;title&quot;:&quot;&quot;,&quot;orientation&quot;:&quot;0&quot;}\" data-image-title=\"Scalpi\" data-image-description=\"\" data-image-caption=\"\" data-medium-file=\"https:\/\/i0.wp.com\/www.robertosedda.it\/wp-content\/uploads\/2017\/06\/Scalpi.gif?fit=236%2C300\" data-large-file=\"https:\/\/i0.wp.com\/www.robertosedda.it\/wp-content\/uploads\/2017\/06\/Scalpi.gif?fit=510%2C649\" decoding=\"async\" loading=\"lazy\" class=\"aligncenter size-full wp-image-13836\" src=\"https:\/\/i0.wp.com\/www.robertosedda.it\/wp-content\/uploads\/2017\/06\/Scalpi.gif?resize=800%2C1019\" alt=\"\" width=\"800\" height=\"1019\" data-recalc-dims=\"1\" \/><\/a>anche se, naturalmente, il livello di offesa personale del nostro linguaggio politico \u00e8 molto maggiore. Un po&#8217; mi chiedo se si potrebbe costruire una differenza &#8211; nello stile dei nazionalisti ottocenteschi &#8211; fra il\u00a0<em>carattere<\/em>\u00a0latino e quello anglosassone: noi ci agitiamo e sbraitiamo, diamo dei <em>coglioni<\/em> a chi vota per gli avversari, ma poi alla fine dividiamo la crostata e tutto sommato ci aggiustiamo sempre; l\u00e0 \u00e8 tutto un\u00a0<em>signor<\/em> Corbyn<em> o\u00a0signora<\/em> May ma nel frattempo si affila il coltello.<\/p>\n<p>Senza piet\u00e0.<\/p>\n","protected":false},"excerpt":{"rendered":"<p>Stanotte, lo confesso, ho fatto le ore piccole per seguire le elezioni inglesi. Quando sono andato a dormire, peraltro, Corbyn<\/p>\n","protected":false},"author":1,"featured_media":13834,"comment_status":"open","ping_status":"open","sticky":false,"template":"","format":"standard","meta":{"_mi_skip_tracking":false,"_monsterinsights_sitenote_active":false,"_monsterinsights_sitenote_note":"","_monsterinsights_sitenote_category":0,"jetpack_post_was_ever_published":false,"_jetpack_newsletter_access":"","jetpack_publicize_message":"","jetpack_is_tweetstorm":false,"jetpack_publicize_feature_enabled":true,"jetpack_social_post_already_shared":true,"jetpack_social_options":{"image_generator_settings":{"template":"highway","enabled":false}}},"categories":[97,52,57,18,16],"tags":[],"jetpack_publicize_connections":[],"jetpack_featured_media_url":"https:\/\/i0.wp.com\/www.robertosedda.it\/wp-content\/uploads\/2017\/06\/Scalpare.jpg?fit=1024%2C718","jetpack_sharing_enabled":true,"jetpack_shortlink":"https:\/\/wp.me\/p4jV2T-3B6","jetpack_likes_enabled":true,"jetpack-related-posts":[{"id":10479,"url":"http:\/\/www.robertosedda.it\/?p=10479","url_meta":{"origin":13832,"position":0},"title":"Io non la compro","author":"Rufus","date":"01\/07\/2015","format":false,"excerpt":"Ricorderete che al momento dell'ultima chiusura ho raccontato del rapporto di affetto che mi ha legato per tanto tempo a\u00a0L'Unit\u00e0. Il giornale \u00e8 rientrato in edicola in questi giorni. Leggo che Renzi ha dichiarato: \u00abHo chiesto che l'Unit\u00e0 sia uno spazio di libert\u00e0, di confronto, di discussione\u00bb (l'enfasi \u00e8 mia).\u2026","rel":"","context":"In &quot;Coordinate&quot;","block_context":{"text":"Coordinate","link":"http:\/\/www.robertosedda.it\/?cat=52"},"img":{"alt_text":"","src":"https:\/\/i0.wp.com\/www.robertosedda.it\/wp-content\/uploads\/2015\/07\/Renzi-a-Berlino.jpg?fit=679%2C464&resize=350%2C200","width":350,"height":200},"classes":[]},{"id":17951,"url":"http:\/\/www.robertosedda.it\/?p=17951","url_meta":{"origin":13832,"position":1},"title":"Lectio al tempo del metro di distanza","author":"Rufus","date":"07\/03\/2020","format":false,"excerpt":"In un periodo in cui la pratica religiosa \u00e8 costretta a strani giri e rigiri dalle pratiche di salvaguardia dal contagio non \u00e8 una cattiva idea dare pi\u00f9 sazio quanto meno alla Parola, mi \u00e8 venuto in testa di pubblicare ogni sabato i materiali per fare lectio (potete consultare un\u2026","rel":"","context":"In &quot;Coordinate&quot;","block_context":{"text":"Coordinate","link":"http:\/\/www.robertosedda.it\/?cat=52"},"img":{"alt_text":"","src":"https:\/\/i0.wp.com\/www.robertosedda.it\/wp-content\/uploads\/2020\/03\/31f116a082e7d1bc1cada96cfa3c2b37.jpg?fit=467%2C600&resize=350%2C200","width":350,"height":200},"classes":[]},{"id":4101,"url":"http:\/\/www.robertosedda.it\/?p=4101","url_meta":{"origin":13832,"position":2},"title":"Quando il signor Luca torner\u00e0&#8230;","author":"Rufus","date":"24\/07\/2013","format":false,"excerpt":"Sto pensando di riprendere a scrivere storie del signor Luca. Per chi non lo sapesse si tratta di raccontini (temo, ahim\u00e9, fin troppo edificanti) che scrivevo su una defunta pubblicazione dell'Azione Cattolica diocesana, a proposito di un certo signor Luca e dei suoi amici della parrocchia: rileggendoli adesso vedo che\u2026","rel":"","context":"In &quot;Coordinate&quot;","block_context":{"text":"Coordinate","link":"http:\/\/www.robertosedda.it\/?cat=52"},"img":{"alt_text":"","src":"","width":0,"height":0},"classes":[]},{"id":9111,"url":"http:\/\/www.robertosedda.it\/?p=9111","url_meta":{"origin":13832,"position":3},"title":"Auguri di Natale","author":"Rufus","date":"25\/12\/2014","format":false,"excerpt":"Avevo in mente varie cose per farvi gli auguri di Natale, ma stamattina mi ha molto commosso la pagina del Vangelo di Giovanni, sentita mille volte ma ogni volta sempre straordinaria, e quindi la ripropongo. Dentro c'\u00e8 davvero di tutto e ognuno pu\u00f2 trovarvi il senso del suo Natale, e\u2026","rel":"","context":"In &quot;Coordinate&quot;","block_context":{"text":"Coordinate","link":"http:\/\/www.robertosedda.it\/?cat=52"},"img":{"alt_text":"","src":"https:\/\/i0.wp.com\/www.robertosedda.it\/wp-content\/uploads\/2014\/12\/Icona-Rublev-Natale.jpg?fit=600%2C762&resize=350%2C200","width":350,"height":200},"classes":[]},{"id":7965,"url":"http:\/\/www.robertosedda.it\/?p=7965","url_meta":{"origin":13832,"position":4},"title":"Ho ucciso un uomo per una mia scalfittura e un ragazzo per un mio livido","author":"Rufus","date":"17\/07\/2014","format":false,"excerpt":"Mi sono accuratamente guardato, sinora, dal parlare di guerra in Palestina. Un po' dipende dal fatto\u00a0che non sempre si ha qualcosa da dire e bisogna saper stare zitti, un po' (molto) per la sensazione di impotenza rispetto agli eventi, e infine un po' perch\u00e9 disgustato dalla canaia dei tifosi ad\u2026","rel":"","context":"In &quot;Coordinate&quot;","block_context":{"text":"Coordinate","link":"http:\/\/www.robertosedda.it\/?cat=52"},"img":{"alt_text":"","src":"https:\/\/i0.wp.com\/www.robertosedda.it\/wp-content\/uploads\/2014\/07\/PIEF-Preghiera-pace-2014.jpeg?resize=350%2C200","width":350,"height":200,"srcset":"https:\/\/i0.wp.com\/www.robertosedda.it\/wp-content\/uploads\/2014\/07\/PIEF-Preghiera-pace-2014.jpeg?resize=350%2C200 1x, https:\/\/i0.wp.com\/www.robertosedda.it\/wp-content\/uploads\/2014\/07\/PIEF-Preghiera-pace-2014.jpeg?resize=700%2C400 2x"},"classes":[]},{"id":12747,"url":"http:\/\/www.robertosedda.it\/?p=12747","url_meta":{"origin":13832,"position":5},"title":"Sadducei adolescenti","author":"Rufus","date":"08\/11\/2016","format":false,"excerpt":"Domenica a Messa\u00a0la liturgia della Parola\u00a0proponeva con forza il tema della vita eterna.\u00a0Era gi\u00e0 evidente nella prima lettura, presa dai Maccabei, e nella fede nella resurrezione dei pii ebrei martirizzati da Antioco,\u00a0e trovava il suo compimento nel Vangelo (Mt 22,23-32). In quello stesso giorno vennero a lui dei sadducei, i\u2026","rel":"","context":"In &quot;Coordinate&quot;","block_context":{"text":"Coordinate","link":"http:\/\/www.robertosedda.it\/?cat=52"},"img":{"alt_text":"","src":"https:\/\/i0.wp.com\/www.robertosedda.it\/wp-content\/uploads\/2016\/11\/Meme-scemi.jpg?fit=550%2C545&resize=350%2C200","width":350,"height":200},"classes":[]}],"_links":{"self":[{"href":"http:\/\/www.robertosedda.it\/index.php?rest_route=\/wp\/v2\/posts\/13832"}],"collection":[{"href":"http:\/\/www.robertosedda.it\/index.php?rest_route=\/wp\/v2\/posts"}],"about":[{"href":"http:\/\/www.robertosedda.it\/index.php?rest_route=\/wp\/v2\/types\/post"}],"author":[{"embeddable":true,"href":"http:\/\/www.robertosedda.it\/index.php?rest_route=\/wp\/v2\/users\/1"}],"replies":[{"embeddable":true,"href":"http:\/\/www.robertosedda.it\/index.php?rest_route=%2Fwp%2Fv2%2Fcomments&post=13832"}],"version-history":[{"count":3,"href":"http:\/\/www.robertosedda.it\/index.php?rest_route=\/wp\/v2\/posts\/13832\/revisions"}],"predecessor-version":[{"id":13838,"href":"http:\/\/www.robertosedda.it\/index.php?rest_route=\/wp\/v2\/posts\/13832\/revisions\/13838"}],"wp:featuredmedia":[{"embeddable":true,"href":"http:\/\/www.robertosedda.it\/index.php?rest_route=\/wp\/v2\/media\/13834"}],"wp:attachment":[{"href":"http:\/\/www.robertosedda.it\/index.php?rest_route=%2Fwp%2Fv2%2Fmedia&parent=13832"}],"wp:term":[{"taxonomy":"category","embeddable":true,"href":"http:\/\/www.robertosedda.it\/index.php?rest_route=%2Fwp%2Fv2%2Fcategories&post=13832"},{"taxonomy":"post_tag","embeddable":true,"href":"http:\/\/www.robertosedda.it\/index.php?rest_route=%2Fwp%2Fv2%2Ftags&post=13832"}],"curies":[{"name":"wp","href":"https:\/\/api.w.org\/{rel}","templated":true}]}}