{"id":13759,"date":"2017-05-23T09:31:02","date_gmt":"2017-05-23T07:31:02","guid":{"rendered":"http:\/\/www.robertosedda.it\/?p=13759"},"modified":"2017-06-16T16:31:26","modified_gmt":"2017-06-16T14:31:26","slug":"cose-del-passato","status":"publish","type":"post","link":"http:\/\/www.robertosedda.it\/?p=13759","title":{"rendered":"Cose del passato"},"content":{"rendered":"<p>L&#8217;Inossidabile conserva tutto, ma proprio tutto.<\/p>\n<p>E l&#8217;altro giorno, complice un invito a un pranzo di famiglia succulento, ha estratto dai suoi tesori nascosti questo tema di Iole che, diciamo cos\u00ec, mi riguarda da vicino.<\/p>\n<p>Il tema conferma una cosa che disse una volta il mio amico Alessandro Celoni. Era a Cagliari e io e Iole lo portammo a fare colazione. Lui rimase zitto quasi tutto il tempo, poi andando via mi disse: \u00abTua sorella \u00e8 molto simpatica&#8230;\u00bb.<\/p>\n<p>Pausa.<\/p>\n<p>\u00ab&#8230; certo, ti fa fare una vita d&#8217;inferno\u00bb.<a href=\"https:\/\/i0.wp.com\/www.robertosedda.it\/wp-content\/uploads\/2017\/05\/Tema-Iole-1.jpg\"><img data-attachment-id=\"13760\" data-permalink=\"http:\/\/www.robertosedda.it\/?attachment_id=13760\" data-orig-file=\"https:\/\/i0.wp.com\/www.robertosedda.it\/wp-content\/uploads\/2017\/05\/Tema-Iole-1.jpg?fit=720%2C960\" data-orig-size=\"720,960\" data-comments-opened=\"1\" data-image-meta=\"{&quot;aperture&quot;:&quot;0&quot;,&quot;credit&quot;:&quot;&quot;,&quot;camera&quot;:&quot;&quot;,&quot;caption&quot;:&quot;&quot;,&quot;created_timestamp&quot;:&quot;0&quot;,&quot;copyright&quot;:&quot;&quot;,&quot;focal_length&quot;:&quot;0&quot;,&quot;iso&quot;:&quot;0&quot;,&quot;shutter_speed&quot;:&quot;0&quot;,&quot;title&quot;:&quot;&quot;,&quot;orientation&quot;:&quot;0&quot;}\" data-image-title=\"Tema Iole 1\" data-image-description=\"\" data-image-caption=\"\" data-medium-file=\"https:\/\/i0.wp.com\/www.robertosedda.it\/wp-content\/uploads\/2017\/05\/Tema-Iole-1.jpg?fit=225%2C300\" data-large-file=\"https:\/\/i0.wp.com\/www.robertosedda.it\/wp-content\/uploads\/2017\/05\/Tema-Iole-1.jpg?fit=510%2C680\" decoding=\"async\" loading=\"lazy\" class=\"aligncenter size-full wp-image-13760\" src=\"https:\/\/i0.wp.com\/www.robertosedda.it\/wp-content\/uploads\/2017\/05\/Tema-Iole-1.jpg?resize=720%2C960\" alt=\"\" width=\"720\" height=\"960\" srcset=\"https:\/\/i0.wp.com\/www.robertosedda.it\/wp-content\/uploads\/2017\/05\/Tema-Iole-1.jpg?w=720 720w, https:\/\/i0.wp.com\/www.robertosedda.it\/wp-content\/uploads\/2017\/05\/Tema-Iole-1.jpg?resize=113%2C150 113w, https:\/\/i0.wp.com\/www.robertosedda.it\/wp-content\/uploads\/2017\/05\/Tema-Iole-1.jpg?resize=225%2C300 225w, https:\/\/i0.wp.com\/www.robertosedda.it\/wp-content\/uploads\/2017\/05\/Tema-Iole-1.jpg?resize=510%2C680 510w, https:\/\/i0.wp.com\/www.robertosedda.it\/wp-content\/uploads\/2017\/05\/Tema-Iole-1.jpg?resize=700%2C933 700w\" sizes=\"(max-width: 720px) 100vw, 720px\" data-recalc-dims=\"1\" \/><\/a><a href=\"https:\/\/i0.wp.com\/www.robertosedda.it\/wp-content\/uploads\/2017\/05\/Tema-Iole-2.jpg\"><img data-attachment-id=\"13761\" data-permalink=\"http:\/\/www.robertosedda.it\/?attachment_id=13761\" data-orig-file=\"https:\/\/i0.wp.com\/www.robertosedda.it\/wp-content\/uploads\/2017\/05\/Tema-Iole-2.jpg?fit=726%2C960\" data-orig-size=\"726,960\" data-comments-opened=\"1\" data-image-meta=\"{&quot;aperture&quot;:&quot;0&quot;,&quot;credit&quot;:&quot;&quot;,&quot;camera&quot;:&quot;&quot;,&quot;caption&quot;:&quot;&quot;,&quot;created_timestamp&quot;:&quot;0&quot;,&quot;copyright&quot;:&quot;&quot;,&quot;focal_length&quot;:&quot;0&quot;,&quot;iso&quot;:&quot;0&quot;,&quot;shutter_speed&quot;:&quot;0&quot;,&quot;title&quot;:&quot;&quot;,&quot;orientation&quot;:&quot;0&quot;}\" data-image-title=\"Tema Iole 2\" data-image-description=\"\" data-image-caption=\"\" data-medium-file=\"https:\/\/i0.wp.com\/www.robertosedda.it\/wp-content\/uploads\/2017\/05\/Tema-Iole-2.jpg?fit=227%2C300\" data-large-file=\"https:\/\/i0.wp.com\/www.robertosedda.it\/wp-content\/uploads\/2017\/05\/Tema-Iole-2.jpg?fit=510%2C674\" decoding=\"async\" loading=\"lazy\" class=\"aligncenter size-full wp-image-13761\" src=\"https:\/\/i0.wp.com\/www.robertosedda.it\/wp-content\/uploads\/2017\/05\/Tema-Iole-2.jpg?resize=726%2C960\" alt=\"\" width=\"726\" height=\"960\" srcset=\"https:\/\/i0.wp.com\/www.robertosedda.it\/wp-content\/uploads\/2017\/05\/Tema-Iole-2.jpg?w=726 726w, https:\/\/i0.wp.com\/www.robertosedda.it\/wp-content\/uploads\/2017\/05\/Tema-Iole-2.jpg?resize=113%2C150 113w, https:\/\/i0.wp.com\/www.robertosedda.it\/wp-content\/uploads\/2017\/05\/Tema-Iole-2.jpg?resize=227%2C300 227w, https:\/\/i0.wp.com\/www.robertosedda.it\/wp-content\/uploads\/2017\/05\/Tema-Iole-2.jpg?resize=510%2C674 510w, https:\/\/i0.wp.com\/www.robertosedda.it\/wp-content\/uploads\/2017\/05\/Tema-Iole-2.jpg?resize=700%2C926 700w\" sizes=\"(max-width: 726px) 100vw, 726px\" data-recalc-dims=\"1\" \/><\/a><\/p>\n","protected":false},"excerpt":{"rendered":"<p>L&#8217;Inossidabile conserva tutto, ma proprio tutto. E l&#8217;altro giorno, complice un invito a un pranzo di famiglia succulento, ha estratto<\/p>\n","protected":false},"author":1,"featured_media":13761,"comment_status":"open","ping_status":"open","sticky":false,"template":"","format":"standard","meta":{"_mi_skip_tracking":false,"_monsterinsights_sitenote_active":false,"_monsterinsights_sitenote_note":"","_monsterinsights_sitenote_category":0,"jetpack_post_was_ever_published":false,"_jetpack_newsletter_access":"","jetpack_publicize_message":"","jetpack_is_tweetstorm":false,"jetpack_publicize_feature_enabled":true,"jetpack_social_post_already_shared":true,"jetpack_social_options":{"image_generator_settings":{"template":"highway","enabled":false}}},"categories":[52,86,53,18,16],"tags":[],"jetpack_publicize_connections":[],"jetpack_featured_media_url":"https:\/\/i0.wp.com\/www.robertosedda.it\/wp-content\/uploads\/2017\/05\/Tema-Iole-2.jpg?fit=726%2C960","jetpack_sharing_enabled":true,"jetpack_shortlink":"https:\/\/wp.me\/p4jV2T-3zV","jetpack_likes_enabled":true,"jetpack-related-posts":[{"id":1409,"url":"http:\/\/www.robertosedda.it\/?p=1409","url_meta":{"origin":13759,"position":0},"title":"Quel che gli adolescenti non dicono","author":"Rufus","date":"22\/11\/2012","format":false,"excerpt":"Credo che avessi a malapena vent'anni. Mia sorella Iole non doveva ancora essere maggiorenne, o avere compiuto appena i diciott'anni, e aveva ottenuto il permesso dei miei genitori di andare in campeggio con la sua migliore amica, Rossella, in Costa Smeralda. I miei genitori erano abbastanza liberali: a\u00a0quattordici anni io\u2026","rel":"","context":"In &quot;Coordinate&quot;","block_context":{"text":"Coordinate","link":"http:\/\/www.robertosedda.it\/?cat=52"},"img":{"alt_text":"","src":"","width":0,"height":0},"classes":[]},{"id":14405,"url":"http:\/\/www.robertosedda.it\/?p=14405","url_meta":{"origin":13759,"position":1},"title":"Io e Leonardo Becchetti","author":"Rufus","date":"11\/12\/2017","format":false,"excerpt":"Io e Leonardo Becchetti saremo insieme alle 18 di gioved\u00ec 14 dicembre sul palco dell'Auditorium Comunale per il festival Lei, che quest'anno \u00e8 dedicato al tema della felicit\u00e0. E sar\u00e0 proprio sulla felicit\u00e0 la prima domanda che rivolger\u00f2 a Leonardo, per introdurre la presentazione del suo libro Capire l'economia in\u2026","rel":"","context":"In &quot;Coordinate&quot;","block_context":{"text":"Coordinate","link":"http:\/\/www.robertosedda.it\/?cat=52"},"img":{"alt_text":"","src":"https:\/\/i0.wp.com\/www.robertosedda.it\/wp-content\/uploads\/2017\/12\/Becchetti-LEI.jpg?fit=960%2C768&resize=350%2C200","width":350,"height":200,"srcset":"https:\/\/i0.wp.com\/www.robertosedda.it\/wp-content\/uploads\/2017\/12\/Becchetti-LEI.jpg?fit=960%2C768&resize=350%2C200 1x, https:\/\/i0.wp.com\/www.robertosedda.it\/wp-content\/uploads\/2017\/12\/Becchetti-LEI.jpg?fit=960%2C768&resize=700%2C400 2x"},"classes":[]},{"id":10554,"url":"http:\/\/www.robertosedda.it\/?p=10554","url_meta":{"origin":13759,"position":2},"title":"Luoghi cari al cuore","author":"Rufus","date":"16\/07\/2015","format":false,"excerpt":"Ieri sono andato per questioni di Banca Etica a Porto Torres. Finito quel che dovevo fare risalgo in macchina e vedo l'indicazione:\u00a0Stintino. Ventiquattro chilometri. Siccome ne faccio gi\u00e0 quasi cinquecento in una sola serata penso che una cinquantina in pi\u00f9 cosa vuoi che sia e quindi giro a destra invece\u2026","rel":"","context":"In &quot;Coordinate&quot;","block_context":{"text":"Coordinate","link":"http:\/\/www.robertosedda.it\/?cat=52"},"img":{"alt_text":"","src":"https:\/\/i0.wp.com\/www.robertosedda.it\/wp-content\/uploads\/2015\/07\/Iole-Sedda-e-famiglia.jpg?fit=960%2C720&resize=350%2C200","width":350,"height":200,"srcset":"https:\/\/i0.wp.com\/www.robertosedda.it\/wp-content\/uploads\/2015\/07\/Iole-Sedda-e-famiglia.jpg?fit=960%2C720&resize=350%2C200 1x, https:\/\/i0.wp.com\/www.robertosedda.it\/wp-content\/uploads\/2015\/07\/Iole-Sedda-e-famiglia.jpg?fit=960%2C720&resize=700%2C400 2x"},"classes":[]},{"id":676,"url":"http:\/\/www.robertosedda.it\/?p=676","url_meta":{"origin":13759,"position":3},"title":"Terra Futura 2006","author":"Rufus","date":"23\/08\/2012","format":false,"excerpt":"Non ho granch\u00e9 voglia di andare a Terra Futura: l'anno scorso ci sono stato con Bonaria e mi sono divertito tanto, ma quest'anno sono stanco, veramente stanco. Tuttavia il progetto Equal per cui lavoro ha fatto il colpaccio di organizzare l\u00ec un incontro fra diversi progetti di tutta Italia che\u2026","rel":"","context":"In &quot;Coordinate&quot;","block_context":{"text":"Coordinate","link":"http:\/\/www.robertosedda.it\/?cat=52"},"img":{"alt_text":"","src":"","width":0,"height":0},"classes":[]},{"id":10004,"url":"http:\/\/www.robertosedda.it\/?p=10004","url_meta":{"origin":13759,"position":4},"title":"Sopravvivere su Facebook","author":"Rufus","date":"21\/04\/2015","format":false,"excerpt":"Complice il raduno dei Delitala (a breve le foto) mia sorella Iole si \u00e8 finalmente iscritta su\u00a0Facebook. Zuckerberg, \u00e8 l'inizio della fine. Comunque quando l'ho scoperto il fratello maggiore che \u00e8 in me ha pensato: \u00abBisogna che le spieghi come funziona\u00a0Facebook\u00bb. E intendevo: chi seguire e chi no, come non\u2026","rel":"","context":"In &quot;Coordinate&quot;","block_context":{"text":"Coordinate","link":"http:\/\/www.robertosedda.it\/?cat=52"},"img":{"alt_text":"","src":"https:\/\/i0.wp.com\/www.robertosedda.it\/wp-content\/uploads\/2015\/04\/11150191_1386297198363344_2526490747846397730_n.jpg?fit=924%2C925&resize=350%2C200","width":350,"height":200,"srcset":"https:\/\/i0.wp.com\/www.robertosedda.it\/wp-content\/uploads\/2015\/04\/11150191_1386297198363344_2526490747846397730_n.jpg?fit=924%2C925&resize=350%2C200 1x, https:\/\/i0.wp.com\/www.robertosedda.it\/wp-content\/uploads\/2015\/04\/11150191_1386297198363344_2526490747846397730_n.jpg?fit=924%2C925&resize=700%2C400 2x"},"classes":[]},{"id":19731,"url":"http:\/\/www.robertosedda.it\/?p=19731","url_meta":{"origin":13759,"position":5},"title":"Grazie, mi avete fatto bene","author":"Rufus","date":"14\/06\/2022","format":false,"excerpt":"Come molti lettori del blog sanno sicuramente, il 2 giugno \u00e8 morta mia madre, Graziella Delitala. Mamma era nata a Bengasi nel 1929 perch\u00e9 mio nonno, Gonario, ufficiale del Commissariato Militare (cio\u00e8, per capirci, il corpo destinato agli approvvigionamenti e all'amministrazione), era stato destinato a quella sede subito dopo il\u2026","rel":"","context":"In &quot;Coordinate&quot;","block_context":{"text":"Coordinate","link":"http:\/\/www.robertosedda.it\/?cat=52"},"img":{"alt_text":"","src":"https:\/\/i0.wp.com\/www.robertosedda.it\/wp-content\/uploads\/2022\/06\/UNGA2355-scaled.jpg?fit=1200%2C800&resize=350%2C200","width":350,"height":200,"srcset":"https:\/\/i0.wp.com\/www.robertosedda.it\/wp-content\/uploads\/2022\/06\/UNGA2355-scaled.jpg?fit=1200%2C800&resize=350%2C200 1x, https:\/\/i0.wp.com\/www.robertosedda.it\/wp-content\/uploads\/2022\/06\/UNGA2355-scaled.jpg?fit=1200%2C800&resize=700%2C400 2x, https:\/\/i0.wp.com\/www.robertosedda.it\/wp-content\/uploads\/2022\/06\/UNGA2355-scaled.jpg?fit=1200%2C800&resize=1050%2C600 3x"},"classes":[]}],"_links":{"self":[{"href":"http:\/\/www.robertosedda.it\/index.php?rest_route=\/wp\/v2\/posts\/13759"}],"collection":[{"href":"http:\/\/www.robertosedda.it\/index.php?rest_route=\/wp\/v2\/posts"}],"about":[{"href":"http:\/\/www.robertosedda.it\/index.php?rest_route=\/wp\/v2\/types\/post"}],"author":[{"embeddable":true,"href":"http:\/\/www.robertosedda.it\/index.php?rest_route=\/wp\/v2\/users\/1"}],"replies":[{"embeddable":true,"href":"http:\/\/www.robertosedda.it\/index.php?rest_route=%2Fwp%2Fv2%2Fcomments&post=13759"}],"version-history":[{"count":1,"href":"http:\/\/www.robertosedda.it\/index.php?rest_route=\/wp\/v2\/posts\/13759\/revisions"}],"predecessor-version":[{"id":13762,"href":"http:\/\/www.robertosedda.it\/index.php?rest_route=\/wp\/v2\/posts\/13759\/revisions\/13762"}],"wp:featuredmedia":[{"embeddable":true,"href":"http:\/\/www.robertosedda.it\/index.php?rest_route=\/wp\/v2\/media\/13761"}],"wp:attachment":[{"href":"http:\/\/www.robertosedda.it\/index.php?rest_route=%2Fwp%2Fv2%2Fmedia&parent=13759"}],"wp:term":[{"taxonomy":"category","embeddable":true,"href":"http:\/\/www.robertosedda.it\/index.php?rest_route=%2Fwp%2Fv2%2Fcategories&post=13759"},{"taxonomy":"post_tag","embeddable":true,"href":"http:\/\/www.robertosedda.it\/index.php?rest_route=%2Fwp%2Fv2%2Ftags&post=13759"}],"curies":[{"name":"wp","href":"https:\/\/api.w.org\/{rel}","templated":true}]}}