{"id":13703,"date":"2017-05-16T10:11:45","date_gmt":"2017-05-16T08:11:45","guid":{"rendered":"http:\/\/www.robertosedda.it\/?p=13703"},"modified":"2017-05-23T09:22:24","modified_gmt":"2017-05-23T07:22:24","slug":"assalti-alla-carrozza","status":"publish","type":"post","link":"http:\/\/www.robertosedda.it\/?p=13703","title":{"rendered":"Assalti alla carrozza"},"content":{"rendered":"<p><a href=\"https:\/\/i0.wp.com\/www.robertosedda.it\/wp-content\/uploads\/2017\/05\/20170515_142126.jpg\"><img data-attachment-id=\"13704\" data-permalink=\"http:\/\/www.robertosedda.it\/?attachment_id=13704\" data-orig-file=\"https:\/\/i0.wp.com\/www.robertosedda.it\/wp-content\/uploads\/2017\/05\/20170515_142126.jpg?fit=2560%2C1536\" data-orig-size=\"2560,1536\" data-comments-opened=\"1\" data-image-meta=\"{&quot;aperture&quot;:&quot;2.6&quot;,&quot;credit&quot;:&quot;&quot;,&quot;camera&quot;:&quot;GT-I8200&quot;,&quot;caption&quot;:&quot;&quot;,&quot;created_timestamp&quot;:&quot;1494858086&quot;,&quot;copyright&quot;:&quot;&quot;,&quot;focal_length&quot;:&quot;3.31&quot;,&quot;iso&quot;:&quot;50&quot;,&quot;shutter_speed&quot;:&quot;0.00189208984375&quot;,&quot;title&quot;:&quot;&quot;,&quot;orientation&quot;:&quot;1&quot;}\" data-image-title=\"20170515_142126\" data-image-description=\"\" data-image-caption=\"\" data-medium-file=\"https:\/\/i0.wp.com\/www.robertosedda.it\/wp-content\/uploads\/2017\/05\/20170515_142126.jpg?fit=300%2C180\" data-large-file=\"https:\/\/i0.wp.com\/www.robertosedda.it\/wp-content\/uploads\/2017\/05\/20170515_142126.jpg?fit=510%2C306\" decoding=\"async\" loading=\"lazy\" class=\"aligncenter size-full wp-image-13704\" src=\"https:\/\/i0.wp.com\/www.robertosedda.it\/wp-content\/uploads\/2017\/05\/20170515_142126.jpg?resize=800%2C480\" alt=\"\" width=\"800\" height=\"480\" srcset=\"https:\/\/i0.wp.com\/www.robertosedda.it\/wp-content\/uploads\/2017\/05\/20170515_142126.jpg?w=2560 2560w, https:\/\/i0.wp.com\/www.robertosedda.it\/wp-content\/uploads\/2017\/05\/20170515_142126.jpg?resize=150%2C90 150w, https:\/\/i0.wp.com\/www.robertosedda.it\/wp-content\/uploads\/2017\/05\/20170515_142126.jpg?resize=300%2C180 300w, https:\/\/i0.wp.com\/www.robertosedda.it\/wp-content\/uploads\/2017\/05\/20170515_142126.jpg?resize=510%2C306 510w, https:\/\/i0.wp.com\/www.robertosedda.it\/wp-content\/uploads\/2017\/05\/20170515_142126.jpg?resize=700%2C420 700w, https:\/\/i0.wp.com\/www.robertosedda.it\/wp-content\/uploads\/2017\/05\/20170515_142126.jpg?w=1600 1600w, https:\/\/i0.wp.com\/www.robertosedda.it\/wp-content\/uploads\/2017\/05\/20170515_142126.jpg?w=2400 2400w\" sizes=\"(max-width: 800px) 100vw, 800px\" data-recalc-dims=\"1\" \/><\/a>Sono a Torino e devo dire che sinora quello che mi ha colpito di pi\u00f9 non \u00e8 la signorilit\u00e0 un po&#8217; <em>ag\u00e9e<\/em> degli scorci urbani, n\u00e9 la variet\u00e0, qualit\u00e0 e abbondanza dell&#8217;offerta culturale, n\u00e9 l&#8217;eccellenza gastronomica e nemmeno l&#8217;imponenza delle realizzazioni dell&#8217;economia sociale e solidale.<\/p>\n<p>No: a costo di dare un dispiacere ai miei amici torinesi, quello che mi colpisce \u00e8 che alle fermate pi\u00f9 frequentate dell&#8217;autobus o del tram la gente, letteralmente, si picchia.<\/p>\n<p>Me ne sono accorto il primo giorno, appena arrivato quando, al momento di scendere, ci siamo trovati in mezzo a due flussi contrari, ferocemente intenzionati a sopraffarsi. Dopo che una signora quasi prendeva a ombrellate la sua dirimpettaia io ho detto: \u00abDai, coraggio, fate scendere prima, no?\u00bb, ma col tono da uomo navigato che si rivolge a chi, altrettanto accorto della vita, certamente lo pu\u00f2 capire essendo ugualmente esperto del mondo.<\/p>\n<p>Solo che il tizio davanti\u00a0 me mi ha risposto: \u00abMa cazzo vuoi, levati di mezzo stronzo, vaffanculo\u00bb e si \u00e8 proteso a tentare di calpestarmi oltre i miei gomiti protesi alla difesa.<\/p>\n<p>Ohib\u00f2.<\/p>\n<p>E da allora lo noto. Certo non sempre: ci sono autobus poco frequentati dove il problema non si pone. Ci sono perfino tram vecchio modello nei quali le porte per la salita e la discesa sono chiaramente e civilmente distinte. Ma altrimenti sui marciapiedi stretti dove sono le pensiline la gente ti spinge, ti urta, ti travolge mentre cerca di andare chiss\u00e0 dove o di mettersi nella posizione migliore per prendere la testa dell&#8217;assalto. All&#8217;interno dei tram uguale; nessuno che ti dica: <em>scusi<\/em>; tutti ti passano attraverso. Mentre scrivo sul palmare questa nota un travestito enorme ha appena arrotolato una turista giapponese attorno alla ringhiera del marciapiede.<\/p>\n<p>L&#8217;apocalisse dev&#8217;essere cominciata senza che mi abbiano avvisato. Oppure nel <em>bicerin<\/em> ci mettono roba strana&#8230;<\/p>\n","protected":false},"excerpt":{"rendered":"<p>Sono a Torino e devo dire che sinora quello che mi ha colpito di pi\u00f9 non \u00e8 la signorilit\u00e0 un<\/p>\n","protected":false},"author":1,"featured_media":13704,"comment_status":"open","ping_status":"open","sticky":false,"template":"","format":"standard","meta":{"_mi_skip_tracking":false,"_monsterinsights_sitenote_active":false,"_monsterinsights_sitenote_note":"","_monsterinsights_sitenote_category":0,"jetpack_post_was_ever_published":false,"_jetpack_newsletter_access":"","jetpack_publicize_message":"","jetpack_is_tweetstorm":false,"jetpack_publicize_feature_enabled":true,"jetpack_social_post_already_shared":true,"jetpack_social_options":{"image_generator_settings":{"template":"highway","enabled":false}}},"categories":[52,56,18,61,16,1],"tags":[],"jetpack_publicize_connections":[],"jetpack_featured_media_url":"https:\/\/i0.wp.com\/www.robertosedda.it\/wp-content\/uploads\/2017\/05\/20170515_142126.jpg?fit=2560%2C1536","jetpack_sharing_enabled":true,"jetpack_shortlink":"https:\/\/wp.me\/p4jV2T-3z1","jetpack_likes_enabled":true,"jetpack-related-posts":[{"id":1162,"url":"http:\/\/www.robertosedda.it\/?p=1162","url_meta":{"origin":13703,"position":0},"title":"Bastasci casteddai","author":"Rufus","date":"26\/10\/2012","format":false,"excerpt":"Avevo promesso che avrei smesso di raccogliere storie sull'autobus: ma sono loro che vengono da me... \u00abDeu seu sardu\u00bb Alla fermata dell'8 un vecchietto attacca bottone con un signore senegalese. Ha studiato il francese all'Universit\u00e0, \u00abJ'aime votre Pr\u00e9sident, Senghor\u00bb. Quello gli risponde in sardo; il vecchietto \u00e8 stupito. \u00abSeu innoi\u2026","rel":"","context":"In &quot;Coordinate&quot;","block_context":{"text":"Coordinate","link":"http:\/\/www.robertosedda.it\/?cat=52"},"img":{"alt_text":"","src":"","width":0,"height":0},"classes":[]},{"id":11242,"url":"http:\/\/www.robertosedda.it\/?p=11242","url_meta":{"origin":13703,"position":1},"title":"Cittadini normali","author":"Rufus","date":"03\/12\/2015","format":false,"excerpt":"Ieri di mattina abbastanza presto ero sul trenino che porta da Fiumicino a Termini. Mi ero alzato alle quattro e quindi mi\u00a0ero\u00a0appisolato: mi ha svegliato\u00a0l'arrivo\u00a0del controllore (una ragazza) che entrava nel vagone. Solo che poi non arrivava mai. Mi devo essere riappisolato di nuovo perch\u00e9 solo dopo un attimo ho\u2026","rel":"","context":"In &quot;Coordinate&quot;","block_context":{"text":"Coordinate","link":"http:\/\/www.robertosedda.it\/?cat=52"},"img":{"alt_text":"","src":"https:\/\/i0.wp.com\/www.robertosedda.it\/wp-content\/uploads\/2015\/12\/Leonardo-Express.gif?fit=640%2C427&resize=350%2C200","width":350,"height":200},"classes":[]},{"id":12277,"url":"http:\/\/www.robertosedda.it\/?p=12277","url_meta":{"origin":13703,"position":2},"title":"Staffette turistico solidali","author":"Rufus","date":"22\/07\/2016","format":false,"excerpt":"Stamattina salgo sull'8 per andare al lavoro, alla fermata vicino alla Rinascente. Mente salgo noto distrattamente una signora che si affanna a dire qualcosa all'autista, ma non ci faccio caso. Noto, invece, un gaurro in pantaloncini e canottiera da bisticcio che si alza in tutta fretta dalla panchina e apostrofa\u2026","rel":"","context":"In &quot;Coordinate&quot;","block_context":{"text":"Coordinate","link":"http:\/\/www.robertosedda.it\/?cat=52"},"img":{"alt_text":"","src":"https:\/\/i0.wp.com\/www.robertosedda.it\/wp-content\/uploads\/2016\/07\/2014-01-03-11.49.52.jpg?fit=1200%2C900&resize=350%2C200","width":350,"height":200,"srcset":"https:\/\/i0.wp.com\/www.robertosedda.it\/wp-content\/uploads\/2016\/07\/2014-01-03-11.49.52.jpg?fit=1200%2C900&resize=350%2C200 1x, https:\/\/i0.wp.com\/www.robertosedda.it\/wp-content\/uploads\/2016\/07\/2014-01-03-11.49.52.jpg?fit=1200%2C900&resize=700%2C400 2x, https:\/\/i0.wp.com\/www.robertosedda.it\/wp-content\/uploads\/2016\/07\/2014-01-03-11.49.52.jpg?fit=1200%2C900&resize=1050%2C600 3x"},"classes":[]},{"id":11178,"url":"http:\/\/www.robertosedda.it\/?p=11178","url_meta":{"origin":13703,"position":3},"title":"Ma come mai&#8230;","author":"Rufus","date":"16\/11\/2015","format":false,"excerpt":"Mi dice l'altra sera a cena mia sorella: \u00abMa come mai sul\u00a0blog di queste esercitazioni NATO e di tutto il resto non hai parlato? Eppure sono argomenti che ti interessano...\u00bb e un po' il tono suggeriva, anche, che magari sono pure\u00a0un pochino pi\u00f9 importanti di\u00a0altre cose alle quali invece ho\u2026","rel":"","context":"In &quot;Coordinate&quot;","block_context":{"text":"Coordinate","link":"http:\/\/www.robertosedda.it\/?cat=52"},"img":{"alt_text":"","src":"https:\/\/i0.wp.com\/www.robertosedda.it\/wp-content\/uploads\/2014\/02\/Roberto-Sedda.jpg?fit=477%2C720&resize=350%2C200","width":350,"height":200},"classes":[]},{"id":3626,"url":"http:\/\/www.robertosedda.it\/?p=3626","url_meta":{"origin":13703,"position":4},"title":"La zona prevella","author":"Rufus","date":"21\/06\/2013","format":false,"excerpt":"Qualche giorno fa, traducendo un articolo americano, mi sono lasciato scappare che ne avevo fatto anche una versione in cagliaritano, anzi qui si direbbe in chiasteddaio, la lingua parlata dai chiagliaritani. Poich\u00e9 mi \u00e8 stata chiesta dall'amabile Giovanni Mascellani la publico qui, anche se dopo averla riletta ho deciso che\u2026","rel":"","context":"In &quot;Coordinate&quot;","block_context":{"text":"Coordinate","link":"http:\/\/www.robertosedda.it\/?cat=52"},"img":{"alt_text":"","src":"https:\/\/i0.wp.com\/www.robertosedda.it\/wp-content\/uploads\/2013\/06\/Tumblr.jpg?fit=518%2C275&resize=350%2C200","width":350,"height":200},"classes":[]},{"id":3274,"url":"http:\/\/www.robertosedda.it\/?p=3274","url_meta":{"origin":13703,"position":5},"title":"Personale viaggiante","author":"Rufus","date":"27\/05\/2013","format":false,"excerpt":"Sabato sono andato a Bologna (e poi a Roma) per questioni varie di Banca Etica, fra le quali un invito del C.R.E.S.E.R. (Coordinamento Regionale per l'Economia Solidale Emilia-Romagna) a fare un intervento a una tavola rotonda in occasione di Terra Equa, dove erano tutti pi\u00f9 importanti di me e dove\u2026","rel":"","context":"In &quot;Coordinate&quot;","block_context":{"text":"Coordinate","link":"http:\/\/www.robertosedda.it\/?cat=52"},"img":{"alt_text":"","src":"https:\/\/i0.wp.com\/www.robertosedda.it\/wp-content\/uploads\/2013\/05\/2012-04-05_Stazione_VVFF_Roma_Ostiense-scaled.jpg?fit=1200%2C899&resize=350%2C200","width":350,"height":200,"srcset":"https:\/\/i0.wp.com\/www.robertosedda.it\/wp-content\/uploads\/2013\/05\/2012-04-05_Stazione_VVFF_Roma_Ostiense-scaled.jpg?fit=1200%2C899&resize=350%2C200 1x, https:\/\/i0.wp.com\/www.robertosedda.it\/wp-content\/uploads\/2013\/05\/2012-04-05_Stazione_VVFF_Roma_Ostiense-scaled.jpg?fit=1200%2C899&resize=700%2C400 2x, https:\/\/i0.wp.com\/www.robertosedda.it\/wp-content\/uploads\/2013\/05\/2012-04-05_Stazione_VVFF_Roma_Ostiense-scaled.jpg?fit=1200%2C899&resize=1050%2C600 3x"},"classes":[]}],"_links":{"self":[{"href":"http:\/\/www.robertosedda.it\/index.php?rest_route=\/wp\/v2\/posts\/13703"}],"collection":[{"href":"http:\/\/www.robertosedda.it\/index.php?rest_route=\/wp\/v2\/posts"}],"about":[{"href":"http:\/\/www.robertosedda.it\/index.php?rest_route=\/wp\/v2\/types\/post"}],"author":[{"embeddable":true,"href":"http:\/\/www.robertosedda.it\/index.php?rest_route=\/wp\/v2\/users\/1"}],"replies":[{"embeddable":true,"href":"http:\/\/www.robertosedda.it\/index.php?rest_route=%2Fwp%2Fv2%2Fcomments&post=13703"}],"version-history":[{"count":10,"href":"http:\/\/www.robertosedda.it\/index.php?rest_route=\/wp\/v2\/posts\/13703\/revisions"}],"predecessor-version":[{"id":13716,"href":"http:\/\/www.robertosedda.it\/index.php?rest_route=\/wp\/v2\/posts\/13703\/revisions\/13716"}],"wp:featuredmedia":[{"embeddable":true,"href":"http:\/\/www.robertosedda.it\/index.php?rest_route=\/wp\/v2\/media\/13704"}],"wp:attachment":[{"href":"http:\/\/www.robertosedda.it\/index.php?rest_route=%2Fwp%2Fv2%2Fmedia&parent=13703"}],"wp:term":[{"taxonomy":"category","embeddable":true,"href":"http:\/\/www.robertosedda.it\/index.php?rest_route=%2Fwp%2Fv2%2Fcategories&post=13703"},{"taxonomy":"post_tag","embeddable":true,"href":"http:\/\/www.robertosedda.it\/index.php?rest_route=%2Fwp%2Fv2%2Ftags&post=13703"}],"curies":[{"name":"wp","href":"https:\/\/api.w.org\/{rel}","templated":true}]}}