{"id":13634,"date":"2017-04-28T13:23:07","date_gmt":"2017-04-28T11:23:07","guid":{"rendered":"http:\/\/www.robertosedda.it\/?p=13634"},"modified":"2017-04-28T13:27:37","modified_gmt":"2017-04-28T11:27:37","slug":"i-got-a-gig-in-santantioco","status":"publish","type":"post","link":"http:\/\/www.robertosedda.it\/?p=13634","title":{"rendered":"I got a gig in Sant&#8217;Antioco"},"content":{"rendered":"<p>Ok, il titolo (che pi\u00f9 o meno vuol dire <em>Ho un ingaggio per esibirmi a Sant&#8217;Antioco<\/em>) \u00e8 in inglese perch\u00e9 parliamo di cose poliglotte.<\/p>\n<p><a href=\"https:\/\/i0.wp.com\/www.robertosedda.it\/wp-content\/uploads\/2017\/04\/Limbas.png\"><img data-attachment-id=\"13635\" data-permalink=\"http:\/\/www.robertosedda.it\/?attachment_id=13635\" data-orig-file=\"https:\/\/i0.wp.com\/www.robertosedda.it\/wp-content\/uploads\/2017\/04\/Limbas.png?fit=2396%2C831\" data-orig-size=\"2396,831\" data-comments-opened=\"1\" data-image-meta=\"{&quot;aperture&quot;:&quot;0&quot;,&quot;credit&quot;:&quot;&quot;,&quot;camera&quot;:&quot;&quot;,&quot;caption&quot;:&quot;&quot;,&quot;created_timestamp&quot;:&quot;0&quot;,&quot;copyright&quot;:&quot;&quot;,&quot;focal_length&quot;:&quot;0&quot;,&quot;iso&quot;:&quot;0&quot;,&quot;shutter_speed&quot;:&quot;0&quot;,&quot;title&quot;:&quot;&quot;,&quot;orientation&quot;:&quot;0&quot;}\" data-image-title=\"Limbas\" data-image-description=\"\" data-image-caption=\"\" data-medium-file=\"https:\/\/i0.wp.com\/www.robertosedda.it\/wp-content\/uploads\/2017\/04\/Limbas.png?fit=300%2C104\" data-large-file=\"https:\/\/i0.wp.com\/www.robertosedda.it\/wp-content\/uploads\/2017\/04\/Limbas.png?fit=510%2C177\" decoding=\"async\" loading=\"lazy\" class=\"aligncenter size-full wp-image-13635\" src=\"https:\/\/i0.wp.com\/www.robertosedda.it\/wp-content\/uploads\/2017\/04\/Limbas.png?resize=800%2C277\" alt=\"\" width=\"800\" height=\"277\" srcset=\"https:\/\/i0.wp.com\/www.robertosedda.it\/wp-content\/uploads\/2017\/04\/Limbas.png?w=2396 2396w, https:\/\/i0.wp.com\/www.robertosedda.it\/wp-content\/uploads\/2017\/04\/Limbas.png?resize=150%2C52 150w, https:\/\/i0.wp.com\/www.robertosedda.it\/wp-content\/uploads\/2017\/04\/Limbas.png?resize=300%2C104 300w, https:\/\/i0.wp.com\/www.robertosedda.it\/wp-content\/uploads\/2017\/04\/Limbas.png?resize=510%2C177 510w, https:\/\/i0.wp.com\/www.robertosedda.it\/wp-content\/uploads\/2017\/04\/Limbas.png?resize=700%2C243 700w, https:\/\/i0.wp.com\/www.robertosedda.it\/wp-content\/uploads\/2017\/04\/Limbas.png?w=1600 1600w\" sizes=\"(max-width: 800px) 100vw, 800px\" data-recalc-dims=\"1\" \/><\/a>I\u00a0<em>Fabbricastorie<\/em> sono stati gentilmente invitati dai bravissimi amici dell&#8217;Associazione <a href=\"https:\/\/www.facebook.com\/Iklos-1057609610982873\/\"><em>Iklos<\/em><\/a> a presentare alcuni giochi al festival poliglotta\u00a0<em>Limbas<\/em>, che \u00e8 gi\u00e0 in svolgimento dal 25 aprile a Sant&#8217;Antioco. Ci siamo gi\u00e0 stati l&#8217;<a href=\"http:\/\/www.robertosedda.it\/?p=12108\">anno scorso<\/a>\u00a0ed \u00e8 stata davvero una bella esperienza: quest&#8217;anno ripresentiamo\u00a0uno dei giochi dell&#8217;anno scorso, rispolveriamo <em>iAntas<\/em>, un nostro cavallo di battaglia preso da\u00a0<em>Gioca la storia<\/em>, e abbiamo anche una novit\u00e0 che sar\u00e0 rivelata in anteprima solo ai fortunati astanti, perch\u00e9 \u00e8 parte centrale di un progetto &#8211; nome provvisorio\u00a0<em>le stanze dei giochi<\/em> &#8211; che ci accompagner\u00e0 credo da settembre i poi.<\/p>\n<p>Nel frattempo, vale l&#8217;invito fatto l&#8217;anno scorso: veniteci a cercare a Sant&#8217;Antioco (tra l&#8217;altro il\u00a0<em>MuMa Hostel<\/em> &#8211; l&#8217;ostello del museo del mare &#8211; \u00e8 una bellissima realt\u00e0 che merita di essere conosciuta di pi\u00f9).<\/p>\n","protected":false},"excerpt":{"rendered":"<p>Ok, il titolo (che pi\u00f9 o meno vuol dire Ho un ingaggio per esibirmi a Sant&#8217;Antioco) \u00e8 in inglese perch\u00e9<\/p>\n","protected":false},"author":1,"featured_media":13635,"comment_status":"open","ping_status":"open","sticky":false,"template":"","format":"standard","meta":{"_mi_skip_tracking":false,"_monsterinsights_sitenote_active":false,"_monsterinsights_sitenote_note":"","_monsterinsights_sitenote_category":0,"jetpack_post_was_ever_published":false,"_jetpack_newsletter_access":"","jetpack_publicize_message":"","jetpack_is_tweetstorm":false,"jetpack_publicize_feature_enabled":true,"jetpack_social_post_already_shared":true,"jetpack_social_options":{"image_generator_settings":{"template":"highway","enabled":false}}},"categories":[52,9,55,77],"tags":[],"jetpack_publicize_connections":[],"jetpack_featured_media_url":"https:\/\/i0.wp.com\/www.robertosedda.it\/wp-content\/uploads\/2017\/04\/Limbas.png?fit=2396%2C831","jetpack_sharing_enabled":true,"jetpack_shortlink":"https:\/\/wp.me\/p4jV2T-3xU","jetpack_likes_enabled":true,"jetpack-related-posts":[{"id":12108,"url":"http:\/\/www.robertosedda.it\/?p=12108","url_meta":{"origin":13634,"position":0},"title":"Veniteci a cercare a Sant&#8217;Antioco","author":"Rufus","date":"16\/06\/2016","format":false,"excerpt":"Venerd\u00ec 17 giugno i\u00a0Fabbricastorie faranno giocare la gente in piazza a Sant'Antioco, nell'ambito della manifestazione poliglotta\u00a0Limbas. Intanto spendo due parole per segnalare il sito della manifestazione, che \u00e8 per la precisione un\u00a0seminario poliglotta: l'argomento \u00e8 per noi\u00a0del tutto sconosciuto, ma ci siamo prestati volentieri a metterci in gioco. Non posso\u2026","rel":"","context":"In &quot;Coordinate&quot;","block_context":{"text":"Coordinate","link":"http:\/\/www.robertosedda.it\/?cat=52"},"img":{"alt_text":"","src":"https:\/\/i0.wp.com\/www.robertosedda.it\/wp-content\/uploads\/2016\/06\/SantAntioco.jpg?fit=800%2C533&resize=350%2C200","width":350,"height":200,"srcset":"https:\/\/i0.wp.com\/www.robertosedda.it\/wp-content\/uploads\/2016\/06\/SantAntioco.jpg?fit=800%2C533&resize=350%2C200 1x, https:\/\/i0.wp.com\/www.robertosedda.it\/wp-content\/uploads\/2016\/06\/SantAntioco.jpg?fit=800%2C533&resize=700%2C400 2x"},"classes":[]},{"id":13640,"url":"http:\/\/www.robertosedda.it\/?p=13640","url_meta":{"origin":13634,"position":1},"title":"In viaggio col camper da Cagliari lungo la costa occidentale della Sardegna. Consigli?","author":"Rufus","date":"18\/05\/2017","format":false,"excerpt":"Un amico di Banca Etica mi ha chiesto consigli per un viaggio che intende fare, col\u00a0camper, partendo da Cagliari verso fine giugno e risalendo la\u00a0costa occidentale\u00a0pian piano fino a quando \u00e8 il momento di\u00a0muoversi direttamente per riprendere il traghetto dalle parti del capo di sopra. Lui voleva, credo, solo un\u2026","rel":"","context":"In &quot;Coordinate&quot;","block_context":{"text":"Coordinate","link":"http:\/\/www.robertosedda.it\/?cat=52"},"img":{"alt_text":"","src":"https:\/\/i0.wp.com\/www.robertosedda.it\/wp-content\/uploads\/2017\/05\/ALIM4546.jpg?fit=1200%2C900&resize=350%2C200","width":350,"height":200,"srcset":"https:\/\/i0.wp.com\/www.robertosedda.it\/wp-content\/uploads\/2017\/05\/ALIM4546.jpg?fit=1200%2C900&resize=350%2C200 1x, https:\/\/i0.wp.com\/www.robertosedda.it\/wp-content\/uploads\/2017\/05\/ALIM4546.jpg?fit=1200%2C900&resize=700%2C400 2x, https:\/\/i0.wp.com\/www.robertosedda.it\/wp-content\/uploads\/2017\/05\/ALIM4546.jpg?fit=1200%2C900&resize=1050%2C600 3x"},"classes":[]},{"id":20704,"url":"http:\/\/www.robertosedda.it\/?p=20704","url_meta":{"origin":13634,"position":2},"title":"Letture poliglotte e enciclopediche","author":"Rufus","date":"22\/08\/2025","format":false,"excerpt":"Mi sono accorto da poco che le mie letture hanno preso una china piuttosto particolare. Il poliglotta involontario Quest'anno ho letto in contemporanea cose in lingue diverse, in una maniera che non mi era mai capitata prima: ho finito da poco, finalmente, le avventure complete del Capitano Alatriste di Arturo\u2026","rel":"","context":"In &quot;Coordinate&quot;","block_context":{"text":"Coordinate","link":"http:\/\/www.robertosedda.it\/?cat=52"},"img":{"alt_text":"","src":"https:\/\/i0.wp.com\/www.robertosedda.it\/wp-content\/uploads\/2025\/08\/IMG20240609170850-scaled.jpg?fit=1200%2C900&resize=350%2C200","width":350,"height":200,"srcset":"https:\/\/i0.wp.com\/www.robertosedda.it\/wp-content\/uploads\/2025\/08\/IMG20240609170850-scaled.jpg?fit=1200%2C900&resize=350%2C200 1x, https:\/\/i0.wp.com\/www.robertosedda.it\/wp-content\/uploads\/2025\/08\/IMG20240609170850-scaled.jpg?fit=1200%2C900&resize=700%2C400 2x, https:\/\/i0.wp.com\/www.robertosedda.it\/wp-content\/uploads\/2025\/08\/IMG20240609170850-scaled.jpg?fit=1200%2C900&resize=1050%2C600 3x"},"classes":[]},{"id":17549,"url":"http:\/\/www.robertosedda.it\/?p=17549","url_meta":{"origin":13634,"position":3},"title":"Non avendo ancora parlato&#8230;","author":"Rufus","date":"21\/11\/2019","format":false,"excerpt":"... del ritorno di PlayRooms, lo faccio ora. Come forse ricorderete la prima incarnazione di PlayRooms \u00e8 stata alla Manifattura, un po' pi\u00f9 di un anno fa. Volevamo investigare i giochi immersivi, che fossero videogiochi, giochi di ruolo, giochi teatrali, LARP o giochi di comitato. E volevamo farlo giocando (il\u2026","rel":"","context":"In &quot;Coordinate&quot;","block_context":{"text":"Coordinate","link":"http:\/\/www.robertosedda.it\/?cat=52"},"img":{"alt_text":"","src":"https:\/\/i0.wp.com\/www.robertosedda.it\/wp-content\/uploads\/2019\/11\/PlayRoom.jpg?fit=1200%2C900&resize=350%2C200","width":350,"height":200,"srcset":"https:\/\/i0.wp.com\/www.robertosedda.it\/wp-content\/uploads\/2019\/11\/PlayRoom.jpg?fit=1200%2C900&resize=350%2C200 1x, https:\/\/i0.wp.com\/www.robertosedda.it\/wp-content\/uploads\/2019\/11\/PlayRoom.jpg?fit=1200%2C900&resize=700%2C400 2x, https:\/\/i0.wp.com\/www.robertosedda.it\/wp-content\/uploads\/2019\/11\/PlayRoom.jpg?fit=1200%2C900&resize=1050%2C600 3x"},"classes":[]},{"id":8285,"url":"http:\/\/www.robertosedda.it\/?p=8285","url_meta":{"origin":13634,"position":4},"title":"Bilancio e ringraziamenti annuali","author":"Rufus","date":"01\/09\/2014","format":false,"excerpt":"Col 31 agosto il sito ha festeggiato due anni di vita e quindi \u00e8 tempo di bilanci. Non tanto perch\u00e9 i numeri siano rilevanti:\u00a0La casa di Roberto resta, come \u00e8 giusto che sia, un sito assolutamente minuscolo\u00a0nel vasto mondo della rete, con numeri di visitatori molto bassi. Cio\u00e8, sono numeri\u2026","rel":"","context":"In &quot;Coordinate&quot;","block_context":{"text":"Coordinate","link":"http:\/\/www.robertosedda.it\/?cat=52"},"img":{"alt_text":"","src":"https:\/\/i0.wp.com\/www.robertosedda.it\/wp-content\/uploads\/2014\/09\/Pasquetta-2004-019.jpg?fit=1200%2C900&resize=350%2C200","width":350,"height":200,"srcset":"https:\/\/i0.wp.com\/www.robertosedda.it\/wp-content\/uploads\/2014\/09\/Pasquetta-2004-019.jpg?fit=1200%2C900&resize=350%2C200 1x, https:\/\/i0.wp.com\/www.robertosedda.it\/wp-content\/uploads\/2014\/09\/Pasquetta-2004-019.jpg?fit=1200%2C900&resize=700%2C400 2x, https:\/\/i0.wp.com\/www.robertosedda.it\/wp-content\/uploads\/2014\/09\/Pasquetta-2004-019.jpg?fit=1200%2C900&resize=1050%2C600 3x"},"classes":[]},{"id":12791,"url":"http:\/\/www.robertosedda.it\/?p=12791","url_meta":{"origin":13634,"position":5},"title":"L&#8217;attitudine al gioco","author":"Rufus","date":"16\/11\/2016","format":false,"excerpt":"Questo articolo l'ho scritto per il\u00a0blog dei\u00a0Fabbricastorie la settimana scorsa. Lo riporto qui per tenerne traccia e anche perch\u00e9 magari non tutti quelli che leggono il mio sito sanno che esiste un\u00a0blog dei\u00a0Fabbricastorie. L'attitudine al gioco di Roberto Sedda La settimana scorsa ero nella spiaggia di Buggerru, completamente deserta. Passeggiando\u2026","rel":"","context":"In &quot;Coordinate&quot;","block_context":{"text":"Coordinate","link":"http:\/\/www.robertosedda.it\/?cat=52"},"img":{"alt_text":"","src":"https:\/\/i0.wp.com\/www.robertosedda.it\/wp-content\/uploads\/2016\/11\/Lucertola-sabbia.jpg?fit=1080%2C675&resize=350%2C200","width":350,"height":200,"srcset":"https:\/\/i0.wp.com\/www.robertosedda.it\/wp-content\/uploads\/2016\/11\/Lucertola-sabbia.jpg?fit=1080%2C675&resize=350%2C200 1x, https:\/\/i0.wp.com\/www.robertosedda.it\/wp-content\/uploads\/2016\/11\/Lucertola-sabbia.jpg?fit=1080%2C675&resize=700%2C400 2x, https:\/\/i0.wp.com\/www.robertosedda.it\/wp-content\/uploads\/2016\/11\/Lucertola-sabbia.jpg?fit=1080%2C675&resize=1050%2C600 3x"},"classes":[]}],"_links":{"self":[{"href":"http:\/\/www.robertosedda.it\/index.php?rest_route=\/wp\/v2\/posts\/13634"}],"collection":[{"href":"http:\/\/www.robertosedda.it\/index.php?rest_route=\/wp\/v2\/posts"}],"about":[{"href":"http:\/\/www.robertosedda.it\/index.php?rest_route=\/wp\/v2\/types\/post"}],"author":[{"embeddable":true,"href":"http:\/\/www.robertosedda.it\/index.php?rest_route=\/wp\/v2\/users\/1"}],"replies":[{"embeddable":true,"href":"http:\/\/www.robertosedda.it\/index.php?rest_route=%2Fwp%2Fv2%2Fcomments&post=13634"}],"version-history":[{"count":1,"href":"http:\/\/www.robertosedda.it\/index.php?rest_route=\/wp\/v2\/posts\/13634\/revisions"}],"predecessor-version":[{"id":13636,"href":"http:\/\/www.robertosedda.it\/index.php?rest_route=\/wp\/v2\/posts\/13634\/revisions\/13636"}],"wp:featuredmedia":[{"embeddable":true,"href":"http:\/\/www.robertosedda.it\/index.php?rest_route=\/wp\/v2\/media\/13635"}],"wp:attachment":[{"href":"http:\/\/www.robertosedda.it\/index.php?rest_route=%2Fwp%2Fv2%2Fmedia&parent=13634"}],"wp:term":[{"taxonomy":"category","embeddable":true,"href":"http:\/\/www.robertosedda.it\/index.php?rest_route=%2Fwp%2Fv2%2Fcategories&post=13634"},{"taxonomy":"post_tag","embeddable":true,"href":"http:\/\/www.robertosedda.it\/index.php?rest_route=%2Fwp%2Fv2%2Ftags&post=13634"}],"curies":[{"name":"wp","href":"https:\/\/api.w.org\/{rel}","templated":true}]}}