{"id":13585,"date":"2017-04-19T17:10:48","date_gmt":"2017-04-19T15:10:48","guid":{"rendered":"http:\/\/www.robertosedda.it\/?p=13585"},"modified":"2023-04-20T11:28:52","modified_gmt":"2023-04-20T09:28:52","slug":"piove","status":"publish","type":"post","link":"http:\/\/www.robertosedda.it\/?p=13585","title":{"rendered":"Piove"},"content":{"rendered":"<p><a href=\"https:\/\/i0.wp.com\/www.robertosedda.it\/wp-content\/uploads\/2017\/04\/Sanguineti-Poesia-italiana-del-Novecento-I.jpg\"><img data-attachment-id=\"13586\" data-permalink=\"http:\/\/www.robertosedda.it\/?attachment_id=13586\" data-orig-file=\"https:\/\/i0.wp.com\/www.robertosedda.it\/wp-content\/uploads\/2017\/04\/Sanguineti-Poesia-italiana-del-Novecento-I.jpg?fit=364%2C603\" data-orig-size=\"364,603\" data-comments-opened=\"1\" data-image-meta=\"{&quot;aperture&quot;:&quot;0&quot;,&quot;credit&quot;:&quot;&quot;,&quot;camera&quot;:&quot;&quot;,&quot;caption&quot;:&quot;&quot;,&quot;created_timestamp&quot;:&quot;0&quot;,&quot;copyright&quot;:&quot;&quot;,&quot;focal_length&quot;:&quot;0&quot;,&quot;iso&quot;:&quot;0&quot;,&quot;shutter_speed&quot;:&quot;0&quot;,&quot;title&quot;:&quot;&quot;,&quot;orientation&quot;:&quot;0&quot;}\" data-image-title=\"Sanguineti Poesia italiana del Novecento I\" data-image-description=\"\" data-image-caption=\"\" data-medium-file=\"https:\/\/i0.wp.com\/www.robertosedda.it\/wp-content\/uploads\/2017\/04\/Sanguineti-Poesia-italiana-del-Novecento-I.jpg?fit=181%2C300\" data-large-file=\"https:\/\/i0.wp.com\/www.robertosedda.it\/wp-content\/uploads\/2017\/04\/Sanguineti-Poesia-italiana-del-Novecento-I.jpg?fit=364%2C603\" decoding=\"async\" loading=\"lazy\" class=\"alignright wp-image-13586 size-medium\" src=\"https:\/\/i0.wp.com\/www.robertosedda.it\/wp-content\/uploads\/2017\/04\/Sanguineti-Poesia-italiana-del-Novecento-I.jpg?resize=181%2C300\" alt=\"\" width=\"181\" height=\"300\" srcset=\"https:\/\/i0.wp.com\/www.robertosedda.it\/wp-content\/uploads\/2017\/04\/Sanguineti-Poesia-italiana-del-Novecento-I.jpg?resize=181%2C300 181w, https:\/\/i0.wp.com\/www.robertosedda.it\/wp-content\/uploads\/2017\/04\/Sanguineti-Poesia-italiana-del-Novecento-I.jpg?resize=91%2C150 91w, https:\/\/i0.wp.com\/www.robertosedda.it\/wp-content\/uploads\/2017\/04\/Sanguineti-Poesia-italiana-del-Novecento-I.jpg?w=364 364w\" sizes=\"(max-width: 181px) 100vw, 181px\" data-recalc-dims=\"1\" \/><\/a>Piove, oggi.<\/p>\n<p>E mi \u00e8 tornato in mente che da poco, durante una giornata altrettanto uggiosa, qualcuno mi ha chiesto perch\u00e9 durante uno dei miei vagabondaggi per l&#8217;Italia fra una riunione e l&#8217;altra non avessi provato a passare per Cesena (invece che puntare su Milano, credo) e io gli ho risposto: \u00ab<em>Piove, sono a Cesena<\/em><em>, <\/em>la tristezza, mamma mia, che tristezza, mamma mia, Cesena\u00bb, che lui mi ha guardato come fossi matto ma io a Cesena non ci sono mai stato e sar\u00e0 probabilmente una citt\u00e0 bellissima per\u00f2 ho questo ricordo scolastico di Marino Moretti, i crepuscolari, la malinconia, i sogni infranti, i tisici (quello era Corazzini, peraltro), le piccole cose, la vita di provincia, mamma mia, la noia insopportabile e la poesia come anticamera del letargo eterno &#8211; per questo scambio volentieri venti crepuscolari col solo <a href=\"http:\/\/www.robertosedda.it\/?p=9026\">Lucini<\/a> &#8211; e trovo che il tutto si riassuma benissimo nel binomio <em>Cesena<\/em> e <em>pioggia<\/em>.<\/p>\n<p>E cos\u00ec sono andato a rivedermi la poesia originale, ed \u00e8 bella, invece, cos\u00ec ve la ripropongo. Io nel frattempo vado a ascoltare un po&#8217; di <em>metal<\/em>, come contrappasso, che non ce la posso fare.<\/p>\n<blockquote>\n<h2><em>A Cesena\u00a0<\/em><\/h2>\n<h3>Marino Moretti<\/h3>\n<p>Piove. \u00c8 mercoled\u00ec. Sono a Cesena,<br \/>\nospite della mia sorella sposa,<br \/>\nsposa da sei, da sette mesi appena.<\/p>\n<p>Batte la pioggia il grigio borgo, lava<br \/>\nla faccia della casa senza posa,<br \/>\nschiuma a pi\u00e8 delle gronde come bava.<\/p>\n<p>Tu mi sorridi. Io sono triste. E forse<br \/>\ntriste \u00e8 per te la pioggia cittadina,<br \/>\nil nuovo amore che non ti soccorse,<\/p>\n<p>il sogno che non ti avvizz\u00ec, sorella<br \/>\nche guardi me con occhio che s&#8217;ostina<br \/>\na dirmi bella la tua vita, bella,<\/p>\n<p>bella! Oh bambina, o sorellina, o nuora,<br \/>\no sposa, io vedo tuo marito, sento,<br \/>\noggi, a chi dici mamma, a una signora;<\/p>\n<p>so che quell&#8217;uomo \u00e8 il suocero dabbene<br \/>\nche dopo il lauto pasto \u00e8 sonnolente,<br \/>\nil babbo che ti vuole un po&#8217; di bene&#8230;<\/p>\n<p>\u00abMamma!\u00bb tu chiami, e le sorridi e vuoi<br \/>\nch&#8217;io sia gentile, vuoi ch&#8217;io le sorrida,<br \/>\nche le parli dei miei v\u00efaggi, poi&#8230;<\/p>\n<p>poi quando siamo soli (oh come piove!)<br \/>\nmi dici rauca di non so che sfida<br \/>\ncorsa tra voi; e dici, dici dove,<\/p>\n<p>quando, come, perch\u00e9; ripeti ancora<br \/>\nquando, come, perch\u00e9; chiedi consiglio<br \/>\ncon un sorriso non pi\u00f9 tuo, di nuora.<\/p>\n<p>Parli d&#8217;una cognata quasi avara<br \/>\nche viene spesso per casa col figlio<br \/>\ne non sai se temerla o averla cara;<\/p>\n<p>parli del nonno ch&#8217;\u00e8 quasi al tramonto,<br \/>\nil nonno ricco, del tuo Dino, e dici:<br \/>\n\u00abVedrai, vedrai se lo terr\u00f2 di conto\u00bb;<\/p>\n<p>parli della citt\u00e0, delle signore<br \/>\nche gi\u00e0 conosci, di giorni felici,<br \/>\ndi libert\u00e0, d&#8217;amor proprio, d&#8217;amore.<\/p>\n<p>Piove. \u00c8 mercoled\u00ec. Sono a Cesena,<br \/>\nsono a Cesena e mia sorella \u00e8 qui<br \/>\ntutta d&#8217;un uomo ch&#8217;io conosco appena.<\/p>\n<p>tra nuova gente, nuove cure, nuove<br \/>\ntristezze, e a me parla&#8230; cos\u00ec,<br \/>\nsenza dolcezza, mentre piove o spiove:<\/p>\n<p>\u00abLa mamma nostra t&#8217;avr\u00e0 detto che&#8230;<br \/>\nE poi si vede, ora si vede, e come!<br \/>\ns\u00ec, sono incinta&#8230; Troppo presto, ahim\u00e8!<\/p>\n<p>Sai che non voglio balia? che ho speranza<br \/>\nd&#8217;allattarlo da me? Cerchiamo un nome&#8230;<br \/>\nHo fortuna, \u00e8 una buona gravidanza&#8230;\u00bb.<\/p>\n<p>Ancora parli, ancora parli, e guardi<br \/>\nle cose intorno. Piove. S&#8217;avvicina<br \/>\nl&#8217;ombra grigiastra. Suona l&#8217;ora. \u00c8 tardi.<\/p>\n<p><em> E l&#8217;anno scorso eri cos\u00ec bambina! <\/em><\/p><\/blockquote>\n<div class=\"jetpack-video-wrapper\"><span class=\"embed-youtube\" style=\"text-align:center; display: block;\"><iframe loading=\"lazy\" class=\"youtube-player\" width=\"800\" height=\"450\" src=\"https:\/\/www.youtube.com\/embed\/-QEb0iZ9uxc?version=3&#038;rel=1&#038;showsearch=0&#038;showinfo=1&#038;iv_load_policy=1&#038;fs=1&#038;hl=it-IT&#038;autohide=2&#038;wmode=transparent\" allowfullscreen=\"true\" style=\"border:0;\" sandbox=\"allow-scripts allow-same-origin allow-popups allow-presentation\"><\/iframe><\/span><\/div>\n<p>Ecco, contrappasso anche per voi.<\/p>\n","protected":false},"excerpt":{"rendered":"<p>Piove, oggi. E mi \u00e8 tornato in mente che da poco, durante una giornata altrettanto uggiosa, qualcuno mi ha chiesto<\/p>\n","protected":false},"author":1,"featured_media":13586,"comment_status":"open","ping_status":"open","sticky":false,"template":"","format":"video","meta":{"_mi_skip_tracking":false,"_monsterinsights_sitenote_active":false,"_monsterinsights_sitenote_note":"","_monsterinsights_sitenote_category":0,"jetpack_post_was_ever_published":false,"_jetpack_newsletter_access":"","jetpack_publicize_message":"","jetpack_is_tweetstorm":false,"jetpack_publicize_feature_enabled":true,"jetpack_social_post_already_shared":true,"jetpack_social_options":{"image_generator_settings":{"template":"highway","enabled":false}}},"categories":[52,53,75,18,16],"tags":[],"jetpack_publicize_connections":[],"jetpack_featured_media_url":"https:\/\/i0.wp.com\/www.robertosedda.it\/wp-content\/uploads\/2017\/04\/Sanguineti-Poesia-italiana-del-Novecento-I.jpg?fit=364%2C603","jetpack_sharing_enabled":true,"jetpack_shortlink":"https:\/\/wp.me\/s4jV2T-piove","jetpack_likes_enabled":true,"jetpack-related-posts":[{"id":2357,"url":"http:\/\/www.robertosedda.it\/?p=2357","url_meta":{"origin":13585,"position":0},"title":"Giorno di festa","author":"Rufus","date":"26\/02\/2013","format":false,"excerpt":"Oggi \u00e8 giorno di festa, perch\u00e9 ho finalmente ritrovato la poesia di Nazim Hikmet citata nelle Fate ignoranti di Ozpetek. Hikmet \u00e8 pochi gradini sotto Brecht nella graduatoria dei miei poeti preferiti. Ora che ci penso: un altro poeta comunista della mia adolescenza (e no, mia mamma non mi leggeva\u2026","rel":"","context":"In &quot;Coordinate&quot;","block_context":{"text":"Coordinate","link":"http:\/\/www.robertosedda.it\/?cat=52"},"img":{"alt_text":"","src":"https:\/\/i0.wp.com\/www.robertosedda.it\/wp-content\/uploads\/2013\/02\/Nazim_Hikmet.jpg?fit=240%2C268&resize=350%2C200","width":350,"height":200},"classes":[]},{"id":16587,"url":"http:\/\/www.robertosedda.it\/?p=16587","url_meta":{"origin":13585,"position":1},"title":"Pioggia di primavera","author":"Rufus","date":"11\/04\/2019","format":false,"excerpt":"Controllando delle altre cose su Facebook mi sono accorto che c'\u00e8 stato un tempo (fra il 2008 e il 2009) nel quale pubblicavo una poesia al giorno. Cio\u00e8: che pubblicassi poesie me lo ricordavo. Quello che non ricordavo era di essere durato cos\u00ec tanto: almeno sei mesi interi, giorno dopo\u2026","rel":"","context":"In &quot;Coordinate&quot;","block_context":{"text":"Coordinate","link":"http:\/\/www.robertosedda.it\/?cat=52"},"img":{"alt_text":"","src":"https:\/\/i0.wp.com\/www.robertosedda.it\/wp-content\/uploads\/2013\/02\/Nazim_Hikmet.jpg?fit=240%2C268&resize=350%2C200","width":350,"height":200},"classes":[]},{"id":19731,"url":"http:\/\/www.robertosedda.it\/?p=19731","url_meta":{"origin":13585,"position":2},"title":"Grazie, mi avete fatto bene","author":"Rufus","date":"14\/06\/2022","format":false,"excerpt":"Come molti lettori del blog sanno sicuramente, il 2 giugno \u00e8 morta mia madre, Graziella Delitala. Mamma era nata a Bengasi nel 1929 perch\u00e9 mio nonno, Gonario, ufficiale del Commissariato Militare (cio\u00e8, per capirci, il corpo destinato agli approvvigionamenti e all'amministrazione), era stato destinato a quella sede subito dopo il\u2026","rel":"","context":"In &quot;Coordinate&quot;","block_context":{"text":"Coordinate","link":"http:\/\/www.robertosedda.it\/?cat=52"},"img":{"alt_text":"","src":"https:\/\/i0.wp.com\/www.robertosedda.it\/wp-content\/uploads\/2022\/06\/UNGA2355-scaled.jpg?fit=1200%2C800&resize=350%2C200","width":350,"height":200,"srcset":"https:\/\/i0.wp.com\/www.robertosedda.it\/wp-content\/uploads\/2022\/06\/UNGA2355-scaled.jpg?fit=1200%2C800&resize=350%2C200 1x, https:\/\/i0.wp.com\/www.robertosedda.it\/wp-content\/uploads\/2022\/06\/UNGA2355-scaled.jpg?fit=1200%2C800&resize=700%2C400 2x, https:\/\/i0.wp.com\/www.robertosedda.it\/wp-content\/uploads\/2022\/06\/UNGA2355-scaled.jpg?fit=1200%2C800&resize=1050%2C600 3x"},"classes":[]},{"id":14990,"url":"http:\/\/www.robertosedda.it\/?p=14990","url_meta":{"origin":13585,"position":3},"title":"Storie di famiglia","author":"Rufus","date":"10\/04\/2018","format":false,"excerpt":"Sto facendo qualche partita di prova di\u00a0The power, il gioco che ho fatto all'ultima\u00a0Jam. Essendo, prima ancora che un gioco di ruolo, un marchingegno per creare\u00a0background\u00a0narrativi vorrei tener conto delle storie che vengono create: oggi segno qui quella giocata dai\u00a0Fabbricastorie (e se scaricate e provate il gioco e mi mandate\u2026","rel":"","context":"In &quot;Coordinate&quot;","block_context":{"text":"Coordinate","link":"http:\/\/www.robertosedda.it\/?cat=52"},"img":{"alt_text":"","src":"https:\/\/i0.wp.com\/www.robertosedda.it\/wp-content\/uploads\/2018\/01\/Screenshot.png?fit=1200%2C577&resize=350%2C200","width":350,"height":200,"srcset":"https:\/\/i0.wp.com\/www.robertosedda.it\/wp-content\/uploads\/2018\/01\/Screenshot.png?fit=1200%2C577&resize=350%2C200 1x, https:\/\/i0.wp.com\/www.robertosedda.it\/wp-content\/uploads\/2018\/01\/Screenshot.png?fit=1200%2C577&resize=700%2C400 2x, https:\/\/i0.wp.com\/www.robertosedda.it\/wp-content\/uploads\/2018\/01\/Screenshot.png?fit=1200%2C577&resize=1050%2C600 3x"},"classes":[]},{"id":9628,"url":"http:\/\/www.robertosedda.it\/?p=9628","url_meta":{"origin":13585,"position":4},"title":"Giochi, sillogismi e teologia sul treno per Rimini","author":"Rufus","date":"19\/02\/2015","format":false,"excerpt":"Venerd\u00ec, mentre andavo a Rimini, mi sono ritrovato separato da Gaetano su un treno affollato. Nel mio scompartimento c'erano una ragazza con l'aria da emo\u00a0e una spilla enorme con scritto\u00a0emo sucks\u00a0e tre ragazzi squadernati sui sedili come pu\u00f2 esserlo solo chi \u00e8 giovane, magro e in pace con se stesso\u2026","rel":"","context":"In &quot;Coordinate&quot;","block_context":{"text":"Coordinate","link":"http:\/\/www.robertosedda.it\/?cat=52"},"img":{"alt_text":"","src":"https:\/\/i0.wp.com\/www.robertosedda.it\/wp-content\/uploads\/2015\/02\/Roberto-Azione-Cattolica.jpg?fit=640%2C480&resize=350%2C200","width":350,"height":200},"classes":[]},{"id":8445,"url":"http:\/\/www.robertosedda.it\/?p=8445","url_meta":{"origin":13585,"position":5},"title":"Modi eleganti per sottrarsi alle catene e i miei dieci libri preferiti","author":"Rufus","date":"16\/09\/2014","format":false,"excerpt":"Ho deciso da un po' di fare il possibile per non partecipare alle catene su Facebook: non \u00e8 proprio una regola fissa, ma se posso lascio cadere le chiamate per quanto possa sentirmi solleticato nell'orgoglio dal fatto che c'\u00e8 gente che mi pensa. Lo faccio perch\u00e9 penso che le catene\u2026","rel":"","context":"In &quot;Coordinate&quot;","block_context":{"text":"Coordinate","link":"http:\/\/www.robertosedda.it\/?cat=52"},"img":{"alt_text":"","src":"https:\/\/i0.wp.com\/www.robertosedda.it\/wp-content\/uploads\/2014\/09\/Il-signore-degli-anelli.jpg?fit=393%2C620&resize=350%2C200","width":350,"height":200},"classes":[]}],"_links":{"self":[{"href":"http:\/\/www.robertosedda.it\/index.php?rest_route=\/wp\/v2\/posts\/13585"}],"collection":[{"href":"http:\/\/www.robertosedda.it\/index.php?rest_route=\/wp\/v2\/posts"}],"about":[{"href":"http:\/\/www.robertosedda.it\/index.php?rest_route=\/wp\/v2\/types\/post"}],"author":[{"embeddable":true,"href":"http:\/\/www.robertosedda.it\/index.php?rest_route=\/wp\/v2\/users\/1"}],"replies":[{"embeddable":true,"href":"http:\/\/www.robertosedda.it\/index.php?rest_route=%2Fwp%2Fv2%2Fcomments&post=13585"}],"version-history":[{"count":1,"href":"http:\/\/www.robertosedda.it\/index.php?rest_route=\/wp\/v2\/posts\/13585\/revisions"}],"predecessor-version":[{"id":13587,"href":"http:\/\/www.robertosedda.it\/index.php?rest_route=\/wp\/v2\/posts\/13585\/revisions\/13587"}],"wp:featuredmedia":[{"embeddable":true,"href":"http:\/\/www.robertosedda.it\/index.php?rest_route=\/wp\/v2\/media\/13586"}],"wp:attachment":[{"href":"http:\/\/www.robertosedda.it\/index.php?rest_route=%2Fwp%2Fv2%2Fmedia&parent=13585"}],"wp:term":[{"taxonomy":"category","embeddable":true,"href":"http:\/\/www.robertosedda.it\/index.php?rest_route=%2Fwp%2Fv2%2Fcategories&post=13585"},{"taxonomy":"post_tag","embeddable":true,"href":"http:\/\/www.robertosedda.it\/index.php?rest_route=%2Fwp%2Fv2%2Ftags&post=13585"}],"curies":[{"name":"wp","href":"https:\/\/api.w.org\/{rel}","templated":true}]}}