{"id":13552,"date":"2017-04-12T16:59:46","date_gmt":"2017-04-12T14:59:46","guid":{"rendered":"http:\/\/www.robertosedda.it\/?p=13552"},"modified":"2022-04-13T12:16:06","modified_gmt":"2022-04-13T10:16:06","slug":"gente-cattiva","status":"publish","type":"post","link":"http:\/\/www.robertosedda.it\/?p=13552","title":{"rendered":"Gente cattiva"},"content":{"rendered":"<p><a href=\"https:\/\/i0.wp.com\/www.robertosedda.it\/wp-content\/uploads\/2017\/04\/Relatos-salvajes.jpg\"><img data-attachment-id=\"13553\" data-permalink=\"http:\/\/www.robertosedda.it\/?attachment_id=13553\" data-orig-file=\"https:\/\/i0.wp.com\/www.robertosedda.it\/wp-content\/uploads\/2017\/04\/Relatos-salvajes.jpg?fit=830%2C466\" data-orig-size=\"830,466\" data-comments-opened=\"1\" data-image-meta=\"{&quot;aperture&quot;:&quot;0&quot;,&quot;credit&quot;:&quot;&quot;,&quot;camera&quot;:&quot;&quot;,&quot;caption&quot;:&quot;&quot;,&quot;created_timestamp&quot;:&quot;0&quot;,&quot;copyright&quot;:&quot;&quot;,&quot;focal_length&quot;:&quot;0&quot;,&quot;iso&quot;:&quot;0&quot;,&quot;shutter_speed&quot;:&quot;0&quot;,&quot;title&quot;:&quot;&quot;,&quot;orientation&quot;:&quot;0&quot;}\" data-image-title=\"Relatos salvajes\" data-image-description=\"\" data-image-caption=\"\" data-medium-file=\"https:\/\/i0.wp.com\/www.robertosedda.it\/wp-content\/uploads\/2017\/04\/Relatos-salvajes.jpg?fit=300%2C168\" data-large-file=\"https:\/\/i0.wp.com\/www.robertosedda.it\/wp-content\/uploads\/2017\/04\/Relatos-salvajes.jpg?fit=510%2C286\" decoding=\"async\" loading=\"lazy\" class=\"aligncenter size-full wp-image-13553\" src=\"https:\/\/i0.wp.com\/www.robertosedda.it\/wp-content\/uploads\/2017\/04\/Relatos-salvajes.jpg?resize=800%2C449\" alt=\"\" width=\"800\" height=\"449\" srcset=\"https:\/\/i0.wp.com\/www.robertosedda.it\/wp-content\/uploads\/2017\/04\/Relatos-salvajes.jpg?w=830 830w, https:\/\/i0.wp.com\/www.robertosedda.it\/wp-content\/uploads\/2017\/04\/Relatos-salvajes.jpg?resize=150%2C84 150w, https:\/\/i0.wp.com\/www.robertosedda.it\/wp-content\/uploads\/2017\/04\/Relatos-salvajes.jpg?resize=300%2C168 300w, https:\/\/i0.wp.com\/www.robertosedda.it\/wp-content\/uploads\/2017\/04\/Relatos-salvajes.jpg?resize=510%2C286 510w, https:\/\/i0.wp.com\/www.robertosedda.it\/wp-content\/uploads\/2017\/04\/Relatos-salvajes.jpg?resize=700%2C393 700w\" sizes=\"(max-width: 800px) 100vw, 800px\" data-recalc-dims=\"1\" \/><\/a>Domenica ero sul volo che tornava da Milano. A fianco a me due ex giovani sui quaranta (almeno), sul genere&nbsp;<em>sporty chic <\/em>(abbastanza <em>vorrei ma non posso<\/em>), col capello fatto, generose scollature, occhiali da sole (servono gli occhiali da sole in aereo?) e i vestiti della collezione <em>Guess<\/em> di due anni fa.<\/p>\n<p>Sono tipe che parleranno per tutto il viaggio mentre io tento di dormire, pi\u00f9 o meno sempre male di qualcun altro: ne hanno una vasta riserva e sono in grado&nbsp; di cambiare bersaglio con frequenza. Per riposarsi fra un linciaggio e l&#8217;altro parlano di diete, di palestra e di scuola di danza, di spese, di cose effimere fatte con colleghi o gente simile a Milano.<\/p>\n<p>Per capire il genere: ascoltano musica a volume altino dal cellulare. A un certo punto vedo un tipo che si protende oltre di me &#8211; sono seduto verso il corridoio &#8211; e gli fa: \u00abScusate, avete un paio di cuffiette?\u00bb col tono di chi chiede una sigaretta, tanto che sto per offrirgli le mie, che tengo in borsa. Invece, quando loro fanno di no, lui prosegue: \u00abAllora, cortesemente, potete spegnere la musica?\u00bb, che c&#8217;ha ragione, ovviamente, in aereo non si pu\u00f2. Quelle fanno di s\u00ec, certo, e lui va via. E allora la prima: \u00abComunque ce n&#8217;\u00e8 di gente, com&#8217;\u00e8 la parola, <em>intollerante<\/em>\u00bb. \u00abNo guarda\u00bb, fa l&#8217;altra, \u00ab\u00e8 che ti vogliono rompere il cazzo\u00bb&#8230;<\/p>\n<p>&#8230; <em>bonjour, finesse<\/em>&#8230;<\/p>\n<p>&#8230; \u00abSi, lo fanno per romperti il cazzo, ci sono certi che lo fanno per quello\u00bb, \u00abTrovano soddisfazione cos\u00ec\u00bb, \u00abSi, sono <em>miserabili<\/em>\u00bb, \u00abChe poi, dopo che ti hanno rotto il cazzo, cos&#8217;hanno ottenuto?!\u00bb. \u00abNiente, solo che ti hanno rotto il cazzo\u00bb&#8230;<\/p>\n<p><em>Dieci minuti<\/em>.<\/p>\n<p>Ok, sono cos\u00ec. In realt\u00e0 sono peggio. Prima di partire stanno su <em>Whatsapp<\/em> con un&#8217;altra tizia che, che bomba!, gli annuncia che due della scuola di danza o della palestra o quel che \u00e8 si sono mollati.<\/p>\n<p>Siccome preferiscono i messaggi vocali, non posso che essere messo a parte dell&#8217;eccezionalit\u00e0 della notizia: \u00abL&#8217;avevi detto tu! Sei davvero profetica!\u00bb, \u00abPresto, chiedi altre <em>news<\/em>\u00bb &#8211; dice cos\u00ec, <em>news<\/em> -, \u00abMa \u00e8 stato lui o lei?\u00bb, \u00abE adesso lui resta a Cagliari o torna a Milano?\u00bb, <em>chiedi chiedi chiedi chiedi<\/em>, ma soprattutto \u00e8 tutto un tripudio: \u00abGli sta bene a quella zoccola!\u00bb, \u00abAdesso vedrai che lui buonino buonino torna a casetta\u00bb, \u00abQuella l\u00ec, quella l\u00e0\u00bb (scusate, anche io ho un limite alle parolacce che posso riferire), ma soprattutto la frase decisiva:<\/p>\n<p>\u00abGuarda, mi dispiace solo che non hanno fatto in tempo a avere figli, che non si devono ciucciare anche i bambini nella separazione, ah, come gli sarebbe stato bene\u00bb.<\/p>\n<p>Gentaglia.<\/p>\n","protected":false},"excerpt":{"rendered":"<p>Domenica ero sul volo che tornava da Milano. A fianco a me due ex giovani sui quaranta (almeno), sul genere&nbsp;sporty<\/p>\n","protected":false},"author":1,"featured_media":13553,"comment_status":"open","ping_status":"open","sticky":false,"template":"","format":"standard","meta":{"_mi_skip_tracking":false,"_monsterinsights_sitenote_active":false,"_monsterinsights_sitenote_note":"","_monsterinsights_sitenote_category":0,"jetpack_post_was_ever_published":false,"_jetpack_newsletter_access":"","jetpack_publicize_message":"","jetpack_is_tweetstorm":false,"jetpack_publicize_feature_enabled":true,"jetpack_social_post_already_shared":true,"jetpack_social_options":{"image_generator_settings":{"template":"highway","enabled":false}}},"categories":[52,56,18,61,16],"tags":[],"jetpack_publicize_connections":[],"jetpack_featured_media_url":"https:\/\/i0.wp.com\/www.robertosedda.it\/wp-content\/uploads\/2017\/04\/Relatos-salvajes.jpg?fit=830%2C466","jetpack_sharing_enabled":true,"jetpack_shortlink":"https:\/\/wp.me\/p4jV2T-3wA","jetpack_likes_enabled":true,"jetpack-related-posts":[{"id":8597,"url":"http:\/\/www.robertosedda.it\/?p=8597","url_meta":{"origin":13552,"position":0},"title":"Foto infernali di studenti sprovveduti. O forse no&#8230;","author":"Rufus","date":"07\/10\/2014","format":false,"excerpt":"Da quest'anno non \u00e8 pi\u00f9 necessario, per i nostri studenti, presentare due foto formato tessera insieme con la domanda di immatricolazione. Ci siamo evoluti: la foto viene caricata dallo studente direttamente nella sua area riservata e da l\u00ec inserita automaticamente sul suo\u00a0badge, che sostituir\u00e0 il vecchio libretto. Ai primi avvisi\u2026","rel":"","context":"In &quot;Coordinate&quot;","block_context":{"text":"Coordinate","link":"http:\/\/www.robertosedda.it\/?cat=52"},"img":{"alt_text":"","src":"https:\/\/i0.wp.com\/www.robertosedda.it\/wp-content\/uploads\/2013\/10\/Rufus-clown.jpg?fit=604%2C415&resize=350%2C200","width":350,"height":200},"classes":[]},{"id":2574,"url":"http:\/\/www.robertosedda.it\/?p=2574","url_meta":{"origin":13552,"position":1},"title":"Amori contrastati","author":"Rufus","date":"16\/03\/2013","format":false,"excerpt":"Trovo oggi sul New York Times una storia bellissima e molto cyberpunk, che potrebbe\u00a0 tranquillamente essere un film hitchcockiano. Allora, la storia \u00e8 questa: il signore qui a destra si chiama Paul Frampton ed \u00e8 un fisico teorico che insegna nell'Universit\u00e0 della Carolina del Nord. Su Google scholar trovo una\u2026","rel":"","context":"In &quot;Coordinate&quot;","block_context":{"text":"Coordinate","link":"http:\/\/www.robertosedda.it\/?cat=52"},"img":{"alt_text":"","src":"https:\/\/i0.wp.com\/www.robertosedda.it\/wp-content\/uploads\/2013\/03\/Denise-Milani-denise-milani-23490234-1714-2560.jpg?fit=803%2C1200&resize=350%2C200","width":350,"height":200,"srcset":"https:\/\/i0.wp.com\/www.robertosedda.it\/wp-content\/uploads\/2013\/03\/Denise-Milani-denise-milani-23490234-1714-2560.jpg?fit=803%2C1200&resize=350%2C200 1x, https:\/\/i0.wp.com\/www.robertosedda.it\/wp-content\/uploads\/2013\/03\/Denise-Milani-denise-milani-23490234-1714-2560.jpg?fit=803%2C1200&resize=700%2C400 2x"},"classes":[]},{"id":3274,"url":"http:\/\/www.robertosedda.it\/?p=3274","url_meta":{"origin":13552,"position":2},"title":"Personale viaggiante","author":"Rufus","date":"27\/05\/2013","format":false,"excerpt":"Sabato sono andato a Bologna (e poi a Roma) per questioni varie di Banca Etica, fra le quali un invito del C.R.E.S.E.R. (Coordinamento Regionale per l'Economia Solidale Emilia-Romagna) a fare un intervento a una tavola rotonda in occasione di Terra Equa, dove erano tutti pi\u00f9 importanti di me e dove\u2026","rel":"","context":"In &quot;Coordinate&quot;","block_context":{"text":"Coordinate","link":"http:\/\/www.robertosedda.it\/?cat=52"},"img":{"alt_text":"","src":"https:\/\/i0.wp.com\/www.robertosedda.it\/wp-content\/uploads\/2013\/05\/2012-04-05_Stazione_VVFF_Roma_Ostiense-scaled.jpg?fit=1200%2C899&resize=350%2C200","width":350,"height":200,"srcset":"https:\/\/i0.wp.com\/www.robertosedda.it\/wp-content\/uploads\/2013\/05\/2012-04-05_Stazione_VVFF_Roma_Ostiense-scaled.jpg?fit=1200%2C899&resize=350%2C200 1x, https:\/\/i0.wp.com\/www.robertosedda.it\/wp-content\/uploads\/2013\/05\/2012-04-05_Stazione_VVFF_Roma_Ostiense-scaled.jpg?fit=1200%2C899&resize=700%2C400 2x, https:\/\/i0.wp.com\/www.robertosedda.it\/wp-content\/uploads\/2013\/05\/2012-04-05_Stazione_VVFF_Roma_Ostiense-scaled.jpg?fit=1200%2C899&resize=1050%2C600 3x"},"classes":[]},{"id":11084,"url":"http:\/\/www.robertosedda.it\/?p=11084","url_meta":{"origin":13552,"position":3},"title":"Imprevisti","author":"Rufus","date":"27\/10\/2015","format":false,"excerpt":"Questo articolo potrebbe iniziare Caro diario, cose da ricordare se ci si deve sposare... Che poi a me la cosa non mi riguarda, ma insomma, ci sono cose che \u00e8 sempre bene ricordarsi. Tipo che ci sono Alberto e Cristiana, che Alberto \u00e8\u00a0mio testimone di nozze e Cristiana \u00e8\u00a0mia cugina,\u2026","rel":"","context":"In &quot;Coordinate&quot;","block_context":{"text":"Coordinate","link":"http:\/\/www.robertosedda.it\/?cat=52"},"img":{"alt_text":"","src":"https:\/\/i0.wp.com\/www.robertosedda.it\/wp-content\/uploads\/2015\/10\/Alberto-e-Cristiana.jpg?fit=1154%2C575&resize=350%2C200","width":350,"height":200,"srcset":"https:\/\/i0.wp.com\/www.robertosedda.it\/wp-content\/uploads\/2015\/10\/Alberto-e-Cristiana.jpg?fit=1154%2C575&resize=350%2C200 1x, https:\/\/i0.wp.com\/www.robertosedda.it\/wp-content\/uploads\/2015\/10\/Alberto-e-Cristiana.jpg?fit=1154%2C575&resize=700%2C400 2x, https:\/\/i0.wp.com\/www.robertosedda.it\/wp-content\/uploads\/2015\/10\/Alberto-e-Cristiana.jpg?fit=1154%2C575&resize=1050%2C600 3x"},"classes":[]},{"id":2787,"url":"http:\/\/www.robertosedda.it\/?p=2787","url_meta":{"origin":13552,"position":4},"title":"Tessere altre economie","author":"Rufus","date":"03\/04\/2013","format":false,"excerpt":"Domani, 4 aprile 2013,\u00a0alle ore 16 sar\u00f2 al Liceo Siotto per parlare a un corso di aggiornamento di insegnanti, come se fossi una persona seria. Il tema che mi hanno assegnato (a dir la verit\u00e0 il titolo l'ho suggerito io, ehm) \u00e8: Tessere altre economie. Un po' il titolo \u00e8\u2026","rel":"","context":"In &quot;Coordinate&quot;","block_context":{"text":"Coordinate","link":"http:\/\/www.robertosedda.it\/?cat=52"},"img":{"alt_text":"","src":"","width":0,"height":0},"classes":[]},{"id":13534,"url":"http:\/\/www.robertosedda.it\/?p=13534","url_meta":{"origin":13552,"position":5},"title":"Benpensanti dell&#8217;una e dell&#8217;altra parte","author":"Rufus","date":"06\/04\/2017","format":false,"excerpt":"Forse non tutti sanno che l'attore Shia LaBeouf ama le installazioni e le\u00a0performance artistiche: per esempio nel 2015 ha organizzato una maratona di tre giorni nei quali si \u00e8 chiuso in un cinema per rivedere tutti i suoi film mentre una telecamera che lo riprendeva ininterrottamente trasmetteva in diretta lo\u00a0streaming\u00a0\u2026","rel":"","context":"In &quot;Coordinate&quot;","block_context":{"text":"Coordinate","link":"http:\/\/www.robertosedda.it\/?cat=52"},"img":{"alt_text":"","src":"https:\/\/i0.wp.com\/www.robertosedda.it\/wp-content\/uploads\/2017\/04\/Shia-LaBeouf.jpg?fit=1024%2C576&resize=350%2C200","width":350,"height":200,"srcset":"https:\/\/i0.wp.com\/www.robertosedda.it\/wp-content\/uploads\/2017\/04\/Shia-LaBeouf.jpg?fit=1024%2C576&resize=350%2C200 1x, https:\/\/i0.wp.com\/www.robertosedda.it\/wp-content\/uploads\/2017\/04\/Shia-LaBeouf.jpg?fit=1024%2C576&resize=700%2C400 2x"},"classes":[]}],"_links":{"self":[{"href":"http:\/\/www.robertosedda.it\/index.php?rest_route=\/wp\/v2\/posts\/13552"}],"collection":[{"href":"http:\/\/www.robertosedda.it\/index.php?rest_route=\/wp\/v2\/posts"}],"about":[{"href":"http:\/\/www.robertosedda.it\/index.php?rest_route=\/wp\/v2\/types\/post"}],"author":[{"embeddable":true,"href":"http:\/\/www.robertosedda.it\/index.php?rest_route=\/wp\/v2\/users\/1"}],"replies":[{"embeddable":true,"href":"http:\/\/www.robertosedda.it\/index.php?rest_route=%2Fwp%2Fv2%2Fcomments&post=13552"}],"version-history":[{"count":5,"href":"http:\/\/www.robertosedda.it\/index.php?rest_route=\/wp\/v2\/posts\/13552\/revisions"}],"predecessor-version":[{"id":16711,"href":"http:\/\/www.robertosedda.it\/index.php?rest_route=\/wp\/v2\/posts\/13552\/revisions\/16711"}],"wp:featuredmedia":[{"embeddable":true,"href":"http:\/\/www.robertosedda.it\/index.php?rest_route=\/wp\/v2\/media\/13553"}],"wp:attachment":[{"href":"http:\/\/www.robertosedda.it\/index.php?rest_route=%2Fwp%2Fv2%2Fmedia&parent=13552"}],"wp:term":[{"taxonomy":"category","embeddable":true,"href":"http:\/\/www.robertosedda.it\/index.php?rest_route=%2Fwp%2Fv2%2Fcategories&post=13552"},{"taxonomy":"post_tag","embeddable":true,"href":"http:\/\/www.robertosedda.it\/index.php?rest_route=%2Fwp%2Fv2%2Ftags&post=13552"}],"curies":[{"name":"wp","href":"https:\/\/api.w.org\/{rel}","templated":true}]}}