{"id":13527,"date":"2017-04-06T10:00:52","date_gmt":"2017-04-06T08:00:52","guid":{"rendered":"http:\/\/www.robertosedda.it\/?p=13527"},"modified":"2022-04-07T11:33:12","modified_gmt":"2022-04-07T09:33:12","slug":"reblog-il-consumo-degli-eventi","status":"publish","type":"post","link":"http:\/\/www.robertosedda.it\/?p=13527","title":{"rendered":"REBLOG: Il consumo degli eventi"},"content":{"rendered":"<p>Rubo da Marco Pitzalis su <em>Facebook<\/em> una pagina notevole di <a href=\"https:\/\/it.wikipedia.org\/wiki\/Franco_Fortini\">Franco Fortini<\/a> del 1967. Il libro da cui \u00e8 tratto dovrebbe essere&nbsp;<a href=\"http:\/\/www.italianisticaultraiectina.org\/publish\/articles\/000168\/article.pdf\"><em>I cani del Sinai<\/em><\/a> e la &#8220;crisi di giugno&#8221; a cui ci si riferisce la Guerra dei Sei Giorni, ma il senso trascende l&#8217;episodio storico specifico e si protende direttamente fino ai nostri giorni.<a href=\"https:\/\/i0.wp.com\/www.robertosedda.it\/wp-content\/uploads\/2017\/04\/Fortini-1967.jpg\"><img data-attachment-id=\"13528\" data-permalink=\"http:\/\/www.robertosedda.it\/?attachment_id=13528\" data-orig-file=\"https:\/\/i0.wp.com\/www.robertosedda.it\/wp-content\/uploads\/2017\/04\/Fortini-1967.jpg?fit=540%2C589\" data-orig-size=\"540,589\" data-comments-opened=\"1\" data-image-meta=\"{&quot;aperture&quot;:&quot;0&quot;,&quot;credit&quot;:&quot;&quot;,&quot;camera&quot;:&quot;&quot;,&quot;caption&quot;:&quot;&quot;,&quot;created_timestamp&quot;:&quot;0&quot;,&quot;copyright&quot;:&quot;&quot;,&quot;focal_length&quot;:&quot;0&quot;,&quot;iso&quot;:&quot;0&quot;,&quot;shutter_speed&quot;:&quot;0&quot;,&quot;title&quot;:&quot;&quot;,&quot;orientation&quot;:&quot;0&quot;}\" data-image-title=\"Fortini 1967\" data-image-description=\"\" data-image-caption=\"\" data-medium-file=\"https:\/\/i0.wp.com\/www.robertosedda.it\/wp-content\/uploads\/2017\/04\/Fortini-1967.jpg?fit=275%2C300\" data-large-file=\"https:\/\/i0.wp.com\/www.robertosedda.it\/wp-content\/uploads\/2017\/04\/Fortini-1967.jpg?fit=510%2C556\" decoding=\"async\" loading=\"lazy\" class=\"aligncenter size-full wp-image-13528\" src=\"https:\/\/i0.wp.com\/www.robertosedda.it\/wp-content\/uploads\/2017\/04\/Fortini-1967.jpg?resize=540%2C589\" alt=\"\" width=\"540\" height=\"589\" srcset=\"https:\/\/i0.wp.com\/www.robertosedda.it\/wp-content\/uploads\/2017\/04\/Fortini-1967.jpg?w=540 540w, https:\/\/i0.wp.com\/www.robertosedda.it\/wp-content\/uploads\/2017\/04\/Fortini-1967.jpg?resize=138%2C150 138w, https:\/\/i0.wp.com\/www.robertosedda.it\/wp-content\/uploads\/2017\/04\/Fortini-1967.jpg?resize=275%2C300 275w, https:\/\/i0.wp.com\/www.robertosedda.it\/wp-content\/uploads\/2017\/04\/Fortini-1967.jpg?resize=510%2C556 510w\" sizes=\"(max-width: 540px) 100vw, 540px\" data-recalc-dims=\"1\" \/><\/a><\/p>\n","protected":false},"excerpt":{"rendered":"<p>Rubo da Marco Pitzalis su Facebook una pagina notevole di Franco Fortini del 1967. Il libro da cui \u00e8 tratto<\/p>\n","protected":false},"author":1,"featured_media":13528,"comment_status":"open","ping_status":"open","sticky":false,"template":"","format":"standard","meta":{"_mi_skip_tracking":false,"_monsterinsights_sitenote_active":false,"_monsterinsights_sitenote_note":"","_monsterinsights_sitenote_category":0,"jetpack_post_was_ever_published":false,"_jetpack_newsletter_access":"","jetpack_publicize_message":"","jetpack_is_tweetstorm":false,"jetpack_publicize_feature_enabled":true,"jetpack_social_post_already_shared":true,"jetpack_social_options":{"image_generator_settings":{"template":"highway","enabled":false}}},"categories":[52,57,59,95,16],"tags":[],"jetpack_publicize_connections":[],"jetpack_featured_media_url":"https:\/\/i0.wp.com\/www.robertosedda.it\/wp-content\/uploads\/2017\/04\/Fortini-1967.jpg?fit=540%2C589","jetpack_sharing_enabled":true,"jetpack_shortlink":"https:\/\/wp.me\/p4jV2T-3wb","jetpack_likes_enabled":true,"jetpack-related-posts":[{"id":12715,"url":"http:\/\/www.robertosedda.it\/?p=12715","url_meta":{"origin":13527,"position":0},"title":"Segnalazioni necessarie &#8211; 3 (e anniversari)","author":"Rufus","date":"25\/10\/2016","format":"video","excerpt":"Come spesso ripete il mio socio Andrea Assorgia, \u00abWikipedia va sostenuta\u00bb (chiss\u00e0 perch\u00e9 sembra sempre pi\u00f9 facile versare una piccola quota per altre emergenze, e meno facile per Wiki). La settimana scorsa era in corso uno dei periodici momenti di raccolta: vedo ora che non c'\u00e8 pi\u00f9, ma \u00e8 sempre\u2026","rel":"","context":"In &quot;Coordinate&quot;","block_context":{"text":"Coordinate","link":"http:\/\/www.robertosedda.it\/?cat=52"},"img":{"alt_text":"","src":"https:\/\/i0.wp.com\/www.robertosedda.it\/wp-content\/uploads\/2016\/10\/Wikipedia.jpg?resize=350%2C200","width":350,"height":200,"srcset":"https:\/\/i0.wp.com\/www.robertosedda.it\/wp-content\/uploads\/2016\/10\/Wikipedia.jpg?resize=350%2C200 1x, https:\/\/i0.wp.com\/www.robertosedda.it\/wp-content\/uploads\/2016\/10\/Wikipedia.jpg?resize=700%2C400 2x, https:\/\/i0.wp.com\/www.robertosedda.it\/wp-content\/uploads\/2016\/10\/Wikipedia.jpg?resize=1050%2C600 3x, https:\/\/i0.wp.com\/www.robertosedda.it\/wp-content\/uploads\/2016\/10\/Wikipedia.jpg?resize=1400%2C800 4x"},"classes":[]},{"id":20388,"url":"http:\/\/www.robertosedda.it\/?p=20388","url_meta":{"origin":13527,"position":1},"title":"Il Gattoparca","author":"Rufus","date":"02\/12\/2023","format":false,"excerpt":"Ho visto l'altro giorno con Maria Bonaria Il gattopardo su RaiPlay, ispirati dalla sua lettura di La bella confusione di Francesco Piccolo. Oh, non l'avevo mai visto, lo ammetto. un filmone, ovviamente. Con un linguaggio cinematografico molto datato, e forse datato anche dal punto di vista politico (e per\u00f2 l'idea\u2026","rel":"","context":"In &quot;Coordinate&quot;","block_context":{"text":"Coordinate","link":"http:\/\/www.robertosedda.it\/?cat=52"},"img":{"alt_text":"","src":"https:\/\/i0.wp.com\/www.robertosedda.it\/wp-content\/uploads\/2023\/12\/17707.jpg?fit=840%2C1200&resize=350%2C200","width":350,"height":200,"srcset":"https:\/\/i0.wp.com\/www.robertosedda.it\/wp-content\/uploads\/2023\/12\/17707.jpg?fit=840%2C1200&resize=350%2C200 1x, https:\/\/i0.wp.com\/www.robertosedda.it\/wp-content\/uploads\/2023\/12\/17707.jpg?fit=840%2C1200&resize=700%2C400 2x"},"classes":[]},{"id":16587,"url":"http:\/\/www.robertosedda.it\/?p=16587","url_meta":{"origin":13527,"position":2},"title":"Pioggia di primavera","author":"Rufus","date":"11\/04\/2019","format":false,"excerpt":"Controllando delle altre cose su Facebook mi sono accorto che c'\u00e8 stato un tempo (fra il 2008 e il 2009) nel quale pubblicavo una poesia al giorno. Cio\u00e8: che pubblicassi poesie me lo ricordavo. Quello che non ricordavo era di essere durato cos\u00ec tanto: almeno sei mesi interi, giorno dopo\u2026","rel":"","context":"In &quot;Coordinate&quot;","block_context":{"text":"Coordinate","link":"http:\/\/www.robertosedda.it\/?cat=52"},"img":{"alt_text":"","src":"https:\/\/i0.wp.com\/www.robertosedda.it\/wp-content\/uploads\/2013\/02\/Nazim_Hikmet.jpg?fit=240%2C268&resize=350%2C200","width":350,"height":200},"classes":[]},{"id":17061,"url":"http:\/\/www.robertosedda.it\/?p=17061","url_meta":{"origin":13527,"position":3},"title":"Un giorno a Cagliari","author":"Rufus","date":"24\/08\/2019","format":false,"excerpt":"Vedo che Cagliari ha un nuovo video istituzionale di presentazione per i turisti. https:\/\/www.youtube.com\/watch?v=V0zYpeuUA2E&fbclid=IwAR1ywZfCwsJVj1PeijRzLzjE6_x6cmtZUfmKRGOS_yDmNxZDOhPCuxbMjKI Resto un pochino perplesso per un paio di insistenze su certi esercizi commerciali rispetto ad altri, per alcune clamorose omissioni (niente Museo Archeologico, niente lungomare Poetto con quelli che fanno sport o si godono la vita,\u2026","rel":"","context":"In &quot;Coordinate&quot;","block_context":{"text":"Coordinate","link":"http:\/\/www.robertosedda.it\/?cat=52"},"img":{"alt_text":"","src":"https:\/\/i0.wp.com\/www.robertosedda.it\/wp-content\/uploads\/2019\/08\/Logo-Cagliari.jpg?fit=1200%2C758&resize=350%2C200","width":350,"height":200,"srcset":"https:\/\/i0.wp.com\/www.robertosedda.it\/wp-content\/uploads\/2019\/08\/Logo-Cagliari.jpg?fit=1200%2C758&resize=350%2C200 1x, https:\/\/i0.wp.com\/www.robertosedda.it\/wp-content\/uploads\/2019\/08\/Logo-Cagliari.jpg?fit=1200%2C758&resize=700%2C400 2x, https:\/\/i0.wp.com\/www.robertosedda.it\/wp-content\/uploads\/2019\/08\/Logo-Cagliari.jpg?fit=1200%2C758&resize=1050%2C600 3x"},"classes":[]},{"id":15883,"url":"http:\/\/www.robertosedda.it\/?p=15883","url_meta":{"origin":13527,"position":4},"title":"Modi diversi di vedere le cose","author":"Rufus","date":"26\/11\/2018","format":false,"excerpt":"Oggi, credo per la prima volta in vita nostra, sia io che Maria Bonaria siamo nello stesso giorno in malattia dal lavoro. La verit\u00e0 \u00e8 che siamo profondamente raffreddati da un paio di giorni e ci aggiriamo per casa tossendo a ogni momento e Maria Bonaria, che \u00e8 prudente, ha\u2026","rel":"","context":"In &quot;Coordinate&quot;","block_context":{"text":"Coordinate","link":"http:\/\/www.robertosedda.it\/?cat=52"},"img":{"alt_text":"","src":"https:\/\/i0.wp.com\/www.robertosedda.it\/wp-content\/uploads\/2018\/11\/febbraio-2008.jpg?fit=1200%2C900&resize=350%2C200","width":350,"height":200,"srcset":"https:\/\/i0.wp.com\/www.robertosedda.it\/wp-content\/uploads\/2018\/11\/febbraio-2008.jpg?fit=1200%2C900&resize=350%2C200 1x, https:\/\/i0.wp.com\/www.robertosedda.it\/wp-content\/uploads\/2018\/11\/febbraio-2008.jpg?fit=1200%2C900&resize=700%2C400 2x, https:\/\/i0.wp.com\/www.robertosedda.it\/wp-content\/uploads\/2018\/11\/febbraio-2008.jpg?fit=1200%2C900&resize=1050%2C600 3x"},"classes":[]},{"id":15695,"url":"http:\/\/www.robertosedda.it\/?p=15695","url_meta":{"origin":13527,"position":5},"title":"Nordic LARP e balconi fioriti","author":"Rufus","date":"28\/09\/2018","format":"video","excerpt":"Chi mi segue su Facebook\u00a0sapr\u00e0 quanto \u00e8 stato divertente e istruttivo avere ospite Francesco Rugerfred Sedda per\u00a0PlayRooms e nei giorni precedenti e successivi; per\u00f2 mi sono reso conto che invece qui sul\u00a0blog, che mi serve appunto come memoria personale, non ne ho mai parlato e quindi, a qualche giorno di\u2026","rel":"","context":"In &quot;Coordinate&quot;","block_context":{"text":"Coordinate","link":"http:\/\/www.robertosedda.it\/?cat=52"},"img":{"alt_text":"","src":"https:\/\/i0.wp.com\/www.robertosedda.it\/wp-content\/uploads\/2018\/09\/Villanova.jpg?fit=501%2C812&resize=350%2C200","width":350,"height":200},"classes":[]}],"_links":{"self":[{"href":"http:\/\/www.robertosedda.it\/index.php?rest_route=\/wp\/v2\/posts\/13527"}],"collection":[{"href":"http:\/\/www.robertosedda.it\/index.php?rest_route=\/wp\/v2\/posts"}],"about":[{"href":"http:\/\/www.robertosedda.it\/index.php?rest_route=\/wp\/v2\/types\/post"}],"author":[{"embeddable":true,"href":"http:\/\/www.robertosedda.it\/index.php?rest_route=\/wp\/v2\/users\/1"}],"replies":[{"embeddable":true,"href":"http:\/\/www.robertosedda.it\/index.php?rest_route=%2Fwp%2Fv2%2Fcomments&post=13527"}],"version-history":[{"count":3,"href":"http:\/\/www.robertosedda.it\/index.php?rest_route=\/wp\/v2\/posts\/13527\/revisions"}],"predecessor-version":[{"id":19451,"href":"http:\/\/www.robertosedda.it\/index.php?rest_route=\/wp\/v2\/posts\/13527\/revisions\/19451"}],"wp:featuredmedia":[{"embeddable":true,"href":"http:\/\/www.robertosedda.it\/index.php?rest_route=\/wp\/v2\/media\/13528"}],"wp:attachment":[{"href":"http:\/\/www.robertosedda.it\/index.php?rest_route=%2Fwp%2Fv2%2Fmedia&parent=13527"}],"wp:term":[{"taxonomy":"category","embeddable":true,"href":"http:\/\/www.robertosedda.it\/index.php?rest_route=%2Fwp%2Fv2%2Fcategories&post=13527"},{"taxonomy":"post_tag","embeddable":true,"href":"http:\/\/www.robertosedda.it\/index.php?rest_route=%2Fwp%2Fv2%2Ftags&post=13527"}],"curies":[{"name":"wp","href":"https:\/\/api.w.org\/{rel}","templated":true}]}}