{"id":13465,"date":"2017-03-23T17:37:01","date_gmt":"2017-03-23T16:37:01","guid":{"rendered":"http:\/\/www.robertosedda.it\/?p=13465"},"modified":"2019-04-11T15:02:42","modified_gmt":"2019-04-11T13:02:42","slug":"imprese-grandi-e-indimenticabili","status":"publish","type":"post","link":"http:\/\/www.robertosedda.it\/?p=13465","title":{"rendered":"Imprese grandi e indimenticabili"},"content":{"rendered":"<p>L&#8217;altro giorno dovevo andare dopo pranzo a tagliarmi i capelli dal <a href=\"http:\/\/www.robertosedda.it\/?p=12332\">barbiere di fiducia<\/a>&nbsp;sulla spiaggia, e ho preso il <em>P<\/em>. A bordo, sedute nelle ultime tre-quattro file, c&#8217;era una banda di ragazzine delle superiori sui sedici anni, tutte abbastanza ben messe, tutte truccate, tutte con le maglie con le maniche intrecciate (qualcuna, a occhio, aveva ottenuto l&#8217;effetto regolamentare a mano, tagliando il tessuto con le forbici), tutte con la medesima pettinatura, quella con i capelli lunghi con la riga in mezzo e le ciocche davanti tirate dietro le orecchie mentre i capelli di dietro sono portati oltre le spalle, una pettinatura, sia detto per inciso, che a me ricorda irresistibilmente il&nbsp;<em>cocker<\/em> o il barboncino, soprattutto se la fanciulla ha i capelli un po&#8217; mossi.<\/p>\n<p>Quello che colpiva era&nbsp;il modo estremamente affiatato nel quale si muovevano: una occupava uno spazio, l&#8217;altra si spostava; una allungava una mano col cellulare, un&#8217;altra senza guardare lo prendeva. Una specie di corpo robotico multiplo che un po&#8217; dava le vertigini.<\/p>\n<p>E poi era strano, per un cagliaritano come me che prende l&#8217;autobus per il mare da una vita e conosce a memoria il percorso, la loro strana relazione con lo spazio urbano. Come se stessero facendo un viaggio attraverso terre sconosciute, salvo rendersi conto man mano del fatto che dall&#8217;ignoto balzavano fuori luoghi gi\u00e0 visti e frequentati: \u00abAh, ma qui non \u00e8 dove abita Veronica?\u00bb, \u00abEhi, ma questo \u00e8 il campo dove sono venuta a vedere Michele giocare a calcetto\u00bb, \u00abL\u00e0 dietro non c&#8217;\u00e8 quel locale dove siamo andate per la festa di Ludovica?\u00bb. A ogni metro, a ogni fermata, ma senza mai che questo sembrasse rivelare una conoscenza complessiva della geografia attraversata &#8211; all&#8217;Amsicora si dicevano: \u00abMi pare che il Poetto sia alla prossima fermata\u00bb. Ragazze abituate a essere portate in macchina, mi sono immaginato, per le quali contano i luoghi di partenza e di arrivo ma non i territori frammezzi, visti sempre distrattamente. Finch\u00e9 non devi muoverti autonomamente e la necessit\u00e0 di identificare il percorso, oltre che la destinazione, ti lascia sprovvista.<\/p>\n<p>E mi chiedevo, essendo l&#8217;impiccione che sono: ma un gruppo di ragazzine cos\u00ec, dove va? \u00c8 sera, quindi non sono in vela. Vanno a una festa da un&#8217;amica? Alle tre del pomeriggio?? A studiare a casa di qualcuna? Cos\u00ec in tiro?! Alla discoteca del&nbsp;<em>Lido<\/em>? Faranno serate&nbsp;per adolescenti cos\u00ec presto? E come mai non c&#8217;\u00e8 nemmeno un maschio? Che posti ci saranno, nel percorso della linea <em>P<\/em>, che possano costituire l&#8217;obiettivo dei vagabondaggi di un gruppo di adolescenti che cominciano a impadronirsi della citt\u00e0? Che impresa le muove?<\/p>\n<p><a href=\"https:\/\/i0.wp.com\/www.robertosedda.it\/wp-content\/uploads\/2017\/03\/DAquila.jpg\"><img data-attachment-id=\"13466\" data-permalink=\"http:\/\/www.robertosedda.it\/?attachment_id=13466\" data-orig-file=\"https:\/\/i0.wp.com\/www.robertosedda.it\/wp-content\/uploads\/2017\/03\/DAquila.jpg?fit=347%2C217\" data-orig-size=\"347,217\" data-comments-opened=\"1\" data-image-meta=\"{&quot;aperture&quot;:&quot;0&quot;,&quot;credit&quot;:&quot;&quot;,&quot;camera&quot;:&quot;&quot;,&quot;caption&quot;:&quot;&quot;,&quot;created_timestamp&quot;:&quot;0&quot;,&quot;copyright&quot;:&quot;&quot;,&quot;focal_length&quot;:&quot;0&quot;,&quot;iso&quot;:&quot;0&quot;,&quot;shutter_speed&quot;:&quot;0&quot;,&quot;title&quot;:&quot;&quot;,&quot;orientation&quot;:&quot;0&quot;}\" data-image-title=\"D&#8217;Aquila\" data-image-description=\"\" data-image-caption=\"\" data-medium-file=\"https:\/\/i0.wp.com\/www.robertosedda.it\/wp-content\/uploads\/2017\/03\/DAquila.jpg?fit=300%2C188\" data-large-file=\"https:\/\/i0.wp.com\/www.robertosedda.it\/wp-content\/uploads\/2017\/03\/DAquila.jpg?fit=347%2C217\" decoding=\"async\" loading=\"lazy\" class=\"alignright size-full wp-image-13466\" src=\"https:\/\/i0.wp.com\/www.robertosedda.it\/wp-content\/uploads\/2017\/03\/DAquila.jpg?resize=347%2C217\" alt=\"\" width=\"347\" height=\"217\" srcset=\"https:\/\/i0.wp.com\/www.robertosedda.it\/wp-content\/uploads\/2017\/03\/DAquila.jpg?w=347 347w, https:\/\/i0.wp.com\/www.robertosedda.it\/wp-content\/uploads\/2017\/03\/DAquila.jpg?resize=150%2C94 150w, https:\/\/i0.wp.com\/www.robertosedda.it\/wp-content\/uploads\/2017\/03\/DAquila.jpg?resize=300%2C188 300w\" sizes=\"(max-width: 347px) 100vw, 347px\" data-recalc-dims=\"1\" \/><\/a>Andavano al <em>D&#8217;Aquila<\/em> a farsi un&nbsp;<em>selfie<\/em>&nbsp;di gruppo sulla spiaggia.<\/p>\n<p>Le ho riviste, pi\u00f9 tardi, quando il barbiere mi ha rigirato fronte mare per rasarmi. Si&nbsp;aggiravano per le terrazze del <em>Lido<\/em>, facendo su e gi\u00f9 per le scale e sporgendosi qui e l\u00e0, esplorando l&#8217;ignoto come se fossero finalmente giunte oltre la&nbsp;<em>jungla<\/em> all&#8217;antica piramide Maya di Indiana Jones.<\/p>\n","protected":false},"excerpt":{"rendered":"<p>L&#8217;altro giorno dovevo andare dopo pranzo a tagliarmi i capelli dal barbiere di fiducia&nbsp;sulla spiaggia, e ho preso il P.<\/p>\n","protected":false},"author":1,"featured_media":13466,"comment_status":"open","ping_status":"open","sticky":false,"template":"","format":"standard","meta":{"_mi_skip_tracking":false,"_monsterinsights_sitenote_active":false,"_monsterinsights_sitenote_note":"","_monsterinsights_sitenote_category":0,"jetpack_post_was_ever_published":false,"_jetpack_newsletter_access":"","jetpack_publicize_message":"","jetpack_is_tweetstorm":false,"jetpack_publicize_feature_enabled":true,"jetpack_social_post_already_shared":true,"jetpack_social_options":{"image_generator_settings":{"template":"highway","enabled":false}}},"categories":[52,56,18,61,16],"tags":[],"jetpack_publicize_connections":[],"jetpack_featured_media_url":"https:\/\/i0.wp.com\/www.robertosedda.it\/wp-content\/uploads\/2017\/03\/DAquila.jpg?fit=347%2C217","jetpack_sharing_enabled":true,"jetpack_shortlink":"https:\/\/wp.me\/p4jV2T-3vb","jetpack_likes_enabled":true,"jetpack-related-posts":[{"id":11555,"url":"http:\/\/www.robertosedda.it\/?p=11555","url_meta":{"origin":13465,"position":0},"title":"REBLOG: Ezio Bosso \u00e8 un mito. Con una brutta pettinatura","author":"Rufus","date":"13\/02\/2016","format":false,"excerpt":"La brillante (e molto condivisibile) autodifesa dell'autore della\u00a0famosa battuta.","rel":"","context":"In &quot;Segnalazioni&quot;","block_context":{"text":"Segnalazioni","link":"http:\/\/www.robertosedda.it\/?cat=95"},"img":{"alt_text":"","src":"","width":0,"height":0},"classes":[]},{"id":6808,"url":"http:\/\/www.robertosedda.it\/?p=6808","url_meta":{"origin":13465,"position":1},"title":"Politiche di riduzione del danno","author":"Rufus","date":"24\/03\/2014","format":false,"excerpt":"Sgarrare al catechismo? Io e Maria Bonaria, di solito, andiamo alla Messa delle dieci della domenica mattina, che \u00e8 anche la Messa dei bambini del catechismo. Ieri ci siamo trovati su una panca subito dietro i ragazzini\u00a0 e le ragazzine che si preparano alla Cresima:\u00a0 a quell'et\u00e0 maldestra fra i\u2026","rel":"","context":"In &quot;Coordinate&quot;","block_context":{"text":"Coordinate","link":"http:\/\/www.robertosedda.it\/?cat=52"},"img":{"alt_text":"","src":"https:\/\/i0.wp.com\/www.robertosedda.it\/wp-content\/uploads\/2014\/03\/A-Olzai-coi-giovanissimi-e1648137071330.jpg?fit=600%2C443&resize=350%2C200","width":350,"height":200},"classes":[]},{"id":12332,"url":"http:\/\/www.robertosedda.it\/?p=12332","url_meta":{"origin":13465,"position":2},"title":"Non banalmente casalingo","author":"Rufus","date":"22\/08\/2016","format":false,"excerpt":"Tornato dalle ferie, la barba era lunga. E faceva caldo. Da quando ho raggiunto una certa et\u00e0 (diciamo: quella che rende inutili l'uso delle forbici per tagliare i capelli) io\u00a0ho due barbieri. Uno \u00e8 Maria Bonaria, dotata di una sorta di mietitrebbia casalinga poco selettiva ma\u00a0estrememente\u00a0efficiente. Ma in questo caso\u2026","rel":"","context":"In &quot;Coordinate&quot;","block_context":{"text":"Coordinate","link":"http:\/\/www.robertosedda.it\/?cat=52"},"img":{"alt_text":"","src":"https:\/\/i0.wp.com\/www.robertosedda.it\/wp-content\/uploads\/2016\/08\/20160822_131131-e1471941577178.jpg?fit=900%2C1200&resize=350%2C200","width":350,"height":200,"srcset":"https:\/\/i0.wp.com\/www.robertosedda.it\/wp-content\/uploads\/2016\/08\/20160822_131131-e1471941577178.jpg?fit=900%2C1200&resize=350%2C200 1x, https:\/\/i0.wp.com\/www.robertosedda.it\/wp-content\/uploads\/2016\/08\/20160822_131131-e1471941577178.jpg?fit=900%2C1200&resize=700%2C400 2x"},"classes":[]},{"id":10401,"url":"http:\/\/www.robertosedda.it\/?p=10401","url_meta":{"origin":13465,"position":3},"title":"La famosa rissa delle ragazzine di Bologna","author":"Rufus","date":"17\/06\/2015","format":false,"excerpt":"Venerd\u00ec ho scritto su\u00a0Facebook di essere rimasto coinvolto in una rissa di ragazzine a Bologna, e la cosa ha suscitato un po' di commenti, battute e richieste di chiarimento. Oh, ho anche scritto che sono rimasto circondato per lunghi minuti, a un certo punto, da altre ragazzine (le stesse sarebbe\u2026","rel":"","context":"In &quot;Coordinate&quot;","block_context":{"text":"Coordinate","link":"http:\/\/www.robertosedda.it\/?cat=52"},"img":{"alt_text":"","src":"https:\/\/i0.wp.com\/www.robertosedda.it\/wp-content\/uploads\/2015\/06\/Million-dollar-baby.jpg?fit=960%2C536&resize=350%2C200","width":350,"height":200,"srcset":"https:\/\/i0.wp.com\/www.robertosedda.it\/wp-content\/uploads\/2015\/06\/Million-dollar-baby.jpg?fit=960%2C536&resize=350%2C200 1x, https:\/\/i0.wp.com\/www.robertosedda.it\/wp-content\/uploads\/2015\/06\/Million-dollar-baby.jpg?fit=960%2C536&resize=700%2C400 2x"},"classes":[]},{"id":18506,"url":"http:\/\/www.robertosedda.it\/?p=18506","url_meta":{"origin":13465,"position":4},"title":"Occhi di lince in casa Sedda-Loi","author":"Rufus","date":"27\/04\/2021","format":false,"excerpt":"L'altro giorno stavamo guardando una puntata di Via dei Matti n. 0 (per l'esattezza quella del 12 aprile) quando Maria Bonaria ha detto: \u00abBollani ha perso un bottone\u00bb. Io mi sono girato a guardarla, un filino sorpreso, diciamo, e lei ha ripetuto: \u00abHa perso un bottone. Dalla manica della giacca.\u2026","rel":"","context":"In &quot;Coordinate&quot;","block_context":{"text":"Coordinate","link":"http:\/\/www.robertosedda.it\/?cat=52"},"img":{"alt_text":"","src":"https:\/\/i0.wp.com\/www.robertosedda.it\/wp-content\/uploads\/2021\/04\/Bollani-uno.png?fit=1200%2C569&resize=350%2C200","width":350,"height":200,"srcset":"https:\/\/i0.wp.com\/www.robertosedda.it\/wp-content\/uploads\/2021\/04\/Bollani-uno.png?fit=1200%2C569&resize=350%2C200 1x, https:\/\/i0.wp.com\/www.robertosedda.it\/wp-content\/uploads\/2021\/04\/Bollani-uno.png?fit=1200%2C569&resize=700%2C400 2x, https:\/\/i0.wp.com\/www.robertosedda.it\/wp-content\/uploads\/2021\/04\/Bollani-uno.png?fit=1200%2C569&resize=1050%2C600 3x"},"classes":[]},{"id":15621,"url":"http:\/\/www.robertosedda.it\/?p=15621","url_meta":{"origin":13465,"position":5},"title":"Drammi istantanei sulla linea 6","author":"Rufus","date":"31\/08\/2018","format":false,"excerpt":"Ieri sono salito sul 6 per andare a una riunione di soci di Banca Etica. Non so perch\u00e9 ma gli autobus del 6 sono sempre un po' pi\u00f9 vecchiotti e un po' pi\u00f9 scarsi di quelli delle altre linee: ma l'autobus era mezzo vuoto e io mi sono accomodato su\u2026","rel":"","context":"In &quot;Coordinate&quot;","block_context":{"text":"Coordinate","link":"http:\/\/www.robertosedda.it\/?cat=52"},"img":{"alt_text":"","src":"https:\/\/i0.wp.com\/www.robertosedda.it\/wp-content\/uploads\/2018\/08\/Dragon.jpg?fit=1024%2C640&resize=350%2C200","width":350,"height":200,"srcset":"https:\/\/i0.wp.com\/www.robertosedda.it\/wp-content\/uploads\/2018\/08\/Dragon.jpg?fit=1024%2C640&resize=350%2C200 1x, https:\/\/i0.wp.com\/www.robertosedda.it\/wp-content\/uploads\/2018\/08\/Dragon.jpg?fit=1024%2C640&resize=700%2C400 2x"},"classes":[]}],"_links":{"self":[{"href":"http:\/\/www.robertosedda.it\/index.php?rest_route=\/wp\/v2\/posts\/13465"}],"collection":[{"href":"http:\/\/www.robertosedda.it\/index.php?rest_route=\/wp\/v2\/posts"}],"about":[{"href":"http:\/\/www.robertosedda.it\/index.php?rest_route=\/wp\/v2\/types\/post"}],"author":[{"embeddable":true,"href":"http:\/\/www.robertosedda.it\/index.php?rest_route=\/wp\/v2\/users\/1"}],"replies":[{"embeddable":true,"href":"http:\/\/www.robertosedda.it\/index.php?rest_route=%2Fwp%2Fv2%2Fcomments&post=13465"}],"version-history":[{"count":2,"href":"http:\/\/www.robertosedda.it\/index.php?rest_route=\/wp\/v2\/posts\/13465\/revisions"}],"predecessor-version":[{"id":16474,"href":"http:\/\/www.robertosedda.it\/index.php?rest_route=\/wp\/v2\/posts\/13465\/revisions\/16474"}],"wp:featuredmedia":[{"embeddable":true,"href":"http:\/\/www.robertosedda.it\/index.php?rest_route=\/wp\/v2\/media\/13466"}],"wp:attachment":[{"href":"http:\/\/www.robertosedda.it\/index.php?rest_route=%2Fwp%2Fv2%2Fmedia&parent=13465"}],"wp:term":[{"taxonomy":"category","embeddable":true,"href":"http:\/\/www.robertosedda.it\/index.php?rest_route=%2Fwp%2Fv2%2Fcategories&post=13465"},{"taxonomy":"post_tag","embeddable":true,"href":"http:\/\/www.robertosedda.it\/index.php?rest_route=%2Fwp%2Fv2%2Ftags&post=13465"}],"curies":[{"name":"wp","href":"https:\/\/api.w.org\/{rel}","templated":true}]}}