{"id":13443,"date":"2017-03-20T10:16:21","date_gmt":"2017-03-20T09:16:21","guid":{"rendered":"http:\/\/www.robertosedda.it\/?p=13443"},"modified":"2019-03-28T14:22:38","modified_gmt":"2019-03-28T13:22:38","slug":"come-il-cagliari-di-tiddia-che-giocava-a-memoria","status":"publish","type":"post","link":"http:\/\/www.robertosedda.it\/?p=13443","title":{"rendered":"Come il Cagliari di Tiddia che giocava a memoria"},"content":{"rendered":"<p>Ieri e avantieri ero a Teramo per una riunione di Banca Etica:&nbsp;pi\u00f9 precisamente per il Coordinamento dell&#8217;Area Centro, i componenti del quale conosco ormai da minimo&nbsp;tre anni, spesso da molto di pi\u00f9 (questo che sta per scadere \u00e8 il mio terzo mandato).<\/p>\n<p><a href=\"https:\/\/i0.wp.com\/www.robertosedda.it\/wp-content\/uploads\/2017\/03\/Pausa-Coordinamento-Teramo.jpg\"><img data-attachment-id=\"13444\" data-permalink=\"http:\/\/www.robertosedda.it\/?attachment_id=13444\" data-orig-file=\"https:\/\/i0.wp.com\/www.robertosedda.it\/wp-content\/uploads\/2017\/03\/Pausa-Coordinamento-Teramo.jpg?fit=2560%2C1536\" data-orig-size=\"2560,1536\" data-comments-opened=\"1\" data-image-meta=\"{&quot;aperture&quot;:&quot;2.6&quot;,&quot;credit&quot;:&quot;&quot;,&quot;camera&quot;:&quot;GT-I9060I&quot;,&quot;caption&quot;:&quot;&quot;,&quot;created_timestamp&quot;:&quot;1489857587&quot;,&quot;copyright&quot;:&quot;&quot;,&quot;focal_length&quot;:&quot;3.31&quot;,&quot;iso&quot;:&quot;100&quot;,&quot;shutter_speed&quot;:&quot;0.03030303030303&quot;,&quot;title&quot;:&quot;&quot;,&quot;orientation&quot;:&quot;1&quot;}\" data-image-title=\"Pausa Coordinamento Teramo\" data-image-description=\"\" data-image-caption=\"\" data-medium-file=\"https:\/\/i0.wp.com\/www.robertosedda.it\/wp-content\/uploads\/2017\/03\/Pausa-Coordinamento-Teramo.jpg?fit=300%2C180\" data-large-file=\"https:\/\/i0.wp.com\/www.robertosedda.it\/wp-content\/uploads\/2017\/03\/Pausa-Coordinamento-Teramo.jpg?fit=510%2C306\" decoding=\"async\" loading=\"lazy\" class=\"aligncenter size-full wp-image-13444\" src=\"https:\/\/i0.wp.com\/www.robertosedda.it\/wp-content\/uploads\/2017\/03\/Pausa-Coordinamento-Teramo.jpg?resize=800%2C480\" alt=\"\" width=\"800\" height=\"480\" srcset=\"https:\/\/i0.wp.com\/www.robertosedda.it\/wp-content\/uploads\/2017\/03\/Pausa-Coordinamento-Teramo.jpg?w=2560 2560w, https:\/\/i0.wp.com\/www.robertosedda.it\/wp-content\/uploads\/2017\/03\/Pausa-Coordinamento-Teramo.jpg?resize=150%2C90 150w, https:\/\/i0.wp.com\/www.robertosedda.it\/wp-content\/uploads\/2017\/03\/Pausa-Coordinamento-Teramo.jpg?resize=300%2C180 300w, https:\/\/i0.wp.com\/www.robertosedda.it\/wp-content\/uploads\/2017\/03\/Pausa-Coordinamento-Teramo.jpg?resize=510%2C306 510w, https:\/\/i0.wp.com\/www.robertosedda.it\/wp-content\/uploads\/2017\/03\/Pausa-Coordinamento-Teramo.jpg?resize=700%2C420 700w, https:\/\/i0.wp.com\/www.robertosedda.it\/wp-content\/uploads\/2017\/03\/Pausa-Coordinamento-Teramo.jpg?w=1600 1600w, https:\/\/i0.wp.com\/www.robertosedda.it\/wp-content\/uploads\/2017\/03\/Pausa-Coordinamento-Teramo.jpg?w=2400 2400w\" sizes=\"(max-width: 800px) 100vw, 800px\" data-recalc-dims=\"1\" \/><\/a>Io e altri abbiamo dormito da Gennaro, il quale per\u00f2 \u00e8 dovuto uscire presto e ci ha lasciato soli in casa. Alle otto, puntuali, ci avviamo alla porta. Nel soggiorno vedo Antonio e Paolo che parlano.<\/p>\n<p>\u00abCosa?\u00bb, chiedo.<\/p>\n<p>\u00abNo, stavamo notando che Gennaro ha la collezione completa di Zerocalcare\u00bb, dice Antonio, avviandoci alla porta.<\/p>\n<p>Zerocalcare, uhm.<\/p>\n<p>Mi avvicino alla libreria. Antonio intanto \u00e8 gi\u00e0 sul pianerottolo. Non si \u00e8 mai girato.<\/p>\n<p>Noto che Gennaro nella libreria ha altri fumetti. Vedo un paio di serie della <em>Bonelli<\/em><em>, <\/em>comincio a esaminare sistematicamente gli scaffali.<\/p>\n<p>Dal piano di sotto Antonio, che non si \u00e8 mai girato, grida: \u00abDai, Roberto, non metterti a leggere i fumetti di Gennaro, adesso!\u00bb.<\/p>\n<p><em>Ulp! <\/em>Ritraggo con aria colpevole la mano.<\/p>\n<p>E non si \u00e8 mai girato;&nbsp;si vede che in questi anni abbiamo imparato a conoscerci!<\/p>\n","protected":false},"excerpt":{"rendered":"<p>Ieri e avantieri ero a Teramo per una riunione di Banca Etica:&nbsp;pi\u00f9 precisamente per il Coordinamento dell&#8217;Area Centro, i componenti<\/p>\n","protected":false},"author":1,"featured_media":13444,"comment_status":"open","ping_status":"open","sticky":false,"template":"","format":"standard","meta":{"_mi_skip_tracking":false,"_monsterinsights_sitenote_active":false,"_monsterinsights_sitenote_note":"","_monsterinsights_sitenote_category":0,"jetpack_post_was_ever_published":false,"_jetpack_newsletter_access":"","jetpack_publicize_message":"","jetpack_is_tweetstorm":false,"jetpack_publicize_feature_enabled":true,"jetpack_social_post_already_shared":true,"jetpack_social_options":{"image_generator_settings":{"template":"highway","enabled":false}}},"categories":[52,56,18,61,16],"tags":[],"jetpack_publicize_connections":[],"jetpack_featured_media_url":"https:\/\/i0.wp.com\/www.robertosedda.it\/wp-content\/uploads\/2017\/03\/Pausa-Coordinamento-Teramo.jpg?fit=2560%2C1536","jetpack_sharing_enabled":true,"jetpack_shortlink":"https:\/\/wp.me\/p4jV2T-3uP","jetpack_likes_enabled":true,"jetpack-related-posts":[{"id":16237,"url":"http:\/\/www.robertosedda.it\/?p=16237","url_meta":{"origin":13443,"position":0},"title":"Spiegare con humour","author":"Rufus","date":"08\/02\/2019","format":false,"excerpt":"Io ho un cugino che fa il libraio. Non mi spingo a dire che \u00e8 il mio cugino preferito perch\u00e9 poi gli altri si dispiacciono e comunque io voglio bene a tutti i miei cugini, ma certo gli sono sempre stato molto affezionato perch\u00e9 fra tutta la vasta geografia della\u2026","rel":"","context":"In &quot;Coordinate&quot;","block_context":{"text":"Coordinate","link":"http:\/\/www.robertosedda.it\/?cat=52"},"img":{"alt_text":"","src":"https:\/\/i0.wp.com\/www.robertosedda.it\/wp-content\/uploads\/2019\/02\/Pascale-Koob.jpg?fit=768%2C513&resize=350%2C200","width":350,"height":200,"srcset":"https:\/\/i0.wp.com\/www.robertosedda.it\/wp-content\/uploads\/2019\/02\/Pascale-Koob.jpg?fit=768%2C513&resize=350%2C200 1x, https:\/\/i0.wp.com\/www.robertosedda.it\/wp-content\/uploads\/2019\/02\/Pascale-Koob.jpg?fit=768%2C513&resize=700%2C400 2x"},"classes":[]},{"id":9460,"url":"http:\/\/www.robertosedda.it\/?p=9460","url_meta":{"origin":13443,"position":1},"title":"&#8220;Kobane calling&#8221; di Zerocalcare: la recensione","author":"Rufus","date":"26\/01\/2015","format":false,"excerpt":"Sono riuscito finalmente oggi a leggere con calma\u00a0Kobane calling, il reportage a fumetti (l'autore preferisce definirlo storiona) che Zerocalcare ha\u00a0scritto dopo essere stato a Kobane con la\u00a0Staffetta romana\u00a0e che \u00e8 stato pubblicato la settimana scorsa con\u00a0Internazionale. Siccome la recensione in due parole potrebbe limitarsi a: \"da leggere\", iniziamo con i\u2026","rel":"","context":"In &quot;Biografie&quot;","block_context":{"text":"Biografie","link":"http:\/\/www.robertosedda.it\/?cat=83"},"img":{"alt_text":"","src":"https:\/\/i0.wp.com\/www.robertosedda.it\/wp-content\/uploads\/2015\/01\/Internazionale-Kobane-Calling.png?fit=520%2C702&resize=350%2C200","width":350,"height":200},"classes":[]},{"id":15688,"url":"http:\/\/www.robertosedda.it\/?p=15688","url_meta":{"origin":13443,"position":2},"title":"Irruzioni e rotture non riuscite","author":"Rufus","date":"25\/09\/2018","format":"video","excerpt":"https:\/\/www.youtube.com\/watch?v=k_Opj9MVQgI La profezia dell'armadillo (Emanuele Scaringi, Italia 2018) Sono andato a vedere la settimana scorsa\u00a0La profezia dell'armadillo, tratto dal primo fortunatissimo libro di\u00a0Zerocalcare. Non avevo letto il libro e prima di fare la recensione del film mi sono voluto togliere il dubbio e me lo sono comprato e letto. \u00c8\u2026","rel":"","context":"In &quot;Coordinate&quot;","block_context":{"text":"Coordinate","link":"http:\/\/www.robertosedda.it\/?cat=52"},"img":{"alt_text":"","src":"https:\/\/i0.wp.com\/www.robertosedda.it\/wp-content\/uploads\/2018\/09\/Profezia-delllarmadillo.jpeg?fit=1200%2C605&resize=350%2C200","width":350,"height":200,"srcset":"https:\/\/i0.wp.com\/www.robertosedda.it\/wp-content\/uploads\/2018\/09\/Profezia-delllarmadillo.jpeg?fit=1200%2C605&resize=350%2C200 1x, https:\/\/i0.wp.com\/www.robertosedda.it\/wp-content\/uploads\/2018\/09\/Profezia-delllarmadillo.jpeg?fit=1200%2C605&resize=700%2C400 2x, https:\/\/i0.wp.com\/www.robertosedda.it\/wp-content\/uploads\/2018\/09\/Profezia-delllarmadillo.jpeg?fit=1200%2C605&resize=1050%2C600 3x"},"classes":[]},{"id":10323,"url":"http:\/\/www.robertosedda.it\/?p=10323","url_meta":{"origin":13443,"position":3},"title":"REBLOG: Imparate qualcosa su Zerocalcare, se vi pare","author":"Rufus","date":"08\/06\/2015","format":"link","excerpt":"Segnalo da Lo spazio bianco una bella analisi tecnica sulla struttura grafica e narrativa delle storie di Zerocalcare.","rel":"","context":"In &quot;Coordinate&quot;","block_context":{"text":"Coordinate","link":"http:\/\/www.robertosedda.it\/?cat=52"},"img":{"alt_text":"","src":"https:\/\/i0.wp.com\/www.robertosedda.it\/wp-content\/uploads\/2015\/05\/Zerocalcare-Repubblica.jpg?fit=670%2C919&resize=350%2C200","width":350,"height":200},"classes":[]},{"id":4546,"url":"http:\/\/www.robertosedda.it\/?p=4546","url_meta":{"origin":13443,"position":4},"title":"Definizioni","author":"Rufus","date":"04\/10\/2013","format":false,"excerpt":"Anni fa Michele Serra, allora giovane cronista in ascesa, fece ad agosto il giro delle coste italiane da Genova a Trieste su una\u00a0 valorosa e indistruttibile Panda 4x4. Le sue avventure, raccontate giorno per giorno sull'Unit\u00e0, sono state poi raccolte in un libro per Feltrinelli, intitolato Tutti al mare. Tra\u2026","rel":"","context":"Con 1 commento","block_context":{"text":"Con 1 commento","link":"http:\/\/www.robertosedda.it\/?p=4546#comments"},"img":{"alt_text":"","src":"https:\/\/i0.wp.com\/www.robertosedda.it\/wp-content\/uploads\/2013\/10\/Tutti-al-mare-Serra.jpg?fit=389%2C600&resize=350%2C200","width":350,"height":200},"classes":[]},{"id":10233,"url":"http:\/\/www.robertosedda.it\/?p=10233","url_meta":{"origin":13443,"position":5},"title":"REBLOG: L&#8217;inquietante citt\u00e0 dei Puffi di Zerocalcare","author":"Rufus","date":"20\/05\/2015","format":false,"excerpt":"Sempre ottimo,\u00a0Zero. Lettura consigliata.","rel":"","context":"In &quot;Segnalazioni&quot;","block_context":{"text":"Segnalazioni","link":"http:\/\/www.robertosedda.it\/?cat=95"},"img":{"alt_text":"","src":"https:\/\/i0.wp.com\/www.robertosedda.it\/wp-content\/uploads\/2015\/05\/Zerocalcare-Repubblica.jpg?fit=670%2C919&resize=350%2C200","width":350,"height":200},"classes":[]}],"_links":{"self":[{"href":"http:\/\/www.robertosedda.it\/index.php?rest_route=\/wp\/v2\/posts\/13443"}],"collection":[{"href":"http:\/\/www.robertosedda.it\/index.php?rest_route=\/wp\/v2\/posts"}],"about":[{"href":"http:\/\/www.robertosedda.it\/index.php?rest_route=\/wp\/v2\/types\/post"}],"author":[{"embeddable":true,"href":"http:\/\/www.robertosedda.it\/index.php?rest_route=\/wp\/v2\/users\/1"}],"replies":[{"embeddable":true,"href":"http:\/\/www.robertosedda.it\/index.php?rest_route=%2Fwp%2Fv2%2Fcomments&post=13443"}],"version-history":[{"count":2,"href":"http:\/\/www.robertosedda.it\/index.php?rest_route=\/wp\/v2\/posts\/13443\/revisions"}],"predecessor-version":[{"id":16396,"href":"http:\/\/www.robertosedda.it\/index.php?rest_route=\/wp\/v2\/posts\/13443\/revisions\/16396"}],"wp:featuredmedia":[{"embeddable":true,"href":"http:\/\/www.robertosedda.it\/index.php?rest_route=\/wp\/v2\/media\/13444"}],"wp:attachment":[{"href":"http:\/\/www.robertosedda.it\/index.php?rest_route=%2Fwp%2Fv2%2Fmedia&parent=13443"}],"wp:term":[{"taxonomy":"category","embeddable":true,"href":"http:\/\/www.robertosedda.it\/index.php?rest_route=%2Fwp%2Fv2%2Fcategories&post=13443"},{"taxonomy":"post_tag","embeddable":true,"href":"http:\/\/www.robertosedda.it\/index.php?rest_route=%2Fwp%2Fv2%2Ftags&post=13443"}],"curies":[{"name":"wp","href":"https:\/\/api.w.org\/{rel}","templated":true}]}}