{"id":13382,"date":"2017-03-10T10:31:36","date_gmt":"2017-03-10T09:31:36","guid":{"rendered":"http:\/\/www.robertosedda.it\/?p=13382"},"modified":"2022-03-11T16:53:34","modified_gmt":"2022-03-11T15:53:34","slug":"ragazze-che-muoiono-bruciate-sotto-chiave-lotto-marzo-nel-2017","status":"publish","type":"post","link":"http:\/\/www.robertosedda.it\/?p=13382","title":{"rendered":"Ragazze che muoiono bruciate sotto chiave l&#8217;otto marzo. Nel 2017"},"content":{"rendered":"<p><a href=\"https:\/\/i0.wp.com\/www.robertosedda.it\/wp-content\/uploads\/2017\/03\/Incendio-Guatemala-pubblicata-pompieri.jpg\"><img data-attachment-id=\"13383\" data-permalink=\"http:\/\/www.robertosedda.it\/?attachment_id=13383\" data-orig-file=\"https:\/\/i0.wp.com\/www.robertosedda.it\/wp-content\/uploads\/2017\/03\/Incendio-Guatemala-pubblicata-pompieri.jpg?fit=750%2C422\" data-orig-size=\"750,422\" data-comments-opened=\"1\" data-image-meta=\"{&quot;aperture&quot;:&quot;0&quot;,&quot;credit&quot;:&quot;&quot;,&quot;camera&quot;:&quot;&quot;,&quot;caption&quot;:&quot;&quot;,&quot;created_timestamp&quot;:&quot;0&quot;,&quot;copyright&quot;:&quot;&quot;,&quot;focal_length&quot;:&quot;0&quot;,&quot;iso&quot;:&quot;0&quot;,&quot;shutter_speed&quot;:&quot;0&quot;,&quot;title&quot;:&quot;&quot;,&quot;orientation&quot;:&quot;0&quot;}\" data-image-title=\"Incendio Guatemala pubblicata pompieri\" data-image-description=\"\" data-image-caption=\"\" data-medium-file=\"https:\/\/i0.wp.com\/www.robertosedda.it\/wp-content\/uploads\/2017\/03\/Incendio-Guatemala-pubblicata-pompieri.jpg?fit=300%2C169\" data-large-file=\"https:\/\/i0.wp.com\/www.robertosedda.it\/wp-content\/uploads\/2017\/03\/Incendio-Guatemala-pubblicata-pompieri.jpg?fit=510%2C287\" decoding=\"async\" loading=\"lazy\" class=\"aligncenter size-full wp-image-13383\" src=\"https:\/\/i0.wp.com\/www.robertosedda.it\/wp-content\/uploads\/2017\/03\/Incendio-Guatemala-pubblicata-pompieri.jpg?resize=750%2C422\" alt=\"\" width=\"750\" height=\"422\" srcset=\"https:\/\/i0.wp.com\/www.robertosedda.it\/wp-content\/uploads\/2017\/03\/Incendio-Guatemala-pubblicata-pompieri.jpg?w=750 750w, https:\/\/i0.wp.com\/www.robertosedda.it\/wp-content\/uploads\/2017\/03\/Incendio-Guatemala-pubblicata-pompieri.jpg?resize=150%2C84 150w, https:\/\/i0.wp.com\/www.robertosedda.it\/wp-content\/uploads\/2017\/03\/Incendio-Guatemala-pubblicata-pompieri.jpg?resize=300%2C169 300w, https:\/\/i0.wp.com\/www.robertosedda.it\/wp-content\/uploads\/2017\/03\/Incendio-Guatemala-pubblicata-pompieri.jpg?resize=510%2C287 510w, https:\/\/i0.wp.com\/www.robertosedda.it\/wp-content\/uploads\/2017\/03\/Incendio-Guatemala-pubblicata-pompieri.jpg?resize=700%2C394 700w\" sizes=\"(max-width: 750px) 100vw, 750px\" data-recalc-dims=\"1\" \/><\/a>Mi ha molto colpito, stamattina, leggere su\u00a0<em><a href=\"https:\/\/www.aciprensa.com\/noticias\/iglesia-en-guatemala-lamenta-incendio-que-dejo-decenas-de-ninas-muertas-en-casa-hogar-24747\/\">Il sismografo<\/a>\u00a0<\/em>la notizia che in un ostello in Guatemala lo scorso otto marzo sono morte trentacinque ragazzine minorenni in un incendio.<\/p>\n<p>Tutti sapete che probabilmente il famoso incendio in una fabbrica americana da cui avrebbe preso origine la festa della donna \u00e8 probabilmente un&#8217;invenzione storica, ma questo \u00e8 vero.<\/p>\n<p>E i particolari\u00a0sono significativi.<\/p>\n<p>Una struttura, alla periferia della capitale guatemalteca, gestito dal ministero degli affari sociali.<\/p>\n<p>Destinata a ospitare circa cinquecento persone, ve ne stavano stipate pi\u00f9 di ottocento.<\/p>\n<p>E le persone ospitate erano un\u00a0<em>mix<\/em> esplosivo: minori con problemi di disabilit\u00e0, orfani e ragazzi e ragazze in stato di abbandono, vittime di abusi familiari, vittime di tratta, ragazze madri&#8230; e contemporaneamente minori con alle spalle una storia di criminalit\u00e0, per quanto minore, e quindi affidati ai servizi sociali o posti in stato di semireclusione.<\/p>\n<p>Un\u00a0<em>mix<\/em> esplosivo in una casa sovraffollata per la quale, come per tante altre, il governo non stanzia fondi a sufficienza.<\/p>\n<p>Una casa dickensiana nella quale ragazzi denutriti e maltrattati sono tiranneggiati e abusati dai ragazzi pi\u00f9 grandi \u00a0e probabilmente dal personale. Ovviamente le ragazze sono le pi\u00f9 deboli della situazione, e quindi le pi\u00f9 abusate: la casa ha una lunga storia di violenze sessuali.<\/p>\n<p>Malnutrizione. Maltrattamenti. Violenze. Stupri.<\/p>\n<p>Il sette marzo un gruppo di ragazze inscena una rissa in mensa per distrarre le guardie e tentare la fuga.<\/p>\n<p>L&#8217;ultima volta che un gruppo consistente di &#8220;ospiti&#8221; \u00e8 riuscito a fuggire il direttore della casa \u00e8 stato licenziato. Quindi l&#8217;attuale e il personale reagiscono con durezza, neanche dovessero reprimere una rivolta carceraria. Interviene la polizia in stato antisommossa e, nell&#8217;arco della giornata, la rivolta \u00e8 spenta e la maggior parte delle ragazze ricatturate.<\/p>\n<p>Per punizione vengono stipate tutte insieme in un dormitorio. A quanto pare nella notte gli ospiti maschi riescono comunque ad avere accesso. Una parte delle ragazze per evitare violenze, scappa sui tetti. Altre, chiuse in pi\u00f9 di cinquanta in una stanzetta di pochi metri quadri, essendo l&#8217;otto marzo decide di inscenare una nuova manifestazione. Per protesta qualcuna d\u00e0 fuoco ai materassi. Il personale e la polizia, all&#8217;esterno, pensano a un nuovo trucco e reagiscono con lentezza.<\/p>\n<p>Il resto\u00a0fa dolore immaginarlo.<\/p>\n","protected":false},"excerpt":{"rendered":"<p>Mi ha molto colpito, stamattina, leggere su\u00a0Il sismografo\u00a0la notizia che in un ostello in Guatemala lo scorso otto marzo sono<\/p>\n","protected":false},"author":1,"featured_media":13383,"comment_status":"open","ping_status":"open","sticky":false,"template":"","format":"standard","meta":{"_mi_skip_tracking":false,"_monsterinsights_sitenote_active":false,"_monsterinsights_sitenote_note":"","_monsterinsights_sitenote_category":0,"jetpack_post_was_ever_published":false,"_jetpack_newsletter_access":"","jetpack_publicize_message":"","jetpack_is_tweetstorm":false,"jetpack_publicize_feature_enabled":true,"jetpack_social_post_already_shared":true,"jetpack_social_options":{"image_generator_settings":{"template":"highway","enabled":false}}},"categories":[52,57,17,59,16],"tags":[],"jetpack_publicize_connections":[],"jetpack_featured_media_url":"https:\/\/i0.wp.com\/www.robertosedda.it\/wp-content\/uploads\/2017\/03\/Incendio-Guatemala-pubblicata-pompieri.jpg?fit=750%2C422","jetpack_sharing_enabled":true,"jetpack_shortlink":"https:\/\/wp.me\/p4jV2T-3tQ","jetpack_likes_enabled":true,"jetpack-related-posts":[{"id":13857,"url":"http:\/\/www.robertosedda.it\/?p=13857","url_meta":{"origin":13382,"position":0},"title":"[REBLOG] L&#8217;incendio alla Grenfell Tower (e la Thatcher)","author":"Rufus","date":"19\/06\/2017","format":false,"excerpt":"Sono rimasto, come credo tutti, molto colpito dalla vicenda dell'incendio alla Grenfell Tower a Londra con il suo catastrofico bilancio di vittime. Cosa \u00e8 successo Vi segnalo tre articoli (in inglese): per vederli, cliccate sulle immagini. Il primo, dal sito della\u00a0BBC, aiuta a capire cosa \u00e8 successo in senso\u00a0pratico, con\u2026","rel":"","context":"In &quot;Coordinate&quot;","block_context":{"text":"Coordinate","link":"http:\/\/www.robertosedda.it\/?cat=52"},"img":{"alt_text":"","src":"https:\/\/i0.wp.com\/www.robertosedda.it\/wp-content\/uploads\/2017\/06\/Grenfell-Telegraph.jpg?fit=1020%2C732&resize=350%2C200","width":350,"height":200,"srcset":"https:\/\/i0.wp.com\/www.robertosedda.it\/wp-content\/uploads\/2017\/06\/Grenfell-Telegraph.jpg?fit=1020%2C732&resize=350%2C200 1x, https:\/\/i0.wp.com\/www.robertosedda.it\/wp-content\/uploads\/2017\/06\/Grenfell-Telegraph.jpg?fit=1020%2C732&resize=700%2C400 2x"},"classes":[]},{"id":20339,"url":"http:\/\/www.robertosedda.it\/?p=20339","url_meta":{"origin":13382,"position":1},"title":"Labirinti, peccati e cantori","author":"Rufus","date":"20\/07\/2023","format":false,"excerpt":"Ho visto avantieri, nella rassegna all'aperto del cinema Odissea, il documentario L'ombra del fuco di Enrico Pau, dedicato all'incendio che ha distrutto il Montiferru nel 2021. Nel dibattito successivo il regista diceva di essere rimasto a lungo perplesso, mentre il materiale girato gli cresceva fra le mani e diventava sempre\u2026","rel":"","context":"In &quot;Coordinate&quot;","block_context":{"text":"Coordinate","link":"http:\/\/www.robertosedda.it\/?cat=52"},"img":{"alt_text":"","src":"https:\/\/i0.wp.com\/www.robertosedda.it\/wp-content\/uploads\/2023\/07\/Ombra-fuoco-Pau.jpg?fit=1080%2C1080&resize=350%2C200","width":350,"height":200,"srcset":"https:\/\/i0.wp.com\/www.robertosedda.it\/wp-content\/uploads\/2023\/07\/Ombra-fuoco-Pau.jpg?fit=1080%2C1080&resize=350%2C200 1x, https:\/\/i0.wp.com\/www.robertosedda.it\/wp-content\/uploads\/2023\/07\/Ombra-fuoco-Pau.jpg?fit=1080%2C1080&resize=700%2C400 2x, https:\/\/i0.wp.com\/www.robertosedda.it\/wp-content\/uploads\/2023\/07\/Ombra-fuoco-Pau.jpg?fit=1080%2C1080&resize=1050%2C600 3x"},"classes":[]},{"id":7516,"url":"http:\/\/www.robertosedda.it\/?p=7516","url_meta":{"origin":13382,"position":2},"title":"Pubblicato il resoconto del seminario su Cagliari","author":"Rufus","date":"25\/05\/2014","format":false,"excerpt":"Il gruppo La Pira ha finalmente completato il report del seminario di studio sulla situazione della citt\u00e0 di Cagliari che si \u00e8 tenuto ormai pi\u00f9 di due mesi fa, l'8 marzo. Per il momento il gruppo non ha un proprio sito e il report \u00e8 stato inviato direttamente ai partecipanti:\u2026","rel":"","context":"In &quot;Coordinate&quot;","block_context":{"text":"Coordinate","link":"http:\/\/www.robertosedda.it\/?cat=52"},"img":{"alt_text":"","src":"https:\/\/i0.wp.com\/www.robertosedda.it\/wp-content\/uploads\/2014\/05\/Report-otto-marzo-2014-Cagliari.jpg?fit=849%2C1200&resize=350%2C200","width":350,"height":200,"srcset":"https:\/\/i0.wp.com\/www.robertosedda.it\/wp-content\/uploads\/2014\/05\/Report-otto-marzo-2014-Cagliari.jpg?fit=849%2C1200&resize=350%2C200 1x, https:\/\/i0.wp.com\/www.robertosedda.it\/wp-content\/uploads\/2014\/05\/Report-otto-marzo-2014-Cagliari.jpg?fit=849%2C1200&resize=700%2C400 2x"},"classes":[]},{"id":15764,"url":"http:\/\/www.robertosedda.it\/?p=15764","url_meta":{"origin":13382,"position":3},"title":"Non aprite quel locale!!","author":"Rufus","date":"24\/10\/2018","format":false,"excerpt":"Un paio di giorni fa il fidato aggregatore di notizie mattutine mi ha segnalato un articolo di un poeta e traduttore statunitense, Noel Black, che racconta con un tono fra il mestamente amaro e il sarcasticamente pentito le sue esperienze nella conduzione di un locale a met\u00e0 fra il centro\u2026","rel":"","context":"In &quot;Coordinate&quot;","block_context":{"text":"Coordinate","link":"http:\/\/www.robertosedda.it\/?cat=52"},"img":{"alt_text":"","src":"https:\/\/i0.wp.com\/www.robertosedda.it\/wp-content\/uploads\/2018\/10\/Caution.jpg?fit=1200%2C583&resize=350%2C200","width":350,"height":200,"srcset":"https:\/\/i0.wp.com\/www.robertosedda.it\/wp-content\/uploads\/2018\/10\/Caution.jpg?fit=1200%2C583&resize=350%2C200 1x, https:\/\/i0.wp.com\/www.robertosedda.it\/wp-content\/uploads\/2018\/10\/Caution.jpg?fit=1200%2C583&resize=700%2C400 2x, https:\/\/i0.wp.com\/www.robertosedda.it\/wp-content\/uploads\/2018\/10\/Caution.jpg?fit=1200%2C583&resize=1050%2C600 3x"},"classes":[]},{"id":19247,"url":"http:\/\/www.robertosedda.it\/?p=19247","url_meta":{"origin":13382,"position":4},"title":"Differenze salariali di genere","author":"Rufus","date":"08\/03\/2022","format":false,"excerpt":"Segnalo, come ottimo esempio di attivismo sulle tematiche di genere nella festa dell'Otto Marzo, il bot (cio\u00e8 un account automatizzato) che risponde a tutti i tweet di organizzazioni di vario tipo che menzionano la giornata con il dato della loro differenza salariale fra uomini e donne. Potete cliccare sull'immagine qui\u2026","rel":"","context":"In &quot;Coordinate&quot;","block_context":{"text":"Coordinate","link":"http:\/\/www.robertosedda.it\/?cat=52"},"img":{"alt_text":"","src":"https:\/\/i0.wp.com\/www.robertosedda.it\/wp-content\/uploads\/2022\/03\/Gender-pay-gap-bot.jpg?fit=624%2C496&resize=350%2C200","width":350,"height":200},"classes":[]},{"id":18103,"url":"http:\/\/www.robertosedda.it\/?p=18103","url_meta":{"origin":13382,"position":5},"title":"Libri a spanne","author":"Rufus","date":"05\/05\/2020","format":false,"excerpt":"Lato fantasy, fantascienza, gialli... e altre cose In questo periodo, fra lezioni di scrittura per videogame, riunione su Zoom e videoconferenze varie, molte persone, anche che mi conoscono bene, scoprono per la prima volta che in casa mia c'\u00e8 una stanza dove le pareti sono quasi tutte coperte da librerie.\u2026","rel":"","context":"In &quot;Coordinate&quot;","block_context":{"text":"Coordinate","link":"http:\/\/www.robertosedda.it\/?cat=52"},"img":{"alt_text":"","src":"https:\/\/i0.wp.com\/www.robertosedda.it\/wp-content\/uploads\/2020\/05\/WIN_20200505_14_49_47_Pro.jpg?fit=1200%2C675&resize=350%2C200","width":350,"height":200,"srcset":"https:\/\/i0.wp.com\/www.robertosedda.it\/wp-content\/uploads\/2020\/05\/WIN_20200505_14_49_47_Pro.jpg?fit=1200%2C675&resize=350%2C200 1x, https:\/\/i0.wp.com\/www.robertosedda.it\/wp-content\/uploads\/2020\/05\/WIN_20200505_14_49_47_Pro.jpg?fit=1200%2C675&resize=700%2C400 2x, https:\/\/i0.wp.com\/www.robertosedda.it\/wp-content\/uploads\/2020\/05\/WIN_20200505_14_49_47_Pro.jpg?fit=1200%2C675&resize=1050%2C600 3x"},"classes":[]}],"_links":{"self":[{"href":"http:\/\/www.robertosedda.it\/index.php?rest_route=\/wp\/v2\/posts\/13382"}],"collection":[{"href":"http:\/\/www.robertosedda.it\/index.php?rest_route=\/wp\/v2\/posts"}],"about":[{"href":"http:\/\/www.robertosedda.it\/index.php?rest_route=\/wp\/v2\/types\/post"}],"author":[{"embeddable":true,"href":"http:\/\/www.robertosedda.it\/index.php?rest_route=\/wp\/v2\/users\/1"}],"replies":[{"embeddable":true,"href":"http:\/\/www.robertosedda.it\/index.php?rest_route=%2Fwp%2Fv2%2Fcomments&post=13382"}],"version-history":[{"count":2,"href":"http:\/\/www.robertosedda.it\/index.php?rest_route=\/wp\/v2\/posts\/13382\/revisions"}],"predecessor-version":[{"id":13385,"href":"http:\/\/www.robertosedda.it\/index.php?rest_route=\/wp\/v2\/posts\/13382\/revisions\/13385"}],"wp:featuredmedia":[{"embeddable":true,"href":"http:\/\/www.robertosedda.it\/index.php?rest_route=\/wp\/v2\/media\/13383"}],"wp:attachment":[{"href":"http:\/\/www.robertosedda.it\/index.php?rest_route=%2Fwp%2Fv2%2Fmedia&parent=13382"}],"wp:term":[{"taxonomy":"category","embeddable":true,"href":"http:\/\/www.robertosedda.it\/index.php?rest_route=%2Fwp%2Fv2%2Fcategories&post=13382"},{"taxonomy":"post_tag","embeddable":true,"href":"http:\/\/www.robertosedda.it\/index.php?rest_route=%2Fwp%2Fv2%2Ftags&post=13382"}],"curies":[{"name":"wp","href":"https:\/\/api.w.org\/{rel}","templated":true}]}}