{"id":13376,"date":"2017-03-09T15:48:04","date_gmt":"2017-03-09T14:48:04","guid":{"rendered":"http:\/\/www.robertosedda.it\/?p=13376"},"modified":"2017-04-06T10:06:22","modified_gmt":"2017-04-06T08:06:22","slug":"sempre-meno-liberta-nel-mondo","status":"publish","type":"post","link":"http:\/\/www.robertosedda.it\/?p=13376","title":{"rendered":"Sempre meno libert\u00e0 nel mondo"},"content":{"rendered":"<p>Traduco da\u00a0<em><a href=\"http:\/\/www.visualcapitalist.com\">Visual Capitalist<\/a>\u00a0<\/em>un pezzo che accompagna alcune rappresentazioni grafiche dello stato della libert\u00e0 del mondo. Un riassunto del pezzo potrebbe essere: \u00abNon c&#8217;\u00e8 molto da stare allegri\u00bb, ma l&#8217;elemento interessante non \u00e8 tanto quello quanto il fatto che la cosa, a quanto pare, peggiora anno dopo anno da parecchio tempo. L&#8217;articolo \u00e8 probabilmente semplicistico, ma i dati che riporta sono molto interessanti.<\/p>\n<p>L&#8217;<a href=\"http:\/\/www.visualcapitalist.com\/worrying-decline-of-freedom-world\/\">articolo originale<\/a> \u00e8 del 2 marzo. Le illustrazioni sono, evidentemente, quelle dell&#8217;articolo originale, come pure i <em>link<\/em> utilizzati.<\/p>\n<h2>Il preoccupante declino della libert\u00e0 nel mondo<\/h2>\n<h3>di Jeff Desjardins<\/h3>\n<p>Il ventesimo secolo ha spinto in avanti con forza l&#8217;alfabetizzazione, la libert\u00e0, la prosperit\u00e0, la ricchezza e la tecnologia.<\/p>\n<p>Sulla base di questi progressi la ricchezza \u00e8 aumentata esponenzialmente e la <a href=\"http:\/\/www.visualcapitalist.com\/chart-end-world-poverty-sight\/\">povert\u00e0 mondiale<\/a> \u00e8 ai minimi di tutti i tempi. L&#8217;aspettativa di vita continua a migliorare in molti paesi, l&#8217;alfabetizzazione globale \u00e8 quasi al 90% e ci sono pi\u00f9 di cento paesi democratici in tutto il pianeta.<\/p>\n<p>Ma non tutte le tendenze positive possono continuare all&#8217;infinito. Qualche volta le cose peggiorano temporaneamente, solo per essere corrette in seguito. Altre cose cambiano in maniera pi\u00f9 drastica &#8211; e quei peggioramenti possono essere l&#8217;inizio di nuove realt\u00e0, destinate a durare.<\/p>\n<h3>Il declino della libert\u00e0: una tendenza decennale<\/h3>\n<p>Secondo il rapporto\u00a0<em><a href=\"https:\/\/freedomhouse.org\/report\/freedom-world\/freedom-world-2017\">Freedom in the World 2017<\/a><\/em>, che valuta ogni anno i paesi secondo vari criteri di libert\u00e0, ci sono stati recentemente arretramenti nei diritti politici e nelle libert\u00e0 civili in un certo numero di paesi &#8220;liberi&#8221;. I pi\u00f9 recenti declini sono in parte il risultato di forze populiste e nazionaliste che hanno conseguito importanti incrementi nei paesi democratici.<\/p>\n<p>Ma\u00a0<em>Freedom House<\/em>, l&#8217;organizzazione internazionale di tutela\u00a0che pubblica in rapporto annuale, segnala che non si tratta di un caso isolato. In effetti, basandosi sui suoi dati e sulla propria metodologia, la libert\u00e0 \u00e8 effettivamente in declino, su base globale, da undici anni.<\/p>\n<p>Qui di seguito trovate i progressi e le diminuzioni nella libert\u00e0 per ciascun anno &#8211; e noterete che le diminuzioni sopravanzano i progressi a partire dal 2006.<\/p>\n<h4><strong>Undici anni di peggioramenti<\/strong><\/h4>\n<p><a href=\"https:\/\/i0.wp.com\/www.robertosedda.it\/wp-content\/uploads\/2017\/03\/Global-freedom-1.jpg\"><img data-attachment-id=\"13377\" data-permalink=\"http:\/\/www.robertosedda.it\/?attachment_id=13377\" data-orig-file=\"https:\/\/i0.wp.com\/www.robertosedda.it\/wp-content\/uploads\/2017\/03\/Global-freedom-1.jpg?fit=796%2C365\" data-orig-size=\"796,365\" data-comments-opened=\"1\" data-image-meta=\"{&quot;aperture&quot;:&quot;0&quot;,&quot;credit&quot;:&quot;&quot;,&quot;camera&quot;:&quot;&quot;,&quot;caption&quot;:&quot;&quot;,&quot;created_timestamp&quot;:&quot;0&quot;,&quot;copyright&quot;:&quot;&quot;,&quot;focal_length&quot;:&quot;0&quot;,&quot;iso&quot;:&quot;0&quot;,&quot;shutter_speed&quot;:&quot;0&quot;,&quot;title&quot;:&quot;&quot;,&quot;orientation&quot;:&quot;0&quot;}\" data-image-title=\"Global freedom 1\" data-image-description=\"\" data-image-caption=\"\" data-medium-file=\"https:\/\/i0.wp.com\/www.robertosedda.it\/wp-content\/uploads\/2017\/03\/Global-freedom-1.jpg?fit=300%2C138\" data-large-file=\"https:\/\/i0.wp.com\/www.robertosedda.it\/wp-content\/uploads\/2017\/03\/Global-freedom-1.jpg?fit=510%2C234\" decoding=\"async\" loading=\"lazy\" class=\"aligncenter size-full wp-image-13377\" src=\"https:\/\/i0.wp.com\/www.robertosedda.it\/wp-content\/uploads\/2017\/03\/Global-freedom-1.jpg?resize=796%2C365\" alt=\"\" width=\"796\" height=\"365\" srcset=\"https:\/\/i0.wp.com\/www.robertosedda.it\/wp-content\/uploads\/2017\/03\/Global-freedom-1.jpg?w=796 796w, https:\/\/i0.wp.com\/www.robertosedda.it\/wp-content\/uploads\/2017\/03\/Global-freedom-1.jpg?resize=150%2C69 150w, https:\/\/i0.wp.com\/www.robertosedda.it\/wp-content\/uploads\/2017\/03\/Global-freedom-1.jpg?resize=300%2C138 300w, https:\/\/i0.wp.com\/www.robertosedda.it\/wp-content\/uploads\/2017\/03\/Global-freedom-1.jpg?resize=510%2C234 510w, https:\/\/i0.wp.com\/www.robertosedda.it\/wp-content\/uploads\/2017\/03\/Global-freedom-1.jpg?resize=700%2C321 700w\" sizes=\"(max-width: 796px) 100vw, 796px\" data-recalc-dims=\"1\" \/><\/a>Sebbene la tendenza sia chiara, la parte pi\u00f9 preoccupante \u00e8 che la maggior parte dei cali aggregati \u00e8 avvenuta negli ultimi due anni. Si tratta di una coincidenza, o la diminuzione della libert\u00e0 sta accelerando?<\/p>\n<p>Here are the specific countries that have had the biggest declines in freedom over the last decade:<\/p>\n<p>Qui di seguito gli specifici paesi che hanno avuto le diminuzioni pi\u00f9 importanti nei livelli di libert\u00e0 nell&#8217;ultimo decennio:<\/p>\n<h4><strong>Maggiori diminuzioni aggregate nell&#8217;ultimo decennio<\/strong><\/h4>\n<p><a href=\"https:\/\/i0.wp.com\/www.robertosedda.it\/wp-content\/uploads\/2017\/03\/Global-freedom-2.jpg\"><img data-attachment-id=\"13378\" data-permalink=\"http:\/\/www.robertosedda.it\/?attachment_id=13378\" data-orig-file=\"https:\/\/i0.wp.com\/www.robertosedda.it\/wp-content\/uploads\/2017\/03\/Global-freedom-2.jpg?fit=796%2C680\" data-orig-size=\"796,680\" data-comments-opened=\"1\" data-image-meta=\"{&quot;aperture&quot;:&quot;0&quot;,&quot;credit&quot;:&quot;&quot;,&quot;camera&quot;:&quot;&quot;,&quot;caption&quot;:&quot;&quot;,&quot;created_timestamp&quot;:&quot;0&quot;,&quot;copyright&quot;:&quot;&quot;,&quot;focal_length&quot;:&quot;0&quot;,&quot;iso&quot;:&quot;0&quot;,&quot;shutter_speed&quot;:&quot;0&quot;,&quot;title&quot;:&quot;&quot;,&quot;orientation&quot;:&quot;0&quot;}\" data-image-title=\"Global freedom 2\" data-image-description=\"\" data-image-caption=\"\" data-medium-file=\"https:\/\/i0.wp.com\/www.robertosedda.it\/wp-content\/uploads\/2017\/03\/Global-freedom-2.jpg?fit=300%2C256\" data-large-file=\"https:\/\/i0.wp.com\/www.robertosedda.it\/wp-content\/uploads\/2017\/03\/Global-freedom-2.jpg?fit=510%2C436\" decoding=\"async\" loading=\"lazy\" class=\"aligncenter size-full wp-image-13378\" src=\"https:\/\/i0.wp.com\/www.robertosedda.it\/wp-content\/uploads\/2017\/03\/Global-freedom-2.jpg?resize=796%2C680\" alt=\"\" width=\"796\" height=\"680\" srcset=\"https:\/\/i0.wp.com\/www.robertosedda.it\/wp-content\/uploads\/2017\/03\/Global-freedom-2.jpg?w=796 796w, https:\/\/i0.wp.com\/www.robertosedda.it\/wp-content\/uploads\/2017\/03\/Global-freedom-2.jpg?resize=150%2C128 150w, https:\/\/i0.wp.com\/www.robertosedda.it\/wp-content\/uploads\/2017\/03\/Global-freedom-2.jpg?resize=300%2C256 300w, https:\/\/i0.wp.com\/www.robertosedda.it\/wp-content\/uploads\/2017\/03\/Global-freedom-2.jpg?resize=510%2C436 510w, https:\/\/i0.wp.com\/www.robertosedda.it\/wp-content\/uploads\/2017\/03\/Global-freedom-2.jpg?resize=700%2C598 700w\" sizes=\"(max-width: 796px) 100vw, 796px\" data-recalc-dims=\"1\" \/><\/a>Paesi come Yemen e Etiopia, che sono classificati come &#8220;non liberi&#8221;, hanno ulteriormente perso libert\u00e0. Tuttavia, anche paesi &#8220;liberi&#8221; come l&#8217;Ungheria o Nauru hanno perso dieci o pi\u00f9 punti indice.<\/p>\n<h3>2016: un altro anno di arretramenti<\/h3>\n<p>Il maggiore spostamento del 2016 \u00e8 stato quello della Turchia, un paese del quale il\u00a0<em>Washington Post<\/em> dice che si trova uno <a href=\"https:\/\/www.washingtonpost.com\/news\/global-opinions\/wp\/2016\/12\/20\/turkeys-permanent-state-of-crisis\/?utm_term=.7e7fdbc377b0\">\u00abstato permanente di crisi\u00bb<\/a>.<\/p>\n<p>Un fallito tentativo di colpo di stato, l&#8217;assassinio dell&#8217;ambasciatore russo, problemi al confine con la Siria e crisi economiche hanno accelerato la marcia verso l&#8217;autoritarismo nel paese &#8211; e come conseguenza c&#8217;\u00e8 stata una diminuzione della libert\u00e0 di quindici punti, secondo\u00a0<em>Freedom House<\/em>.<\/p>\n<h4>I principali spostamenti del 2016<\/h4>\n<p><a href=\"https:\/\/i0.wp.com\/www.robertosedda.it\/wp-content\/uploads\/2017\/03\/Global-freedom-3.jpg\"><img data-attachment-id=\"13379\" data-permalink=\"http:\/\/www.robertosedda.it\/?attachment_id=13379\" data-orig-file=\"https:\/\/i0.wp.com\/www.robertosedda.it\/wp-content\/uploads\/2017\/03\/Global-freedom-3.jpg?fit=782%2C734\" data-orig-size=\"782,734\" data-comments-opened=\"1\" data-image-meta=\"{&quot;aperture&quot;:&quot;0&quot;,&quot;credit&quot;:&quot;&quot;,&quot;camera&quot;:&quot;&quot;,&quot;caption&quot;:&quot;&quot;,&quot;created_timestamp&quot;:&quot;0&quot;,&quot;copyright&quot;:&quot;&quot;,&quot;focal_length&quot;:&quot;0&quot;,&quot;iso&quot;:&quot;0&quot;,&quot;shutter_speed&quot;:&quot;0&quot;,&quot;title&quot;:&quot;&quot;,&quot;orientation&quot;:&quot;0&quot;}\" data-image-title=\"Global freedom 3\" data-image-description=\"\" data-image-caption=\"\" data-medium-file=\"https:\/\/i0.wp.com\/www.robertosedda.it\/wp-content\/uploads\/2017\/03\/Global-freedom-3.jpg?fit=300%2C282\" data-large-file=\"https:\/\/i0.wp.com\/www.robertosedda.it\/wp-content\/uploads\/2017\/03\/Global-freedom-3.jpg?fit=510%2C479\" decoding=\"async\" loading=\"lazy\" class=\"aligncenter size-full wp-image-13379\" src=\"https:\/\/i0.wp.com\/www.robertosedda.it\/wp-content\/uploads\/2017\/03\/Global-freedom-3.jpg?resize=782%2C734\" alt=\"\" width=\"782\" height=\"734\" srcset=\"https:\/\/i0.wp.com\/www.robertosedda.it\/wp-content\/uploads\/2017\/03\/Global-freedom-3.jpg?w=782 782w, https:\/\/i0.wp.com\/www.robertosedda.it\/wp-content\/uploads\/2017\/03\/Global-freedom-3.jpg?resize=150%2C141 150w, https:\/\/i0.wp.com\/www.robertosedda.it\/wp-content\/uploads\/2017\/03\/Global-freedom-3.jpg?resize=300%2C282 300w, https:\/\/i0.wp.com\/www.robertosedda.it\/wp-content\/uploads\/2017\/03\/Global-freedom-3.jpg?resize=510%2C479 510w, https:\/\/i0.wp.com\/www.robertosedda.it\/wp-content\/uploads\/2017\/03\/Global-freedom-3.jpg?resize=700%2C657 700w\" sizes=\"(max-width: 782px) 100vw, 782px\" data-recalc-dims=\"1\" \/><\/a>L&#8217;Ungheria e la Polonia sono fra le democrazie occidentali che hanno perso punteggio in maniera significativa nel 2016, ma il rapporto ha anche messo nel mirino gli Stati Uniti. Si annota che gli USA sono \u00abun paese da controllare\u00bb da quest&#8217;anno a causa dell&#8217;atteggiamento dell&#8217;amministrazione Trump nei confronti delle libert\u00e0 civili, cos\u00ec come per la potenziale ridefinizione del ruolo degli Stati Uniti nel mondo.<\/p>\n<p>E questa \u00e8 la situazione attuale:<\/p>\n<h4><strong>Mappa: libert\u00e0 nel mondo nel 2017<\/strong><\/h4>\n<p><a href=\"https:\/\/i0.wp.com\/www.robertosedda.it\/wp-content\/uploads\/2017\/03\/Libert\u00e0-globale-4.jpg\"><img data-attachment-id=\"13380\" data-permalink=\"http:\/\/www.robertosedda.it\/?attachment_id=13380\" data-orig-file=\"https:\/\/i0.wp.com\/www.robertosedda.it\/wp-content\/uploads\/2017\/03\/Libert\u00e0-globale-4.jpg?fit=796%2C429\" data-orig-size=\"796,429\" data-comments-opened=\"1\" data-image-meta=\"{&quot;aperture&quot;:&quot;0&quot;,&quot;credit&quot;:&quot;&quot;,&quot;camera&quot;:&quot;&quot;,&quot;caption&quot;:&quot;&quot;,&quot;created_timestamp&quot;:&quot;0&quot;,&quot;copyright&quot;:&quot;&quot;,&quot;focal_length&quot;:&quot;0&quot;,&quot;iso&quot;:&quot;0&quot;,&quot;shutter_speed&quot;:&quot;0&quot;,&quot;title&quot;:&quot;&quot;,&quot;orientation&quot;:&quot;0&quot;}\" data-image-title=\"Libert\u00e0 globale 4\" data-image-description=\"\" data-image-caption=\"\" data-medium-file=\"https:\/\/i0.wp.com\/www.robertosedda.it\/wp-content\/uploads\/2017\/03\/Libert\u00e0-globale-4.jpg?fit=300%2C162\" data-large-file=\"https:\/\/i0.wp.com\/www.robertosedda.it\/wp-content\/uploads\/2017\/03\/Libert\u00e0-globale-4.jpg?fit=510%2C275\" decoding=\"async\" loading=\"lazy\" class=\"aligncenter size-full wp-image-13380\" src=\"https:\/\/i0.wp.com\/www.robertosedda.it\/wp-content\/uploads\/2017\/03\/Libert\u00e0-globale-4.jpg?resize=796%2C429\" alt=\"\" width=\"796\" height=\"429\" srcset=\"https:\/\/i0.wp.com\/www.robertosedda.it\/wp-content\/uploads\/2017\/03\/Libert\u00e0-globale-4.jpg?w=796 796w, https:\/\/i0.wp.com\/www.robertosedda.it\/wp-content\/uploads\/2017\/03\/Libert\u00e0-globale-4.jpg?resize=150%2C81 150w, https:\/\/i0.wp.com\/www.robertosedda.it\/wp-content\/uploads\/2017\/03\/Libert\u00e0-globale-4.jpg?resize=300%2C162 300w, https:\/\/i0.wp.com\/www.robertosedda.it\/wp-content\/uploads\/2017\/03\/Libert\u00e0-globale-4.jpg?resize=510%2C275 510w, https:\/\/i0.wp.com\/www.robertosedda.it\/wp-content\/uploads\/2017\/03\/Libert\u00e0-globale-4.jpg?resize=700%2C377 700w\" sizes=\"(max-width: 796px) 100vw, 796px\" data-recalc-dims=\"1\" \/><\/a>Per l&#8217;intero rapporto, che \u00e8 una lettura altamente raccomandata, <a href=\"https:\/\/freedomhouse.org\/sites\/default\/files\/FH_FIW_2017_Report_Final.pdf\">andate qui<\/a>.<\/p>\n","protected":false},"excerpt":{"rendered":"<p>Traduco da\u00a0Visual Capitalist\u00a0un pezzo che accompagna alcune rappresentazioni grafiche dello stato della libert\u00e0 del mondo. Un riassunto del pezzo potrebbe<\/p>\n","protected":false},"author":1,"featured_media":13380,"comment_status":"open","ping_status":"open","sticky":false,"template":"","format":"standard","meta":{"_mi_skip_tracking":false,"_monsterinsights_sitenote_active":false,"_monsterinsights_sitenote_note":"","_monsterinsights_sitenote_category":0,"jetpack_post_was_ever_published":false,"_jetpack_newsletter_access":"","jetpack_publicize_message":"","jetpack_is_tweetstorm":false,"jetpack_publicize_feature_enabled":true,"jetpack_social_post_already_shared":true,"jetpack_social_options":{"image_generator_settings":{"template":"highway","enabled":false}}},"categories":[52,57,17,59,16],"tags":[],"jetpack_publicize_connections":[],"jetpack_featured_media_url":"https:\/\/i0.wp.com\/www.robertosedda.it\/wp-content\/uploads\/2017\/03\/Libert\u00e0-globale-4.jpg?fit=796%2C429","jetpack_sharing_enabled":true,"jetpack_shortlink":"https:\/\/wp.me\/p4jV2T-3tK","jetpack_likes_enabled":true,"jetpack-related-posts":[{"id":13061,"url":"http:\/\/www.robertosedda.it\/?p=13061","url_meta":{"origin":13376,"position":0},"title":"Il mondo va avanti","author":"Rufus","date":"11\/01\/2017","format":false,"excerpt":"Ricordo che quando studiavo ai primi anni dell'universit\u00e0 lessi su\u00a0Sei lezioni sulla storia di Carr l'idea che il mondo progredisce positivamente. La storia\u00a0migliora. Il vecchio storico inglese era piuttosto brusco, in materia: quando ci si lamenta che i tempi peggiorano, sosteneva, \u00e8 perch\u00e9 peggiorano per il gruppo sociale al quale\u2026","rel":"","context":"In &quot;Coordinate&quot;","block_context":{"text":"Coordinate","link":"http:\/\/www.robertosedda.it\/?cat=52"},"img":{"alt_text":"","src":"https:\/\/i0.wp.com\/www.robertosedda.it\/wp-content\/uploads\/2017\/01\/Medium.jpeg?fit=1200%2C814&resize=350%2C200","width":350,"height":200,"srcset":"https:\/\/i0.wp.com\/www.robertosedda.it\/wp-content\/uploads\/2017\/01\/Medium.jpeg?fit=1200%2C814&resize=350%2C200 1x, https:\/\/i0.wp.com\/www.robertosedda.it\/wp-content\/uploads\/2017\/01\/Medium.jpeg?fit=1200%2C814&resize=700%2C400 2x, https:\/\/i0.wp.com\/www.robertosedda.it\/wp-content\/uploads\/2017\/01\/Medium.jpeg?fit=1200%2C814&resize=1050%2C600 3x"},"classes":[]},{"id":13048,"url":"http:\/\/www.robertosedda.it\/?p=13048","url_meta":{"origin":13376,"position":1},"title":"Perch\u00e9 l&#8217;universit\u00e0 assomiglia a una banda di spacciatori","author":"Rufus","date":"18\/01\/2017","format":false,"excerpt":"Mi \u00e8 stato segnalato da\u00a0Feedly un interessante articolo di un blog\u00a0(di Alexandre Afonso, un economista olandese) sulle dinamiche di reclutamento dei\u00a0docenti nelle universit\u00e0 del mondo (o almeno dell'area OCSE). Lo spunto iniziale (il reclutamento dei docenti come in una\u00a0gang) era provocatorio e mi \u00e8 sembrato utile tradurlo.Le illustrazioni e i\u2026","rel":"","context":"In &quot;Coordinate&quot;","block_context":{"text":"Coordinate","link":"http:\/\/www.robertosedda.it\/?cat=52"},"img":{"alt_text":"","src":"https:\/\/i0.wp.com\/www.robertosedda.it\/wp-content\/uploads\/2017\/01\/Scatole.png?fit=650%2C488&resize=350%2C200","width":350,"height":200},"classes":[]},{"id":9338,"url":"http:\/\/www.robertosedda.it\/?p=9338","url_meta":{"origin":13376,"position":2},"title":"No, non siamo tutti davvero Charlie","author":"Rufus","date":"09\/01\/2015","format":false,"excerpt":"Sono grato alla mia amica (e comare) Valeria Galletta che mi ha indirizzato a questo articolo di openDemocracy.net a proposito dell'assassinio dei redattori e disegnatori di Charlie Hebdo. L'ho tradotto anche se non sono sicuro di condividere tutto l'articolo, ma \u00e8 interessante, ben argomentato e ragiona, cosa che in questo\u2026","rel":"","context":"In &quot;Coordinate&quot;","block_context":{"text":"Coordinate","link":"http:\/\/www.robertosedda.it\/?cat=52"},"img":{"alt_text":"","src":"https:\/\/i0.wp.com\/www.robertosedda.it\/wp-content\/uploads\/2015\/01\/Reporters-sans-frontieres-2.jpg?fit=500%2C635&resize=350%2C200","width":350,"height":200},"classes":[]},{"id":14459,"url":"http:\/\/www.robertosedda.it\/?p=14459","url_meta":{"origin":13376,"position":3},"title":"Per qualcuno il 2017 \u00e8 andato benissimo","author":"Rufus","date":"03\/01\/2018","format":false,"excerpt":"Vedo su Bloomberg un interessante articolo che analizza l'andamento dei redditi nel 2017, dal quale si evince che le persone pi\u00f9 ricche del pianeta hanno aumentato la loro ricchezza di mille miliardi di dollari, un incremento del 23% rispetto alla loro ricchezza calcolata da Bloomberg nel 2016 (stiamo parlando della\u2026","rel":"","context":"In &quot;Coordinate&quot;","block_context":{"text":"Coordinate","link":"http:\/\/www.robertosedda.it\/?cat=52"},"img":{"alt_text":"","src":"https:\/\/i0.wp.com\/www.robertosedda.it\/wp-content\/uploads\/2018\/01\/Asia-billionaries.png?fit=761%2C405&resize=350%2C200","width":350,"height":200,"srcset":"https:\/\/i0.wp.com\/www.robertosedda.it\/wp-content\/uploads\/2018\/01\/Asia-billionaries.png?fit=761%2C405&resize=350%2C200 1x, https:\/\/i0.wp.com\/www.robertosedda.it\/wp-content\/uploads\/2018\/01\/Asia-billionaries.png?fit=761%2C405&resize=700%2C400 2x"},"classes":[]},{"id":12061,"url":"http:\/\/www.robertosedda.it\/?p=12061","url_meta":{"origin":13376,"position":4},"title":"Potrei lavorare a Internazionale","author":"Rufus","date":"07\/06\/2016","format":false,"excerpt":"Forse no. Ma questa settimana la rivista presenta\u00a0un articolo che io avevo gi\u00e0\u00a0tradotto qui, quindi sono moderatamente orgoglioso. Impreziosito da una bella copertina di Gipi (Internazionale\u00a0si conferma osservatrice attenta del fumetto italiano) il numero di questa settimana traduce dal\u00a0Guardian\u00a0 un editoriale dal titolo\u00a0Benvenuti nell'era di Trump,\u00a0articolo che\u00a0avevo proposto qui la\u2026","rel":"","context":"In &quot;Coordinate&quot;","block_context":{"text":"Coordinate","link":"http:\/\/www.robertosedda.it\/?cat=52"},"img":{"alt_text":"","src":"https:\/\/i0.wp.com\/www.robertosedda.it\/wp-content\/uploads\/2016\/06\/Donald-Trump-Internazionale.jpg?fit=519%2C702&resize=350%2C200","width":350,"height":200},"classes":[]},{"id":9925,"url":"http:\/\/www.robertosedda.it\/?p=9925","url_meta":{"origin":13376,"position":5},"title":"REBLOG: Libert\u00e0 di espressione in Egitto","author":"Rufus","date":"09\/04\/2015","format":false,"excerpt":"Per la serie: barometri che aiutano a capire dove va il mondo, segnalo per luned\u00ec prossimo un interessante seminario con la giornalista Laura Cappon sulla libert\u00e0 di stampa e di espressione in Egitto.","rel":"","context":"In &quot;Segnalazioni&quot;","block_context":{"text":"Segnalazioni","link":"http:\/\/www.robertosedda.it\/?cat=95"},"img":{"alt_text":"","src":"https:\/\/i0.wp.com\/www.robertosedda.it\/wp-content\/uploads\/2015\/04\/Cappon-Copia_light.jpg?resize=350%2C200","width":350,"height":200},"classes":[]}],"_links":{"self":[{"href":"http:\/\/www.robertosedda.it\/index.php?rest_route=\/wp\/v2\/posts\/13376"}],"collection":[{"href":"http:\/\/www.robertosedda.it\/index.php?rest_route=\/wp\/v2\/posts"}],"about":[{"href":"http:\/\/www.robertosedda.it\/index.php?rest_route=\/wp\/v2\/types\/post"}],"author":[{"embeddable":true,"href":"http:\/\/www.robertosedda.it\/index.php?rest_route=\/wp\/v2\/users\/1"}],"replies":[{"embeddable":true,"href":"http:\/\/www.robertosedda.it\/index.php?rest_route=%2Fwp%2Fv2%2Fcomments&post=13376"}],"version-history":[{"count":1,"href":"http:\/\/www.robertosedda.it\/index.php?rest_route=\/wp\/v2\/posts\/13376\/revisions"}],"predecessor-version":[{"id":13381,"href":"http:\/\/www.robertosedda.it\/index.php?rest_route=\/wp\/v2\/posts\/13376\/revisions\/13381"}],"wp:featuredmedia":[{"embeddable":true,"href":"http:\/\/www.robertosedda.it\/index.php?rest_route=\/wp\/v2\/media\/13380"}],"wp:attachment":[{"href":"http:\/\/www.robertosedda.it\/index.php?rest_route=%2Fwp%2Fv2%2Fmedia&parent=13376"}],"wp:term":[{"taxonomy":"category","embeddable":true,"href":"http:\/\/www.robertosedda.it\/index.php?rest_route=%2Fwp%2Fv2%2Fcategories&post=13376"},{"taxonomy":"post_tag","embeddable":true,"href":"http:\/\/www.robertosedda.it\/index.php?rest_route=%2Fwp%2Fv2%2Ftags&post=13376"}],"curies":[{"name":"wp","href":"https:\/\/api.w.org\/{rel}","templated":true}]}}