{"id":13308,"date":"2017-02-23T17:44:52","date_gmt":"2017-02-23T16:44:52","guid":{"rendered":"http:\/\/www.robertosedda.it\/?p=13308"},"modified":"2022-03-02T14:41:26","modified_gmt":"2022-03-02T13:41:26","slug":"petizione-per-luso-piu-ampio-del-termine-faccendiere","status":"publish","type":"post","link":"http:\/\/www.robertosedda.it\/?p=13308","title":{"rendered":"Petizione per l&#8217;uso pi\u00f9 ampio del termine <em>faccendiere<\/em>"},"content":{"rendered":"<p>Sento spesso parlare\u00a0di uno che viene definito\u00a0<em>blogger<\/em>. Ieri\u00a0mi viene la curiosit\u00e0 di leggere qualcosa di suo. Ultimo articolo: 2015. Frequenza di scrittura, in precedenza: due, forse tre articoli al mese.<\/p>\n<p>Boh.<\/p>\n<p>Sento parlare di uno che \u00e8 esperto di\u00a0<em>startup<\/em>, un CEO di qualcosa, penso. Ha fondato una societ\u00e0 che \u00e8 fallita. La seconda ha vinto un premio&#8230; e poi \u00e8 fallita. Da allora fa consulenze, sembrerebbe.<\/p>\n<p>Leggo\u00a0che uno dei miei contatti su\u00a0<em>LinkedIn <\/em>consiglia un articolo su un argomento che mi interessa. Lo guardo. In realt\u00e0 non \u00e8 un articolo: \u00e8 un <em>video<\/em>.\u00a0Di uno che pontifica, pontifica, pontifica, ma sostanzialmente dice due cose in croce, e la croce \u00e8 pure storta. Curioso, controllo il suo\u00a0<em>curriculum<\/em>: nullo. Ha sempre fatto video pontificali, sembrerebbe, e basta. Ma\u00a0sotto il video ci sono i commenti entusiastici degli amici degli amici, generosissimi: e tutti via a condividere.<a href=\"https:\/\/i0.wp.com\/www.robertosedda.it\/wp-content\/uploads\/2017\/02\/Startup.jpg\"><img data-attachment-id=\"13309\" data-permalink=\"http:\/\/www.robertosedda.it\/?attachment_id=13309\" data-orig-file=\"https:\/\/i0.wp.com\/www.robertosedda.it\/wp-content\/uploads\/2017\/02\/Startup.jpg?fit=500%2C322\" data-orig-size=\"500,322\" data-comments-opened=\"1\" data-image-meta=\"{&quot;aperture&quot;:&quot;0&quot;,&quot;credit&quot;:&quot;&quot;,&quot;camera&quot;:&quot;&quot;,&quot;caption&quot;:&quot;&quot;,&quot;created_timestamp&quot;:&quot;0&quot;,&quot;copyright&quot;:&quot;&quot;,&quot;focal_length&quot;:&quot;0&quot;,&quot;iso&quot;:&quot;0&quot;,&quot;shutter_speed&quot;:&quot;0&quot;,&quot;title&quot;:&quot;&quot;,&quot;orientation&quot;:&quot;0&quot;}\" data-image-title=\"Startup\" data-image-description=\"\" data-image-caption=\"\" data-medium-file=\"https:\/\/i0.wp.com\/www.robertosedda.it\/wp-content\/uploads\/2017\/02\/Startup.jpg?fit=300%2C193\" data-large-file=\"https:\/\/i0.wp.com\/www.robertosedda.it\/wp-content\/uploads\/2017\/02\/Startup.jpg?fit=500%2C322\" decoding=\"async\" loading=\"lazy\" class=\"aligncenter size-full wp-image-13309\" src=\"https:\/\/i0.wp.com\/www.robertosedda.it\/wp-content\/uploads\/2017\/02\/Startup.jpg?resize=500%2C322\" alt=\"\" width=\"500\" height=\"322\" srcset=\"https:\/\/i0.wp.com\/www.robertosedda.it\/wp-content\/uploads\/2017\/02\/Startup.jpg?w=500 500w, https:\/\/i0.wp.com\/www.robertosedda.it\/wp-content\/uploads\/2017\/02\/Startup.jpg?resize=150%2C97 150w, https:\/\/i0.wp.com\/www.robertosedda.it\/wp-content\/uploads\/2017\/02\/Startup.jpg?resize=300%2C193 300w\" sizes=\"(max-width: 500px) 100vw, 500px\" data-recalc-dims=\"1\" \/><\/a><\/p>\n<p>Ogni tanto penso che sono tutti cos\u00ec. Gente senza arte n\u00e9 parte che conosce gente che si conosce con altra gente che conosce gente. E va in giro a fare conferenze, organizzare seminari, stringere mani, aprire partite IVA, parlare alla radio, incontrare assessori, fare <em>tutorial<\/em> su <em>YouTube<\/em>,\u00a0maneggiare briciole di appalti, darsi un tono, commentare ossessivamente gli amici sui\u00a0<em>social<\/em>,\u00a0e via di nuovo a giro: fare conferenze, organizzare seminari, ritwittare articoli di gente che si conosce, stringere mani, aprire partite IVA&#8230;<\/p>\n<p>Oggi sotto la doccia pensavo: ieri parlavo di comunicazione. Le parole sono <em>importanti.<\/em><\/p>\n<p>Un tempo gente cos\u00ec li\u00a0chiamavano <em>faccendieri<\/em>. \u00c8 un\u00a0nome <em>perfetto<\/em>: aboliamo tutto il linguaggio delle\u00a0<em>startup<\/em>, dei <em>new<\/em>\u00a0<em>media<\/em>, dei <em>social<\/em>.\u00a0<em>Faccendiere<\/em> basta e avanza.<\/p>\n<p>Al massimo si potrebbe recuperare anche\u00a0<em>maneggione<\/em>.<\/p>\n","protected":false},"excerpt":{"rendered":"<p>Sento spesso parlare\u00a0di uno che viene definito\u00a0blogger. Ieri\u00a0mi viene la curiosit\u00e0 di leggere qualcosa di suo. Ultimo articolo: 2015. Frequenza<\/p>\n","protected":false},"author":1,"featured_media":13309,"comment_status":"open","ping_status":"open","sticky":false,"template":"","format":"standard","meta":{"_mi_skip_tracking":false,"_monsterinsights_sitenote_active":false,"_monsterinsights_sitenote_note":"","_monsterinsights_sitenote_category":0,"jetpack_post_was_ever_published":false,"_jetpack_newsletter_access":"","jetpack_publicize_message":"","jetpack_is_tweetstorm":false,"jetpack_publicize_feature_enabled":true,"jetpack_social_post_already_shared":true,"jetpack_social_options":{"image_generator_settings":{"template":"highway","enabled":false}}},"categories":[52,55,77],"tags":[],"jetpack_publicize_connections":[],"jetpack_featured_media_url":"https:\/\/i0.wp.com\/www.robertosedda.it\/wp-content\/uploads\/2017\/02\/Startup.jpg?fit=500%2C322","jetpack_sharing_enabled":true,"jetpack_shortlink":"https:\/\/wp.me\/p4jV2T-3sE","jetpack_likes_enabled":true,"jetpack-related-posts":[{"id":16871,"url":"http:\/\/www.robertosedda.it\/?p=16871","url_meta":{"origin":13308,"position":0},"title":"Bizzarri rotocalchi cattolici","author":"Rufus","date":"26\/06\/2019","format":false,"excerpt":"Per motivi che non mi sono del tutto chiari - token, cookie o un comune utilizzo di Wordpress - ogni volta che apro Chrome ricevo la segnalazione di un nuovo articolo pubblicato su Aleteia, che si autodefinisce una rete cattolica mondiale per condividere risorse sulla fede con quanti cercano la\u2026","rel":"","context":"In &quot;Coordinate&quot;","block_context":{"text":"Coordinate","link":"http:\/\/www.robertosedda.it\/?cat=52"},"img":{"alt_text":"","src":"https:\/\/i0.wp.com\/www.robertosedda.it\/wp-content\/uploads\/2019\/06\/Aleteia-3.png?fit=495%2C330&resize=350%2C200","width":350,"height":200},"classes":[]},{"id":16501,"url":"http:\/\/www.robertosedda.it\/?p=16501","url_meta":{"origin":13308,"position":1},"title":"Cose che ho imparato dalla storia di Dante","author":"Rufus","date":"02\/04\/2019","format":false,"excerpt":"Ieri, per la prima volta nella nella storia del blog ho pubblicato un pesce di aprile. \u00c8 stato abbastanza divertente e l'occasione per qualche scherzo con gli amici su Facebook, per non parlare di di quelli che non hanno commentato ma sono rimasti zitti e un po' perplessi, aspettando di\u2026","rel":"","context":"In &quot;Coordinate&quot;","block_context":{"text":"Coordinate","link":"http:\/\/www.robertosedda.it\/?cat=52"},"img":{"alt_text":"","src":"https:\/\/i0.wp.com\/www.robertosedda.it\/wp-content\/uploads\/2019\/04\/Dante1a.jpg?fit=498%2C904&resize=350%2C200","width":350,"height":200},"classes":[]},{"id":17810,"url":"http:\/\/www.robertosedda.it\/?p=17810","url_meta":{"origin":13308,"position":2},"title":"Google non lo sta facendo benissimo (e neanche io)","author":"Rufus","date":"13\/02\/2020","format":false,"excerpt":"Un amico con cui diverso tempo fa abbiamo visto insieme Miss Sloane mi chiede di ricordargli il titolo. Siccome non mi ricordo neppure io lancio una ricerca su Google. Le immagini rilevanti rispetto alla ricerca sarebbero, secondo loro, queste: e niente, lo sapevo che il kit che mi sono costruito\u2026","rel":"","context":"In &quot;Coordinate&quot;","block_context":{"text":"Coordinate","link":"http:\/\/www.robertosedda.it\/?cat=52"},"img":{"alt_text":"","src":"https:\/\/i0.wp.com\/www.robertosedda.it\/wp-content\/uploads\/2020\/02\/Movie-influencer.png?fit=680%2C239&resize=350%2C200","width":350,"height":200},"classes":[]},{"id":6519,"url":"http:\/\/www.robertosedda.it\/?p=6519","url_meta":{"origin":13308,"position":3},"title":"Bustianu e Marcello Fois","author":"Rufus","date":"20\/02\/2014","format":"video","excerpt":"Ho dedicato una puntata a Bustianu e ai gialli di ambientazione ottocentesca di Marcello Fois, Sempre caro, Sangue dal cielo e L'altro mondo con qualche esitazione e una sicurezza. La sicurezza era che il brano musicale scelto per l'intermezzo era uno dei migliori di tutte le puntate: Fin da quando\u2026","rel":"","context":"In &quot;Coordinate&quot;","block_context":{"text":"Coordinate","link":"http:\/\/www.robertosedda.it\/?cat=52"},"img":{"alt_text":"","src":"https:\/\/i0.wp.com\/img.youtube.com\/vi\/p6OI5M5DYWw\/0.jpg?resize=350%2C200","width":350,"height":200},"classes":[]},{"id":14020,"url":"http:\/\/www.robertosedda.it\/?p=14020","url_meta":{"origin":13308,"position":4},"title":"REBLOG: Generazioni fallite e da salvare","author":"Rufus","date":"28\/07\/2017","format":"link","excerpt":"Rilancio un articolo di Christian Raimo da\u00a0Minima&Moralia che riesce, in un testo non troppo lungo, a ricostruire il passaggio - e la sconfitta - di una generazione, quella dei \"trenta-quarantenni\", e a parlare di prospettive della politica in Italia, con un tono bello e appassionato. Non tutto \u00e8 condivisibile (altrimenti\u2026","rel":"","context":"Articolo simile","block_context":{"text":"Articolo simile","link":""},"img":{"alt_text":"","src":"","width":0,"height":0},"classes":[]},{"id":13853,"url":"http:\/\/www.robertosedda.it\/?p=13853","url_meta":{"origin":13308,"position":5},"title":"Scollegamenti","author":"Rufus","date":"16\/06\/2017","format":false,"excerpt":"Di solito cerco di scrivere qualcosa sul blog tutti i giorni, escluso il week-end, ma in questi ultimi mesi mi capita di non mantenere affatto questo ritmo: per restare a questa settimana, luned\u00ec e marted\u00ec non ho scritto niente e nemmeno ieri. Ora, non \u00e8 che tenga il blog per\u2026","rel":"","context":"In &quot;Coordinate&quot;","block_context":{"text":"Coordinate","link":"http:\/\/www.robertosedda.it\/?cat=52"},"img":{"alt_text":"","src":"https:\/\/i0.wp.com\/www.robertosedda.it\/wp-content\/uploads\/2017\/06\/Schermata-del-2017-06-16-16-07-30.png?fit=1161%2C462&resize=350%2C200","width":350,"height":200,"srcset":"https:\/\/i0.wp.com\/www.robertosedda.it\/wp-content\/uploads\/2017\/06\/Schermata-del-2017-06-16-16-07-30.png?fit=1161%2C462&resize=350%2C200 1x, https:\/\/i0.wp.com\/www.robertosedda.it\/wp-content\/uploads\/2017\/06\/Schermata-del-2017-06-16-16-07-30.png?fit=1161%2C462&resize=700%2C400 2x, https:\/\/i0.wp.com\/www.robertosedda.it\/wp-content\/uploads\/2017\/06\/Schermata-del-2017-06-16-16-07-30.png?fit=1161%2C462&resize=1050%2C600 3x"},"classes":[]}],"_links":{"self":[{"href":"http:\/\/www.robertosedda.it\/index.php?rest_route=\/wp\/v2\/posts\/13308"}],"collection":[{"href":"http:\/\/www.robertosedda.it\/index.php?rest_route=\/wp\/v2\/posts"}],"about":[{"href":"http:\/\/www.robertosedda.it\/index.php?rest_route=\/wp\/v2\/types\/post"}],"author":[{"embeddable":true,"href":"http:\/\/www.robertosedda.it\/index.php?rest_route=\/wp\/v2\/users\/1"}],"replies":[{"embeddable":true,"href":"http:\/\/www.robertosedda.it\/index.php?rest_route=%2Fwp%2Fv2%2Fcomments&post=13308"}],"version-history":[{"count":1,"href":"http:\/\/www.robertosedda.it\/index.php?rest_route=\/wp\/v2\/posts\/13308\/revisions"}],"predecessor-version":[{"id":13310,"href":"http:\/\/www.robertosedda.it\/index.php?rest_route=\/wp\/v2\/posts\/13308\/revisions\/13310"}],"wp:featuredmedia":[{"embeddable":true,"href":"http:\/\/www.robertosedda.it\/index.php?rest_route=\/wp\/v2\/media\/13309"}],"wp:attachment":[{"href":"http:\/\/www.robertosedda.it\/index.php?rest_route=%2Fwp%2Fv2%2Fmedia&parent=13308"}],"wp:term":[{"taxonomy":"category","embeddable":true,"href":"http:\/\/www.robertosedda.it\/index.php?rest_route=%2Fwp%2Fv2%2Fcategories&post=13308"},{"taxonomy":"post_tag","embeddable":true,"href":"http:\/\/www.robertosedda.it\/index.php?rest_route=%2Fwp%2Fv2%2Ftags&post=13308"}],"curies":[{"name":"wp","href":"https:\/\/api.w.org\/{rel}","templated":true}]}}