{"id":13226,"date":"2017-02-09T14:09:30","date_gmt":"2017-02-09T13:09:30","guid":{"rendered":"http:\/\/www.robertosedda.it\/?p=13226"},"modified":"2019-03-20T10:20:02","modified_gmt":"2019-03-20T09:20:02","slug":"perche-bisogna-sempre-ricordarsi-del-campo-carbon-copy","status":"publish","type":"post","link":"http:\/\/www.robertosedda.it\/?p=13226","title":{"rendered":"Perch\u00e9 bisogna sempre ricordarsi del campo &#8220;carbon copy&#8221;"},"content":{"rendered":"<p>Nota: i nomi e i particolari sono stati sfumati per proteggere gli innocenti.<\/p>\n<p><a href=\"https:\/\/i0.wp.com\/www.robertosedda.it\/wp-content\/uploads\/2017\/02\/Carbon-copy.jpg\"><img data-attachment-id=\"13227\" data-permalink=\"http:\/\/www.robertosedda.it\/?attachment_id=13227\" data-orig-file=\"https:\/\/i0.wp.com\/www.robertosedda.it\/wp-content\/uploads\/2017\/02\/Carbon-copy.jpg?fit=904%2C333\" data-orig-size=\"904,333\" data-comments-opened=\"1\" data-image-meta=\"{&quot;aperture&quot;:&quot;0&quot;,&quot;credit&quot;:&quot;Roberto Sedda&quot;,&quot;camera&quot;:&quot;&quot;,&quot;caption&quot;:&quot;&quot;,&quot;created_timestamp&quot;:&quot;1486646242&quot;,&quot;copyright&quot;:&quot;&quot;,&quot;focal_length&quot;:&quot;0&quot;,&quot;iso&quot;:&quot;0&quot;,&quot;shutter_speed&quot;:&quot;0&quot;,&quot;title&quot;:&quot;&quot;,&quot;orientation&quot;:&quot;0&quot;}\" data-image-title=\"Carbon copy\" data-image-description=\"\" data-image-caption=\"\" data-medium-file=\"https:\/\/i0.wp.com\/www.robertosedda.it\/wp-content\/uploads\/2017\/02\/Carbon-copy.jpg?fit=300%2C111\" data-large-file=\"https:\/\/i0.wp.com\/www.robertosedda.it\/wp-content\/uploads\/2017\/02\/Carbon-copy.jpg?fit=510%2C188\" decoding=\"async\" loading=\"lazy\" class=\"aligncenter size-full wp-image-13227\" src=\"https:\/\/i0.wp.com\/www.robertosedda.it\/wp-content\/uploads\/2017\/02\/Carbon-copy.jpg?resize=800%2C295\" alt=\"\" width=\"800\" height=\"295\" srcset=\"https:\/\/i0.wp.com\/www.robertosedda.it\/wp-content\/uploads\/2017\/02\/Carbon-copy.jpg?w=904 904w, https:\/\/i0.wp.com\/www.robertosedda.it\/wp-content\/uploads\/2017\/02\/Carbon-copy.jpg?resize=150%2C55 150w, https:\/\/i0.wp.com\/www.robertosedda.it\/wp-content\/uploads\/2017\/02\/Carbon-copy.jpg?resize=300%2C111 300w, https:\/\/i0.wp.com\/www.robertosedda.it\/wp-content\/uploads\/2017\/02\/Carbon-copy.jpg?resize=510%2C188 510w, https:\/\/i0.wp.com\/www.robertosedda.it\/wp-content\/uploads\/2017\/02\/Carbon-copy.jpg?resize=700%2C258 700w\" sizes=\"(max-width: 800px) 100vw, 800px\" data-recalc-dims=\"1\" \/><\/a>Vorrei raccontarvi una parabola tecnologica.<\/p>\n<p>Avviene dunque che un po&#8217; di tempo fa io contatti un certo Ente per chiedere la concessione di un certo beneficio a vantaggio dei\u00a0<em>Fabbricastorie<\/em>. E avviene che i miei interlocutori, preso atto preliminarmente di un disguido di\u00a0cui sono responsabili loro, mi spieghino cortesissimi che per la richiesta del beneficio \u00e8 necessario utilizzare una certa procedura e modulistica adeguata.<\/p>\n<p>Va benissimo. <em>Nema problema<\/em>. L&#8217;unica cosa \u00e8 che gli indirizzi\u00a0<em>mail<\/em> dei\u00a0<em>Fabbricastorie<\/em>, come\u00a0<em>direttivo@fabbricastorie.it<\/em> o\u00a0<em>info@fabbricastorie.it<\/em>, non sono <em>veri<\/em> indirizzi. Sono reindirizzamenti che fanno s\u00ec che le\u00a0<em>mail<\/em> che ci arrivano vengano ridirette immediatamente ai nostri indirizzi personali, in modo che le vediamo subito. E ultimamente abbiamo avuto dei problemi, quindi abbiamo il terrore di perderci qualche <em>mail<\/em>.<\/p>\n<p>Se non ci avete capito niente non preoccupatevi. \u00c8 solo per spiegare perch\u00e9, alla segretaria, chiedo se per cortesia oltre che all&#8217;indirizzo associativo pu\u00f2 mandare i moduli anche al mio indirizzo personale. E infatti questi giungono immediatamente.<\/p>\n<p>Solo che poi, per vari motivi, la\u00a0<em>Jam\u00a0<\/em>da organizzare e cose del genere, decidiamo di non farne niente.<\/p>\n<p>E due giorni dopo i moduli arrivano di nuovo, a me.<\/p>\n<p>\u00abForse non erano sicuri di avermeli mandati\u00bb, penso.<\/p>\n<p>Due giorni dopo arrivano,\u00a0<em>ancora<\/em>. \u00ab<em>Eeeettamanera<\/em>\u00bb, penso. \u00abVa bene la collaborazione, va bene l&#8217;errore precedente, ma qui si esagera\u00bb.<\/p>\n<p>Da allora, ogni due-tre giorni vedo negli avvisi della posta in arrivo:\u00a0<em>Invio modulistica&#8230;<\/em><\/p>\n<p>Anche\u00a0<em>oltre<\/em>\u00a0la scadenza del termine che ci interessava, peraltro.<\/p>\n<p>\u00abVa bene, adesso appena ho un attimo glielo scrivo che abbiamo deciso di no e che non ci servono pi\u00f9, &#8216;sti moduli\u00bb. Ma poi ti distrai, c&#8217;hai altro da fare e insomma non lo faccio.<\/p>\n<p>Poi decido che gli telefono. Ma non ho pi\u00f9 il numero e non mi ricordo come me l&#8217;ero procurato. Quindi apro una delle <em>mail<\/em>, l&#8217;ultima arrivata, per vedere se c&#8217;\u00e8 una intestazione o una firma. Cos\u00ec saluto, ringrazio, e fermo il\u00a0<em>mailbombing<\/em>.<\/p>\n<p>Solo che non \u00e8 una\u00a0<em>mail<\/em> che viene dall&#8217;Ente. Cio\u00e8, l&#8217;intestazione del messaggio, il\u00a0<em>subject<\/em>, \u00e8 quello, ma il mittente \u00e8 differente. \u00c8 una <em>risposta<\/em>.\u00a0\u00c8 un certo Pinco Pallo che, a nome della sua organizzazione,\u00a0invia all&#8217;Ente la modulistica compilata, per chiedere appunto anche lui il famoso beneficio.<\/p>\n<p>\u00abMa perch\u00e9 la mandano a me?!\u00bb, mi chiedo. E poi non me la stanno mandando loro, \u00e8 appunto Pinco Pallo che scrive all&#8217;Ente. \u00abE io che c&#8217;entro? Perch\u00e9 \u00e8 arrivata a me? Non sono manco indicato nel campo &#8220;A:&#8221;\u00bb.<\/p>\n<p>Per un attimo penso che il mio telefono sia posseduto.<\/p>\n<p>Poi mi viene un dubbio e controllo il campo c\/c, cio\u00e8 i destinatari messi in copia. E guarda, effettivamente ci sono anche io. Cio\u00e8: solo io.<\/p>\n<p>Controllo tutte le\u00a0altre <em>mail<\/em>, e effettivamente non sono mai inviate a me direttamente. Sempre per conoscenza. Avanti e indietro: le mandano a Tizio con me in copia, Tizio risponde e mantiene i destinatari inseriti in copia in precedenza.<\/p>\n<p>Tra l&#8217;altro non \u00e8 propriamente roba riservata, ma insomma non \u00e8 che fosse intesa perch\u00e9 io la leggessi.<\/p>\n<p>E mi pare evidente che quel che succede \u00e8 questo. L&#8217;invio della modulistica \u00e8 frequente. Per semplicit\u00e0 si prende l&#8217;ultima <em>mail<\/em> mandata, si cambia l&#8217;indirizzo della persona a cui spedirla e si rimanda, uguale uguale.\u00a0A un certo punto a questa specie di bozza viene aggiunto il mio indirizzo in copia carbone e mi viene inviata. La volta dopo viene tolto l&#8217;indirizzo dei\u00a0<em>Fabbricastorie<\/em> come destinatario principale, ma il mio rimane, perch\u00e9 in molti programmi che gestiscono la posta il campo &#8220;c\/c&#8221; non \u00e8 immediatamente visualizzabile.<\/p>\n<p>A questo punto, un dubbio amletico. Ovviamente li devo avvisare. Ma se chiamo e parlo con un altro e quello che gestisce la mail viene cazziato a sangue? Non si sa mai. Non <em>sia<\/em> mai. Come Giuseppe, preferirei dare l&#8217;atto di ripudio in segreto.<\/p>\n<p>Per\u00f2 le\u00a0<em>mail<\/em> con la modulistica continuano a arrivare.<\/p>\n<p>Alla fine oggi mi ha colto l&#8217;idea che forse non serve telefonare (ben arrivato, Roberto): la persona che legge la\u00a0<em>mail <\/em>presumibilmente \u00e8 anche quella che le spedisce, quindi se semplicemente rispondo\u00a0posso bloccare il protrarsi degli invii senza compromettere nessuno.<\/p>\n<p>Cio\u00e8, mi sono fatto tutti questi ragionamenti. Spero sia per questo che mi volete bene, e sono il vostro Rufus di quartiere preferito.<\/p>\n<p>Per\u00f2, d&#8217;ora in poi, fate attenzione al campo &#8220;c\/c&#8221;.<\/p>\n","protected":false},"excerpt":{"rendered":"<p>Nota: i nomi e i particolari sono stati sfumati per proteggere gli innocenti. Vorrei raccontarvi una parabola tecnologica. Avviene dunque<\/p>\n","protected":false},"author":1,"featured_media":13227,"comment_status":"open","ping_status":"open","sticky":false,"template":"","format":"standard","meta":{"_mi_skip_tracking":false,"_monsterinsights_sitenote_active":false,"_monsterinsights_sitenote_note":"","_monsterinsights_sitenote_category":0,"jetpack_post_was_ever_published":false,"_jetpack_newsletter_access":"","jetpack_publicize_message":"","jetpack_is_tweetstorm":false,"jetpack_publicize_feature_enabled":true,"jetpack_social_post_already_shared":true,"jetpack_social_options":{"image_generator_settings":{"template":"highway","enabled":false}}},"categories":[52,64,55,18,16],"tags":[],"jetpack_publicize_connections":[],"jetpack_featured_media_url":"https:\/\/i0.wp.com\/www.robertosedda.it\/wp-content\/uploads\/2017\/02\/Carbon-copy.jpg?fit=904%2C333","jetpack_sharing_enabled":true,"jetpack_shortlink":"https:\/\/wp.me\/p4jV2T-3rk","jetpack_likes_enabled":true,"jetpack-related-posts":[{"id":14165,"url":"http:\/\/www.robertosedda.it\/?p=14165","url_meta":{"origin":13226,"position":0},"title":"Sfigato","author":"Rufus","date":"19\/09\/2017","format":false,"excerpt":"Sto provando il nostro nuovo gioco coi\u00a0Fabbricastorie. Qualcuno dice che ne potremmo fare una versione, secondaria, che possa girare su\u00a0Android (attualmente gira su una cosa strana che ancora per un paio di giorni \u00e8 segreta). Dice il\u00a0Fabbricastorie 1: \u00abCerto, \u00e8 un gioco che si fa uno contro uno, pu\u00f2 sempre\u2026","rel":"","context":"In &quot;Coordinate&quot;","block_context":{"text":"Coordinate","link":"http:\/\/www.robertosedda.it\/?cat=52"},"img":{"alt_text":"","src":"https:\/\/i0.wp.com\/www.robertosedda.it\/wp-content\/uploads\/2017\/09\/Passengers-plane.jpg?fit=970%2C647&resize=350%2C200","width":350,"height":200,"srcset":"https:\/\/i0.wp.com\/www.robertosedda.it\/wp-content\/uploads\/2017\/09\/Passengers-plane.jpg?fit=970%2C647&resize=350%2C200 1x, https:\/\/i0.wp.com\/www.robertosedda.it\/wp-content\/uploads\/2017\/09\/Passengers-plane.jpg?fit=970%2C647&resize=700%2C400 2x"},"classes":[]},{"id":12743,"url":"http:\/\/www.robertosedda.it\/?p=12743","url_meta":{"origin":13226,"position":1},"title":"Certe notti ci prende cos\u00ec (e fine settimana incasinati)","author":"Rufus","date":"10\/11\/2016","format":false,"excerpt":"I pi\u00f9 attenti fra voi avranno notato che da qualche giorno vado riproponendo su\u00a0Facebook\u00a0 alcuni\u00a0link a prossime iniziative dei\u00a0Fabbricastorie. Accade infatti che nel prossimo fine settimana, ad Alig'Art, presenteremo un nostro laboratorio sul\u00a0game design\u00a0(sabato 12 novembre, ore 10,30 al Lazzaretto di Cagliari). E la notte facciamo - in collaborazione con\u2026","rel":"","context":"In &quot;Coordinate&quot;","block_context":{"text":"Coordinate","link":"http:\/\/www.robertosedda.it\/?cat=52"},"img":{"alt_text":"","src":"","width":0,"height":0},"classes":[]},{"id":8990,"url":"http:\/\/www.robertosedda.it\/?p=8990","url_meta":{"origin":13226,"position":2},"title":"Back to basics (del perch\u00e9 lo zio Rufus in questo periodo \u00e8 molto contento)","author":"Rufus","date":"03\/12\/2014","format":false,"excerpt":"Non voglio recensire l'incontro che Andrea Salidu ha condotto domenica, per conto dei Fabbricastorie, perch\u00e9 spetta prima di tutto ad Andrea, che sta preparando un articolo apposito per il blog dell'associazione. Voglio per\u00f2 prendere spunto per raccontarvi una piccola riflessione personale. Mi ha molto colpito che Andrea abbia insisitito assai,\u2026","rel":"","context":"In &quot;Coordinate&quot;","block_context":{"text":"Coordinate","link":"http:\/\/www.robertosedda.it\/?cat=52"},"img":{"alt_text":"","src":"https:\/\/i0.wp.com\/www.robertosedda.it\/wp-content\/uploads\/2014\/12\/Dilemmi-diletti-del-gioco.jpg?fit=200%2C277&resize=350%2C200","width":350,"height":200},"classes":[]},{"id":15908,"url":"http:\/\/www.robertosedda.it\/?p=15908","url_meta":{"origin":13226,"position":3},"title":"Fine settimana all&#8217;insegna delle bilocazioni","author":"Rufus","date":"29\/11\/2018","format":false,"excerpt":"Questo fine settimana sono coinvolto in un po' di impegni pubblici: volevo limitarmi a condividerli sui\u00a0social, poi per\u00f2 mi sono accorto che avrei dovuto fare parecchi\u00a0post e quindi preferisco invitarvi a venirmi a trovare scrivendo qui sul\u00a0blog, che mi sembra pi\u00f9 appropriato. Sabato e un po' domenica a\u00a0Scirarindi Il gruppo\u2026","rel":"","context":"In &quot;Coordinate&quot;","block_context":{"text":"Coordinate","link":"http:\/\/www.robertosedda.it\/?cat=52"},"img":{"alt_text":"","src":"https:\/\/i0.wp.com\/www.robertosedda.it\/wp-content\/uploads\/2018\/11\/Roberto-Scirarindi.jpg?fit=1200%2C800&resize=350%2C200","width":350,"height":200,"srcset":"https:\/\/i0.wp.com\/www.robertosedda.it\/wp-content\/uploads\/2018\/11\/Roberto-Scirarindi.jpg?fit=1200%2C800&resize=350%2C200 1x, https:\/\/i0.wp.com\/www.robertosedda.it\/wp-content\/uploads\/2018\/11\/Roberto-Scirarindi.jpg?fit=1200%2C800&resize=700%2C400 2x, https:\/\/i0.wp.com\/www.robertosedda.it\/wp-content\/uploads\/2018\/11\/Roberto-Scirarindi.jpg?fit=1200%2C800&resize=1050%2C600 3x"},"classes":[]},{"id":3277,"url":"http:\/\/www.robertosedda.it\/?p=3277","url_meta":{"origin":13226,"position":4},"title":"\u00c8 andata proprio bene","author":"Rufus","date":"28\/05\/2013","format":"gallery","excerpt":"Ieri i Fabbricastorie hanno ricominciato a fare incontri pubblici a Cagliari con il seminario su \u00abFabbricar Storie...\u00a0 inventare racconti e improvvisare storie\u00bb di cui vi avevo gi\u00e0 parlato. \u00c8 andata molto bene, come potete vedere da un certo punto in poi: stanno tutti ridendo. E perci\u00f2 replicheremo, probabilmente entro giugno.","rel":"","context":"In &quot;Coordinate&quot;","block_context":{"text":"Coordinate","link":"http:\/\/www.robertosedda.it\/?cat=52"},"img":{"alt_text":"","src":"https:\/\/i0.wp.com\/www.robertosedda.it\/wp-content\/uploads\/2013\/05\/2013-05-27-18.50.48.jpg?fit=1200%2C900&resize=350%2C200","width":350,"height":200,"srcset":"https:\/\/i0.wp.com\/www.robertosedda.it\/wp-content\/uploads\/2013\/05\/2013-05-27-18.50.48.jpg?fit=1200%2C900&resize=350%2C200 1x, https:\/\/i0.wp.com\/www.robertosedda.it\/wp-content\/uploads\/2013\/05\/2013-05-27-18.50.48.jpg?fit=1200%2C900&resize=700%2C400 2x, https:\/\/i0.wp.com\/www.robertosedda.it\/wp-content\/uploads\/2013\/05\/2013-05-27-18.50.48.jpg?fit=1200%2C900&resize=1050%2C600 3x"},"classes":[]},{"id":7511,"url":"http:\/\/www.robertosedda.it\/?p=7511","url_meta":{"origin":13226,"position":5},"title":"Salvatemi dallo spelling","author":"Rufus","date":"23\/05\/2014","format":false,"excerpt":"Una considerazione del tutto immeritata delle mie capacit\u00e0 linguistiche da parte delle colleghe conduce\u00a0tutte le telefonate provenienti dall'estero alla mia scrivania. Dice: \u00abQuante telefonate dall'estero riceverete mai?\u00bb. Beh, non poche. Anche perch\u00e9 da qualche parte nel sito dell'Universit\u00e0 - un luogo misterioso che noi non riusciamo a trovare e sopprimere,\u2026","rel":"","context":"In &quot;Coordinate&quot;","block_context":{"text":"Coordinate","link":"http:\/\/www.robertosedda.it\/?cat=52"},"img":{"alt_text":"","src":"https:\/\/i0.wp.com\/www.robertosedda.it\/wp-content\/uploads\/2014\/05\/2014-05-22-12.15.56.jpg?fit=964%2C723&resize=350%2C200","width":350,"height":200,"srcset":"https:\/\/i0.wp.com\/www.robertosedda.it\/wp-content\/uploads\/2014\/05\/2014-05-22-12.15.56.jpg?fit=964%2C723&resize=350%2C200 1x, https:\/\/i0.wp.com\/www.robertosedda.it\/wp-content\/uploads\/2014\/05\/2014-05-22-12.15.56.jpg?fit=964%2C723&resize=700%2C400 2x"},"classes":[]}],"_links":{"self":[{"href":"http:\/\/www.robertosedda.it\/index.php?rest_route=\/wp\/v2\/posts\/13226"}],"collection":[{"href":"http:\/\/www.robertosedda.it\/index.php?rest_route=\/wp\/v2\/posts"}],"about":[{"href":"http:\/\/www.robertosedda.it\/index.php?rest_route=\/wp\/v2\/types\/post"}],"author":[{"embeddable":true,"href":"http:\/\/www.robertosedda.it\/index.php?rest_route=\/wp\/v2\/users\/1"}],"replies":[{"embeddable":true,"href":"http:\/\/www.robertosedda.it\/index.php?rest_route=%2Fwp%2Fv2%2Fcomments&post=13226"}],"version-history":[{"count":4,"href":"http:\/\/www.robertosedda.it\/index.php?rest_route=\/wp\/v2\/posts\/13226\/revisions"}],"predecessor-version":[{"id":16395,"href":"http:\/\/www.robertosedda.it\/index.php?rest_route=\/wp\/v2\/posts\/13226\/revisions\/16395"}],"wp:featuredmedia":[{"embeddable":true,"href":"http:\/\/www.robertosedda.it\/index.php?rest_route=\/wp\/v2\/media\/13227"}],"wp:attachment":[{"href":"http:\/\/www.robertosedda.it\/index.php?rest_route=%2Fwp%2Fv2%2Fmedia&parent=13226"}],"wp:term":[{"taxonomy":"category","embeddable":true,"href":"http:\/\/www.robertosedda.it\/index.php?rest_route=%2Fwp%2Fv2%2Fcategories&post=13226"},{"taxonomy":"post_tag","embeddable":true,"href":"http:\/\/www.robertosedda.it\/index.php?rest_route=%2Fwp%2Fv2%2Ftags&post=13226"}],"curies":[{"name":"wp","href":"https:\/\/api.w.org\/{rel}","templated":true}]}}