{"id":13203,"date":"2017-02-02T17:43:59","date_gmt":"2017-02-02T16:43:59","guid":{"rendered":"http:\/\/www.robertosedda.it\/?p=13203"},"modified":"2017-02-13T18:37:55","modified_gmt":"2017-02-13T17:37:55","slug":"la-dea-del-tantra-e-i-manuali-della-nonviolenza-passata","status":"publish","type":"post","link":"http:\/\/www.robertosedda.it\/?p=13203","title":{"rendered":"La dea del Tantra e i manuali della nonviolenza passata"},"content":{"rendered":"<p><img data-attachment-id=\"13204\" data-permalink=\"http:\/\/www.robertosedda.it\/?attachment_id=13204\" data-orig-file=\"https:\/\/i0.wp.com\/www.robertosedda.it\/wp-content\/uploads\/2017\/02\/Jelfs-1.jpg?fit=201%2C254\" data-orig-size=\"201,254\" data-comments-opened=\"1\" data-image-meta=\"{&quot;aperture&quot;:&quot;0&quot;,&quot;credit&quot;:&quot;&quot;,&quot;camera&quot;:&quot;&quot;,&quot;caption&quot;:&quot;&quot;,&quot;created_timestamp&quot;:&quot;0&quot;,&quot;copyright&quot;:&quot;&quot;,&quot;focal_length&quot;:&quot;0&quot;,&quot;iso&quot;:&quot;0&quot;,&quot;shutter_speed&quot;:&quot;0&quot;,&quot;title&quot;:&quot;&quot;,&quot;orientation&quot;:&quot;0&quot;}\" data-image-title=\"Jelfs 1\" data-image-description=\"\" data-image-caption=\"\" data-medium-file=\"https:\/\/i0.wp.com\/www.robertosedda.it\/wp-content\/uploads\/2017\/02\/Jelfs-1.jpg?fit=201%2C254\" data-large-file=\"https:\/\/i0.wp.com\/www.robertosedda.it\/wp-content\/uploads\/2017\/02\/Jelfs-1.jpg?fit=201%2C254\" decoding=\"async\" loading=\"lazy\" class=\"alignright size-full wp-image-13204\" src=\"https:\/\/i0.wp.com\/www.robertosedda.it\/wp-content\/uploads\/2017\/02\/Jelfs-1.jpg?resize=201%2C254\" alt=\"\" width=\"201\" height=\"254\" srcset=\"https:\/\/i0.wp.com\/www.robertosedda.it\/wp-content\/uploads\/2017\/02\/Jelfs-1.jpg?w=201 201w, https:\/\/i0.wp.com\/www.robertosedda.it\/wp-content\/uploads\/2017\/02\/Jelfs-1.jpg?resize=119%2C150 119w\" sizes=\"(max-width: 201px) 100vw, 201px\" data-recalc-dims=\"1\" \/>Uno dei libri che sto consultando spesso, in questo periodo, \u00e8 il mio primo e pi\u00f9 fidato manuale di animazione dei gruppi,\u00a0<em>Tecniche di animazione per la coesione del gruppo e un&#8217;azione sociale nonviolenta<\/em>, un testo che per moltissimi della mia generazione \u00e8 stato la porta d&#8217;ingresso verso il mondo dell&#8217;animazione e del lavoro nei gruppi.<\/p>\n<p>Visto che lo sto rileggendo mi pareva interessante farne una recensione, ma prima volevo condividere con voi due scoperte.<\/p>\n<h3>Resistere, resistere, resistere<\/h3>\n<p>La prima, banale, \u00e8 che il libro \u00e8 ancora in circolazione. Non \u00e8 male, per essere un testo del 1982. Lo tradussero i Salesiani di\u00a0<a href=\"http:\/\/www.notedipastoralegiovanile.it\/\"><em>Note di pastorale giovanile<\/em><\/a> facendone il capostipite di una loro fortunata collana dedicata al lavoro nei piccoli gruppi. Pu\u00f2 darsi che, come sostiene Enrico Euli, la traduzione italiana tradisse e annacquasse la vitalit\u00e0 del testo originale, rendendo digeribili alle parrocchie le pratiche del movimento nonviolento inglese, ma \u00e8 anche vero che la casa editrice \u00e8 rimasta fedele ali libro, che \u00e8 ormai davvero un\u00a0<em>long seller<\/em>; e questo dice anche che il testo era\u00a0<em>comunque<\/em> capace di colpire. Nell&#8217;edizione originale inglese, per dire, il Jelfs\u00a0non \u00e8 pi\u00f9 disponibile da lungo tempo. La maggior parte dei testi che costituivano la mia biblioteca dell&#8217;epoca e quella di migliaia di altri animatori di gruppo\u00a0sono fuori commercio, a parte un sacco di roba dell&#8217;orrido Klaus Vopel, da sempre molto molto pi\u00f9 impagliato non solo di Jelfs ma anche di altri autori pi\u00f9 istituzionali, come Mario Comoglio o Bernard Grom o Roger Mucchielli (uno dei pochi ancora pubblicato, ed \u00e8 morto nel 1981).\u00a0<em>Note di pastorale giovanile\u00a0<\/em>ha un sito che \u00e8 ancora una miniera (ci sono anche i vecchi\u00a0<em>dossier<\/em> della rivista, massimo rispetto) ma si vede che il loro interesse si \u00e8 spostato altrove.<\/p>\n<p>Gi\u00e0, altrove. Incuriosito da questa moria editoriale, ho fatto un po&#8217; pi\u00f9 di ricerche. Vedo che degli autori di punta del gruppo di <em>Note\u00a0di pastorale giovanile<\/em>\u00a0molti non scrivono pi\u00f9, altri si sono spostati verso ben altri argomenti, tutti volti a riflessioni pi\u00f9 immediatamente utilizzabili, pi\u00f9 strumentali: il\u00a0<em>cooperative learning<\/em>, per esempio. Di gestione dei gruppi, delle\u00a0<em>leadership<\/em>, della comunicazione di gruppo si trova\u00a0molto di pi\u00f9 in testi pubblicati nelle collane di certe case editrici a taglio sociologico, molto teorici, oppure nelle collanine di manualistica di pronto utilizzo. Certe volte non \u00e8 chiaro dove finisca l&#8217;apparenza accademica e dove inizi la manualistica, per dir la verit\u00e0.<\/p>\n<p>Mi ha fatto un po&#8217; di tristezza. In questo senso: annacquato o no che fosse il Jelfs, chi lavorava con quello stile negli anni &#8217;80 e &#8217;90 era\u00a0<em>comunque<\/em> eversivo; c&#8217;era un rifiuto generalizzato della lezioni frontali, una riflessione sulla gestione del potere nei gruppi,\u00a0l&#8217;attenzione a stili\u00a0e metodologie educative rispettose, ragionamenti sulle strategie e i percorsi. Ed eravamo piccola gente di parrocchia, non l&#8217;avanguardia di punta dell&#8217;innovazione sociale. E infatti oltre a noi queste cose si respiravano <em>dappertutto<\/em>.<\/p>\n<p>Mi sono chiesto cosa \u00e8 rimasto di quella energia, e mi \u00e8 sembrato di poter rispondere: poco. Il massimo dell&#8217;innovazione \u00e8 sostituire le\u00a0<em>slide<\/em> con\u00a0<em>Prezi<\/em>? Di gestione dei gruppi\u00a0e della comunicazione interpersonale parla solo la\u00a0<em>PNL<\/em> o quelli che vendono i manualetti di pronto utilizzo, cos\u00ec ti insegnano a vendere qualcosa? L&#8217;animazione \u00e8 sostituita dal <em>counselling<\/em>, dove uno si fa pagare dall&#8217;altro?\u00a0All&#8217;epoca avr\u00f2 condotto o partecipato a un sacco di attivit\u00e0 formative o\u00a0<em>training<\/em>, la maggior parte delle volte gratis: adesso se non c&#8217;\u00e8 una cooperativa o il formatore che viene a fare il fine settimana una volta al mese queste cose non si possono fare? Il problema non mi pare che non ci siano pi\u00f9 libri in circolazione. Casomai \u00e8 che di\u00a0<em>tutto<\/em>\u00a0quel lavoro si \u00e8 impadronito il mercato.<\/p>\n<p>Benedetto Jelfs. Almeno lui \u00e8 rimasto tale e quale.<\/p>\n<p>O no?<\/p>\n<h3>Dee Tantriche<\/h3>\n<p><img data-attachment-id=\"13205\" data-permalink=\"http:\/\/www.robertosedda.it\/?attachment_id=13205\" data-orig-file=\"https:\/\/i0.wp.com\/www.robertosedda.it\/wp-content\/uploads\/2017\/02\/Katz.jpg?fit=1920%2C1080\" data-orig-size=\"1920,1080\" data-comments-opened=\"1\" data-image-meta=\"{&quot;aperture&quot;:&quot;0&quot;,&quot;credit&quot;:&quot;&quot;,&quot;camera&quot;:&quot;&quot;,&quot;caption&quot;:&quot;&quot;,&quot;created_timestamp&quot;:&quot;0&quot;,&quot;copyright&quot;:&quot;&quot;,&quot;focal_length&quot;:&quot;0&quot;,&quot;iso&quot;:&quot;0&quot;,&quot;shutter_speed&quot;:&quot;0&quot;,&quot;title&quot;:&quot;&quot;,&quot;orientation&quot;:&quot;0&quot;}\" data-image-title=\"Katz\" data-image-description=\"\" data-image-caption=\"\" data-medium-file=\"https:\/\/i0.wp.com\/www.robertosedda.it\/wp-content\/uploads\/2017\/02\/Katz.jpg?fit=300%2C169\" data-large-file=\"https:\/\/i0.wp.com\/www.robertosedda.it\/wp-content\/uploads\/2017\/02\/Katz.jpg?fit=510%2C287\" decoding=\"async\" loading=\"lazy\" class=\"alignright size-full wp-image-13205\" src=\"https:\/\/i0.wp.com\/www.robertosedda.it\/wp-content\/uploads\/2017\/02\/Katz.jpg?resize=800%2C450\" alt=\"\" width=\"800\" height=\"450\" srcset=\"https:\/\/i0.wp.com\/www.robertosedda.it\/wp-content\/uploads\/2017\/02\/Katz.jpg?w=1920 1920w, https:\/\/i0.wp.com\/www.robertosedda.it\/wp-content\/uploads\/2017\/02\/Katz.jpg?resize=150%2C84 150w, https:\/\/i0.wp.com\/www.robertosedda.it\/wp-content\/uploads\/2017\/02\/Katz.jpg?resize=300%2C169 300w, https:\/\/i0.wp.com\/www.robertosedda.it\/wp-content\/uploads\/2017\/02\/Katz.jpg?resize=510%2C287 510w, https:\/\/i0.wp.com\/www.robertosedda.it\/wp-content\/uploads\/2017\/02\/Katz.jpg?resize=700%2C394 700w, https:\/\/i0.wp.com\/www.robertosedda.it\/wp-content\/uploads\/2017\/02\/Katz.jpg?w=1600 1600w\" sizes=\"(max-width: 800px) 100vw, 800px\" data-recalc-dims=\"1\" \/>Siccome ero in quella fase di ricerca, e poi mi chiedevo se potevo trovare\u00a0l&#8217;edizione inglese per scoprire finalmente se ha ragione Enrico a proposito del tradimento della traduzione, allora ho cercato qualcosa su Jelfs.<\/p>\n<p>Oh-oh.<\/p>\n<p>E dunque scopro che adesso Martin Jelfs\u00a0fa il\u00a0<em>counselor<\/em>, ovviamente, almeno a partire dagli anni &#8217;90. Lui e la moglie, che si autodefinisce\u00a0<em>Tantric goddess<\/em>, hanno un <a href=\"http:\/\/www.tantra.uk.com\/\">centro culturale a Salisbury<\/a>\u00a0dove fanno terapia familiare tantrica (qualunque cosa questo voglia dire), massaggi, yoga e diverse altre cose.<\/p>\n<div class=\"jetpack-video-wrapper\"><span class=\"embed-youtube\" style=\"text-align:center; display: block;\"><iframe loading=\"lazy\" class=\"youtube-player\" width=\"800\" height=\"450\" src=\"https:\/\/www.youtube.com\/embed\/xWOukrJLUe0?version=3&#038;rel=1&#038;showsearch=0&#038;showinfo=1&#038;iv_load_policy=1&#038;fs=1&#038;hl=it-IT&#038;autohide=2&#038;wmode=transparent\" allowfullscreen=\"true\" style=\"border:0;\" sandbox=\"allow-scripts allow-same-origin allow-popups allow-presentation\"><\/iframe><\/span><\/div>\n<p>E poi vanno a\u00a0<a href=\"http:\/\/www.thegrangebythesea.com\/\"><em>The grange<\/em><\/a>, un B&amp;B a quattro stelle ospitato in una bella struttura georgiana sull&#8217;isola di Wight, e tengono dei corsi. Dei corsi a pagamento in una struttura indirizzata a gente\u00a0<em>new age<\/em> danarosa, che vuole ricostruire la propria spiritualit\u00e0 e nel frattempo magari usufruire dei servizi della\u00a0<em>beauty farm<\/em>.<\/p>\n<p>Scusate, credo che la recensione la terminer\u00f2 domani. Ho bisogno di riprendermi.<\/p>\n","protected":false},"excerpt":{"rendered":"<p>Uno dei libri che sto consultando spesso, in questo periodo, \u00e8 il mio primo e pi\u00f9 fidato manuale di animazione<\/p>\n","protected":false},"author":1,"featured_media":13205,"comment_status":"open","ping_status":"open","sticky":false,"template":"","format":"standard","meta":{"_mi_skip_tracking":false,"_monsterinsights_sitenote_active":false,"_monsterinsights_sitenote_note":"","_monsterinsights_sitenote_category":0,"jetpack_post_was_ever_published":false,"_jetpack_newsletter_access":"","jetpack_publicize_message":"","jetpack_is_tweetstorm":false,"jetpack_publicize_feature_enabled":true,"jetpack_social_post_already_shared":true,"jetpack_social_options":{"image_generator_settings":{"template":"highway","enabled":false}}},"categories":[52,55,77,18,16],"tags":[],"jetpack_publicize_connections":[],"jetpack_featured_media_url":"https:\/\/i0.wp.com\/www.robertosedda.it\/wp-content\/uploads\/2017\/02\/Katz.jpg?fit=1920%2C1080","jetpack_sharing_enabled":true,"jetpack_shortlink":"https:\/\/wp.me\/p4jV2T-3qX","jetpack_likes_enabled":true,"jetpack-related-posts":[{"id":13236,"url":"http:\/\/www.robertosedda.it\/?p=13236","url_meta":{"origin":13203,"position":0},"title":"Come gestire un gruppo di lavoro","author":"Rufus","date":"13\/02\/2017","format":false,"excerpt":"Ho parlato qualche giorno fa del manuale di Martin Jelfs e Sandy Marritt, Tecniche di animazione. Per la coesione nel gruppo e un'azione sociale nonviolenta (Elledici 1986, ora oltre la dodicesima ristampa, \u20ac 10) e avevo promesso di farne una recensione: eccola. La prima cosa da dire \u00e8 che ha\u2026","rel":"","context":"In &quot;Coordinate&quot;","block_context":{"text":"Coordinate","link":"http:\/\/www.robertosedda.it\/?cat=52"},"img":{"alt_text":"","src":"https:\/\/i0.wp.com\/www.robertosedda.it\/wp-content\/uploads\/2017\/02\/Jelfs-1.jpg?fit=201%2C254&resize=350%2C200","width":350,"height":200},"classes":[]},{"id":128,"url":"http:\/\/www.robertosedda.it\/?p=128","url_meta":{"origin":13203,"position":1},"title":"Che cos&#8217;\u00e8 l&#8217;animazione?","author":"Rufus","date":"20\/08\/2012","format":false,"excerpt":"Definizione Che cos'\u00e8 l'animazione? Scelgo di definirla in maniera \"poetica\" piuttosto che tecnica: l'animazione \u00e8 un modo di considerare la vita e la persona. Un modo fondamentalmente positivo: chi crede nell'animazione \u00e8 convinto della bellezza del dono della vita ed \u00e8 convinto che le persone sono profondamente capaci di bene.\u2026","rel":"","context":"In &quot;Coordinate&quot;","block_context":{"text":"Coordinate","link":"http:\/\/www.robertosedda.it\/?cat=52"},"img":{"alt_text":"","src":"","width":0,"height":0},"classes":[]},{"id":7884,"url":"http:\/\/www.robertosedda.it\/?p=7884","url_meta":{"origin":13203,"position":2},"title":"Dieci tipi di leadership","author":"Rufus","date":"02\/07\/2014","format":false,"excerpt":"Ai bei tempi in cui in AC facevamo corsi di dinamica di gruppo e di animazione insegnavamo, di solito, che ci sono tre motivi per i quali le persone fanno parte di un gruppo: potere, inclusione e identit\u00e0. Non sono termini negativi e non \u00e8 che uno sia migliore degli\u2026","rel":"","context":"In &quot;Coordinate&quot;","block_context":{"text":"Coordinate","link":"http:\/\/www.robertosedda.it\/?cat=52"},"img":{"alt_text":"","src":"https:\/\/i0.wp.com\/www.robertosedda.it\/wp-content\/uploads\/2014\/07\/Martin-Jelfs.jpg?fit=300%2C381&resize=350%2C200","width":350,"height":200},"classes":[]},{"id":2410,"url":"http:\/\/www.robertosedda.it\/?p=2410","url_meta":{"origin":13203,"position":3},"title":"La vita cambia","author":"Rufus","date":"04\/03\/2013","format":false,"excerpt":"Quando ho compiuto i quarantacinque anni ho fatto, con una certa sorpresa, la riflessione di non essere poi cambiato cos\u00ec tanto rispetto ai vent'anni. A vent'anni stavo in Azione Cattolica: oggi - come quando ho compiuto i quarantacinque - ne faccio ancora parte, occupa ancora tanto dei miei pensieri e\u2026","rel":"","context":"In &quot;Coordinate&quot;","block_context":{"text":"Coordinate","link":"http:\/\/www.robertosedda.it\/?cat=52"},"img":{"alt_text":"","src":"https:\/\/i0.wp.com\/www.robertosedda.it\/wp-content\/uploads\/2013\/03\/ALIM2711.jpg?fit=1200%2C900&resize=350%2C200","width":350,"height":200,"srcset":"https:\/\/i0.wp.com\/www.robertosedda.it\/wp-content\/uploads\/2013\/03\/ALIM2711.jpg?fit=1200%2C900&resize=350%2C200 1x, https:\/\/i0.wp.com\/www.robertosedda.it\/wp-content\/uploads\/2013\/03\/ALIM2711.jpg?fit=1200%2C900&resize=700%2C400 2x, https:\/\/i0.wp.com\/www.robertosedda.it\/wp-content\/uploads\/2013\/03\/ALIM2711.jpg?fit=1200%2C900&resize=1050%2C600 3x"},"classes":[]},{"id":19606,"url":"http:\/\/www.robertosedda.it\/?p=19606","url_meta":{"origin":13203,"position":4},"title":"Diari di progettazione: le cose che mi sono portato dietro per parlare di conflitto","author":"Rufus","date":"11\/05\/2022","format":false,"excerpt":"Il 30 aprile i soci di Banca Etica hanno fatto una giornata di formazione, nella sempre accogliente Domu de sa Contissa di Selegas, sul tema del conflitto. Non era, nelle intenzioni, un incontro di formazione sulla gestione del conflitto, tanto meno sulla gestione nonviolenta dei conflitti, per quanto quello fosse\u2026","rel":"","context":"In &quot;Coordinate&quot;","block_context":{"text":"Coordinate","link":"http:\/\/www.robertosedda.it\/?cat=52"},"img":{"alt_text":"","src":"https:\/\/i0.wp.com\/www.robertosedda.it\/wp-content\/uploads\/2022\/05\/Training-2.jpg?fit=400%2C552&resize=350%2C200","width":350,"height":200},"classes":[]},{"id":11936,"url":"http:\/\/www.robertosedda.it\/?p=11936","url_meta":{"origin":13203,"position":5},"title":"Sono in giro da un po&#8217;","author":"Rufus","date":"10\/05\/2016","format":false,"excerpt":"Gi\u00e0. E oggi fanno 52. Dicevo ieri, all'aperitivo di benvenuto alla nuova banchiera ambulante di Cagliari di Banca Etica, che Enrico Euli e gli altri di\u00a0Passaparola furono quelli che introdussero a Cagliari la pratica dei\u00a0training\u00a0 nonviolenti e, per estensione, fecero da punto di riferimento per tutti quelli che, anche in\u2026","rel":"","context":"In &quot;Coordinate&quot;","block_context":{"text":"Coordinate","link":"http:\/\/www.robertosedda.it\/?cat=52"},"img":{"alt_text":"","src":"https:\/\/i0.wp.com\/www.robertosedda.it\/wp-content\/uploads\/2014\/05\/Centro-diocesano.jpg?fit=789%2C1200&resize=350%2C200","width":350,"height":200,"srcset":"https:\/\/i0.wp.com\/www.robertosedda.it\/wp-content\/uploads\/2014\/05\/Centro-diocesano.jpg?fit=789%2C1200&resize=350%2C200 1x, https:\/\/i0.wp.com\/www.robertosedda.it\/wp-content\/uploads\/2014\/05\/Centro-diocesano.jpg?fit=789%2C1200&resize=700%2C400 2x"},"classes":[]}],"_links":{"self":[{"href":"http:\/\/www.robertosedda.it\/index.php?rest_route=\/wp\/v2\/posts\/13203"}],"collection":[{"href":"http:\/\/www.robertosedda.it\/index.php?rest_route=\/wp\/v2\/posts"}],"about":[{"href":"http:\/\/www.robertosedda.it\/index.php?rest_route=\/wp\/v2\/types\/post"}],"author":[{"embeddable":true,"href":"http:\/\/www.robertosedda.it\/index.php?rest_route=\/wp\/v2\/users\/1"}],"replies":[{"embeddable":true,"href":"http:\/\/www.robertosedda.it\/index.php?rest_route=%2Fwp%2Fv2%2Fcomments&post=13203"}],"version-history":[{"count":4,"href":"http:\/\/www.robertosedda.it\/index.php?rest_route=\/wp\/v2\/posts\/13203\/revisions"}],"predecessor-version":[{"id":13224,"href":"http:\/\/www.robertosedda.it\/index.php?rest_route=\/wp\/v2\/posts\/13203\/revisions\/13224"}],"wp:featuredmedia":[{"embeddable":true,"href":"http:\/\/www.robertosedda.it\/index.php?rest_route=\/wp\/v2\/media\/13205"}],"wp:attachment":[{"href":"http:\/\/www.robertosedda.it\/index.php?rest_route=%2Fwp%2Fv2%2Fmedia&parent=13203"}],"wp:term":[{"taxonomy":"category","embeddable":true,"href":"http:\/\/www.robertosedda.it\/index.php?rest_route=%2Fwp%2Fv2%2Fcategories&post=13203"},{"taxonomy":"post_tag","embeddable":true,"href":"http:\/\/www.robertosedda.it\/index.php?rest_route=%2Fwp%2Fv2%2Ftags&post=13203"}],"curies":[{"name":"wp","href":"https:\/\/api.w.org\/{rel}","templated":true}]}}