{"id":13184,"date":"2017-01-31T13:36:57","date_gmt":"2017-01-31T12:36:57","guid":{"rendered":"http:\/\/www.robertosedda.it\/?p=13184"},"modified":"2017-03-27T16:40:15","modified_gmt":"2017-03-27T14:40:15","slug":"come-fu-che-imparai-ad-amare-lo-gnocco-fritto-e-a-essere-felice","status":"publish","type":"post","link":"http:\/\/www.robertosedda.it\/?p=13184","title":{"rendered":"Come fu che imparai ad amare lo gnocco fritto e a essere felice"},"content":{"rendered":"<p><img data-attachment-id=\"13185\" data-permalink=\"http:\/\/www.robertosedda.it\/?attachment_id=13185\" data-orig-file=\"https:\/\/i0.wp.com\/www.robertosedda.it\/wp-content\/uploads\/2017\/01\/gnoccofritto.jpg?fit=900%2C455\" data-orig-size=\"900,455\" data-comments-opened=\"1\" data-image-meta=\"{&quot;aperture&quot;:&quot;0&quot;,&quot;credit&quot;:&quot;&quot;,&quot;camera&quot;:&quot;&quot;,&quot;caption&quot;:&quot;&quot;,&quot;created_timestamp&quot;:&quot;0&quot;,&quot;copyright&quot;:&quot;&quot;,&quot;focal_length&quot;:&quot;0&quot;,&quot;iso&quot;:&quot;0&quot;,&quot;shutter_speed&quot;:&quot;0&quot;,&quot;title&quot;:&quot;&quot;,&quot;orientation&quot;:&quot;1&quot;}\" data-image-title=\"gnoccofritto\" data-image-description=\"\" data-image-caption=\"\" data-medium-file=\"https:\/\/i0.wp.com\/www.robertosedda.it\/wp-content\/uploads\/2017\/01\/gnoccofritto.jpg?fit=300%2C152\" data-large-file=\"https:\/\/i0.wp.com\/www.robertosedda.it\/wp-content\/uploads\/2017\/01\/gnoccofritto.jpg?fit=510%2C258\" decoding=\"async\" loading=\"lazy\" class=\"aligncenter size-full wp-image-13185\" src=\"https:\/\/i0.wp.com\/www.robertosedda.it\/wp-content\/uploads\/2017\/01\/gnoccofritto.jpg?resize=800%2C404\" alt=\"\" width=\"800\" height=\"404\" srcset=\"https:\/\/i0.wp.com\/www.robertosedda.it\/wp-content\/uploads\/2017\/01\/gnoccofritto.jpg?w=900 900w, https:\/\/i0.wp.com\/www.robertosedda.it\/wp-content\/uploads\/2017\/01\/gnoccofritto.jpg?resize=150%2C76 150w, https:\/\/i0.wp.com\/www.robertosedda.it\/wp-content\/uploads\/2017\/01\/gnoccofritto.jpg?resize=300%2C152 300w, https:\/\/i0.wp.com\/www.robertosedda.it\/wp-content\/uploads\/2017\/01\/gnoccofritto.jpg?resize=510%2C258 510w, https:\/\/i0.wp.com\/www.robertosedda.it\/wp-content\/uploads\/2017\/01\/gnoccofritto.jpg?resize=700%2C354 700w\" sizes=\"(max-width: 800px) 100vw, 800px\" data-recalc-dims=\"1\" \/>Oggi a pranzo si mangia lo gnocco fritto, una delizia che vedete qui sopra riportata in un&#8217;immagine proveniente dal sito del Comune di Modena.<\/p>\n<p>Sono da sempre un <em>fan<\/em> dello gnocco fritto (anche della tigella, ma dello gnocco fritto di pi\u00f9). Non c&#8217;\u00e8 da stupirsi: \u00e8 una cosa grassa e unta e fritta che racchiude salumi e altre\u00a0proteine animali nobili, sembra inventata su misura per me.<\/p>\n<p>Ma lo gnocco fritto soprattutto porta ricordi di puntate a Modena per questioni di gioco: tappe alla libreria\u00a0<em>Rinascita<\/em> (che non era una mecca del gioco di ruolo proprio esattamente come\u00a0<em>Strategia e tattica<\/em> a Roma o\u00a0<em>I giochi dei grandi\u00a0<\/em>di Verona, ma poco ci mancava) e soprattutto partecipazione alla\u00a0<em><a href=\"https:\/\/it.wikipedia.org\/wiki\/ModCon\">ModCon<\/a><\/em> (oggi\u00a0<em><a href=\"http:\/\/www.play-modena.it\/\">Play<\/a><\/em>).<\/p>\n<p>Gnocco fritto appena arrivato ai padiglioni, con un caff\u00e8, come benvenuto. Gnocco fritto mentre si va in giro per stand di fumetti e di editori, come confortevole compagno di passeggiata. Gnocco fritto mentre chiacchieri con qualcuno, come legame di fraternit\u00e0 ludica. Gnocco fritto per mangiare senza smettere di giocare, come una soluzione veloce e soddisfacente. Gnocco fritto la sera, andando via, perch\u00e9 ormai sei assuefatto e l&#8217;intervallo fra ciascuna assunzione si fa sempre pi\u00f9 breve. Gnocco fritto la sera, quando vai a mangiare con gli amici dopo qualche interminabile riunione della federazione delle associazioni ludiche, perch\u00e9 insomma arrivato a quel punto che fai: te ne privi?<\/p>\n<p>Nostalgia.<\/p>\n<p>Gnocco fritto\u00a0<em>for ever<\/em>.<\/p>\n","protected":false},"excerpt":{"rendered":"<p>Oggi a pranzo si mangia lo gnocco fritto, una delizia che vedete qui sopra riportata in un&#8217;immagine proveniente dal sito<\/p>\n","protected":false},"author":1,"featured_media":13185,"comment_status":"open","ping_status":"open","sticky":false,"template":"","format":"standard","meta":{"_mi_skip_tracking":false,"_monsterinsights_sitenote_active":false,"_monsterinsights_sitenote_note":"","_monsterinsights_sitenote_category":0,"jetpack_post_was_ever_published":false,"_jetpack_newsletter_access":"","jetpack_publicize_message":"","jetpack_is_tweetstorm":false,"jetpack_publicize_feature_enabled":true,"jetpack_social_post_already_shared":true,"jetpack_social_options":{"image_generator_settings":{"template":"highway","enabled":false}}},"categories":[52,53,75,18,16],"tags":[],"jetpack_publicize_connections":[],"jetpack_featured_media_url":"https:\/\/i0.wp.com\/www.robertosedda.it\/wp-content\/uploads\/2017\/01\/gnoccofritto.jpg?fit=900%2C455","jetpack_sharing_enabled":true,"jetpack_shortlink":"https:\/\/wp.me\/p4jV2T-3qE","jetpack_likes_enabled":true,"jetpack-related-posts":[{"id":17169,"url":"http:\/\/www.robertosedda.it\/?p=17169","url_meta":{"origin":13184,"position":0},"title":"Settimana intensa nel mondo del pollo fritto","author":"Rufus","date":"07\/09\/2019","format":false,"excerpt":"Il mio compare Andrea Assorgia, nonch\u00e9 compagno Fabbricastorie, ha richiamato la mia attnzione verso un articolo molto divertente del Post sulla guerra commerciale, rapidamente diventata una guerra culturale e infine una lotta per l'anima dell'America, l'universo e tutto quanto, fra due catene di fast food americani, Popeyes e Chick-fil-A, specializzati\u2026","rel":"","context":"In &quot;Coordinate&quot;","block_context":{"text":"Coordinate","link":"http:\/\/www.robertosedda.it\/?cat=52"},"img":{"alt_text":"","src":"https:\/\/i0.wp.com\/www.robertosedda.it\/wp-content\/uploads\/2019\/09\/Popeye-Chick-2.jpeg?fit=678%2C381&resize=350%2C200","width":350,"height":200},"classes":[]},{"id":5445,"url":"http:\/\/www.robertosedda.it\/?p=5445","url_meta":{"origin":13184,"position":1},"title":"Contenti voi!","author":"Rufus","date":"15\/12\/2013","format":false,"excerpt":"Ieri dopo la riunione del Coordinamento d'Area di Banca Etica mi accomiato temporaneamente dagli altri che restano a Roma in vista della riunione del giorno dopo e me ne vado un po' a zonzo da solo. Mi controllo la posta dal pakistano, entro alla Feltrinelli International a curiosare (niente abbordaggi\u2026","rel":"","context":"In &quot;Cibo e cucine&quot;","block_context":{"text":"Cibo e cucine","link":"http:\/\/www.robertosedda.it\/?cat=71"},"img":{"alt_text":"","src":"","width":0,"height":0},"classes":[]},{"id":15569,"url":"http:\/\/www.robertosedda.it\/?p=15569","url_meta":{"origin":13184,"position":2},"title":"Domande del cagliaritano sciovinista in vacanza","author":"Rufus","date":"07\/08\/2018","format":false,"excerpt":"Prima di tutto: che parola \u00e8 aperipesce? Ma sopratutto, per il cagliaritano il pesce ammette due sole cotture: fritto e alla brace - che razza di showcooking ci vorrai fare?!","rel":"","context":"In &quot;Cibo e cucine&quot;","block_context":{"text":"Cibo e cucine","link":"http:\/\/www.robertosedda.it\/?cat=71"},"img":{"alt_text":"","src":"https:\/\/i0.wp.com\/www.robertosedda.it\/wp-content\/uploads\/2018\/08\/IMG_20180806_144713.jpg?fit=1200%2C900&resize=350%2C200","width":350,"height":200,"srcset":"https:\/\/i0.wp.com\/www.robertosedda.it\/wp-content\/uploads\/2018\/08\/IMG_20180806_144713.jpg?fit=1200%2C900&resize=350%2C200 1x, https:\/\/i0.wp.com\/www.robertosedda.it\/wp-content\/uploads\/2018\/08\/IMG_20180806_144713.jpg?fit=1200%2C900&resize=700%2C400 2x, https:\/\/i0.wp.com\/www.robertosedda.it\/wp-content\/uploads\/2018\/08\/IMG_20180806_144713.jpg?fit=1200%2C900&resize=1050%2C600 3x"},"classes":[]},{"id":11983,"url":"http:\/\/www.robertosedda.it\/?p=11983","url_meta":{"origin":13184,"position":3},"title":"Qualcosa nell&#8217;aria","author":"Rufus","date":"24\/05\/2016","format":"video","excerpt":"La sera dell'Assemblea di Banca Etica\u00a0da Padova sono andato a dormire a\u00a0Milano: come \u00de\u00f3rstein Hallson dopo la battaglia di Clontarf la consapevolezza che la mia casa era oltre il mare - e che quindi non la potevo raggiungere in alcun modo entro la\u00a0giornata - mi aveva indotto a non affrettarmi.\u2026","rel":"","context":"In &quot;Coordinate&quot;","block_context":{"text":"Coordinate","link":"http:\/\/www.robertosedda.it\/?cat=52"},"img":{"alt_text":"","src":"https:\/\/i0.wp.com\/www.robertosedda.it\/wp-content\/uploads\/2016\/05\/Coldplay-2.jpg?fit=1200%2C675&resize=350%2C200","width":350,"height":200,"srcset":"https:\/\/i0.wp.com\/www.robertosedda.it\/wp-content\/uploads\/2016\/05\/Coldplay-2.jpg?fit=1200%2C675&resize=350%2C200 1x, https:\/\/i0.wp.com\/www.robertosedda.it\/wp-content\/uploads\/2016\/05\/Coldplay-2.jpg?fit=1200%2C675&resize=700%2C400 2x, https:\/\/i0.wp.com\/www.robertosedda.it\/wp-content\/uploads\/2016\/05\/Coldplay-2.jpg?fit=1200%2C675&resize=1050%2C600 3x"},"classes":[]},{"id":1318,"url":"http:\/\/www.robertosedda.it\/?p=1318","url_meta":{"origin":13184,"position":4},"title":"L&#8217;inverno di Frankie Machine","author":"Rufus","date":"13\/11\/2012","format":false,"excerpt":"Essere Frankie Machianno (Don Winslow, The winter of Frankie Machine) \u00e8 un lavoro impegnativo. Buttarsi gi\u00f9 dal letto nel cuore della notte, farsi la doccia mentre il lettore CD suona Puccini, prepararsi al buio un caff\u00e8, rigorosamente tostato sul momento con una macchinetta francese e fatto con una moka italiana,\u2026","rel":"","context":"In &quot;Coordinate&quot;","block_context":{"text":"Coordinate","link":"http:\/\/www.robertosedda.it\/?cat=52"},"img":{"alt_text":"","src":"https:\/\/i0.wp.com\/www.robertosedda.it\/wp-content\/uploads\/2012\/11\/200px-The_Winter_of_Frankie_Machine_book_cover.jpg?fit=200%2C298&resize=350%2C200","width":350,"height":200},"classes":[]},{"id":2796,"url":"http:\/\/www.robertosedda.it\/?p=2796","url_meta":{"origin":13184,"position":5},"title":"Nominations di Sant&#8217;Antonio","author":"Rufus","date":"05\/04\/2013","format":false,"excerpt":"Liebster Awards Mauro Cogoni, blogger-chef residente di Marito alla parmigiana, mi ha nominato all'interno dei Liebster Awards. Se non ho capito male, \u00e8 un giochillo fatto dai piccoli blogger per sostenersi a vicenda e\u00a0orientare reciprocamente il proprio pubblico. Un po' la cosa mi ha posto dei problemi morettiani (mi si\u2026","rel":"","context":"In &quot;Coordinate&quot;","block_context":{"text":"Coordinate","link":"http:\/\/www.robertosedda.it\/?cat=52"},"img":{"alt_text":"","src":"","width":0,"height":0},"classes":[]}],"_links":{"self":[{"href":"http:\/\/www.robertosedda.it\/index.php?rest_route=\/wp\/v2\/posts\/13184"}],"collection":[{"href":"http:\/\/www.robertosedda.it\/index.php?rest_route=\/wp\/v2\/posts"}],"about":[{"href":"http:\/\/www.robertosedda.it\/index.php?rest_route=\/wp\/v2\/types\/post"}],"author":[{"embeddable":true,"href":"http:\/\/www.robertosedda.it\/index.php?rest_route=\/wp\/v2\/users\/1"}],"replies":[{"embeddable":true,"href":"http:\/\/www.robertosedda.it\/index.php?rest_route=%2Fwp%2Fv2%2Fcomments&post=13184"}],"version-history":[{"count":1,"href":"http:\/\/www.robertosedda.it\/index.php?rest_route=\/wp\/v2\/posts\/13184\/revisions"}],"predecessor-version":[{"id":13186,"href":"http:\/\/www.robertosedda.it\/index.php?rest_route=\/wp\/v2\/posts\/13184\/revisions\/13186"}],"wp:featuredmedia":[{"embeddable":true,"href":"http:\/\/www.robertosedda.it\/index.php?rest_route=\/wp\/v2\/media\/13185"}],"wp:attachment":[{"href":"http:\/\/www.robertosedda.it\/index.php?rest_route=%2Fwp%2Fv2%2Fmedia&parent=13184"}],"wp:term":[{"taxonomy":"category","embeddable":true,"href":"http:\/\/www.robertosedda.it\/index.php?rest_route=%2Fwp%2Fv2%2Fcategories&post=13184"},{"taxonomy":"post_tag","embeddable":true,"href":"http:\/\/www.robertosedda.it\/index.php?rest_route=%2Fwp%2Fv2%2Ftags&post=13184"}],"curies":[{"name":"wp","href":"https:\/\/api.w.org\/{rel}","templated":true}]}}