{"id":13146,"date":"2017-01-22T15:54:05","date_gmt":"2017-01-22T14:54:05","guid":{"rendered":"http:\/\/www.robertosedda.it\/?p=13146"},"modified":"2026-01-22T18:23:46","modified_gmt":"2026-01-22T17:23:46","slug":"la-fretta","status":"publish","type":"post","link":"http:\/\/www.robertosedda.it\/?p=13146","title":{"rendered":"La fretta"},"content":{"rendered":"<p>Siamo alla fine. Adesso si lotta contro il tempo.<\/p>\n<p>Mi manca la grafica, il sito della <em>Jam<\/em> \u00e8 in <em>crash<\/em>. Ma tutti sono ormai <em>oltre<\/em>: nessuno \u00e8 pi\u00f9 preoccupato: come va, va.<\/p>\n","protected":false},"excerpt":{"rendered":"<p>Siamo alla fine. Adesso si lotta contro il tempo. Mi manca la grafica, il sito della Jam \u00e8 in crash.<\/p>\n","protected":false},"author":1,"featured_media":0,"comment_status":"open","ping_status":"open","sticky":false,"template":"","format":"status","meta":{"_mi_skip_tracking":false,"_monsterinsights_sitenote_active":false,"_monsterinsights_sitenote_note":"","_monsterinsights_sitenote_category":0,"jetpack_post_was_ever_published":false,"_jetpack_newsletter_access":"","jetpack_publicize_message":"","jetpack_is_tweetstorm":false,"jetpack_publicize_feature_enabled":true,"jetpack_social_post_already_shared":true,"jetpack_social_options":{"image_generator_settings":{"template":"highway","enabled":false}}},"categories":[1],"tags":[],"jetpack_publicize_connections":[],"jetpack_featured_media_url":"","jetpack_sharing_enabled":true,"jetpack_shortlink":"https:\/\/wp.me\/p4jV2T-3q2","jetpack_likes_enabled":true,"jetpack-related-posts":[{"id":16360,"url":"http:\/\/www.robertosedda.it\/?p=16360","url_meta":{"origin":13146,"position":0},"title":"Morire gonfi","author":"Rufus","date":"18\/03\/2019","format":false,"excerpt":"Mi scuserete se oggi mi concedo una delle rare occasioni in cui questo blog ragiona di pancia. Riflettevo stamattina, a proposito di tutti quelli che criticano Greta Thunberg perch\u00e9 sono di destra, perch\u00e9 sono di sinistra, perch\u00e9 sono troppo furbi, perch\u00e9 la linea non \u00e8 quella giusta, perch\u00e9 i media,\u2026","rel":"","context":"In &quot;Coordinate&quot;","block_context":{"text":"Coordinate","link":"http:\/\/www.robertosedda.it\/?cat=52"},"img":{"alt_text":"","src":"https:\/\/i0.wp.com\/www.robertosedda.it\/wp-content\/uploads\/2019\/03\/apocalypse.jpg?fit=1200%2C650&resize=350%2C200","width":350,"height":200,"srcset":"https:\/\/i0.wp.com\/www.robertosedda.it\/wp-content\/uploads\/2019\/03\/apocalypse.jpg?fit=1200%2C650&resize=350%2C200 1x, https:\/\/i0.wp.com\/www.robertosedda.it\/wp-content\/uploads\/2019\/03\/apocalypse.jpg?fit=1200%2C650&resize=700%2C400 2x, https:\/\/i0.wp.com\/www.robertosedda.it\/wp-content\/uploads\/2019\/03\/apocalypse.jpg?fit=1200%2C650&resize=1050%2C600 3x"},"classes":[]},{"id":224,"url":"http:\/\/www.robertosedda.it\/?p=224","url_meta":{"origin":13146,"position":1},"title":"Dizionario del cinema fantasy","author":"Rufus","date":"21\/08\/2012","format":false,"excerpt":"Dotato di un ricchissimo apparato iconografico, stampato lussuosamente su carta patinata, \u00e8 naturalmente un tipico oggetto di regalo per amanti del cinema e del fantastico (io l'ho ricevuto per Natale). Tuttavia non va sottovalutato come semplice strumento di lavoro e di consultazione: la sezione introduttiva, che dovrebbe permettere di farsi\u2026","rel":"","context":"In &quot;Coordinate&quot;","block_context":{"text":"Coordinate","link":"http:\/\/www.robertosedda.it\/?cat=52"},"img":{"alt_text":"","src":"","width":0,"height":0},"classes":[]},{"id":5070,"url":"http:\/\/www.robertosedda.it\/?p=5070","url_meta":{"origin":13146,"position":2},"title":"Nervi saldi","author":"Rufus","date":"21\/11\/2013","format":false,"excerpt":"Io in questi giorni non avrei molta voglia di scrivere, o vorrei parlare di Shakespeare, Pennac o regate al cinema con la mente sgombra. Siccome non ho la mente sgombra, non scrivo. Sono anche irritato dalla retorica patriottarda, ma diversamente da questa estate non mi sembra il caso di discuterne\u2026","rel":"","context":"In &quot;Coordinate&quot;","block_context":{"text":"Coordinate","link":"http:\/\/www.robertosedda.it\/?cat=52"},"img":{"alt_text":"","src":"https:\/\/i0.wp.com\/www.robertosedda.it\/wp-content\/uploads\/2013\/11\/lara-comi.jpg?fit=586%2C314&resize=350%2C200","width":350,"height":200},"classes":[]},{"id":18168,"url":"http:\/\/www.robertosedda.it\/?p=18168","url_meta":{"origin":13146,"position":3},"title":"Questo va commentato","author":"Rufus","date":"07\/07\/2020","format":"video","excerpt":"Durante le protesta delle settimane passate mi \u00e8 capitato di vedere citare uno spot della Pepsi che non avevo mai visto ma sembrava cascare a fagiolo https:\/\/www.youtube.com\/watch?v=uwvAgDCOdU4 anche se in realt\u00e0 non \u00e8 stato girato adesso ma nel 2017, all'epoca originaria delle prime proteste di Black Lives Matter. All'epoca lo\u2026","rel":"","context":"In &quot;Coordinate&quot;","block_context":{"text":"Coordinate","link":"http:\/\/www.robertosedda.it\/?cat=52"},"img":{"alt_text":"","src":"https:\/\/i0.wp.com\/www.robertosedda.it\/wp-content\/uploads\/2020\/07\/Pepsi-ad.png?fit=768%2C432&resize=350%2C200","width":350,"height":200,"srcset":"https:\/\/i0.wp.com\/www.robertosedda.it\/wp-content\/uploads\/2020\/07\/Pepsi-ad.png?fit=768%2C432&resize=350%2C200 1x, https:\/\/i0.wp.com\/www.robertosedda.it\/wp-content\/uploads\/2020\/07\/Pepsi-ad.png?fit=768%2C432&resize=700%2C400 2x"},"classes":[]},{"id":7842,"url":"http:\/\/www.robertosedda.it\/?p=7842","url_meta":{"origin":13146,"position":4},"title":"Brividi agghiaccianti sulla linea PF","author":"Rufus","date":"26\/06\/2014","format":false,"excerpt":"Avviso: questo articolo contiene parecchio turpiloquio, a dimostrazione del modo con cui le\u00a0giovani generazioni reagiscono allo stress. Siamo sul PF, di ritorno dal mare. A fianco a me due ragazzine adolescenti. Una alta, formosa, con un bel sorriso e l'aria un po' incompiuta. L'altra bassottina, aggressiva, vivace. Quest'ultima chiede all'amica:\u2026","rel":"","context":"In &quot;Coordinate&quot;","block_context":{"text":"Coordinate","link":"http:\/\/www.robertosedda.it\/?cat=52"},"img":{"alt_text":"","src":"https:\/\/i0.wp.com\/www.robertosedda.it\/wp-content\/uploads\/2014\/04\/Poetto-6.jpg?fit=1200%2C900&resize=350%2C200","width":350,"height":200,"srcset":"https:\/\/i0.wp.com\/www.robertosedda.it\/wp-content\/uploads\/2014\/04\/Poetto-6.jpg?fit=1200%2C900&resize=350%2C200 1x, https:\/\/i0.wp.com\/www.robertosedda.it\/wp-content\/uploads\/2014\/04\/Poetto-6.jpg?fit=1200%2C900&resize=700%2C400 2x, https:\/\/i0.wp.com\/www.robertosedda.it\/wp-content\/uploads\/2014\/04\/Poetto-6.jpg?fit=1200%2C900&resize=1050%2C600 3x"},"classes":[]},{"id":20742,"url":"http:\/\/www.robertosedda.it\/?p=20742","url_meta":{"origin":13146,"position":5},"title":"Pescare o essere pescati","author":"Rufus","date":"26\/08\/2025","format":false,"excerpt":"Ho giocato nei giorni scorsi un piccolo e molto interessante nuovo videogioco di produzione italiana, intitolato Loan Shark. In inglese il loan shark \u00e8 lo strozzino (alla lettera sarebbe lo \"squalo dei prestiti\" e il gioco ci mette nei panni di un pescatore che si \u00e8 indebitato per comprarsi la\u2026","rel":"","context":"In &quot;Coordinate&quot;","block_context":{"text":"Coordinate","link":"http:\/\/www.robertosedda.it\/?cat=52"},"img":{"alt_text":"","src":"https:\/\/i0.wp.com\/www.robertosedda.it\/wp-content\/uploads\/2025\/08\/Loan-Shark1-scaled.jpg?fit=1200%2C675&resize=350%2C200","width":350,"height":200,"srcset":"https:\/\/i0.wp.com\/www.robertosedda.it\/wp-content\/uploads\/2025\/08\/Loan-Shark1-scaled.jpg?fit=1200%2C675&resize=350%2C200 1x, https:\/\/i0.wp.com\/www.robertosedda.it\/wp-content\/uploads\/2025\/08\/Loan-Shark1-scaled.jpg?fit=1200%2C675&resize=700%2C400 2x, https:\/\/i0.wp.com\/www.robertosedda.it\/wp-content\/uploads\/2025\/08\/Loan-Shark1-scaled.jpg?fit=1200%2C675&resize=1050%2C600 3x"},"classes":[]}],"_links":{"self":[{"href":"http:\/\/www.robertosedda.it\/index.php?rest_route=\/wp\/v2\/posts\/13146"}],"collection":[{"href":"http:\/\/www.robertosedda.it\/index.php?rest_route=\/wp\/v2\/posts"}],"about":[{"href":"http:\/\/www.robertosedda.it\/index.php?rest_route=\/wp\/v2\/types\/post"}],"author":[{"embeddable":true,"href":"http:\/\/www.robertosedda.it\/index.php?rest_route=\/wp\/v2\/users\/1"}],"replies":[{"embeddable":true,"href":"http:\/\/www.robertosedda.it\/index.php?rest_route=%2Fwp%2Fv2%2Fcomments&post=13146"}],"version-history":[{"count":1,"href":"http:\/\/www.robertosedda.it\/index.php?rest_route=\/wp\/v2\/posts\/13146\/revisions"}],"predecessor-version":[{"id":13147,"href":"http:\/\/www.robertosedda.it\/index.php?rest_route=\/wp\/v2\/posts\/13146\/revisions\/13147"}],"wp:attachment":[{"href":"http:\/\/www.robertosedda.it\/index.php?rest_route=%2Fwp%2Fv2%2Fmedia&parent=13146"}],"wp:term":[{"taxonomy":"category","embeddable":true,"href":"http:\/\/www.robertosedda.it\/index.php?rest_route=%2Fwp%2Fv2%2Fcategories&post=13146"},{"taxonomy":"post_tag","embeddable":true,"href":"http:\/\/www.robertosedda.it\/index.php?rest_route=%2Fwp%2Fv2%2Ftags&post=13146"}],"curies":[{"name":"wp","href":"https:\/\/api.w.org\/{rel}","templated":true}]}}