{"id":13142,"date":"2017-01-22T10:03:19","date_gmt":"2017-01-22T09:03:19","guid":{"rendered":"http:\/\/www.robertosedda.it\/?p=13142"},"modified":"2017-01-22T14:22:51","modified_gmt":"2017-01-22T13:22:51","slug":"lora-del-cambio","status":"publish","type":"post","link":"http:\/\/www.robertosedda.it\/?p=13142","title":{"rendered":"L&#8217;ora del cambio"},"content":{"rendered":"<p>Le quattro del mattino della seconda notte sono il momento del cambio. I ragazzi che hanno resistito fino all&#8217;ultimo alla fine cedono. Qualcuno semplicemente poggia la testa sui gomiti e si addormenta cos\u00ec, al tavolo. Altri barcollano fino alla stanza al piano di sopra.<\/p>\n<p>Io e Tino, che abbiamo dormito sinora, ci svegliamo e sbrighiamo burocrazia per la <em>Jam<\/em>, leggiamo i messaggi dell&#8217;organizzazione mondiale.<\/p>\n<p>Dalle cinque alle otto sono nel mio migliore momento creativo sinora. Il gioco prende forma.<\/p>\n","protected":false},"excerpt":{"rendered":"<p>Le quattro del mattino della seconda notte sono il momento del cambio. I ragazzi che hanno resistito fino all&#8217;ultimo alla<\/p>\n","protected":false},"author":1,"featured_media":0,"comment_status":"open","ping_status":"open","sticky":false,"template":"","format":"status","meta":{"_mi_skip_tracking":false,"_monsterinsights_sitenote_active":false,"_monsterinsights_sitenote_note":"","_monsterinsights_sitenote_category":0,"jetpack_post_was_ever_published":false,"_jetpack_newsletter_access":"","jetpack_publicize_message":"","jetpack_is_tweetstorm":false,"jetpack_publicize_feature_enabled":true,"jetpack_social_post_already_shared":true,"jetpack_social_options":{"image_generator_settings":{"template":"highway","enabled":false}}},"categories":[1],"tags":[],"jetpack_publicize_connections":[],"jetpack_featured_media_url":"","jetpack_sharing_enabled":true,"jetpack_shortlink":"https:\/\/wp.me\/p4jV2T-3pY","jetpack_likes_enabled":true,"jetpack-related-posts":[{"id":8372,"url":"http:\/\/www.robertosedda.it\/?p=8372","url_meta":{"origin":13142,"position":0},"title":"Fumetti che ho fatto bene a continuare a comprare","author":"Rufus","date":"10\/09\/2014","format":false,"excerpt":"Dragonero Speciale (Enoch\/Vietti e Cucina\/Morrone e Francescutti e Alberti, Sergio Bonelli Editore luglio 2014) Ho visto che l'ultima volta che ho parlato di Dragonero (dopo il numero con la riunione di condominio del sindacato lavoratori del fantasy) sono stato piuttosto urticante. Mi sembra corretto notare, a distanza di un anno,\u2026","rel":"","context":"In &quot;Coordinate&quot;","block_context":{"text":"Coordinate","link":"http:\/\/www.robertosedda.it\/?cat=52"},"img":{"alt_text":"","src":"https:\/\/i0.wp.com\/www.robertosedda.it\/wp-content\/uploads\/2014\/09\/Pagina-Speciale-estivo-Dragonero.jpg?resize=350%2C200","width":350,"height":200},"classes":[]},{"id":13137,"url":"http:\/\/www.robertosedda.it\/?p=13137","url_meta":{"origin":13142,"position":1},"title":"Bravi. Ma seri","author":"Rufus","date":"21\/01\/2017","format":"status","excerpt":"Siamo appena stati a prendere una birra coi Fabbricastorie. Una pausa per cambiare aria e dirci fra noi che siamo stati bravi. Sinora. Mentre aspettiamo di mangiare ne approfitto per leggere tutti i messaggi degli altri organizzatori locali su Slack. Scopro che Dubai ha gi\u00e0 finito. Tutti, che abbiano gi\u00e0\u2026","rel":"","context":"Articolo simile","block_context":{"text":"Articolo simile","link":""},"img":{"alt_text":"","src":"","width":0,"height":0},"classes":[]},{"id":6140,"url":"http:\/\/www.robertosedda.it\/?p=6140","url_meta":{"origin":13142,"position":2},"title":"La mia banca \u00e8 differente","author":"Rufus","date":"04\/02\/2014","format":false,"excerpt":"Credo che molti dei miei amici e lettori sappiano gi\u00e0 che quest'anno Banca Etica, avendo aperto l'8 maggio del 1999, festeggia il suo quindicesimo anno di vita. Sul sito della Banca \u00e8 stata aperta una sezione molto bella, molto narrativa, molto interattiva, che racconta sia le iniziative in programma in\u2026","rel":"","context":"In &quot;Coordinate&quot;","block_context":{"text":"Coordinate","link":"http:\/\/www.robertosedda.it\/?cat=52"},"img":{"alt_text":"","src":"https:\/\/i0.wp.com\/www.robertosedda.it\/wp-content\/uploads\/2014\/02\/Banca-Etica-15-anni.jpg?fit=510%2C250&resize=350%2C200","width":350,"height":200},"classes":[]},{"id":15842,"url":"http:\/\/www.robertosedda.it\/?p=15842","url_meta":{"origin":13142,"position":3},"title":"Gli occhi del cuor&#8230; dei soldi","author":"Rufus","date":"16\/11\/2018","format":"video","excerpt":"Mi sono accorto che questo blog ha imperdonabilmente trascurato la giornata mondiale della finanza etica (era lo scorso 8 novembre) e anche che \u00e8 uscita una nuova versione del video istituzionale di Banca Etica, questa volta addirittura una miniserie con Pietro Sermonti nella quale compare anche una realt\u00e0 sarda (sinora,\u2026","rel":"","context":"In &quot;Banche e finanza&quot;","block_context":{"text":"Banche e finanza","link":"http:\/\/www.robertosedda.it\/?cat=72"},"img":{"alt_text":"","src":"https:\/\/i0.wp.com\/www.robertosedda.it\/wp-content\/uploads\/2018\/11\/Sermonti-Banca-Etica.jpg?fit=1200%2C750&resize=350%2C200","width":350,"height":200,"srcset":"https:\/\/i0.wp.com\/www.robertosedda.it\/wp-content\/uploads\/2018\/11\/Sermonti-Banca-Etica.jpg?fit=1200%2C750&resize=350%2C200 1x, https:\/\/i0.wp.com\/www.robertosedda.it\/wp-content\/uploads\/2018\/11\/Sermonti-Banca-Etica.jpg?fit=1200%2C750&resize=700%2C400 2x, https:\/\/i0.wp.com\/www.robertosedda.it\/wp-content\/uploads\/2018\/11\/Sermonti-Banca-Etica.jpg?fit=1200%2C750&resize=1050%2C600 3x"},"classes":[]},{"id":5443,"url":"http:\/\/www.robertosedda.it\/?p=5443","url_meta":{"origin":13142,"position":4},"title":"Una storia che inizia","author":"Rufus","date":"17\/12\/2013","format":false,"excerpt":"All'inizio di dicembre, in maniera inopinata, la campagna di gioco di ruolo che io e i miei giocatori conducevamo da almeno un anno (forse due?) \u00e8 terminata, con una conclusione che non avevamo minimamente previsto ma che tutti abbiamo trovato del tutto soddisfacente. Per quelli di voi che non lo\u2026","rel":"","context":"In &quot;Cappe e spade&quot;","block_context":{"text":"Cappe e spade","link":"http:\/\/www.robertosedda.it\/?cat=70"},"img":{"alt_text":"","src":"https:\/\/i0.wp.com\/www.robertosedda.it\/wp-content\/uploads\/2013\/12\/Roba-da-giocatori-di-ruolo.jpg?fit=960%2C720&resize=350%2C200","width":350,"height":200,"srcset":"https:\/\/i0.wp.com\/www.robertosedda.it\/wp-content\/uploads\/2013\/12\/Roba-da-giocatori-di-ruolo.jpg?fit=960%2C720&resize=350%2C200 1x, https:\/\/i0.wp.com\/www.robertosedda.it\/wp-content\/uploads\/2013\/12\/Roba-da-giocatori-di-ruolo.jpg?fit=960%2C720&resize=700%2C400 2x"},"classes":[]},{"id":13703,"url":"http:\/\/www.robertosedda.it\/?p=13703","url_meta":{"origin":13142,"position":5},"title":"Assalti alla carrozza","author":"Rufus","date":"16\/05\/2017","format":false,"excerpt":"Sono a Torino e devo dire che sinora quello che mi ha colpito di pi\u00f9 non \u00e8 la signorilit\u00e0 un po' ag\u00e9e degli scorci urbani, n\u00e9 la variet\u00e0, qualit\u00e0 e abbondanza dell'offerta culturale, n\u00e9 l'eccellenza gastronomica e nemmeno l'imponenza delle realizzazioni dell'economia sociale e solidale. No: a costo di dare\u2026","rel":"","context":"In &quot;Coordinate&quot;","block_context":{"text":"Coordinate","link":"http:\/\/www.robertosedda.it\/?cat=52"},"img":{"alt_text":"","src":"https:\/\/i0.wp.com\/www.robertosedda.it\/wp-content\/uploads\/2017\/05\/20170515_142126.jpg?fit=1200%2C720&resize=350%2C200","width":350,"height":200,"srcset":"https:\/\/i0.wp.com\/www.robertosedda.it\/wp-content\/uploads\/2017\/05\/20170515_142126.jpg?fit=1200%2C720&resize=350%2C200 1x, https:\/\/i0.wp.com\/www.robertosedda.it\/wp-content\/uploads\/2017\/05\/20170515_142126.jpg?fit=1200%2C720&resize=700%2C400 2x, https:\/\/i0.wp.com\/www.robertosedda.it\/wp-content\/uploads\/2017\/05\/20170515_142126.jpg?fit=1200%2C720&resize=1050%2C600 3x"},"classes":[]}],"_links":{"self":[{"href":"http:\/\/www.robertosedda.it\/index.php?rest_route=\/wp\/v2\/posts\/13142"}],"collection":[{"href":"http:\/\/www.robertosedda.it\/index.php?rest_route=\/wp\/v2\/posts"}],"about":[{"href":"http:\/\/www.robertosedda.it\/index.php?rest_route=\/wp\/v2\/types\/post"}],"author":[{"embeddable":true,"href":"http:\/\/www.robertosedda.it\/index.php?rest_route=\/wp\/v2\/users\/1"}],"replies":[{"embeddable":true,"href":"http:\/\/www.robertosedda.it\/index.php?rest_route=%2Fwp%2Fv2%2Fcomments&post=13142"}],"version-history":[{"count":1,"href":"http:\/\/www.robertosedda.it\/index.php?rest_route=\/wp\/v2\/posts\/13142\/revisions"}],"predecessor-version":[{"id":13143,"href":"http:\/\/www.robertosedda.it\/index.php?rest_route=\/wp\/v2\/posts\/13142\/revisions\/13143"}],"wp:attachment":[{"href":"http:\/\/www.robertosedda.it\/index.php?rest_route=%2Fwp%2Fv2%2Fmedia&parent=13142"}],"wp:term":[{"taxonomy":"category","embeddable":true,"href":"http:\/\/www.robertosedda.it\/index.php?rest_route=%2Fwp%2Fv2%2Fcategories&post=13142"},{"taxonomy":"post_tag","embeddable":true,"href":"http:\/\/www.robertosedda.it\/index.php?rest_route=%2Fwp%2Fv2%2Ftags&post=13142"}],"curies":[{"name":"wp","href":"https:\/\/api.w.org\/{rel}","templated":true}]}}