{"id":1310,"date":"2012-11-10T18:28:16","date_gmt":"2012-11-10T17:28:16","guid":{"rendered":"http:\/\/www.robertosedda.it\/?p=1310"},"modified":"2014-11-10T09:25:21","modified_gmt":"2014-11-10T08:25:21","slug":"liberarsi-dalla-memoria","status":"publish","type":"post","link":"http:\/\/www.robertosedda.it\/?p=1310","title":{"rendered":"Liberarsi dalla memoria"},"content":{"rendered":"<p>Ognuno ha i suoi momenti formativi importanti, le parole che ricorda a lungo.<\/p>\n<p>Uno dei miei \u00e8 l&#8217;espressione <em>purificazione della memoria<\/em>, introdotta nella vita ecclesiale da Giovanni Paolo II in vista del Giubileo del 2000.<\/p>\n<blockquote><p>&#8230; purificazione della memoria: esso chiede a tutti un atto di coraggio e di umilt\u00e0 nel riconoscere le mancanze compiute da quanti hanno portato e portano il nome di cristiani<br \/>\n(Incarnationis Mysterium, 11).<\/p><\/blockquote>\n<p>Questa idea che occorra sempre, con coraggio e umilt\u00e0, fare i conti con la propria storia per fare pace con essa, con se stessi e con gli oppressi (e talvolta anche con gli oppressori) per me e per diversi altri con cui ho condiviso momenti di formazione in quegli anni \u00e8 diventato un punto di riferimento importante.<\/p>\n<p>Per una di quelle coincidenze che capitano e che spesso, a guardarle bene, non sono poi proprio delle coincidenze, in questi giorni ho letto due interessanti riflessioni sullo stato del laicato cristiano in Italia a cinquant&#8217;anni dal Concilio. Dopo averli letti &#8211; e apprezzati, mi sono dovuto chiedere se, qualche volta, lo sforzo di purificare la memoria non finisca per essere controproducente.<\/p>\n<p>Il primo articolo, di un giovane storico, Alessandro Santagata, <a href=\"http:\/\/www.huffingtonpost.it\/alessandro-santagata\/il-vaticano-ii-e-la-polit_b_2094361.html?utm_hp_ref=fb&amp;src=sp&amp;comm_ref=false\">\u00e8 disponibile in rete e lo potete leggere sul suo blog<\/a>. Il secondo, pi\u00f9 lungo e tutto basato sulla situazione della diocesi di Milano (ma Milano tradizionalmente anticipa e prepara la Chiesa tutta, si dice), \u00e8 di Giovanni Colombo, storico responsabile dei giovani dell&#8217;Azione Cattolica di Milano ai miei tempi. Giovanni ha scritto il suo contributo per un <a href=\"http:\/\/temi.repubblica.it\/micromega-online\/micromega-72012-la-chiesa-gerarchica-e-la-chiesa-di-dio-il-sommario-del-nuovo-numero-in-edicola-e-su-ipad-da-giovedi-4-ottobre\/\">numero monografico di MicroMega dedicato al Concilio<\/a>: non \u00e8 disponibile in rete ma \u00e8 nelle edicole in questi giorni e merita l&#8217;acquisto (anche se dall&#8217;indice sembra pi\u00f9 un vecchio numero di <em>Adista<\/em>, ecco).<\/p>\n<p>Quello che colpisce \u00e8 che il metodo seguito in entrambi gli articoli sia quello di ricostruire la storia del laicato cattolico italiano degli ultimi trent&#8217;anni: mettendo a tema il trauma dell&#8217;ascesa di CL a scapito dell&#8217;Azione Cattolica dentro il quadro pi\u00f9 generale dell&#8217;ascesa e declino dei movimenti, lo spezzarsi, ricomporsi (a forza) e lo spezzarsi di nuovo dell&#8217;unit\u00e0 politica dei cattolici, il lungo periodo di governo della Chiesa italiana da parte del Cardinal Ruini e le scelte che questo ha comportato&#8230;<\/p>\n<p>Sono articoli interessanti e l&#8217;analisi \u00e8 largamente condivisibile, per\u00f2 alla fine mi hanno lasciato un vago senso di vuoto. Entrambi sono singolarmente privi di riferimenti per l&#8217;oggi, come se l&#8217;energia spesa nel valutare il passato esaurisse le capacit\u00e0 degli autori e li privasse della forza di ragionare sull&#8217;attualit\u00e0.<\/p>\n<p>\u00c8 evidente che \u00e8 giunto il momento di fare i conti, a livello di valutazione, con la lunga stagione di Ruini, e in parte anche con il papato di Giovanni Paolo II, ormai sufficientemente lontani da poter essere guardati con il distacco necessario. Ma il tema dell&#8217;attualit\u00e0 del Concilio \u00e8 ben altro che non il ragionamento su come il Concilio \u00e8 stato attuato &#8211; o non attuato &#8211; nell&#8217;ultimo trentennio. E del resto si tratta di un&#8217;analisi tutta intraecclesiale che salta a pi\u00e9 pari, per esempio, la riflessione su come \u00e8 cambiata la societ\u00e0 italiana negli stessi trent&#8217;anni, su come prima il craxismo e poi il berlusconismo abbiano modificato la relazione delle persone con le merci, con la ritualit\u00e0, col lavoro, con gli affetti &#8211; tutti temi, evidentemente, che attengono al rapporto col sacro.<\/p>\n<p>Insomma, \u00e8 chiaro che la riflessione sul Concilio spinge le persone pi\u00f9 sensibili della Chiesa italiana a fare i conti con la nostra storia recente, anche per abbandonare quanto di peccato abbiamo accumulato &#8211; compromissione col potere politico, chiusura nei confronti di alcune categorie sociali, mancanza di dialogo&#8230; Ma la posta in gioco dell&#8217;attuazione del Concilio non sta nel guardarsi indietro, ma casomai nel guardare avanti. Troppa attenzione alla purificazione della memoria pu\u00f2 distrarre, oppure pu\u00f2 costituire l&#8217;ennesima pietra di inciampo alla vita ecclesiale: non si sente davvero il bisogno, credo, di una rinnovata polemica fra Azione Cattolica e movimenti.<\/p>\n<p>Meglio sarebbe, casomai, riproporre temi abbandonati ma ancora validi: la <a href=\"http:\/\/www.robertosedda.it\/?p=571\">mediazione culturale<\/a>, per esempio. Il primato della formazione. Riprendere in mano la riflessione liturgica, o lo stile del lavoro diretto sulla Parola.<\/p>\n<p>Oppure ragionare di pi\u00f9 su temi innovativi, come i linguaggi. Che parole dicono gli uomini di oggi? Che parole dice la Chiesa? Sono le parole esplicite e quelle implicite.<\/p>\n<p>Su linguaggi e parole sono debitore allo stesso Giovanni Colombo di una provocazione troppo bella per non riproporla qui. \u00c8 una foto presa in piazza Wagner a Milano, domenica scorsa. Raffigura una chiesa antica la cui facciata \u00e8 in rifacimento. Come usa le impalcature sono coperte da un telo. Qualcuno, un genio penso, ha avuto l&#8217;idea di vendere lo spazio pubblicitario cos\u00ec ottenuto. \u00c8 in questo modo che si rischia di dare l&#8217;idea che la Chiesa si compromette coi potenti, col vano sperpero, con le merci. Si passa dalla Chiesa di Dio alla chiesa di Dior&#8230;<\/p>\n<p><a href=\"https:\/\/i0.wp.com\/www.robertosedda.it\/wp-content\/uploads\/2012\/11\/IMG_3346bis.jpg\"><img data-attachment-id=\"1314\" data-permalink=\"http:\/\/www.robertosedda.it\/?attachment_id=1314\" data-orig-file=\"https:\/\/i0.wp.com\/www.robertosedda.it\/wp-content\/uploads\/2012\/11\/IMG_3346bis.jpg?fit=2592%2C3888\" data-orig-size=\"2592,3888\" data-comments-opened=\"1\" data-image-meta=\"{&quot;aperture&quot;:&quot;5.6&quot;,&quot;credit&quot;:&quot;&quot;,&quot;camera&quot;:&quot;Canon EOS 1000D&quot;,&quot;caption&quot;:&quot;&quot;,&quot;created_timestamp&quot;:&quot;1350235838&quot;,&quot;copyright&quot;:&quot;&quot;,&quot;focal_length&quot;:&quot;35&quot;,&quot;iso&quot;:&quot;200&quot;,&quot;shutter_speed&quot;:&quot;0.02&quot;,&quot;title&quot;:&quot;&quot;}\" data-image-title=\"IMG_3346bis\" data-image-description=\"\" data-image-caption=\"\" data-medium-file=\"https:\/\/i0.wp.com\/www.robertosedda.it\/wp-content\/uploads\/2012\/11\/IMG_3346bis.jpg?fit=200%2C300\" data-large-file=\"https:\/\/i0.wp.com\/www.robertosedda.it\/wp-content\/uploads\/2012\/11\/IMG_3346bis.jpg?fit=510%2C766\" decoding=\"async\" loading=\"lazy\" class=\"aligncenter size-large wp-image-1314\" title=\"IMG_3346bis\" src=\"https:\/\/i0.wp.com\/www.robertosedda.it\/wp-content\/uploads\/2012\/11\/IMG_3346bis.jpg?resize=682%2C1024\" alt=\"\" width=\"682\" height=\"1024\" srcset=\"https:\/\/i0.wp.com\/www.robertosedda.it\/wp-content\/uploads\/2012\/11\/IMG_3346bis.jpg?resize=682%2C1024 682w, https:\/\/i0.wp.com\/www.robertosedda.it\/wp-content\/uploads\/2012\/11\/IMG_3346bis.jpg?resize=200%2C300 200w, https:\/\/i0.wp.com\/www.robertosedda.it\/wp-content\/uploads\/2012\/11\/IMG_3346bis.jpg?resize=700%2C1050 700w, https:\/\/i0.wp.com\/www.robertosedda.it\/wp-content\/uploads\/2012\/11\/IMG_3346bis.jpg?w=1600 1600w, https:\/\/i0.wp.com\/www.robertosedda.it\/wp-content\/uploads\/2012\/11\/IMG_3346bis.jpg?w=2400 2400w\" sizes=\"(max-width: 682px) 100vw, 682px\" data-recalc-dims=\"1\" \/><\/a><\/p>\n","protected":false},"excerpt":{"rendered":"<p>Ognuno ha i suoi momenti formativi importanti, le parole che ricorda a lungo. Uno dei miei \u00e8 l&#8217;espressione purificazione della<\/p>\n","protected":false},"author":1,"featured_media":1314,"comment_status":"open","ping_status":"open","sticky":false,"template":"","format":"standard","meta":{"_mi_skip_tracking":false,"_monsterinsights_sitenote_active":false,"_monsterinsights_sitenote_note":"","_monsterinsights_sitenote_category":0,"jetpack_post_was_ever_published":false,"_jetpack_newsletter_access":"","jetpack_publicize_message":"","jetpack_is_tweetstorm":false,"jetpack_publicize_feature_enabled":true,"jetpack_social_post_already_shared":false,"jetpack_social_options":{"image_generator_settings":{"template":"highway","enabled":false}}},"categories":[52,54,17,62,16],"tags":[],"jetpack_publicize_connections":[],"jetpack_featured_media_url":"https:\/\/i0.wp.com\/www.robertosedda.it\/wp-content\/uploads\/2012\/11\/IMG_3346bis.jpg?fit=2592%2C3888","jetpack_sharing_enabled":true,"jetpack_shortlink":"https:\/\/wp.me\/p4jV2T-l8","jetpack_likes_enabled":true,"jetpack-related-posts":[{"id":18349,"url":"http:\/\/www.robertosedda.it\/?p=18349","url_meta":{"origin":1310,"position":0},"title":"La lettera sovversiva","author":"Rufus","date":"14\/10\/2020","format":false,"excerpt":"La lettera sovversiva della mia formazione non \u00e8 quella di Don Milani, non perch\u00e9 Lettera a una professoressa e Lettera ai giudici non siano state importanti, ma perch\u00e9 ero tanto perfettamente d'accordo con quei testi che la loro carica eversiva mi arrivava in maniera un po' indiretta. La lettera sovversiva,\u2026","rel":"","context":"In &quot;Coordinate&quot;","block_context":{"text":"Coordinate","link":"http:\/\/www.robertosedda.it\/?cat=52"},"img":{"alt_text":"","src":"https:\/\/i0.wp.com\/www.robertosedda.it\/wp-content\/uploads\/2020\/10\/lettera-a-sila-9788851418953.jpg?fit=512%2C800&resize=350%2C200","width":350,"height":200},"classes":[]},{"id":2205,"url":"http:\/\/www.robertosedda.it\/?p=2205","url_meta":{"origin":1310,"position":1},"title":"Ok, ne parlo anch&#8217;io","author":"Rufus","date":"12\/02\/2013","format":false,"excerpt":"Non \u00e8 proprio un obbligo, e anzi a voler per forza dire la propria opinione si corre il rischio di essere un po' pomposi, ma insomma: questo \u00e8\u00a0il blog di un cattolico, quindi parlare di Harry Potter (come pensavo di fare oggi) mentre ovunque si discute delle dimissioni di Benedetto\u2026","rel":"","context":"In &quot;Coordinate&quot;","block_context":{"text":"Coordinate","link":"http:\/\/www.robertosedda.it\/?cat=52"},"img":{"alt_text":"","src":"https:\/\/i0.wp.com\/www.robertosedda.it\/wp-content\/uploads\/2019\/04\/Ratzinger-5.jpg?fit=512%2C430&resize=350%2C200","width":350,"height":200},"classes":[]},{"id":6695,"url":"http:\/\/www.robertosedda.it\/?p=6695","url_meta":{"origin":1310,"position":2},"title":"Contro lo storytelling, per la narrazione","author":"Rufus","date":"12\/03\/2014","format":false,"excerpt":"Sto pensando di scrivere un'attivit\u00e0 formativa per adolescenti sull'uso dei social e per trovare materiale utile mi sono andato a sfogliare un libro acquistato tanto tempo fa su consiglio di Beniamino Sidoti, Un tempo per narrare (di Raffaele Mantegazza, EMI 1999, sottotitolo: Esperienze di narrazione a scuola e fuori). Sfogliando\u2026","rel":"","context":"In &quot;Coordinate&quot;","block_context":{"text":"Coordinate","link":"http:\/\/www.robertosedda.it\/?cat=52"},"img":{"alt_text":"","src":"","width":0,"height":0},"classes":[]},{"id":13853,"url":"http:\/\/www.robertosedda.it\/?p=13853","url_meta":{"origin":1310,"position":3},"title":"Scollegamenti","author":"Rufus","date":"16\/06\/2017","format":false,"excerpt":"Di solito cerco di scrivere qualcosa sul blog tutti i giorni, escluso il week-end, ma in questi ultimi mesi mi capita di non mantenere affatto questo ritmo: per restare a questa settimana, luned\u00ec e marted\u00ec non ho scritto niente e nemmeno ieri. Ora, non \u00e8 che tenga il blog per\u2026","rel":"","context":"In &quot;Coordinate&quot;","block_context":{"text":"Coordinate","link":"http:\/\/www.robertosedda.it\/?cat=52"},"img":{"alt_text":"","src":"https:\/\/i0.wp.com\/www.robertosedda.it\/wp-content\/uploads\/2017\/06\/Schermata-del-2017-06-16-16-07-30.png?fit=1161%2C462&resize=350%2C200","width":350,"height":200,"srcset":"https:\/\/i0.wp.com\/www.robertosedda.it\/wp-content\/uploads\/2017\/06\/Schermata-del-2017-06-16-16-07-30.png?fit=1161%2C462&resize=350%2C200 1x, https:\/\/i0.wp.com\/www.robertosedda.it\/wp-content\/uploads\/2017\/06\/Schermata-del-2017-06-16-16-07-30.png?fit=1161%2C462&resize=700%2C400 2x, https:\/\/i0.wp.com\/www.robertosedda.it\/wp-content\/uploads\/2017\/06\/Schermata-del-2017-06-16-16-07-30.png?fit=1161%2C462&resize=1050%2C600 3x"},"classes":[]},{"id":10947,"url":"http:\/\/www.robertosedda.it\/?p=10947","url_meta":{"origin":1310,"position":4},"title":"&#8216;na tragedia","author":"Rufus","date":"01\/10\/2015","format":"audio","excerpt":"Per fare pubblicit\u00e0 al fatto che stasera alle 19.10 va in onda la nuova puntata di\u00a0Oggi parliamo di libri (dedicata alla\u00a0Medea di Euripide, non perdetela!), vi invito all'ascolto della puntata precedente, in cui ho parlato della tragedia greca in generale. La tragedia greca (Oggi parliamo di libri, 29\/09\/2015) La puntata\u2026","rel":"","context":"In &quot;Coordinate&quot;","block_context":{"text":"Coordinate","link":"http:\/\/www.robertosedda.it\/?cat=52"},"img":{"alt_text":"","src":"","width":0,"height":0},"classes":[]},{"id":14058,"url":"http:\/\/www.robertosedda.it\/?p=14058","url_meta":{"origin":1310,"position":5},"title":"Si riprende!","author":"Rufus","date":"21\/08\/2017","format":false,"excerpt":"Vedo che l'ultimo articolo su questo blog l'ho scritto il 3 agosto. Il 6 sono andato in vacanza e non ho pi\u00f9 scritto: rispetto agli anni scorsi la vacanza era pi\u00f9 intensa, il tempo minore, la connessione wi-fi dell'albergo meno efficiente, e insomma non ho scritto. Facebook era molto preoccupato.\u2026","rel":"","context":"In &quot;Coordinate&quot;","block_context":{"text":"Coordinate","link":"http:\/\/www.robertosedda.it\/?cat=52"},"img":{"alt_text":"","src":"https:\/\/i0.wp.com\/www.robertosedda.it\/wp-content\/uploads\/2017\/08\/ALIM4919.jpg?fit=1200%2C900&resize=350%2C200","width":350,"height":200,"srcset":"https:\/\/i0.wp.com\/www.robertosedda.it\/wp-content\/uploads\/2017\/08\/ALIM4919.jpg?fit=1200%2C900&resize=350%2C200 1x, https:\/\/i0.wp.com\/www.robertosedda.it\/wp-content\/uploads\/2017\/08\/ALIM4919.jpg?fit=1200%2C900&resize=700%2C400 2x, https:\/\/i0.wp.com\/www.robertosedda.it\/wp-content\/uploads\/2017\/08\/ALIM4919.jpg?fit=1200%2C900&resize=1050%2C600 3x"},"classes":[]}],"_links":{"self":[{"href":"http:\/\/www.robertosedda.it\/index.php?rest_route=\/wp\/v2\/posts\/1310"}],"collection":[{"href":"http:\/\/www.robertosedda.it\/index.php?rest_route=\/wp\/v2\/posts"}],"about":[{"href":"http:\/\/www.robertosedda.it\/index.php?rest_route=\/wp\/v2\/types\/post"}],"author":[{"embeddable":true,"href":"http:\/\/www.robertosedda.it\/index.php?rest_route=\/wp\/v2\/users\/1"}],"replies":[{"embeddable":true,"href":"http:\/\/www.robertosedda.it\/index.php?rest_route=%2Fwp%2Fv2%2Fcomments&post=1310"}],"version-history":[{"count":7,"href":"http:\/\/www.robertosedda.it\/index.php?rest_route=\/wp\/v2\/posts\/1310\/revisions"}],"predecessor-version":[{"id":8835,"href":"http:\/\/www.robertosedda.it\/index.php?rest_route=\/wp\/v2\/posts\/1310\/revisions\/8835"}],"wp:featuredmedia":[{"embeddable":true,"href":"http:\/\/www.robertosedda.it\/index.php?rest_route=\/wp\/v2\/media\/1314"}],"wp:attachment":[{"href":"http:\/\/www.robertosedda.it\/index.php?rest_route=%2Fwp%2Fv2%2Fmedia&parent=1310"}],"wp:term":[{"taxonomy":"category","embeddable":true,"href":"http:\/\/www.robertosedda.it\/index.php?rest_route=%2Fwp%2Fv2%2Fcategories&post=1310"},{"taxonomy":"post_tag","embeddable":true,"href":"http:\/\/www.robertosedda.it\/index.php?rest_route=%2Fwp%2Fv2%2Ftags&post=1310"}],"curies":[{"name":"wp","href":"https:\/\/api.w.org\/{rel}","templated":true}]}}