{"id":13088,"date":"2017-01-16T17:12:04","date_gmt":"2017-01-16T16:12:04","guid":{"rendered":"http:\/\/www.robertosedda.it\/?p=13088"},"modified":"2024-04-18T10:41:46","modified_gmt":"2024-04-18T08:41:46","slug":"e-nessuno-chiudeva-la-porta","status":"publish","type":"post","link":"http:\/\/www.robertosedda.it\/?p=13088","title":{"rendered":"E nessuno chiudeva la porta"},"content":{"rendered":"<p><img data-attachment-id=\"13089\" data-permalink=\"http:\/\/www.robertosedda.it\/?attachment_id=13089\" data-orig-file=\"https:\/\/i0.wp.com\/www.robertosedda.it\/wp-content\/uploads\/2017\/01\/Oxfam.jpg?fit=457%2C457\" data-orig-size=\"457,457\" data-comments-opened=\"1\" data-image-meta=\"{&quot;aperture&quot;:&quot;0&quot;,&quot;credit&quot;:&quot;ANSA&quot;,&quot;camera&quot;:&quot;&quot;,&quot;caption&quot;:&quot;CS_OXFAM: UN?ECONOMIA UMANA PER IL 99% - 8 UOMINI POSSIEDONO LA STESSA RICCHEZZA DELLA META&#039; PIU&#039; POVERA DEL PIANETA&quot;,&quot;created_timestamp&quot;:&quot;0&quot;,&quot;copyright&quot;:&quot;ANSA&quot;,&quot;focal_length&quot;:&quot;0&quot;,&quot;iso&quot;:&quot;0&quot;,&quot;shutter_speed&quot;:&quot;0&quot;,&quot;title&quot;:&quot;Davos: Oxfam, sale disuguaglianza, 1% ricco come 99%&quot;,&quot;orientation&quot;:&quot;0&quot;}\" data-image-title=\"Davos: Oxfam, sale disuguaglianza, 1% ricco come 99%\" data-image-description=\"\" data-image-caption=\"&lt;p&gt;CS_OXFAM: UN?ECONOMIA UMANA PER IL 99% &#8211; 8 UOMINI POSSIEDONO LA STESSA RICCHEZZA DELLA META&#8217; PIU&#8217; POVERA DEL PIANETA&lt;\/p&gt;\n\" data-medium-file=\"https:\/\/i0.wp.com\/www.robertosedda.it\/wp-content\/uploads\/2017\/01\/Oxfam.jpg?fit=300%2C300\" data-large-file=\"https:\/\/i0.wp.com\/www.robertosedda.it\/wp-content\/uploads\/2017\/01\/Oxfam.jpg?fit=457%2C457\" decoding=\"async\" loading=\"lazy\" class=\"alignright wp-image-13089 size-medium\" src=\"https:\/\/i0.wp.com\/www.robertosedda.it\/wp-content\/uploads\/2017\/01\/Oxfam.jpg?resize=300%2C300\" width=\"300\" height=\"300\" srcset=\"https:\/\/i0.wp.com\/www.robertosedda.it\/wp-content\/uploads\/2017\/01\/Oxfam.jpg?resize=300%2C300 300w, https:\/\/i0.wp.com\/www.robertosedda.it\/wp-content\/uploads\/2017\/01\/Oxfam.jpg?resize=150%2C150 150w, https:\/\/i0.wp.com\/www.robertosedda.it\/wp-content\/uploads\/2017\/01\/Oxfam.jpg?resize=100%2C100 100w, https:\/\/i0.wp.com\/www.robertosedda.it\/wp-content\/uploads\/2017\/01\/Oxfam.jpg?w=457 457w\" sizes=\"(max-width: 300px) 100vw, 300px\" data-recalc-dims=\"1\" \/><\/p>\n<p>Questo pomeriggio, come sempre dopo pranzo, a casa era accesa la radio e ascoltavamo<em> Radio3<\/em>, per la precisione <em>Fahrenheit<\/em>. Si parlava del <a href=\"https:\/\/www.oxfamitalia.org\/wp-content\/uploads\/2017\/01\/Rapporto-Uneconomia-per-il-99-percento_gennaio-2017.pdf\">rapporto <\/a><em>Oxfam<\/em> diffuso oggi, l&#8217;articolo di inquadramento della loro campagna <a href=\"https:\/\/www.oxfamitalia.org\/economiaumana\/\"><em>Un&#8217;economia umana per il 99%<\/em><\/a>, dove il 99% sarebbero le persone normali e l&#8217;1% quella minoranza di super-ricchi che da soli si dividono gran parte delle risorse mondiali (come <a href=\"http:\/\/www.ansa.it\/sito\/notizie\/economia\/2017\/01\/16\/crescono-le-disuguaglianze-nel-mondo-all1-la-ricchezza-del-restante-99_8c5f29fc-133c-4b6e-8506-fca0806333e4.html\">avrete letto sulla stampa<\/a> uno dei punti centrali del rapporto \u00e8 l&#8217;aumento incalzante del divario di ricchezza posseduta, fra una sorta di rarefatta aristocrazia mondiale transnazionale da una parte e tutto il resto della popolazione dall&#8217;altra).<\/p>\n<p>Parlava uno scrittore del quale non ho colto subito il nome (era <a href=\"http:\/\/www.francescomaino.it\/\">Francesco Maino<\/a>) che diceva, sostanzialmente, che si son persi dei livelli elementari di comprensione della &#8220;misura&#8221; umana delle cose, e saltati questi livelli ci si avvia a stili di vita e rapporti fra le persone (politici, culturali, sociali e, ovviamente, economici) disumanizzati e in vario modo degradati e degradanti.<\/p>\n<p>\u00c8 un punto di vista, come immaginerete, che in linea di massima condivido, ma nelle parole che uscivano dalla radio assumeva un suono un po&#8217; fesso, che inclinava alla idealizzazione acritica della societ\u00e0 contadina o industriale, a una specie di <em>laudatio<\/em> dei tempi passati, a una scarsa profondit\u00e0 dell&#8217;analisi storica, e in generale a un tantino di vuota retorica.<\/p>\n<p>Stavo per farlo notare a Maria Bonaria quando ci siamo distratti, abbiamo iniziato a sparecchiare e il momento \u00e8 passato. Ma la radio era ancora accesa e a un certo punto ho colto che la voce era cambiata: parlava qualcuno che appariva rassicurante, confidente, che sminuiva alcuni temi e invitava a guardare le cose da un&#8217;altra prospettiva.<\/p>\n<p>Stavo per dire a Maria Bonaria che quello doveva essere chi, in questi dibattiti, si assume il compito di difensore dello <em>status quo<\/em> quando mi sono reso conto che era Leonardo Becchetti.<\/p>\n<p>Ohi.<\/p>\n<figure id=\"attachment_3361\" aria-describedby=\"caption-attachment-3361\" style=\"width: 640px\" class=\"wp-caption aligncenter\"><img data-attachment-id=\"3361\" data-permalink=\"http:\/\/www.robertosedda.it\/?attachment_id=3361\" data-orig-file=\"https:\/\/i0.wp.com\/www.robertosedda.it\/wp-content\/uploads\/2013\/05\/2013-05-25-11.10.44.jpg?fit=640%2C480\" data-orig-size=\"640,480\" data-comments-opened=\"1\" data-image-meta=\"{&quot;aperture&quot;:&quot;2.64&quot;,&quot;credit&quot;:&quot;&quot;,&quot;camera&quot;:&quot;GT-I9001&quot;,&quot;caption&quot;:&quot;&quot;,&quot;created_timestamp&quot;:&quot;1369473043&quot;,&quot;copyright&quot;:&quot;&quot;,&quot;focal_length&quot;:&quot;3.79&quot;,&quot;iso&quot;:&quot;125&quot;,&quot;shutter_speed&quot;:&quot;0.065139949109415&quot;,&quot;title&quot;:&quot;SAMSUNG&quot;}\" data-image-title=\"\" data-image-description=\"\" data-image-caption=\"\" data-medium-file=\"https:\/\/i0.wp.com\/www.robertosedda.it\/wp-content\/uploads\/2013\/05\/2013-05-25-11.10.44.jpg?fit=300%2C225\" data-large-file=\"https:\/\/i0.wp.com\/www.robertosedda.it\/wp-content\/uploads\/2013\/05\/2013-05-25-11.10.44.jpg?fit=510%2C383\" decoding=\"async\" loading=\"lazy\" class=\"wp-image-3361 size-full\" src=\"https:\/\/i0.wp.com\/www.robertosedda.it\/wp-content\/uploads\/2013\/05\/2013-05-25-11.10.44.jpg?resize=640%2C480\" width=\"640\" height=\"480\" srcset=\"https:\/\/i0.wp.com\/www.robertosedda.it\/wp-content\/uploads\/2013\/05\/2013-05-25-11.10.44.jpg?w=640 640w, https:\/\/i0.wp.com\/www.robertosedda.it\/wp-content\/uploads\/2013\/05\/2013-05-25-11.10.44.jpg?resize=300%2C225 300w, https:\/\/i0.wp.com\/www.robertosedda.it\/wp-content\/uploads\/2013\/05\/2013-05-25-11.10.44.jpg?resize=268%2C200 268w\" sizes=\"(max-width: 640px) 100vw, 640px\" data-recalc-dims=\"1\" \/><figcaption id=\"caption-attachment-3361\" class=\"wp-caption-text\">Ho avuto anche Becchetti nel mio pubblico, si direbbe<\/figcaption><\/figure>\n<p><a href=\"http:\/\/felicita-sostenibile.blogautore.repubblica.it\/\">Leonardo Becchetti<\/a> \u00e8, per definizione, uno dei buoni. \u00c8 un economista che si occupa di felicit\u00e0 sociale, di terzo settore, di economia civile, di voto col portafoglio. \u00c8 stato per molti anni presidente del Comitato Etico di Banca Etica.<\/p>\n<p>Gi\u00e0.<\/p>\n<p>La trasmissione, in un certo senso, \u00e8 finita a schifio. Maino, alla fine, si \u00e8 dichiarato quasi impotente rispetto al mondo. Un altro ospite, il poeta <a href=\"https:\/\/comunitaprovvisorie.wordpress.com\/\">Franco Arminio<\/a>, ha accusato Becchetti di essere un cantore del neoliberismo. Becchetti di rimando gli ha dato dell&#8217;ignorante.<\/p>\n<p>C&#8217;era una certa quantit\u00e0 di incomunicabilit\u00e0 reciproca fra persone probabilmente d&#8217;accordo.<\/p>\n<p>\u00c8 possibile che la redazione di <em>Fahrenheit<\/em> non sia stata fortunata nella composizione del gruppo degli ospiti. Magari se ci fosse stato un quarto ospite che, all&#8217;inizio, avesse fatto un intervento che dava una nota di partenza diversa forse anche gli altri sarebbero stati valorizzati: cos\u00ec invece un po&#8217; vagavano per i campi. E certo sono successe delle cose curiose e forse irripetibili: due scrittori a cui mancavano le parole, per esempio, e che tartagliavano indignazione fino a essere quasi incomprensibili. Leonardo, che dovrebbe essere portato al ragionamento, perfino didascalico, forse condizionato dal mezzo invece ha inclinato alla propaganda, per dire, e oltretutto ha scelto come registro linguistico il &#8220;noi&#8221; (\u00abNoi diciamo da tempo&#8230;\u00bb, \u00abNoi proponiamo&#8230;\u00bb) che magari confondeva interlocutori e ascoltatori (esattamente <em>noi<\/em> chi? Noi economisti? Noi economia civile? Non \u00e8 proprio la stessa cosa).<\/p>\n<p>E naturalmente si potrebbe pensare che la discussione di questo pomeriggio sia l&#8217;ennesima riproposizione del dissidio fra massimalisti e riformisti, fra ribelli e mediatori (Becchetti a un certo punto ha detto che il mercato si riforma stando dentro il mercato: io e lui e svariate altre migliaia di persone abbiamo deciso di rifare l&#8217;economia fondando una banca, quindi non potrei che essere d&#8217;accordo; ma detta cos\u00ec la frase ha davvero troppi significati, per molti dei quali preferirei farmi mettere in prigione piuttosto che acconsentirvi).<\/p>\n<p>Ma, al di l\u00e0 delle spiegazioni puntuali, secondo me il bisticcio \u00e8 stato di straordinario interesse proprio per la sua capacit\u00e0 di mostrare plasticamente l&#8217;incapacit\u00e0 (il gioco di parole \u00e8 voluto) a venire a capo della cosa.<\/p>\n<p>La catastrofe \u00e8 su di noi e mancano le parole, mancano le teorie, gli intellettuali che dovrebbero mostrare visione si ripiegano sul passato, i maestri del discorso si perdono, terzo settore, sussidiariet\u00e0, sostenibilit\u00e0 sono ricette sempre meno convincenti. Come direbbe Brecht:<\/p>\n<blockquote><p>[&#8230;] Le nostre<br \/>\nparole d\u2019ordine sono confuse. Una parte<br \/>\ndelle nostre parole<br \/>\nle ha travolte il nemico fino a renderle<br \/>\nirriconoscibili.<\/p><\/blockquote>\n<p>Per questo consiglio di ascoltare la trasmissione (<a href=\"http:\/\/www.fahrenheit.rai.it\/dl\/portaleRadio\/media\/ContentItem-aee0c822-55a3-4b32-af43-11dba3d59e16.html\">\u00e8 gi\u00e0 <em>on line<\/em><\/a>): non tanto per le risposte che d\u00e0, quanto per le domande che suscita, nell&#8217;imperfezione stimolante del dibattito che c&#8217;\u00e8 stato.<\/p>\n<p>Stavo per segnalarlo nella pagina <em>Facebook<\/em> dei soci di Banca Etica, poi ho deciso di scriverne qui: perch\u00e9 sono domande che riguardano tutti. Direbbe ancora Brecht:<\/p>\n<blockquote><p>Non aspettarti<br \/>\nnessuna risposta<br \/>\noltre la tua.<\/p><\/blockquote>\n","protected":false},"excerpt":{"rendered":"<p>Questo pomeriggio, come sempre dopo pranzo, a casa era accesa la radio e ascoltavamo Radio3, per la precisione Fahrenheit. Si<\/p>\n","protected":false},"author":1,"featured_media":13089,"comment_status":"open","ping_status":"open","sticky":false,"template":"","format":"standard","meta":{"_mi_skip_tracking":false,"_monsterinsights_sitenote_active":false,"_monsterinsights_sitenote_note":"","_monsterinsights_sitenote_category":0,"jetpack_post_was_ever_published":false,"_jetpack_newsletter_access":"","jetpack_publicize_message":"","jetpack_is_tweetstorm":false,"jetpack_publicize_feature_enabled":true,"jetpack_social_post_already_shared":true,"jetpack_social_options":{"image_generator_settings":{"template":"highway","enabled":false}}},"categories":[52,57,17,59,16],"tags":[],"jetpack_publicize_connections":[],"jetpack_featured_media_url":"https:\/\/i0.wp.com\/www.robertosedda.it\/wp-content\/uploads\/2017\/01\/Oxfam.jpg?fit=457%2C457","jetpack_sharing_enabled":true,"jetpack_shortlink":"https:\/\/wp.me\/p4jV2T-3p6","jetpack_likes_enabled":true,"jetpack-related-posts":[{"id":13061,"url":"http:\/\/www.robertosedda.it\/?p=13061","url_meta":{"origin":13088,"position":0},"title":"Il mondo va avanti","author":"Rufus","date":"11\/01\/2017","format":false,"excerpt":"Ricordo che quando studiavo ai primi anni dell'universit\u00e0 lessi su\u00a0Sei lezioni sulla storia di Carr l'idea che il mondo progredisce positivamente. La storia\u00a0migliora. Il vecchio storico inglese era piuttosto brusco, in materia: quando ci si lamenta che i tempi peggiorano, sosteneva, \u00e8 perch\u00e9 peggiorano per il gruppo sociale al quale\u2026","rel":"","context":"In &quot;Coordinate&quot;","block_context":{"text":"Coordinate","link":"http:\/\/www.robertosedda.it\/?cat=52"},"img":{"alt_text":"","src":"https:\/\/i0.wp.com\/www.robertosedda.it\/wp-content\/uploads\/2017\/01\/Medium.jpeg?fit=1200%2C814&resize=350%2C200","width":350,"height":200,"srcset":"https:\/\/i0.wp.com\/www.robertosedda.it\/wp-content\/uploads\/2017\/01\/Medium.jpeg?fit=1200%2C814&resize=350%2C200 1x, https:\/\/i0.wp.com\/www.robertosedda.it\/wp-content\/uploads\/2017\/01\/Medium.jpeg?fit=1200%2C814&resize=700%2C400 2x, https:\/\/i0.wp.com\/www.robertosedda.it\/wp-content\/uploads\/2017\/01\/Medium.jpeg?fit=1200%2C814&resize=1050%2C600 3x"},"classes":[]},{"id":19567,"url":"http:\/\/www.robertosedda.it\/?p=19567","url_meta":{"origin":13088,"position":1},"title":"Mentire ai test","author":"Rufus","date":"17\/05\/2022","format":false,"excerpt":"Avevo salvato giorni fa un piccolo articolo del 2014 sulla NPR che racconta di una inaspettata difficolt\u00e0 in cui si sono imbattuti al tempo (e immagino anche ora) alcuni ricercatori di materie sociali che lavoravano su temi collegati all'adolescenza (bullismo, esclusione sociale, uso di droghe, comportamenti autolesionisti o pericolosi o\u2026","rel":"","context":"In &quot;Antropologia&quot;","block_context":{"text":"Antropologia","link":"http:\/\/www.robertosedda.it\/?cat=97"},"img":{"alt_text":"","src":"https:\/\/i0.wp.com\/www.robertosedda.it\/wp-content\/uploads\/2022\/05\/NPR-logo.png?fit=1200%2C407&resize=350%2C200","width":350,"height":200,"srcset":"https:\/\/i0.wp.com\/www.robertosedda.it\/wp-content\/uploads\/2022\/05\/NPR-logo.png?fit=1200%2C407&resize=350%2C200 1x, https:\/\/i0.wp.com\/www.robertosedda.it\/wp-content\/uploads\/2022\/05\/NPR-logo.png?fit=1200%2C407&resize=700%2C400 2x, https:\/\/i0.wp.com\/www.robertosedda.it\/wp-content\/uploads\/2022\/05\/NPR-logo.png?fit=1200%2C407&resize=1050%2C600 3x"},"classes":[]},{"id":9026,"url":"http:\/\/www.robertosedda.it\/?p=9026","url_meta":{"origin":13088,"position":2},"title":"Una vecchia polemica sul femminismo","author":"Rufus","date":"09\/12\/2014","format":false,"excerpt":"Francesca Madrigali mi ha segnalato oggi, col consueto garbo, che la prossima puntata della sua ottima trasmissione su\u00a0Radio X sar\u00e0 dedicata ai temi del femminismo. Una parte dei contenuti sono esplicitati nell'articolo preparatorio che, come al solito, Francesca ha pubblicato sul suo\u00a0blog. A me la La versione di Madry\u00a0piace, come\u2026","rel":"","context":"In &quot;Coordinate&quot;","block_context":{"text":"Coordinate","link":"http:\/\/www.robertosedda.it\/?cat=52"},"img":{"alt_text":"","src":"https:\/\/i0.wp.com\/www.robertosedda.it\/wp-content\/uploads\/2014\/12\/Francesca-Madrigali-femminismo.jpg?fit=499%2C535&resize=350%2C200","width":350,"height":200},"classes":[]},{"id":17920,"url":"http:\/\/www.robertosedda.it\/?p=17920","url_meta":{"origin":13088,"position":3},"title":"Dalla Cina","author":"Rufus","date":"05\/03\/2020","format":false,"excerpt":"Anche se ogni tanto condivido su Facebook alcuni articoli interessanti in materia (come questo, questo e questo, che tra l'altro sono su argomenti piuttosto diversi), sto evitando di scrivere sul COVID-19 qui sul blog, un po' per una questione di sobriet\u00e0 psicologica e un po' perch\u00e9 tutto sommato credo che\u2026","rel":"","context":"In &quot;Coordinate&quot;","block_context":{"text":"Coordinate","link":"http:\/\/www.robertosedda.it\/?cat=52"},"img":{"alt_text":"","src":"https:\/\/i0.wp.com\/www.robertosedda.it\/wp-content\/uploads\/2020\/03\/Ailward.png?fit=1200%2C673&resize=350%2C200","width":350,"height":200,"srcset":"https:\/\/i0.wp.com\/www.robertosedda.it\/wp-content\/uploads\/2020\/03\/Ailward.png?fit=1200%2C673&resize=350%2C200 1x, https:\/\/i0.wp.com\/www.robertosedda.it\/wp-content\/uploads\/2020\/03\/Ailward.png?fit=1200%2C673&resize=700%2C400 2x, https:\/\/i0.wp.com\/www.robertosedda.it\/wp-content\/uploads\/2020\/03\/Ailward.png?fit=1200%2C673&resize=1050%2C600 3x"},"classes":[]},{"id":10930,"url":"http:\/\/www.robertosedda.it\/?p=10930","url_meta":{"origin":13088,"position":4},"title":"Meno etica, per favore","author":"Rufus","date":"28\/09\/2015","format":false,"excerpt":"Sto leggendo un piccolo saggio (liberamente disponibile in rete) sull'eccidio di Codevigo, una grave serie di uccisioni che ebbero luogo in un piccolo centro della Bassa padana o nei dintorni\u00a0nell'estate del '45,\u00a0nei giorni immediatamente successivi alla resa delle forze tedesche e dei loro alleati italiani. Nei giorni dell'eccidio furono passati\u2026","rel":"","context":"In &quot;Coordinate&quot;","block_context":{"text":"Coordinate","link":"http:\/\/www.robertosedda.it\/?cat=52"},"img":{"alt_text":"","src":"https:\/\/i0.wp.com\/www.robertosedda.it\/wp-content\/uploads\/2015\/09\/Lapide-cimitero-di-Pozza.jpg?fit=1200%2C900&resize=350%2C200","width":350,"height":200,"srcset":"https:\/\/i0.wp.com\/www.robertosedda.it\/wp-content\/uploads\/2015\/09\/Lapide-cimitero-di-Pozza.jpg?fit=1200%2C900&resize=350%2C200 1x, https:\/\/i0.wp.com\/www.robertosedda.it\/wp-content\/uploads\/2015\/09\/Lapide-cimitero-di-Pozza.jpg?fit=1200%2C900&resize=700%2C400 2x, https:\/\/i0.wp.com\/www.robertosedda.it\/wp-content\/uploads\/2015\/09\/Lapide-cimitero-di-Pozza.jpg?fit=1200%2C900&resize=1050%2C600 3x"},"classes":[]},{"id":17342,"url":"http:\/\/www.robertosedda.it\/?p=17342","url_meta":{"origin":13088,"position":5},"title":"Se lo dice Goldman Sachs","author":"Rufus","date":"26\/09\/2019","format":false,"excerpt":"Su Business Insider comunicano che quei noti ambientalisti gretini di Goldman Sachs hanno pubblicato un rapporto di una trentina di pagine sull'effetto dei cambiamenti climatici sulla vita quotidiana e in particolare quella delle grandi citt\u00e0. Scherzi, al confronto. Il rapporto \u00e8 terrorizzante, ecco.","rel":"","context":"In &quot;Coordinate&quot;","block_context":{"text":"Coordinate","link":"http:\/\/www.robertosedda.it\/?cat=52"},"img":{"alt_text":"","src":"https:\/\/i0.wp.com\/www.robertosedda.it\/wp-content\/uploads\/2019\/09\/Alluvione-Pirri.jpg?fit=800%2C440&resize=350%2C200","width":350,"height":200,"srcset":"https:\/\/i0.wp.com\/www.robertosedda.it\/wp-content\/uploads\/2019\/09\/Alluvione-Pirri.jpg?fit=800%2C440&resize=350%2C200 1x, https:\/\/i0.wp.com\/www.robertosedda.it\/wp-content\/uploads\/2019\/09\/Alluvione-Pirri.jpg?fit=800%2C440&resize=700%2C400 2x"},"classes":[]}],"_links":{"self":[{"href":"http:\/\/www.robertosedda.it\/index.php?rest_route=\/wp\/v2\/posts\/13088"}],"collection":[{"href":"http:\/\/www.robertosedda.it\/index.php?rest_route=\/wp\/v2\/posts"}],"about":[{"href":"http:\/\/www.robertosedda.it\/index.php?rest_route=\/wp\/v2\/types\/post"}],"author":[{"embeddable":true,"href":"http:\/\/www.robertosedda.it\/index.php?rest_route=\/wp\/v2\/users\/1"}],"replies":[{"embeddable":true,"href":"http:\/\/www.robertosedda.it\/index.php?rest_route=%2Fwp%2Fv2%2Fcomments&post=13088"}],"version-history":[{"count":3,"href":"http:\/\/www.robertosedda.it\/index.php?rest_route=\/wp\/v2\/posts\/13088\/revisions"}],"predecessor-version":[{"id":13092,"href":"http:\/\/www.robertosedda.it\/index.php?rest_route=\/wp\/v2\/posts\/13088\/revisions\/13092"}],"wp:featuredmedia":[{"embeddable":true,"href":"http:\/\/www.robertosedda.it\/index.php?rest_route=\/wp\/v2\/media\/13089"}],"wp:attachment":[{"href":"http:\/\/www.robertosedda.it\/index.php?rest_route=%2Fwp%2Fv2%2Fmedia&parent=13088"}],"wp:term":[{"taxonomy":"category","embeddable":true,"href":"http:\/\/www.robertosedda.it\/index.php?rest_route=%2Fwp%2Fv2%2Fcategories&post=13088"},{"taxonomy":"post_tag","embeddable":true,"href":"http:\/\/www.robertosedda.it\/index.php?rest_route=%2Fwp%2Fv2%2Ftags&post=13088"}],"curies":[{"name":"wp","href":"https:\/\/api.w.org\/{rel}","templated":true}]}}